{"id":100171,"date":"2025-06-02T12:35:50","date_gmt":"2025-06-02T16:35:50","guid":{"rendered":"https:\/\/lasprimeras.com.do\/?p=100171"},"modified":"2025-06-02T12:35:52","modified_gmt":"2025-06-02T16:35:52","slug":"efemerides-patrias-rinde-homenaje-al-teniente-amado-garcia-guerrero","status":"publish","type":"post","link":"https:\/\/lasprimeras.com.do\/index.php\/2025\/06\/02\/efemerides-patrias-rinde-homenaje-al-teniente-amado-garcia-guerrero\/","title":{"rendered":"Efem\u00e9rides Patrias rinde homenaje al teniente Amado Garc\u00eda Guerrero"},"content":{"rendered":"\n<p><strong>Resalta el decreto patri\u00f3tico para Juancito Rodr\u00edguez.<\/strong><\/p>\n\n\n\n<p>La Comisi\u00f3n Permanente de Efem\u00e9rides Patrias, junto con la Fundaci\u00f3n H\u00e9roes del 30 de mayo y la Fundaci\u00f3n Hermanos de la Maza, recordaron al teniente Amado Garc\u00eda Guerrero, en el 64 aniversario de su vil asesinato perpetrado por la maquinaria de terror de la dictadura de Rafael Le\u00f3nidas Trujillo, luego de haber participado justamente en la decapitaci\u00f3n de la tiran\u00eda.<\/p>\n\n\n\n<p>La conmemoraci\u00f3n inici\u00f3 a las 9.30 de la ma\u00f1ana, con una breve caminata patri\u00f3tica, luego la interpretaci\u00f3n del Himno Nacional, seguido del dep\u00f3sito de ofrenda floral, en un acto efectuado con solemnidad y una carga de melancol\u00eda por las circunstancias del asesinato del teniente Amado Garc\u00eda, quien apenas ten\u00eda 30 a\u00f1os de edad.<\/p>\n\n\n\n<p>Cada aniversario es un motivo para que la memoria agradecida del pueblo dominicano le rinda homenaje a este h\u00e9roe antitrujillista en el lugar de los violentos hechos en la avenida San Mart\u00edn n\u00famero 59.<\/p>\n\n\n\n<p>Luis Salvador Estrella, de la Fundaci\u00f3n H\u00e9roes del 30 de mayo, narr\u00f3 con emocionadas palabras cargadas de la historia que se vivi\u00f3 hora tras hora luego del ajusticiamiento del tirano, \u201cel valeroso comportamiento asumido por los gestores y ejecutores de la acci\u00f3n libertadora que debemos siempre honrar c\u00edvicamente\u201d.<\/p>\n\n\n\n<p>El discurso de rigor fue pronunciado por Juan Pablo Uribe, presidente de la Comisi\u00f3n Permanente de Efem\u00e9rides Patrias, que de inmediato subray\u00f3 la condici\u00f3n cronol\u00f3gica antitrujillista, el m\u00e1s joven 30 a\u00f1os, de los complotados para ponerle fin al r\u00e9gimen de horror, tortura, sangre y muerte de Trujillo.<\/p>\n\n\n\n<p>Y continu\u00f3 diciendo: \u201cEl nombre de Amado Garc\u00eda Guerrero, indisolublemente unido a su rango militar de teniente, flota en el imaginario colectivo como signo de valent\u00eda que enfrent\u00f3 combativamente a los asesinos de la tiran\u00eda\u201d.<\/p>\n\n\n\n<p>Por \u00faltimo, Uribe, visiblemente entusiasmado, resalt\u00f3 como adecuado, justo y de valor para la memoria hist\u00f3rica, que \u201cen medio de la celebraci\u00f3n del D\u00eda de la Libertad se produzca el decreto 288-25 emitido por el presidente de la Rep\u00fablica Luis Abinader que dispone el traslado de los restos del incansable patriota Juancito Rodr\u00edguez al Pante\u00f3n de la Patria.<\/p>\n\n\n\n<p>Juancito Rodr\u00edguez es un s\u00edmbolo de entrega, humildad y sacrificio sin l\u00edmite en la lucha contra la opresi\u00f3n dictatorial y por la causa de la libertad y la democracia.<\/p>\n\n\n\n<p>La solemnidad concluy\u00f3 cuando el presidente de Efem\u00e9rides Patrias, entreg\u00f3 a los directivos de las fundaciones patri\u00f3ticas, Roberto Garc\u00eda D\u00edaz, Oscar de la Maza y Luis Salvador Estrella, la Medalla Conmemorativa del 180 aniversario del sacrificio de la hero\u00edna y m\u00e1rtir, y una madre de la Patria, Mar\u00eda Trinidad S\u00e1nchez.<\/p>\n","protected":false},"excerpt":{"rendered":"<p>Resalta el decreto patri\u00f3tico para Juancito Rodr\u00edguez. La Comisi\u00f3n Permanente de Efem\u00e9rides Patrias, junto con la Fundaci\u00f3n H\u00e9roes del 30 de mayo y la Fundaci\u00f3n Hermanos de la Maza, recordaron&hellip;<\/p>\n","protected":false},"author":10,"featured_media":100172,"comment_status":"open","ping_status":"open","sticky":false,"template":"","format":"standard","meta":{"content-type":"","jetpack_post_was_ever_published":false,"_jetpack_newsletter_access":"","_jetpack_dont_email_post_to_subs":false,"_jetpack_newsletter_tier_id":0,"_jetpack_memberships_contains_paywalled_content":false,"_jetpack_memberships_contains_paid_content":false,"footnotes":""},"categories":[35,25],"tags":[20170,10020,20171,13276,17568,20169],"class_list":["post-100171","post","type-post","status-publish","format-standard","has-post-thumbnail","hentry","category-nacionales","category-portada","tag-decreto-patriotico","tag-efemerides-patrias","tag-juancito-rodriguez","tag-rafael-leonidas-trujillo-2","tag-rinde-homenaje","tag-teniente-amado-garcia-guerrero"],"jetpack_featured_media_url":"https:\/\/lasprimeras.com.do\/wp-content\/uploads\/2025\/06\/Juan-Pablo-Uribe-entrega-la-medalla-a-directivos-de-las-fundaciones-patrioticas.jpg","jetpack-related-posts":[{"id":100980,"url":"https:\/\/lasprimeras.com.do\/index.php\/2025\/06\/14\/conmemoran-el-14-de-junio-dia-de-la-raza-inmortal\/","url_meta":{"origin":100171,"position":0},"title":"Conmemoran el 14 de junio D\u00eda de la Raza Inmortal","author":"Nelson Feliz","date":"14 de junio de 2025","format":false,"excerpt":"Al cumplirse el 66 aniversario de la expedici\u00f3n anti- trujillista de Constanza Maim\u00f3n y Estero Hondo del 14 y 20 de junio de 1959, la Comisi\u00f3n Permanente de Efem\u00e9rides Patrias y la Fundaci\u00f3n H\u00e9roes de Constanza, Maim\u00f3n y Estero Hondo, escenificaron un ceremonial patri\u00f3tico que le rindi\u00f3 culto dominicanita a\u2026","rel":"","context":"En \u00abHISTORIA\u00bb","block_context":{"text":"HISTORIA","link":"https:\/\/lasprimeras.com.do\/index.php\/category\/historia\/"},"img":{"alt_text":"","src":"https:\/\/i0.wp.com\/lasprimeras.com.do\/wp-content\/uploads\/2025\/06\/Foto-4-Maria-Mercedes-Ortiz-Ricardo-de-los-Santos-Isable-Vargas-Juan-Pablo-Uribe-y-Mx-Puig-depositan-la-ofrenda-floral.jpg?resize=350%2C200&ssl=1","width":350,"height":200,"srcset":"https:\/\/i0.wp.com\/lasprimeras.com.do\/wp-content\/uploads\/2025\/06\/Foto-4-Maria-Mercedes-Ortiz-Ricardo-de-los-Santos-Isable-Vargas-Juan-Pablo-Uribe-y-Mx-Puig-depositan-la-ofrenda-floral.jpg?resize=350%2C200&ssl=1 1x, https:\/\/i0.wp.com\/lasprimeras.com.do\/wp-content\/uploads\/2025\/06\/Foto-4-Maria-Mercedes-Ortiz-Ricardo-de-los-Santos-Isable-Vargas-Juan-Pablo-Uribe-y-Mx-Puig-depositan-la-ofrenda-floral.jpg?resize=525%2C300&ssl=1 1.5x, https:\/\/i0.wp.com\/lasprimeras.com.do\/wp-content\/uploads\/2025\/06\/Foto-4-Maria-Mercedes-Ortiz-Ricardo-de-los-Santos-Isable-Vargas-Juan-Pablo-Uribe-y-Mx-Puig-depositan-la-ofrenda-floral.jpg?resize=700%2C400&ssl=1 2x"},"classes":[]},{"id":84096,"url":"https:\/\/lasprimeras.com.do\/index.php\/2024\/05\/30\/efemerides-patrias-y-la-fundacion-heroes-del-30-de-mayo-recuerdan-el-ajusticiamiento-del-dictador-trujillo-y-el-dia-de-la-libertad\/","url_meta":{"origin":100171,"position":1},"title":"Efem\u00e9rides Patrias y la Fundaci\u00f3n H\u00e9roes del 30 de Mayo recuerdan el ajusticiamiento del dictador Trujillo y el D\u00eda de la Libertad","author":"Nelson Feliz","date":"30 de mayo de 2024","format":false,"excerpt":"La Comisi\u00f3n Permanente de Efem\u00e9rides Patrias, en nombre de la Presidencia de la Rep\u00fablica, conjuntamente con la Fundaci\u00f3n H\u00e9roes del 30 de Mayo, recordaron de manera solemne el 63 aniversario del ajusticiamiento del dictador Rafael Le\u00f3nidas Trujillo Molina, declarada oficialmente esta efem\u00e9ride como \u201cD\u00eda de la Libertad\u201d, por el decreto\u00a0335-21\u2026","rel":"","context":"En \u00abHISTORIA\u00bb","block_context":{"text":"HISTORIA","link":"https:\/\/lasprimeras.com.do\/index.php\/category\/historia\/"},"img":{"alt_text":"El presidente de Efem\u00e9rides Patrias, al hacer entrega de la distinci\u00f3n a la directiva de la Fundaci\u00f3n H\u00e9roes del 30 de Mayo.","src":"https:\/\/i0.wp.com\/lasprimeras.com.do\/wp-content\/uploads\/2024\/05\/Foto-2.jpg?resize=350%2C200&ssl=1","width":350,"height":200,"srcset":"https:\/\/i0.wp.com\/lasprimeras.com.do\/wp-content\/uploads\/2024\/05\/Foto-2.jpg?resize=350%2C200&ssl=1 1x, https:\/\/i0.wp.com\/lasprimeras.com.do\/wp-content\/uploads\/2024\/05\/Foto-2.jpg?resize=525%2C300&ssl=1 1.5x, https:\/\/i0.wp.com\/lasprimeras.com.do\/wp-content\/uploads\/2024\/05\/Foto-2.jpg?resize=700%2C400&ssl=1 2x"},"classes":[]},{"id":100040,"url":"https:\/\/lasprimeras.com.do\/index.php\/2025\/05\/30\/arma-usada-por-el-teniente-amado-garcia-en-el-ajusticiamiento-de-trujillo\/","url_meta":{"origin":100171,"position":2},"title":"Arma usada por el teniente Amado Garcia en el ajusticiamiento de Trujillo","author":"Nelson Feliz","date":"30 de mayo de 2025","format":false,"excerpt":"Por primera vez se muestra la foto del arma usada por el teniente Amado Garc\u00eda Guerrero en el ajusticiamiento de Trujillo la noche del 30 de mayo de 1961. Se trata de un fusil M1 Garand de fabricaci\u00f3n belga, cuya foto fue suministrada por Kin S\u00e1nchez Fern\u00e1ndez en una conferencia\u2026","rel":"","context":"En \u00abENTRETENIMIENTO\u00bb","block_context":{"text":"ENTRETENIMIENTO","link":"https:\/\/lasprimeras.com.do\/index.php\/category\/entretenimiento\/"},"img":{"alt_text":"Amado Garc\u00eda Guerrero","src":"https:\/\/i0.wp.com\/lasprimeras.com.do\/wp-content\/uploads\/2025\/05\/Amado-Garcia-Guerrero.jpg?resize=350%2C200&ssl=1","width":350,"height":200,"srcset":"https:\/\/i0.wp.com\/lasprimeras.com.do\/wp-content\/uploads\/2025\/05\/Amado-Garcia-Guerrero.jpg?resize=350%2C200&ssl=1 1x, https:\/\/i0.wp.com\/lasprimeras.com.do\/wp-content\/uploads\/2025\/05\/Amado-Garcia-Guerrero.jpg?resize=525%2C300&ssl=1 1.5x, https:\/\/i0.wp.com\/lasprimeras.com.do\/wp-content\/uploads\/2025\/05\/Amado-Garcia-Guerrero.jpg?resize=700%2C400&ssl=1 2x"},"classes":[]},{"id":92512,"url":"https:\/\/lasprimeras.com.do\/index.php\/2025\/01\/05\/efemerides-patrias-lamenta-deceso-de-miguel-angel-bissie\/","url_meta":{"origin":100171,"position":3},"title":"Efem\u00e9rides Patrias lamenta deceso de Miguel \u00c1ngel Bissi\u00e9","author":"Nelson Feliz","date":"5 de enero de 2025","format":false,"excerpt":"La Comisi\u00f3n Permanente de Efem\u00e9rides Patrias, lament\u00f3 el fallecimiento del luchador antitrujillista Miguel \u00c1ngel Bissi\u00e9 Romero, a quien se\u00f1al\u00f3 como uno de los complotados en el \u00e1rea pol\u00edtica, para enfrentar y ajusticiar al responsable de una feroz y despiadada dictadura de 31 a\u00f1os: Rafael Le\u00f3nidas Trujillo Molina. El presidente de\u2026","rel":"","context":"En \u00abNACIONALES\u00bb","block_context":{"text":"NACIONALES","link":"https:\/\/lasprimeras.com.do\/index.php\/category\/nacionales\/"},"img":{"alt_text":"","src":"https:\/\/i0.wp.com\/lasprimeras.com.do\/wp-content\/uploads\/2025\/01\/Miguel-Angel-Bissie.jpg?resize=350%2C200&ssl=1","width":350,"height":200,"srcset":"https:\/\/i0.wp.com\/lasprimeras.com.do\/wp-content\/uploads\/2025\/01\/Miguel-Angel-Bissie.jpg?resize=350%2C200&ssl=1 1x, https:\/\/i0.wp.com\/lasprimeras.com.do\/wp-content\/uploads\/2025\/01\/Miguel-Angel-Bissie.jpg?resize=525%2C300&ssl=1 1.5x"},"classes":[]},{"id":71432,"url":"https:\/\/lasprimeras.com.do\/index.php\/2023\/12\/19\/efemerides-patrias-conmemora-el-58-aniversario-de-la-batalla-constitucionalista-del-hotel-matum\/","url_meta":{"origin":100171,"position":4},"title":"Efem\u00e9rides Patrias conmemora el 58 aniversario de la batalla constitucionalista del hotel Matum","author":"Nelson Feliz","date":"19 de diciembre de 2023","format":false,"excerpt":"La Presidencia de la Rep\u00fablica, a trav\u00e9s de la Comisi\u00f3n Permanente de Efem\u00e9rides Patrias, el Ministerio de Defensa, el Ministerio de Educaci\u00f3n, la Gobernaci\u00f3n Provincial de Santiago, la Fundaci\u00f3n Coronel Juan Mar\u00eda Lora Fern\u00e1ndez y la Empresa Distribuidora de Electricidad (Edenorte), conmemoraron el 58 aniversario de la Batalla del Hotel\u2026","rel":"","context":"En \u00abHISTORIA\u00bb","block_context":{"text":"HISTORIA","link":"https:\/\/lasprimeras.com.do\/index.php\/category\/historia\/"},"img":{"alt_text":"Juan Pablo Uribe, habla, al lado de los ni\u00f1os abanderados.","src":"https:\/\/i0.wp.com\/lasprimeras.com.do\/wp-content\/uploads\/2023\/12\/Juan-pablo-Uribe-junto-a-estudiantes-y-educadores-en-el-acto-patriotico.jpg?resize=350%2C200&ssl=1","width":350,"height":200,"srcset":"https:\/\/i0.wp.com\/lasprimeras.com.do\/wp-content\/uploads\/2023\/12\/Juan-pablo-Uribe-junto-a-estudiantes-y-educadores-en-el-acto-patriotico.jpg?resize=350%2C200&ssl=1 1x, https:\/\/i0.wp.com\/lasprimeras.com.do\/wp-content\/uploads\/2023\/12\/Juan-pablo-Uribe-junto-a-estudiantes-y-educadores-en-el-acto-patriotico.jpg?resize=525%2C300&ssl=1 1.5x, https:\/\/i0.wp.com\/lasprimeras.com.do\/wp-content\/uploads\/2023\/12\/Juan-pablo-Uribe-junto-a-estudiantes-y-educadores-en-el-acto-patriotico.jpg?resize=700%2C400&ssl=1 2x"},"classes":[]},{"id":123964,"url":"https:\/\/lasprimeras.com.do\/index.php\/2026\/03\/06\/efemerides-patrias-conmemora-89-anos-del-natalicio-de-pena-gomez\/","url_meta":{"origin":100171,"position":5},"title":"Efem\u00e9rides Patrias conmemora 89 a\u00f1os del natalicio de Pe\u00f1a G\u00f3mez","author":"Nelson Feliz","date":"6 de marzo de 2026","format":false,"excerpt":"La Comisi\u00f3n Permanente de Efem\u00e9rides Patrias, en nombre de la Presidencia de la Rep\u00fablica, realiz\u00f3 un solemne acto por el D\u00eda Nacional de Jos\u00e9 Francisco Pe\u00f1a G\u00f3mez, exaltando el natalicio de este l\u00edder, patriota y dem\u00f3crata que cumple este 6 de marzo el 89 aniversario de su natalicio. La solemnidad\u2026","rel":"","context":"En \u00abNACIONALES\u00bb","block_context":{"text":"NACIONALES","link":"https:\/\/lasprimeras.com.do\/index.php\/category\/nacionales\/"},"img":{"alt_text":"","src":"https:\/\/i0.wp.com\/lasprimeras.com.do\/wp-content\/uploads\/2026\/03\/Juan-Pablo-Uribe-le-entrega-la-medalla-a-Hipolito-Mejia.jpg?resize=350%2C200&ssl=1","width":350,"height":200,"srcset":"https:\/\/i0.wp.com\/lasprimeras.com.do\/wp-content\/uploads\/2026\/03\/Juan-Pablo-Uribe-le-entrega-la-medalla-a-Hipolito-Mejia.jpg?resize=350%2C200&ssl=1 1x, https:\/\/i0.wp.com\/lasprimeras.com.do\/wp-content\/uploads\/2026\/03\/Juan-Pablo-Uribe-le-entrega-la-medalla-a-Hipolito-Mejia.jpg?resize=525%2C300&ssl=1 1.5x, https:\/\/i0.wp.com\/lasprimeras.com.do\/wp-content\/uploads\/2026\/03\/Juan-Pablo-Uribe-le-entrega-la-medalla-a-Hipolito-Mejia.jpg?resize=700%2C400&ssl=1 2x"},"classes":[]}],"jetpack_sharing_enabled":true,"_links":{"self":[{"href":"https:\/\/lasprimeras.com.do\/index.php\/wp-json\/wp\/v2\/posts\/100171","targetHints":{"allow":["GET"]}}],"collection":[{"href":"https:\/\/lasprimeras.com.do\/index.php\/wp-json\/wp\/v2\/posts"}],"about":[{"href":"https:\/\/lasprimeras.com.do\/index.php\/wp-json\/wp\/v2\/types\/post"}],"author":[{"embeddable":true,"href":"https:\/\/lasprimeras.com.do\/index.php\/wp-json\/wp\/v2\/users\/10"}],"replies":[{"embeddable":true,"href":"https:\/\/lasprimeras.com.do\/index.php\/wp-json\/wp\/v2\/comments?post=100171"}],"version-history":[{"count":1,"href":"https:\/\/lasprimeras.com.do\/index.php\/wp-json\/wp\/v2\/posts\/100171\/revisions"}],"predecessor-version":[{"id":100173,"href":"https:\/\/lasprimeras.com.do\/index.php\/wp-json\/wp\/v2\/posts\/100171\/revisions\/100173"}],"wp:featuredmedia":[{"embeddable":true,"href":"https:\/\/lasprimeras.com.do\/index.php\/wp-json\/wp\/v2\/media\/100172"}],"wp:attachment":[{"href":"https:\/\/lasprimeras.com.do\/index.php\/wp-json\/wp\/v2\/media?parent=100171"}],"wp:term":[{"taxonomy":"category","embeddable":true,"href":"https:\/\/lasprimeras.com.do\/index.php\/wp-json\/wp\/v2\/categories?post=100171"},{"taxonomy":"post_tag","embeddable":true,"href":"https:\/\/lasprimeras.com.do\/index.php\/wp-json\/wp\/v2\/tags?post=100171"}],"curies":[{"name":"wp","href":"https:\/\/api.w.org\/{rel}","templated":true}]}}