{"id":100174,"date":"2025-06-02T12:46:46","date_gmt":"2025-06-02T16:46:46","guid":{"rendered":"https:\/\/lasprimeras.com.do\/?p=100174"},"modified":"2025-06-02T12:46:48","modified_gmt":"2025-06-02T16:46:48","slug":"pld-propone-medidas-urgentes-para-enfrentar-la-crisis-de-la-canasta-familiar","status":"publish","type":"post","link":"https:\/\/lasprimeras.com.do\/index.php\/2025\/06\/02\/pld-propone-medidas-urgentes-para-enfrentar-la-crisis-de-la-canasta-familiar\/","title":{"rendered":"PLD propone medidas urgentes para enfrentar la crisis de la canasta familiar"},"content":{"rendered":"\n<p><strong>Alza de precios impacta en la calidad de vida de la poblaci\u00f3n.<\/strong><\/p>\n\n\n\n<p>El Partido de Liberaci\u00f3n Dominicana (PLD) manifest\u00f3 su profunda preocupaci\u00f3n y solidaridad con la mayor\u00eda de la poblaci\u00f3n dominicana, agobiada y desamparada frente a los elevados incrementos de precios de los componentes de la canasta familiar y el consecuente deterioro de la calidad de vida de las familias, sobre todo, aquellas que viven en condiciones de vulnerabilidad.<\/p>\n\n\n\n<p>La preocupaci\u00f3n fue externada por el PLD en la rueda de prensa de este lunes, teniendo como vocero a su titular, de Asuntos Econ\u00f3micos, Luis Reyes, con la presencia de Johnny Pujos, secretario general, Zoraima Cuello, vicepresidenta, Adriano S\u00e1nchez Roa, secretario de Asuntos Agropecuarios, Carolina Wegmuller, secretaria de la Juventud, Winston Marte, experto agropecuario, miembro del Comit\u00e9 Central y El\u00edas Cornelios del Comit\u00e9 Pol\u00edtico.<\/p>\n\n\n\n<p>El PLD sostiene que el incremento acumulado en el \u00cdndice General de Precios al Consumidor de agosto de 2020 a abril de 2025, equivalente a un 29%, describe el profundo impacto negativo que han provocado los aumentos de precios de los bienes m\u00e1s perentorios para el bienestar de la poblaci\u00f3n.<\/p>\n\n\n\n<p>\u201cUn an\u00e1lisis de los diferentes grupos de bienes que componen la canasta familiar permite establecer que el grupo Alimentos y Bebidas no Alcoh\u00f3licas, el m\u00e1s importante para las familias m\u00e1s empobrecidas, se increment\u00f3 casi un 50% en el mismo per\u00edodo indicado\u201d, resalt\u00f3 Reyes al exponer el documento del PLD en la rueda de prensa<\/p>\n\n\n\n<p>Explic\u00f3 que esto signific\u00f3 que el precio de los alimentos se aceler\u00f3 un 68% por encima del aumento promedio de los precios de los dem\u00e1s bienes y servicios que componen la canasta familiar.<\/p>\n\n\n\n<p>\u201cLo anterior evidencia que la variaci\u00f3n general del IPC no describe el sufrimiento de una proporci\u00f3n importante de las familias dominicanas a consecuencia de las alzas de precios y para las que, el rengl\u00f3n alimentos, constituye su prioridad fundamental\u201d.<\/p>\n\n\n\n<p>Tras presentar m\u00e1s de una decena de alimentos esenciales de la dieta b\u00e1sica de los dominicanos que han aumentado de manera desproporcionada, dijo que la poblaci\u00f3n sufre el alto costo de los alimentos como resultado de los desaciertos en la pol\u00edtica agropecuaria de una administraci\u00f3n inepta e incapaz de conectar con las necesidades de la poblaci\u00f3n.<\/p>\n\n\n\n<p>\u201cMientras el gobierno contin\u00faa su endeudamiento desbocado para financiar parte de su gasto dispendioso en salarios para empleados pocos productivos, publicidad y otros gastos superfluos&#8221;, agreg\u00f3.<\/p>\n\n\n\n<p>Considerando esta triste realidad que golpea y baja la calidad de vida de la mayor\u00eda de las familias dominicanas, el PLD propone dise\u00f1ar y ejecutar una pol\u00edtica de apoyo efectiva a la producci\u00f3n agropecuaria nacional, que garantice la implementaci\u00f3n de tecnolog\u00edas para aumentar la productividad de los rubros agropecuarios.<\/p>\n\n\n\n<p>Asimismo, implementar programas dirigidos a aumentar la productividad laboral de los trabajadores dominicanos, con el prop\u00f3sito de contribuir a incrementar los ingresos de las familias dominicanas.<\/p>\n\n\n\n<p>Igualmente, ejecutar un programa de desarrollo de infraestructuras rurales, que incluya construcci\u00f3n de presas, canales de riego, rehabilitaci\u00f3n de caminos vecinales e interparcelarios, para aumentar las \u00e1reas de producci\u00f3n y reducir los costos de transporte de insumos y cosechas.<\/p>\n","protected":false},"excerpt":{"rendered":"<p>Alza de precios impacta en la calidad de vida de la poblaci\u00f3n. El Partido de Liberaci\u00f3n Dominicana (PLD) manifest\u00f3 su profunda preocupaci\u00f3n y solidaridad con la mayor\u00eda de la poblaci\u00f3n&hellip;<\/p>\n","protected":false},"author":10,"featured_media":100175,"comment_status":"open","ping_status":"open","sticky":false,"template":"","format":"standard","meta":{"content-type":"","jetpack_post_was_ever_published":false,"_jetpack_newsletter_access":"","_jetpack_dont_email_post_to_subs":false,"_jetpack_newsletter_tier_id":0,"_jetpack_memberships_contains_paywalled_content":false,"_jetpack_memberships_contains_paid_content":false,"footnotes":""},"categories":[39,25],"tags":[13653,216,20172,269],"class_list":["post-100174","post","type-post","status-publish","format-standard","has-post-thumbnail","hentry","category-economia","category-portada","tag-canasta-familiar","tag-crisis","tag-medidas-urgentes","tag-pld"],"jetpack_featured_media_url":"https:\/\/lasprimeras.com.do\/wp-content\/uploads\/2025\/06\/Alza-de-precios-impacta-en-la-calidad-de-vida-de-la-poblacion-1.jpg","jetpack-related-posts":[{"id":102578,"url":"https:\/\/lasprimeras.com.do\/index.php\/2025\/07\/06\/costo-de-la-canasta-familiar-subio-en-junio-a-rd76190-07-mensual-triplicando-el-ingreso-promedio-de-los-asalariados\/","url_meta":{"origin":100174,"position":0},"title":"Costo de la canasta familiar subi\u00f3 en junio a RD$76,190.07 mensual, triplicando el ingreso promedio de los asalariados","author":"Nelson Feliz","date":"6 de julio de 2025","format":false,"excerpt":"El costo de la canasta familiar, que incluye alimentaci\u00f3n, salud, educaci\u00f3n, vivienda, energ\u00eda el\u00e9ctrica y transporte, se dispar\u00f3 en la actualidad a RD$76,190.07 mensuales, triplicando el salario promedio de las familias con ingresos, el cual apenas alcanza RD$22,122.70. El titular de la Secretar\u00eda de Asuntos Agropecuarios del PLD , Adriano\u2026","rel":"","context":"En \u00abECONOM\u00cdA\u00bb","block_context":{"text":"ECONOM\u00cdA","link":"https:\/\/lasprimeras.com.do\/index.php\/category\/economia\/"},"img":{"alt_text":"","src":"https:\/\/i0.wp.com\/lasprimeras.com.do\/wp-content\/uploads\/2025\/07\/canasta-basica.jpg?resize=350%2C200&ssl=1","width":350,"height":200,"srcset":"https:\/\/i0.wp.com\/lasprimeras.com.do\/wp-content\/uploads\/2025\/07\/canasta-basica.jpg?resize=350%2C200&ssl=1 1x, https:\/\/i0.wp.com\/lasprimeras.com.do\/wp-content\/uploads\/2025\/07\/canasta-basica.jpg?resize=525%2C300&ssl=1 1.5x, https:\/\/i0.wp.com\/lasprimeras.com.do\/wp-content\/uploads\/2025\/07\/canasta-basica.jpg?resize=700%2C400&ssl=1 2x"},"classes":[]},{"id":98671,"url":"https:\/\/lasprimeras.com.do\/index.php\/2025\/05\/09\/pld-exige-indexacion-salarial-automatica-frente-al-alza-de-la-canasta-basica-familiar\/","url_meta":{"origin":100174,"position":1},"title":"PLD exige indexaci\u00f3n salarial autom\u00e1tica frente al alza de la canasta b\u00e1sica familiar","author":"Nelson Feliz","date":"9 de mayo de 2025","format":false,"excerpt":"\u201cEl silencio ya no es una opci\u00f3n. La defensa del salario es la defensa de la vida\u201d, afirma Elso Segura Mart\u00ednez, Secretario de Relaciones Laborales del PLD. El Partido de la Liberaci\u00f3n Dominicana (PLD), a trav\u00e9s de su Secretario de Relaciones Laborales, Elso Milciades Segura Mart\u00ednez, expres\u00f3 profunda preocupaci\u00f3n por\u2026","rel":"","context":"En \u00abECONOM\u00cdA\u00bb","block_context":{"text":"ECONOM\u00cdA","link":"https:\/\/lasprimeras.com.do\/index.php\/category\/economia\/"},"img":{"alt_text":"","src":"https:\/\/i0.wp.com\/lasprimeras.com.do\/wp-content\/uploads\/2025\/05\/Elso-Segura.jpg?resize=350%2C200&ssl=1","width":350,"height":200,"srcset":"https:\/\/i0.wp.com\/lasprimeras.com.do\/wp-content\/uploads\/2025\/05\/Elso-Segura.jpg?resize=350%2C200&ssl=1 1x, https:\/\/i0.wp.com\/lasprimeras.com.do\/wp-content\/uploads\/2025\/05\/Elso-Segura.jpg?resize=525%2C300&ssl=1 1.5x, https:\/\/i0.wp.com\/lasprimeras.com.do\/wp-content\/uploads\/2025\/05\/Elso-Segura.jpg?resize=700%2C400&ssl=1 2x"},"classes":[]},{"id":95172,"url":"https:\/\/lasprimeras.com.do\/index.php\/2025\/03\/10\/pld-denuncia-alza-de-los-productos-que-componen-la-canasta-basica\/","url_meta":{"origin":100174,"position":2},"title":"PLD denuncia alza de los productos que componen la canasta b\u00e1sica","author":"Nelson Feliz","date":"10 de marzo de 2025","format":false,"excerpt":"El Partido de la Liberaci\u00f3n Dominicana (PLD) se hace eco este d\u00eda de la preocupaci\u00f3n ciudadana por el alza de los precios de los art\u00edculos que componen la canasta b\u00e1sica, que mortifica los hogares dominicanos y que afectan la seguridad alimentaria. Bajo el t\u00edtulo:\u201d Alimentos siguen alza y el bolsillo\u2026","rel":"","context":"En \u00abECONOM\u00cdA\u00bb","block_context":{"text":"ECONOM\u00cdA","link":"https:\/\/lasprimeras.com.do\/index.php\/category\/economia\/"},"img":{"alt_text":"","src":"https:\/\/i0.wp.com\/lasprimeras.com.do\/wp-content\/uploads\/2025\/03\/pld-alzas.jpeg?resize=350%2C200&ssl=1","width":350,"height":200,"srcset":"https:\/\/i0.wp.com\/lasprimeras.com.do\/wp-content\/uploads\/2025\/03\/pld-alzas.jpeg?resize=350%2C200&ssl=1 1x, https:\/\/i0.wp.com\/lasprimeras.com.do\/wp-content\/uploads\/2025\/03\/pld-alzas.jpeg?resize=525%2C300&ssl=1 1.5x, https:\/\/i0.wp.com\/lasprimeras.com.do\/wp-content\/uploads\/2025\/03\/pld-alzas.jpeg?resize=700%2C400&ssl=1 2x, https:\/\/i0.wp.com\/lasprimeras.com.do\/wp-content\/uploads\/2025\/03\/pld-alzas.jpeg?resize=1050%2C600&ssl=1 3x, https:\/\/i0.wp.com\/lasprimeras.com.do\/wp-content\/uploads\/2025\/03\/pld-alzas.jpeg?resize=1400%2C800&ssl=1 4x"},"classes":[]},{"id":97224,"url":"https:\/\/lasprimeras.com.do\/index.php\/2025\/04\/17\/reaccion-al-anuncio-de-reajuste-salarial-a-trabajadores-del-hogar\/","url_meta":{"origin":100174,"position":3},"title":"Reacci\u00f3n al anuncio de reajuste salarial a trabajadores del hogar","author":"Nelson Feliz","date":"17 de abril de 2025","format":false,"excerpt":"El titular de la Secretar\u00eda de Asuntos Laborales del PLD deja entrever que se trata de un regalo envenenado el anuncio de un reajuste salarial para las trabajadoras del hogar. El titular de la Secretar\u00eda de Asuntos Laborales del Partido de la Liberaci\u00f3n Dominicana (PLD), Elso Segura Mart\u00ednez, reaccion\u00f3 este\u2026","rel":"","context":"En \u00abECONOM\u00cdA\u00bb","block_context":{"text":"ECONOM\u00cdA","link":"https:\/\/lasprimeras.com.do\/index.php\/category\/economia\/"},"img":{"alt_text":"Elso Segura Mart\u00ednez","src":"https:\/\/i0.wp.com\/lasprimeras.com.do\/wp-content\/uploads\/2025\/04\/Elso-Segura-Martinez.jpg?resize=350%2C200&ssl=1","width":350,"height":200,"srcset":"https:\/\/i0.wp.com\/lasprimeras.com.do\/wp-content\/uploads\/2025\/04\/Elso-Segura-Martinez.jpg?resize=350%2C200&ssl=1 1x, https:\/\/i0.wp.com\/lasprimeras.com.do\/wp-content\/uploads\/2025\/04\/Elso-Segura-Martinez.jpg?resize=525%2C300&ssl=1 1.5x"},"classes":[]},{"id":117180,"url":"https:\/\/lasprimeras.com.do\/index.php\/2025\/12\/08\/editorial-triste-navidad\/","url_meta":{"origin":100174,"position":4},"title":"Editorial -Triste Navidad-","author":"Nelson Feliz","date":"8 de diciembre de 2025","format":false,"excerpt":"El t\u00edtulo de esta nota nos hace recordar una hermosa canci\u00f3n rom\u00e1ntica en la que se apela a los sentimientos y la nostalgia de esta bella temporada del a\u00f1o, pero que llevada a la realidad de Rep\u00fablica Dominicana retrata un cuadro desolador y mortificante. La tradici\u00f3n de celebraciones y alegr\u00eda\u2026","rel":"","context":"En \u00abOPINI\u00d3N\u00bb","block_context":{"text":"OPINI\u00d3N","link":"https:\/\/lasprimeras.com.do\/index.php\/category\/opinion\/"},"img":{"alt_text":"","src":"https:\/\/i0.wp.com\/lasprimeras.com.do\/wp-content\/uploads\/2025\/12\/editorial-triste-navidad.png?resize=350%2C200&ssl=1","width":350,"height":200,"srcset":"https:\/\/i0.wp.com\/lasprimeras.com.do\/wp-content\/uploads\/2025\/12\/editorial-triste-navidad.png?resize=350%2C200&ssl=1 1x, https:\/\/i0.wp.com\/lasprimeras.com.do\/wp-content\/uploads\/2025\/12\/editorial-triste-navidad.png?resize=525%2C300&ssl=1 1.5x, https:\/\/i0.wp.com\/lasprimeras.com.do\/wp-content\/uploads\/2025\/12\/editorial-triste-navidad.png?resize=700%2C400&ssl=1 2x, https:\/\/i0.wp.com\/lasprimeras.com.do\/wp-content\/uploads\/2025\/12\/editorial-triste-navidad.png?resize=1050%2C600&ssl=1 3x, https:\/\/i0.wp.com\/lasprimeras.com.do\/wp-content\/uploads\/2025\/12\/editorial-triste-navidad.png?resize=1400%2C800&ssl=1 4x"},"classes":[]},{"id":96222,"url":"https:\/\/lasprimeras.com.do\/index.php\/2025\/03\/26\/pld-propone-plan-nacional-de-emergencia-para-la-erradicar-peste-porcina-africana\/","url_meta":{"origin":100174,"position":5},"title":"PLD propone Plan Nacional de Emergencia para la Erradicar Peste Porcina Africana","author":"Nelson Feliz","date":"26 de marzo de 2025","format":false,"excerpt":"El Partido de la Liberaci\u00f3n Dominicana (PLD) expres\u00f3 su profunda preocupaci\u00f3n por el manejo \u00abimprovisado e irresponsable\u00bb del gobierno del PRM frente a la crisis generada por la Peste Porcina Africana (PPA), que seg\u00fan alertaron est\u00e1 empujando a millas de productores dominicanos a la ruina y provocando un aumento dram\u00e1tico\u2026","rel":"","context":"En \u00abPOLITICA\u00bb","block_context":{"text":"POLITICA","link":"https:\/\/lasprimeras.com.do\/index.php\/category\/politica\/"},"img":{"alt_text":"","src":"https:\/\/i0.wp.com\/lasprimeras.com.do\/wp-content\/uploads\/2025\/03\/PUJOLS.jpg?resize=350%2C200&ssl=1","width":350,"height":200,"srcset":"https:\/\/i0.wp.com\/lasprimeras.com.do\/wp-content\/uploads\/2025\/03\/PUJOLS.jpg?resize=350%2C200&ssl=1 1x, https:\/\/i0.wp.com\/lasprimeras.com.do\/wp-content\/uploads\/2025\/03\/PUJOLS.jpg?resize=525%2C300&ssl=1 1.5x"},"classes":[]}],"jetpack_sharing_enabled":true,"_links":{"self":[{"href":"https:\/\/lasprimeras.com.do\/index.php\/wp-json\/wp\/v2\/posts\/100174","targetHints":{"allow":["GET"]}}],"collection":[{"href":"https:\/\/lasprimeras.com.do\/index.php\/wp-json\/wp\/v2\/posts"}],"about":[{"href":"https:\/\/lasprimeras.com.do\/index.php\/wp-json\/wp\/v2\/types\/post"}],"author":[{"embeddable":true,"href":"https:\/\/lasprimeras.com.do\/index.php\/wp-json\/wp\/v2\/users\/10"}],"replies":[{"embeddable":true,"href":"https:\/\/lasprimeras.com.do\/index.php\/wp-json\/wp\/v2\/comments?post=100174"}],"version-history":[{"count":1,"href":"https:\/\/lasprimeras.com.do\/index.php\/wp-json\/wp\/v2\/posts\/100174\/revisions"}],"predecessor-version":[{"id":100176,"href":"https:\/\/lasprimeras.com.do\/index.php\/wp-json\/wp\/v2\/posts\/100174\/revisions\/100176"}],"wp:featuredmedia":[{"embeddable":true,"href":"https:\/\/lasprimeras.com.do\/index.php\/wp-json\/wp\/v2\/media\/100175"}],"wp:attachment":[{"href":"https:\/\/lasprimeras.com.do\/index.php\/wp-json\/wp\/v2\/media?parent=100174"}],"wp:term":[{"taxonomy":"category","embeddable":true,"href":"https:\/\/lasprimeras.com.do\/index.php\/wp-json\/wp\/v2\/categories?post=100174"},{"taxonomy":"post_tag","embeddable":true,"href":"https:\/\/lasprimeras.com.do\/index.php\/wp-json\/wp\/v2\/tags?post=100174"}],"curies":[{"name":"wp","href":"https:\/\/api.w.org\/{rel}","templated":true}]}}