{"id":100177,"date":"2025-06-02T13:01:00","date_gmt":"2025-06-02T17:01:00","guid":{"rendered":"https:\/\/lasprimeras.com.do\/?p=100177"},"modified":"2025-06-02T13:01:02","modified_gmt":"2025-06-02T17:01:02","slug":"denuncian-incumplimientos-del-prm-y-luis-abinader-en-temas-elementales-a-cinco-anos-de-gestion","status":"publish","type":"post","link":"https:\/\/lasprimeras.com.do\/index.php\/2025\/06\/02\/denuncian-incumplimientos-del-prm-y-luis-abinader-en-temas-elementales-a-cinco-anos-de-gestion\/","title":{"rendered":"Denuncian incumplimientos del PRM y Luis Abinader en temas elementales a cinco a\u00f1os de gesti\u00f3n"},"content":{"rendered":"\n<p>El miembro del Comit\u00e9 Central del Partido de la Liberaci\u00f3n Dominicana (PLD), Luis Alberto Pel\u00e1ez, critic\u00f3 lo que considera ineficiencia del gobierno del Partido Revolucionario Moderno (PRM) y del presidente Luis Abinader, en una gesti\u00f3n que , tras cinco a\u00f1os en el poder, no han resuelto problemas elementales que prometieron solucionar durante su campa\u00f1a.<\/p>\n\n\n\n<p>Mediante varios mensajes en su cuenta en la red social X, Pel\u00e1ez expres\u00f3 que los principales males que aquejan al pueblo dominicano, lejos de resolverse, se han agravado bajo la actual administraci\u00f3n.<\/p>\n\n\n\n<p>&#8220;Prometieron cambiar el rumbo del pa\u00eds, pero lo que vemos es peor&#8221;, se\u00f1al\u00f3 el dirigente pol\u00edtico.<\/p>\n\n\n\n<p>En su publicaci\u00f3n, abord\u00f3 espec\u00edficamente la situaci\u00f3n del sistema el\u00e9ctrico nacional. Denunci\u00f3 que persisten los apagones prolongados y frecuentes, las p\u00e9rdidas econ\u00f3micas millonarias en las Empresas Distribuidoras de Electricidad (EDEs) y el alto costo de la tarifa el\u00e9ctrica, la cual calific\u00f3 como &#8220;la m\u00e1s alta del Caribe&#8221;.<\/p>\n\n\n\n<p>&#8220;El gobierno del PRM prometi\u00f3 reducir los apagones y bajar la tarifa. Sin embargo, hoy enfrentamos una electricidad cara e inestable, con una poblaci\u00f3n que sufre interrupciones constantes en el servicio el\u00e9ctrico&#8221;, declar\u00f3 Pel\u00e1ez.<\/p>\n\n\n\n<p>El dirigente del PLD, quien es tambi\u00e9n comunicador adelant\u00f3 que m\u00e1s adelante har\u00e1 referencia a otros temas que demuestran el &#8220;fracaso rotundo del PRM en sus promesas m\u00e1s b\u00e1sicas&#8221;.<\/p>\n","protected":false},"excerpt":{"rendered":"<p>El miembro del Comit\u00e9 Central del Partido de la Liberaci\u00f3n Dominicana (PLD), Luis Alberto Pel\u00e1ez, critic\u00f3 lo que considera ineficiencia del gobierno del Partido Revolucionario Moderno (PRM) y del presidente&hellip;<\/p>\n","protected":false},"author":10,"featured_media":100178,"comment_status":"open","ping_status":"open","sticky":false,"template":"","format":"standard","meta":{"content-type":"","jetpack_post_was_ever_published":false,"_jetpack_newsletter_access":"","_jetpack_dont_email_post_to_subs":false,"_jetpack_newsletter_tier_id":0,"_jetpack_memberships_contains_paywalled_content":false,"_jetpack_memberships_contains_paid_content":false,"footnotes":""},"categories":[39],"tags":[20175,67,20174,31,20173],"class_list":["post-100177","post","type-post","status-publish","format-standard","has-post-thumbnail","hentry","category-economia","tag-cinco-anos-de-gestion","tag-luis-abinader","tag-luis-alberto-pelaez","tag-prm","tag-temas-elementales"],"jetpack_featured_media_url":"https:\/\/lasprimeras.com.do\/wp-content\/uploads\/2025\/06\/pELAEZ-22.jpg","jetpack-related-posts":[{"id":100948,"url":"https:\/\/lasprimeras.com.do\/index.php\/2025\/06\/13\/en-el-gobierno-del-prm-faltan-soluciones-a-problemas-estructurales-segun-luis-alberto-pelaez\/","url_meta":{"origin":100177,"position":0},"title":"En el Gobierno del PRM faltan soluciones a problemas estructurales, segun Luis Alberto Pel\u00e1ez","author":"Nelson Feliz","date":"13 de junio de 2025","format":false,"excerpt":"El miembro del Comit\u00e9 Central del Partido de la Liberaci\u00f3n Dominicana (PLD), Luis Alberto Pel\u00e1ez Andino, denunci\u00f3 que el marcado deterioro en los servicios b\u00e1sicos, el endeudamiento sin resultados y una supuesta burbuja de crecimiento econ\u00f3mico que solo beneficia a unos pocos. En una publicaci\u00f3n en su cuenta de la\u2026","rel":"","context":"En \u00abPOLITICA\u00bb","block_context":{"text":"POLITICA","link":"https:\/\/lasprimeras.com.do\/index.php\/category\/politica\/"},"img":{"alt_text":"","src":"https:\/\/i0.wp.com\/lasprimeras.com.do\/wp-content\/uploads\/2025\/06\/Pelaez.jpg?resize=350%2C200&ssl=1","width":350,"height":200,"srcset":"https:\/\/i0.wp.com\/lasprimeras.com.do\/wp-content\/uploads\/2025\/06\/Pelaez.jpg?resize=350%2C200&ssl=1 1x, https:\/\/i0.wp.com\/lasprimeras.com.do\/wp-content\/uploads\/2025\/06\/Pelaez.jpg?resize=525%2C300&ssl=1 1.5x, https:\/\/i0.wp.com\/lasprimeras.com.do\/wp-content\/uploads\/2025\/06\/Pelaez.jpg?resize=700%2C400&ssl=1 2x, https:\/\/i0.wp.com\/lasprimeras.com.do\/wp-content\/uploads\/2025\/06\/Pelaez.jpg?resize=1050%2C600&ssl=1 3x, https:\/\/i0.wp.com\/lasprimeras.com.do\/wp-content\/uploads\/2025\/06\/Pelaez.jpg?resize=1400%2C800&ssl=1 4x"},"classes":[]},{"id":122518,"url":"https:\/\/lasprimeras.com.do\/index.php\/2026\/02\/18\/johnny-pujols-a-abinader-el-prm-debe-ser-su-propio-gobierno-y-no-el-pasado\/","url_meta":{"origin":100177,"position":1},"title":"Johnny Pujols a Abinader: \u201cEl PRM debe ser su propio Gobierno y no el pasado\u201d","author":"Nelson Feliz","date":"18 de febrero de 2026","format":false,"excerpt":"Advirti\u00f3 sobre los notorios retrocesos en la implementaci\u00f3n de pol\u00edticas p\u00fablicas en la gesti\u00f3n de gobierno del PRM El secretario general del Partido de la Liberaci\u00f3n Dominicana (PLD), Johnny Pujols, reaccion\u00f3 este mi\u00e9rcoles a las declaraciones del presidente Luis Abinader, quien afirm\u00f3 que la oposici\u00f3n a su gobierno le teme\u2026","rel":"","context":"En \u00abPOLITICA\u00bb","block_context":{"text":"POLITICA","link":"https:\/\/lasprimeras.com.do\/index.php\/category\/politica\/"},"img":{"alt_text":"Johnny Pujols","src":"https:\/\/i0.wp.com\/lasprimeras.com.do\/wp-content\/uploads\/2025\/07\/Johnny-Pujols-2.jpg?resize=350%2C200&ssl=1","width":350,"height":200,"srcset":"https:\/\/i0.wp.com\/lasprimeras.com.do\/wp-content\/uploads\/2025\/07\/Johnny-Pujols-2.jpg?resize=350%2C200&ssl=1 1x, https:\/\/i0.wp.com\/lasprimeras.com.do\/wp-content\/uploads\/2025\/07\/Johnny-Pujols-2.jpg?resize=525%2C300&ssl=1 1.5x, https:\/\/i0.wp.com\/lasprimeras.com.do\/wp-content\/uploads\/2025\/07\/Johnny-Pujols-2.jpg?resize=700%2C400&ssl=1 2x"},"classes":[]},{"id":105293,"url":"https:\/\/lasprimeras.com.do\/index.php\/2025\/08\/01\/luis-reyes-la-del-prm-es-una-gestion-economica-fallida\/","url_meta":{"origin":100177,"position":2},"title":"Luis Reyes: La del PRM es una gesti\u00f3n econ\u00f3mica fallida","author":"Nelson Feliz","date":"1 de agosto de 2025","format":false,"excerpt":"\u201c\u00bfD\u00f3nde est\u00e1n las obras? Si el gasto fue similar, Medina hizo m\u00e1s con los mismos recursos\u201d, afirm\u00f3 Luis Reyes, secretario Asuntos Econ\u00f3micos del PLD El secretario de Asuntos Econ\u00f3micos del Partido de la Liberaci\u00f3n Dominicana (PLD), Luis Reyes, califica al gobierno del presidente Luis Abinader de una gesti\u00f3n econ\u00f3mica fallida,\u2026","rel":"","context":"En \u00abECONOM\u00cdA\u00bb","block_context":{"text":"ECONOM\u00cdA","link":"https:\/\/lasprimeras.com.do\/index.php\/category\/economia\/"},"img":{"alt_text":"","src":"https:\/\/i0.wp.com\/lasprimeras.com.do\/wp-content\/uploads\/2025\/08\/Luis-Reyes.jpeg?resize=350%2C200&ssl=1","width":350,"height":200,"srcset":"https:\/\/i0.wp.com\/lasprimeras.com.do\/wp-content\/uploads\/2025\/08\/Luis-Reyes.jpeg?resize=350%2C200&ssl=1 1x, https:\/\/i0.wp.com\/lasprimeras.com.do\/wp-content\/uploads\/2025\/08\/Luis-Reyes.jpeg?resize=525%2C300&ssl=1 1.5x, https:\/\/i0.wp.com\/lasprimeras.com.do\/wp-content\/uploads\/2025\/08\/Luis-Reyes.jpeg?resize=700%2C400&ssl=1 2x"},"classes":[]},{"id":101141,"url":"https:\/\/lasprimeras.com.do\/index.php\/2025\/06\/16\/pld-exhorta-al-gobierno-a-defender-los-derechos-de-dominicanos-en-puerto-rico-video\/","url_meta":{"origin":100177,"position":3},"title":"PLD exhorta al gobierno a defender los derechos de dominicanos en Puerto Rico | Video","author":"Nelson Feliz","date":"16 de junio de 2025","format":false,"excerpt":"\u00abNo est\u00e1n solos; defendemos su dignidad y exigimos acciones concretas del gobierno dominicano\u201d, Alexis Lantigua. El Partido de la Liberaci\u00f3n Dominicana (PLD), por intermedio de la Secretaria de Dominicanos en el exterior manifest\u00f3 su preocupaci\u00f3n por la falta de acciones del gobierno dominicano para atender la cr\u00edtica situaci\u00f3n migratoria que\u2026","rel":"","context":"En \u00abPOLITICA\u00bb","block_context":{"text":"POLITICA","link":"https:\/\/lasprimeras.com.do\/index.php\/category\/politica\/"},"img":{"alt_text":"","src":"https:\/\/i0.wp.com\/lasprimeras.com.do\/wp-content\/uploads\/2025\/06\/Alexis-Lantigua.jpg?resize=350%2C200&ssl=1","width":350,"height":200,"srcset":"https:\/\/i0.wp.com\/lasprimeras.com.do\/wp-content\/uploads\/2025\/06\/Alexis-Lantigua.jpg?resize=350%2C200&ssl=1 1x, https:\/\/i0.wp.com\/lasprimeras.com.do\/wp-content\/uploads\/2025\/06\/Alexis-Lantigua.jpg?resize=525%2C300&ssl=1 1.5x, https:\/\/i0.wp.com\/lasprimeras.com.do\/wp-content\/uploads\/2025\/06\/Alexis-Lantigua.jpg?resize=700%2C400&ssl=1 2x"},"classes":[]},{"id":122619,"url":"https:\/\/lasprimeras.com.do\/index.php\/2026\/02\/18\/johnny-pujols-advierte-sobre-el-retroceso-ha-predominado-en-el-gobierno-del-prm\/","url_meta":{"origin":100177,"position":4},"title":"Johnny Pujols advierte sobre el retroceso ha predominado en el Gobierno del PRM","author":"Nelson Feliz","date":"18 de febrero de 2026","format":false,"excerpt":"Johnny Pujols, Secretario General del PLD, advierte sobre los notorios retrocesos en la implementaci\u00f3n de pol\u00edticas p\u00fablicas del Gobierno del PRM. El secretario general del Partido de la Liberaci\u00f3n Dominicana (PLD), Johnny Pujols, advirti\u00f3 sobre los notorios retrocesos en la implementaci\u00f3n de pol\u00edticas p\u00fablicas en la gesti\u00f3n de gobierno del\u2026","rel":"","context":"En \u00abPOLITICA\u00bb","block_context":{"text":"POLITICA","link":"https:\/\/lasprimeras.com.do\/index.php\/category\/politica\/"},"img":{"alt_text":"Johnny Pujols","src":"https:\/\/i0.wp.com\/lasprimeras.com.do\/wp-content\/uploads\/2026\/02\/Johnny-Pujols-1.jpg?resize=350%2C200&ssl=1","width":350,"height":200,"srcset":"https:\/\/i0.wp.com\/lasprimeras.com.do\/wp-content\/uploads\/2026\/02\/Johnny-Pujols-1.jpg?resize=350%2C200&ssl=1 1x, https:\/\/i0.wp.com\/lasprimeras.com.do\/wp-content\/uploads\/2026\/02\/Johnny-Pujols-1.jpg?resize=525%2C300&ssl=1 1.5x, https:\/\/i0.wp.com\/lasprimeras.com.do\/wp-content\/uploads\/2026\/02\/Johnny-Pujols-1.jpg?resize=700%2C400&ssl=1 2x"},"classes":[]},{"id":120228,"url":"https:\/\/lasprimeras.com.do\/index.php\/2026\/01\/21\/candidatos-plancha-unitaria-de-la-seccional-del-prm-en-la-florida-central-reafirman-apoyo-al-gobierno-de-abinader\/","url_meta":{"origin":100177,"position":5},"title":"Candidatos plancha &#8220;Unitaria de la seccional del PRM&#8221; en la Florida Central reafirman apoyo al gobierno de Abinader","author":"Nelson Feliz","date":"21 de enero de 2026","format":false,"excerpt":"Por Jos\u00e9 Beato Florida Central, Estados Unidos- Los aspirantes a dirigir la seccional del Partido Revolucionario Moderno (PRM), agrupados en la Plancha Unitaria Jos\u00e9 Francisco Pe\u00f1a G\u00f3mez, anunciaron su respaldo total a la gesti\u00f3n de gobierno del presidente Luis Abinader. El Dr. Luis Arzeno, candidato a la presidencia, Leonardo Erickson,\u2026","rel":"","context":"En \u00abPOLITICA\u00bb","block_context":{"text":"POLITICA","link":"https:\/\/lasprimeras.com.do\/index.php\/category\/politica\/"},"img":{"alt_text":"Unitaria de la seccional del PRM","src":"https:\/\/i0.wp.com\/lasprimeras.com.do\/wp-content\/uploads\/2026\/01\/PRM.jpg?resize=350%2C200&ssl=1","width":350,"height":200,"srcset":"https:\/\/i0.wp.com\/lasprimeras.com.do\/wp-content\/uploads\/2026\/01\/PRM.jpg?resize=350%2C200&ssl=1 1x, https:\/\/i0.wp.com\/lasprimeras.com.do\/wp-content\/uploads\/2026\/01\/PRM.jpg?resize=525%2C300&ssl=1 1.5x, https:\/\/i0.wp.com\/lasprimeras.com.do\/wp-content\/uploads\/2026\/01\/PRM.jpg?resize=700%2C400&ssl=1 2x"},"classes":[]}],"jetpack_sharing_enabled":true,"_links":{"self":[{"href":"https:\/\/lasprimeras.com.do\/index.php\/wp-json\/wp\/v2\/posts\/100177","targetHints":{"allow":["GET"]}}],"collection":[{"href":"https:\/\/lasprimeras.com.do\/index.php\/wp-json\/wp\/v2\/posts"}],"about":[{"href":"https:\/\/lasprimeras.com.do\/index.php\/wp-json\/wp\/v2\/types\/post"}],"author":[{"embeddable":true,"href":"https:\/\/lasprimeras.com.do\/index.php\/wp-json\/wp\/v2\/users\/10"}],"replies":[{"embeddable":true,"href":"https:\/\/lasprimeras.com.do\/index.php\/wp-json\/wp\/v2\/comments?post=100177"}],"version-history":[{"count":1,"href":"https:\/\/lasprimeras.com.do\/index.php\/wp-json\/wp\/v2\/posts\/100177\/revisions"}],"predecessor-version":[{"id":100179,"href":"https:\/\/lasprimeras.com.do\/index.php\/wp-json\/wp\/v2\/posts\/100177\/revisions\/100179"}],"wp:featuredmedia":[{"embeddable":true,"href":"https:\/\/lasprimeras.com.do\/index.php\/wp-json\/wp\/v2\/media\/100178"}],"wp:attachment":[{"href":"https:\/\/lasprimeras.com.do\/index.php\/wp-json\/wp\/v2\/media?parent=100177"}],"wp:term":[{"taxonomy":"category","embeddable":true,"href":"https:\/\/lasprimeras.com.do\/index.php\/wp-json\/wp\/v2\/categories?post=100177"},{"taxonomy":"post_tag","embeddable":true,"href":"https:\/\/lasprimeras.com.do\/index.php\/wp-json\/wp\/v2\/tags?post=100177"}],"curies":[{"name":"wp","href":"https:\/\/api.w.org\/{rel}","templated":true}]}}