{"id":100187,"date":"2025-06-03T07:34:20","date_gmt":"2025-06-03T11:34:20","guid":{"rendered":"https:\/\/lasprimeras.com.do\/?p=100187"},"modified":"2025-06-03T07:34:21","modified_gmt":"2025-06-03T11:34:21","slug":"eted-activa-plan-de-contingencia-ante-una-activa-temporada-ciclonica-2025","status":"publish","type":"post","link":"https:\/\/lasprimeras.com.do\/index.php\/2025\/06\/03\/eted-activa-plan-de-contingencia-ante-una-activa-temporada-ciclonica-2025\/","title":{"rendered":"ETED activa plan de contingencia ante una activa temporada cicl\u00f3nica 2025"},"content":{"rendered":"\n<p>La Empresa de Transmisi\u00f3n El\u00e9ctrica Dominicana (ETED) puso en marcha su plan de contingencia para garantizar la estabilidad del sistema de transmisi\u00f3n en alta tensi\u00f3n y mitigar posibles da\u00f1os ocasionados por fen\u00f3menos atmosf\u00e9ricos, ante el pron\u00f3stico de una temporada cicl\u00f3nica 2025 \u201cextremadamente activa\u201d, seg\u00fan los \u00faltimos reportes del Centro Nacional de Huracanes (NHC, por sus siglas en ingl\u00e9s).<\/p>\n\n\n\n<p>Esta temporada, se prev\u00e9 la formaci\u00f3n de m\u00e1s de 20 tormentas con nombre, seg\u00fan el Centro Nacional de Huracanes, de las cuales al menos 8 podr\u00edan convertirse en huracanes, incluyendo varios de categor\u00eda mayor.<\/p>\n\n\n\n<p>Por ello, la ETED ha reforzado su estrategia operativa integrando nuevas tecnolog\u00edas y equipos pesados que permitir\u00e1n responder con mayor eficiencia ante emergencias.<\/p>\n\n\n\n<p>El administrador general de la ETED, Mart\u00edn Robles Morillo, se\u00f1al\u00f3 que, indic\u00f3 que este plan contiene las estrategias que implementar\u00e1 la empresa para garantizar la estabilidad, calidad y continuidad del servicio de energ\u00eda el\u00e9ctrica a nivel nacional, as\u00ed como disminuir el impacto que puedan ocasionar los fen\u00f3menos atmosf\u00e9ricos en el Sistema de Transmisi\u00f3n Nacional.<\/p>\n\n\n\n<p>Dentro de las acciones preventivas en curso, el personal t\u00e9cnico de la ETED ejecuta un programa de inspecci\u00f3n de todas las instalaciones de la empresa para minimizar posibles da\u00f1os.<\/p>\n\n\n\n<p>Estos trabajos incluyen limpieza de canaletas y desag\u00fces de subestaciones, mantenimiento a barras, evaluaci\u00f3n de condiciones f\u00edsicas, levantamiento de caminos de acceso a las instalaciones del Sistema de Transmisi\u00f3n Nacional y poda de \u00e1rboles cercanos a l\u00edneas el\u00e9ctricas.<\/p>\n\n\n\n<p>Adem\u00e1s, se han integrado drones de alta tecnolog\u00eda equipados con c\u00e1maras de alta resoluci\u00f3n que permiten realizar inspecciones a\u00e9reas en zonas de dif\u00edcil acceso, facilitando la detecci\u00f3n temprana de aver\u00edas y evaluaciones detalladas sin poner en riesgo al personal t\u00e9cnico.<\/p>\n\n\n\n<p>A esto se le suma, la nueva flotilla de camiones especializados, que incluye camiones gr\u00faa, camiones canasto de hasta 120 pies, camiones camalisa y furgonetas, todos dise\u00f1ados para operar con mayor seguridad y rapidez en condiciones exigentes.<\/p>\n\n\n\n<p>\u201cEl pa\u00eds necesita una infraestructura el\u00e9ctrica resiliente y \u00e1gil ante cualquier fen\u00f3meno clim\u00e1tico. Con estos drones y equipos, reducimos el tiempo de respuesta, protegemos a nuestro personal t\u00e9cnico y garantizamos proveer un servicio continuo y seguro para todos los dominicanos\u201d, afirm\u00f3 Mart\u00edn Robles Morillo, administrador general de la ETED.<\/p>\n\n\n\n<p>Robles Morillo destac\u00f3 que esta estrategia forma parte de un compromiso mayor con la modernizaci\u00f3n del sistema el\u00e9ctrico nacional: \u201cNo estamos reaccionando \u00fanicamente ante una amenaza clim\u00e1tica, estamos transformando la forma en que operamos. La innovaci\u00f3n, la prevenci\u00f3n y la eficiencia est\u00e1n en el centro de nuestra gesti\u00f3n\u201d.<\/p>\n\n\n\n<p>La empresa ha dispuesto brigadas estrat\u00e9gicamente ubicadas, un refuerzo de operadores en el Centro de Control de Energ\u00eda, y una coordinaci\u00f3n constante con las distribuidoras EDENORTE, EDESUR y EDEESTE para ejecutar mantenimientos preventivos en todo el territorio nacional.<\/p>\n\n\n\n<p>Durante una reuni\u00f3n t\u00e9cnica sostenida en el Centro de Control de Energ\u00eda, representantes de las \u00e1reas de mantenimiento, operaciones, seguridad militar y comunicaciones de la ETED definieron las acciones de respuesta y monitoreo durante toda la temporada cicl\u00f3nica.<\/p>\n\n\n\n<p>\u201cEn la ETED asumimos con responsabilidad el desaf\u00edo que representa una temporada cicl\u00f3nica tan activa como la de este a\u00f1o. Nuestro compromiso es claro: proteger cada componente del sistema de transmisi\u00f3n y asegurar las infraestructuras el\u00e9ctricas en todo el pa\u00eds, sin escatimar esfuerzos ni recursos\u201d, expres\u00f3 Mart\u00edn Robles Morillo.<\/p>\n\n\n\n<p>La ETED hace un llamado a la ciudadan\u00eda a mantenerse informada a trav\u00e9s de los organismos oficiales y seguir las recomendaciones ante cualquier situaci\u00f3n de riesgo, al tiempo que reafirma su compromiso con la continuidad del servicio y la seguridad energ\u00e9tica del pa\u00eds.<\/p>\n","protected":false},"excerpt":{"rendered":"<p>La Empresa de Transmisi\u00f3n El\u00e9ctrica Dominicana (ETED) puso en marcha su plan de contingencia para garantizar la estabilidad del sistema de transmisi\u00f3n en alta tensi\u00f3n y mitigar posibles da\u00f1os ocasionados&hellip;<\/p>\n","protected":false},"author":10,"featured_media":58296,"comment_status":"open","ping_status":"open","sticky":false,"template":"","format":"standard","meta":{"content-type":"","jetpack_post_was_ever_published":false,"_jetpack_newsletter_access":"","_jetpack_dont_email_post_to_subs":false,"_jetpack_newsletter_tier_id":0,"_jetpack_memberships_contains_paywalled_content":false,"_jetpack_memberships_contains_paid_content":false,"footnotes":""},"categories":[35,25],"tags":[7526,3046,3279,5134,6530,19401],"class_list":["post-100187","post","type-post","status-publish","format-standard","has-post-thumbnail","hentry","category-nacionales","category-portada","tag-alta-tecnologia","tag-camiones","tag-drones","tag-eted","tag-plan-de-contingencia","tag-temporada-ciclonica-2025"],"jetpack_featured_media_url":"https:\/\/lasprimeras.com.do\/wp-content\/uploads\/2023\/08\/Martin-Robles-Morillo.jpg","jetpack-related-posts":[{"id":58295,"url":"https:\/\/lasprimeras.com.do\/index.php\/2023\/08\/22\/eted-activa-medidas-preventivas-y-de-mitigacion-ante-paso-de-tormenta-franklin\/","url_meta":{"origin":100187,"position":0},"title":"ETED activa medidas preventivas y de mitigaci\u00f3n ante paso de tormenta Franklin","author":"Nelson Feliz","date":"22 de agosto de 2023","format":false,"excerpt":"Pone plan de contingencia en marcha.\u00a0 Por Mart\u00edn Restituyo Luego de que la Oficina Nacional de Meteorolog\u00eda (ONAMET) y el Centro de Operaciones de Emergencias (COE) emitieran la alerta por paso de la tormenta tropical Franklin por el territorio dominicano, la Empresa de Transmisi\u00f3n El\u00e9ctrica Dominicana (ETED) puso en marcha\u2026","rel":"","context":"En \u00abNACIONALES\u00bb","block_context":{"text":"NACIONALES","link":"https:\/\/lasprimeras.com.do\/index.php\/category\/nacionales\/"},"img":{"alt_text":"Ing. Mart\u00edn Robles Morillo, administrador general de la ETED durante sesi\u00f3n con Comit\u00e9 de Emergencias de la ETED (CEETED).","src":"https:\/\/i0.wp.com\/lasprimeras.com.do\/wp-content\/uploads\/2023\/08\/Martin-Robles-Morillo.jpg?resize=350%2C200&ssl=1","width":350,"height":200,"srcset":"https:\/\/i0.wp.com\/lasprimeras.com.do\/wp-content\/uploads\/2023\/08\/Martin-Robles-Morillo.jpg?resize=350%2C200&ssl=1 1x, https:\/\/i0.wp.com\/lasprimeras.com.do\/wp-content\/uploads\/2023\/08\/Martin-Robles-Morillo.jpg?resize=525%2C300&ssl=1 1.5x, https:\/\/i0.wp.com\/lasprimeras.com.do\/wp-content\/uploads\/2023\/08\/Martin-Robles-Morillo.jpg?resize=700%2C400&ssl=1 2x"},"classes":[]},{"id":106194,"url":"https:\/\/lasprimeras.com.do\/index.php\/2025\/08\/12\/eted-integra-drones-de-alta-tecnologia-para-eficientizar-supervision-y-mantenimiento\/","url_meta":{"origin":100187,"position":1},"title":"ETED integra drones de alta tecnolog\u00eda para eficientizar supervisi\u00f3n y mantenimiento","author":"Nelson Feliz","date":"12 de agosto de 2025","format":false,"excerpt":"Con esta medida, la ETED reafirma su compromiso con el desarrollo tecnol\u00f3gico. La Empresa de Transmisi\u00f3n El\u00e9ctrica Dominicana (ETED) ha integrado una flotilla de drones de \u00faltima tecnolog\u00eda a sus operaciones, con el objetivo de eficientizar los trabajos de supervisi\u00f3n de mantenimiento preventivo y fortalecer la seguridad del sistema el\u00e9ctrico\u2026","rel":"","context":"En \u00abECONOM\u00cdA\u00bb","block_context":{"text":"ECONOM\u00cdA","link":"https:\/\/lasprimeras.com.do\/index.php\/category\/economia\/"},"img":{"alt_text":"","src":"https:\/\/i0.wp.com\/lasprimeras.com.do\/wp-content\/uploads\/2025\/08\/drones-de-alta-tecnologia.jpg?resize=350%2C200&ssl=1","width":350,"height":200,"srcset":"https:\/\/i0.wp.com\/lasprimeras.com.do\/wp-content\/uploads\/2025\/08\/drones-de-alta-tecnologia.jpg?resize=350%2C200&ssl=1 1x, https:\/\/i0.wp.com\/lasprimeras.com.do\/wp-content\/uploads\/2025\/08\/drones-de-alta-tecnologia.jpg?resize=525%2C300&ssl=1 1.5x, https:\/\/i0.wp.com\/lasprimeras.com.do\/wp-content\/uploads\/2025\/08\/drones-de-alta-tecnologia.jpg?resize=700%2C400&ssl=1 2x"},"classes":[]},{"id":114210,"url":"https:\/\/lasprimeras.com.do\/index.php\/2025\/11\/12\/eted-restablece-totalmente-sistema-electrico-dominicanotras-blackout\/","url_meta":{"origin":100187,"position":2},"title":"ETED restablece totalmente sistema el\u00e9ctrico dominicano;tras blackout","author":"Nelson Feliz","date":"12 de noviembre de 2025","format":false,"excerpt":"A las 2:20 de la madrugada de este mi\u00e9rcoles todas las plantas de generaci\u00f3n de la Rep\u00fablica Dominicana estaban en l\u00ednea y el sistema de transmisi\u00f3n operaba al 100 %, abasteciendo el 96 % de la demanda registrada a esa hora, inform\u00f3 el ministro de Energ\u00eda y Minas, Joel Santos.\u2026","rel":"","context":"En \u00abNACIONALES\u00bb","block_context":{"text":"NACIONALES","link":"https:\/\/lasprimeras.com.do\/index.php\/category\/nacionales\/"},"img":{"alt_text":"Fotograf\u00eda tomada este martes a las 7: 30 de la noche en la intersecci\u00f3n de las avenidas Abraham Lincoln y 27 de febrero, de esta capital.","src":"https:\/\/i0.wp.com\/lasprimeras.com.do\/wp-content\/uploads\/2025\/11\/apagon.jpeg?resize=350%2C200&ssl=1","width":350,"height":200,"srcset":"https:\/\/i0.wp.com\/lasprimeras.com.do\/wp-content\/uploads\/2025\/11\/apagon.jpeg?resize=350%2C200&ssl=1 1x, https:\/\/i0.wp.com\/lasprimeras.com.do\/wp-content\/uploads\/2025\/11\/apagon.jpeg?resize=525%2C300&ssl=1 1.5x, https:\/\/i0.wp.com\/lasprimeras.com.do\/wp-content\/uploads\/2025\/11\/apagon.jpeg?resize=700%2C400&ssl=1 2x, https:\/\/i0.wp.com\/lasprimeras.com.do\/wp-content\/uploads\/2025\/11\/apagon.jpeg?resize=1050%2C600&ssl=1 3x"},"classes":[]},{"id":104113,"url":"https:\/\/lasprimeras.com.do\/index.php\/2025\/07\/21\/eted-dara-mantenimiento-este-martes-en-linea-de-transmision-y-subestacion-electrica\/","url_meta":{"origin":100187,"position":3},"title":"ETED dar\u00e1 mantenimiento este martes en l\u00ednea de transmisi\u00f3n y subestaci\u00f3n el\u00e9ctrica","author":"Nelson Feliz","date":"21 de julio de 2025","format":false,"excerpt":"La Empresa de Transmisi\u00f3n El\u00e9ctrica Dominicana (ETED) inform\u00f3 que este martes realizar\u00e1 trabajos programados de mantenimiento en la l\u00ednea de transmisi\u00f3n 69 kV Pimentel \u2013 San Francisco de Macor\u00eds y en la subestaci\u00f3n 69 kV Boca Chica \u2013 SPM, como parte de su compromiso con el fortalecimiento del servicio de\u2026","rel":"","context":"En \u00abNACIONALES\u00bb","block_context":{"text":"NACIONALES","link":"https:\/\/lasprimeras.com.do\/index.php\/category\/nacionales\/"},"img":{"alt_text":"ETED","src":"https:\/\/i0.wp.com\/lasprimeras.com.do\/wp-content\/uploads\/2023\/10\/ETED-4.jpg?resize=350%2C200&ssl=1","width":350,"height":200,"srcset":"https:\/\/i0.wp.com\/lasprimeras.com.do\/wp-content\/uploads\/2023\/10\/ETED-4.jpg?resize=350%2C200&ssl=1 1x, https:\/\/i0.wp.com\/lasprimeras.com.do\/wp-content\/uploads\/2023\/10\/ETED-4.jpg?resize=525%2C300&ssl=1 1.5x, https:\/\/i0.wp.com\/lasprimeras.com.do\/wp-content\/uploads\/2023\/10\/ETED-4.jpg?resize=700%2C400&ssl=1 2x"},"classes":[]},{"id":114216,"url":"https:\/\/lasprimeras.com.do\/index.php\/2025\/11\/12\/eted-informa-que-el-sistema-electrico-ha-sido-restablecido-casi-en-su-totalidad-marranzini-descarta-sabotaje\/","url_meta":{"origin":100187,"position":4},"title":"ETED informa que el sistema el\u00e9ctrico ha sido restablecido casi en su totalidad; Marranzini descarta sabotaje","author":"Nelson Feliz","date":"12 de noviembre de 2025","format":false,"excerpt":"Las actividades industriales, comerciales y dom\u00e9sticas, as\u00ed como el tr\u00e1nsito en toda la Rep\u00fablica Dominicana, resultaron afectadas por un apag\u00f3n general que dur\u00f3 varias horas. La Empresa de Transmisi\u00f3n de Electricidad Dominicana (ETED) inform\u00f3 que el percance que origin\u00f3 el \"black out\" a nivel nacional se produjo en una subestaci\u00f3n\u2026","rel":"","context":"En \u00abNACIONALES\u00bb","block_context":{"text":"NACIONALES","link":"https:\/\/lasprimeras.com.do\/index.php\/category\/nacionales\/"},"img":{"alt_text":"ETED","src":"https:\/\/i0.wp.com\/lasprimeras.com.do\/wp-content\/uploads\/2025\/03\/ETED.jpg?resize=350%2C200&ssl=1","width":350,"height":200,"srcset":"https:\/\/i0.wp.com\/lasprimeras.com.do\/wp-content\/uploads\/2025\/03\/ETED.jpg?resize=350%2C200&ssl=1 1x, https:\/\/i0.wp.com\/lasprimeras.com.do\/wp-content\/uploads\/2025\/03\/ETED.jpg?resize=525%2C300&ssl=1 1.5x, https:\/\/i0.wp.com\/lasprimeras.com.do\/wp-content\/uploads\/2025\/03\/ETED.jpg?resize=700%2C400&ssl=1 2x"},"classes":[]},{"id":118806,"url":"https:\/\/lasprimeras.com.do\/index.php\/2026\/01\/03\/eted-consolida-su-liderazgo-en-la-transicion-energetica-y-digital-en-el-pais\/","url_meta":{"origin":100187,"position":5},"title":"ETED consolida su liderazgo en la transici\u00f3n energ\u00e9tica y digital en el pais","author":"Nelson Feliz","date":"3 de enero de 2026","format":false,"excerpt":"Alfonso Rodr\u00edguez Tejada","rel":"","context":"En \u00abECONOM\u00cdA\u00bb","block_context":{"text":"ECONOM\u00cdA","link":"https:\/\/lasprimeras.com.do\/index.php\/category\/economia\/"},"img":{"alt_text":"Alfonso Rodr\u00edguez Tejada","src":"https:\/\/i0.wp.com\/lasprimeras.com.do\/wp-content\/uploads\/2026\/01\/Alfonso-Rodriguez-Tejada.jpg?resize=350%2C200&ssl=1","width":350,"height":200,"srcset":"https:\/\/i0.wp.com\/lasprimeras.com.do\/wp-content\/uploads\/2026\/01\/Alfonso-Rodriguez-Tejada.jpg?resize=350%2C200&ssl=1 1x, https:\/\/i0.wp.com\/lasprimeras.com.do\/wp-content\/uploads\/2026\/01\/Alfonso-Rodriguez-Tejada.jpg?resize=525%2C300&ssl=1 1.5x, https:\/\/i0.wp.com\/lasprimeras.com.do\/wp-content\/uploads\/2026\/01\/Alfonso-Rodriguez-Tejada.jpg?resize=700%2C400&ssl=1 2x"},"classes":[]}],"jetpack_sharing_enabled":true,"_links":{"self":[{"href":"https:\/\/lasprimeras.com.do\/index.php\/wp-json\/wp\/v2\/posts\/100187","targetHints":{"allow":["GET"]}}],"collection":[{"href":"https:\/\/lasprimeras.com.do\/index.php\/wp-json\/wp\/v2\/posts"}],"about":[{"href":"https:\/\/lasprimeras.com.do\/index.php\/wp-json\/wp\/v2\/types\/post"}],"author":[{"embeddable":true,"href":"https:\/\/lasprimeras.com.do\/index.php\/wp-json\/wp\/v2\/users\/10"}],"replies":[{"embeddable":true,"href":"https:\/\/lasprimeras.com.do\/index.php\/wp-json\/wp\/v2\/comments?post=100187"}],"version-history":[{"count":1,"href":"https:\/\/lasprimeras.com.do\/index.php\/wp-json\/wp\/v2\/posts\/100187\/revisions"}],"predecessor-version":[{"id":100188,"href":"https:\/\/lasprimeras.com.do\/index.php\/wp-json\/wp\/v2\/posts\/100187\/revisions\/100188"}],"wp:featuredmedia":[{"embeddable":true,"href":"https:\/\/lasprimeras.com.do\/index.php\/wp-json\/wp\/v2\/media\/58296"}],"wp:attachment":[{"href":"https:\/\/lasprimeras.com.do\/index.php\/wp-json\/wp\/v2\/media?parent=100187"}],"wp:term":[{"taxonomy":"category","embeddable":true,"href":"https:\/\/lasprimeras.com.do\/index.php\/wp-json\/wp\/v2\/categories?post=100187"},{"taxonomy":"post_tag","embeddable":true,"href":"https:\/\/lasprimeras.com.do\/index.php\/wp-json\/wp\/v2\/tags?post=100187"}],"curies":[{"name":"wp","href":"https:\/\/api.w.org\/{rel}","templated":true}]}}