{"id":100189,"date":"2025-06-03T07:51:51","date_gmt":"2025-06-03T11:51:51","guid":{"rendered":"https:\/\/lasprimeras.com.do\/?p=100189"},"modified":"2025-06-03T07:51:53","modified_gmt":"2025-06-03T11:51:53","slug":"intrant-celebrara-1er-foro-nacional-para-el-uso-responsable-de-la-motocicleta","status":"publish","type":"post","link":"https:\/\/lasprimeras.com.do\/index.php\/2025\/06\/03\/intrant-celebrara-1er-foro-nacional-para-el-uso-responsable-de-la-motocicleta\/","title":{"rendered":"INTRANT celebrar\u00e1 1er Foro Nacional para el Uso Responsable de la Motocicleta"},"content":{"rendered":"\n<p>El Instituto Nacional de Tr\u00e1nsito y Transporte Terrestre (Intrant) celebrar\u00e1 el \u201c1er Foro Nacional para el Uso Responsable de la Motocicleta\u201d, este mi\u00e9rcoles 4 de junio de 2025, a las 9:00 de la ma\u00f1ana, en el Centro de Convenciones del Ministerio de Relaciones Exteriores.<\/p>\n\n\n\n<p>Este foro ser\u00e1 un espacio abierto al di\u00e1logo, la reflexi\u00f3n y la colaboraci\u00f3n entre actores sociales, gubernamentales y privados.<\/p>\n\n\n\n<p>Su objetivo principal es promover una cultura de responsabilidad vial entre los motociclistas y reducir los accidentes de tr\u00e1nsito mediante compromisos concretos entre todos los sectores involucrados.<\/p>\n\n\n\n<p>Durante el evento se presentar\u00e1 una hoja de ruta con acciones espec\u00edficas y compromisos reales, dise\u00f1ados para transformar la movilidad en motocicleta en una pr\u00e1ctica m\u00e1s segura y consciente. Todas las iniciativas tienen un mismo fin: salvar vidas y promover el respeto en las v\u00edas.<\/p>\n\n\n\n<p>Sin embargo, esta transformaci\u00f3n no puede depender de una sola instituci\u00f3n ni de un grupo aislado. Por eso, el foro apuesta por una alianza multiactor que integre los esfuerzos del sector p\u00fablico, el sector privado y la sociedad civil.<\/p>\n\n\n\n<p>Ya se han formado importantes sinergias con motoconchistas, mensajeros, deliverys de colmados y plataformas digitales (como Uber, Pedidos Ya e In Drive), as\u00ed como con usuarios particulares, clubes recreativos, motociclistas deportivos e influencers del sector.<\/p>\n\n\n\n<p>Uno de los anuncios clave del foro ser\u00e1 la implementaci\u00f3n de una normativa para el uso obligatorio de cascos certificados, as\u00ed como la firma de un compromiso p\u00fablico por parte de todos los sectores para apoyar las medidas de seguridad vial.<\/p>\n\n\n\n<p>\u201cEsperamos que este foro marque el inicio de una etapa donde prime el di\u00e1logo constante, la b\u00fasqueda de consensos y, sobre todo, el cumplimiento de las leyes que ya existen para proteger a quienes se movilizan sobre dos ruedas. Porque al final, lo que est\u00e1 en juego no es solo el orden del tr\u00e1nsito: son vidas humanas\u201d, expres\u00f3 Milton Morrison, director ejecutivo del Intrant.<\/p>\n\n\n\n<p>Entre los resultados que se esperan alcanzar est\u00e1n la reducci\u00f3n de muertes por siniestros de tr\u00e1nsito, la instauraci\u00f3n de un di\u00e1logo permanente entre los sectores involucrados, la construcci\u00f3n de consensos intersectoriales y un mayor cumplimiento de la Ley 63-17 sobre movilidad, transporte terrestre, tr\u00e1nsito y seguridad vial.<\/p>\n\n\n\n<p>Este primer foro tambi\u00e9n busca identificar las principales necesidades del sector, compartir buenas pr\u00e1cticas y consolidar un manifiesto de compromiso colectivo, que permita avanzar hacia una movilidad m\u00e1s segura, inclusiva y organizada para todos los motociclistas del pa\u00eds.<\/p>\n","protected":false},"excerpt":{"rendered":"<p>El Instituto Nacional de Tr\u00e1nsito y Transporte Terrestre (Intrant) celebrar\u00e1 el \u201c1er Foro Nacional para el Uso Responsable de la Motocicleta\u201d, este mi\u00e9rcoles 4 de junio de 2025, a las&hellip;<\/p>\n","protected":false},"author":10,"featured_media":100190,"comment_status":"open","ping_status":"open","sticky":false,"template":"","format":"standard","meta":{"content-type":"","jetpack_post_was_ever_published":false,"_jetpack_newsletter_access":"","_jetpack_dont_email_post_to_subs":false,"_jetpack_newsletter_tier_id":0,"_jetpack_memberships_contains_paywalled_content":false,"_jetpack_memberships_contains_paid_content":false,"footnotes":""},"categories":[35,25],"tags":[20178,349,20179],"class_list":["post-100189","post","type-post","status-publish","format-standard","has-post-thumbnail","hentry","category-nacionales","category-portada","tag-1er-foro-nacional","tag-intrant","tag-uso-responsable-de-la-motocicleta"],"jetpack_featured_media_url":"https:\/\/lasprimeras.com.do\/wp-content\/uploads\/2025\/06\/foto-motoristas-1.jpg","jetpack-related-posts":[{"id":100315,"url":"https:\/\/lasprimeras.com.do\/index.php\/2025\/06\/05\/intrant-presenta-normativa-que-impide-importacion-de-cascos-de-motocicletas-no-certificados\/","url_meta":{"origin":100189,"position":0},"title":"INTRANT presenta normativa que impide importaci\u00f3n de cascos de motocicletas no certificados","author":"Nelson Feliz","date":"5 de junio de 2025","format":false,"excerpt":"Por primera vez, se acuerda que la venta de motocicletas incluya casco obligatorio En un esfuerzo sin precedentes para mejorar la seguridad vial y transformar el uso de la motocicleta en el pa\u00eds, el Instituto Nacional de Tr\u00e1nsito y Transporte Terrestre (Intrant), celebr\u00f3 el \u201c1er. Foro Nacional para el Uso\u2026","rel":"","context":"En \u00abNACIONALES\u00bb","block_context":{"text":"NACIONALES","link":"https:\/\/lasprimeras.com.do\/index.php\/category\/nacionales\/"},"img":{"alt_text":"INTRANT","src":"https:\/\/i0.wp.com\/lasprimeras.com.do\/wp-content\/uploads\/2025\/06\/INTRANT.jpg?resize=350%2C200&ssl=1","width":350,"height":200,"srcset":"https:\/\/i0.wp.com\/lasprimeras.com.do\/wp-content\/uploads\/2025\/06\/INTRANT.jpg?resize=350%2C200&ssl=1 1x, https:\/\/i0.wp.com\/lasprimeras.com.do\/wp-content\/uploads\/2025\/06\/INTRANT.jpg?resize=525%2C300&ssl=1 1.5x"},"classes":[]},{"id":114833,"url":"https:\/\/lasprimeras.com.do\/index.php\/2025\/11\/17\/intrant-emite-normativa-tecnica-obliga-la-importacion-y-venta-de-cascos-de-motocicletas-certificados-en-el-mercado-dominicano\/","url_meta":{"origin":100189,"position":1},"title":"INTRANT emite \u201cNormativa T\u00e9cnica\u201d obliga la importaci\u00f3n y venta de cascos de motocicletas certificados en el mercado dominicano","author":"Nelson Feliz","date":"17 de noviembre de 2025","format":false,"excerpt":"La nueva disposici\u00f3n, aprobada a nivel internacional y firmada en el marco del Di\u00e1logo Regional de Pol\u00edticas P\u00fablicas sobre Transporte 2025,busca garantizar la protecci\u00f3n de la vida en las v\u00edas mediante est\u00e1ndares certificados de seguridad. En un paso trascendental para la seguridad vial en la Rep\u00fablica Dominicana, el Instituto Nacional\u2026","rel":"","context":"En \u00abNACIONALES\u00bb","block_context":{"text":"NACIONALES","link":"https:\/\/lasprimeras.com.do\/index.php\/category\/nacionales\/"},"img":{"alt_text":"","src":"https:\/\/i0.wp.com\/lasprimeras.com.do\/wp-content\/uploads\/2025\/11\/Milton-Morrison-1.jpg?resize=350%2C200&ssl=1","width":350,"height":200,"srcset":"https:\/\/i0.wp.com\/lasprimeras.com.do\/wp-content\/uploads\/2025\/11\/Milton-Morrison-1.jpg?resize=350%2C200&ssl=1 1x, https:\/\/i0.wp.com\/lasprimeras.com.do\/wp-content\/uploads\/2025\/11\/Milton-Morrison-1.jpg?resize=525%2C300&ssl=1 1.5x, https:\/\/i0.wp.com\/lasprimeras.com.do\/wp-content\/uploads\/2025\/11\/Milton-Morrison-1.jpg?resize=700%2C400&ssl=1 2x"},"classes":[]},{"id":115332,"url":"https:\/\/lasprimeras.com.do\/index.php\/2025\/11\/20\/motoconchistas-apoyan-eliminar-el-medio-casco-pero-piden-buscar-solucion-para-los-pasajeros\/","url_meta":{"origin":100189,"position":2},"title":"Motoconchistas apoyan eliminar el medio casco; pero piden buscar soluci\u00f3n para los pasajeros","author":"Nelson Feliz","date":"20 de noviembre de 2025","format":false,"excerpt":"El presidente de la Federaci\u00f3n Nacional de Motoconchistas (Fenamoto), Oscar Alm\u00e1nzar, afirm\u00f3 que la organizaci\u00f3n apoya la nueva medida que busca sacar del mercado los \"medio casco\" y reemplazarlos por modelos certificados y homologados, al tiempo que analizan c\u00f3mo aplicar de manera efectiva la obligatoriedad del casco para los pasajeros.\u2026","rel":"","context":"En \u00abNACIONALES\u00bb","block_context":{"text":"NACIONALES","link":"https:\/\/lasprimeras.com.do\/index.php\/category\/nacionales\/"},"img":{"alt_text":"","src":"https:\/\/i0.wp.com\/lasprimeras.com.do\/wp-content\/uploads\/2025\/11\/moto.jpg?resize=350%2C200&ssl=1","width":350,"height":200,"srcset":"https:\/\/i0.wp.com\/lasprimeras.com.do\/wp-content\/uploads\/2025\/11\/moto.jpg?resize=350%2C200&ssl=1 1x, https:\/\/i0.wp.com\/lasprimeras.com.do\/wp-content\/uploads\/2025\/11\/moto.jpg?resize=525%2C300&ssl=1 1.5x, https:\/\/i0.wp.com\/lasprimeras.com.do\/wp-content\/uploads\/2025\/11\/moto.jpg?resize=700%2C400&ssl=1 2x"},"classes":[]},{"id":121888,"url":"https:\/\/lasprimeras.com.do\/index.php\/2026\/02\/11\/intrant-reforzara-cumplimiento-de-normas-controles-y-sanciones-para-patinetas-electricas-en-espacios-publicos\/","url_meta":{"origin":100189,"position":3},"title":"Intrant reforzar\u00e1 cumplimiento de normas, controles y sanciones para patinetas el\u00e9ctricas en espacios p\u00fablicos","author":"Nelson Feliz","date":"11 de febrero de 2026","format":false,"excerpt":"Milton Morrison enfatiza la necesidad de distinguir entre patinetas el\u00e9ctricas, bicicletas y motocicletas; comunicar\u00e1 lineamientos a DGA y DGII. El Instituto Nacional de Tr\u00e1nsito y Transporte Terrestre\u00a0(Intrant)anunci\u00f3 el reforzamiento de los controles y la fiscalizaci\u00f3n para garantizar el\u00a0cumplimiento estricto de las\u00a0normasque regulan el uso de\u00a0patinetas el\u00e9ctricas y otros dispositivos de\u2026","rel":"","context":"En \u00abNACIONALES\u00bb","block_context":{"text":"NACIONALES","link":"https:\/\/lasprimeras.com.do\/index.php\/category\/nacionales\/"},"img":{"alt_text":"","src":"https:\/\/i0.wp.com\/lasprimeras.com.do\/wp-content\/uploads\/2026\/02\/FAIN.jpeg?resize=350%2C200&ssl=1","width":350,"height":200,"srcset":"https:\/\/i0.wp.com\/lasprimeras.com.do\/wp-content\/uploads\/2026\/02\/FAIN.jpeg?resize=350%2C200&ssl=1 1x, https:\/\/i0.wp.com\/lasprimeras.com.do\/wp-content\/uploads\/2026\/02\/FAIN.jpeg?resize=525%2C300&ssl=1 1.5x, https:\/\/i0.wp.com\/lasprimeras.com.do\/wp-content\/uploads\/2026\/02\/FAIN.jpeg?resize=700%2C400&ssl=1 2x, https:\/\/i0.wp.com\/lasprimeras.com.do\/wp-content\/uploads\/2026\/02\/FAIN.jpeg?resize=1050%2C600&ssl=1 3x"},"classes":[]},{"id":122525,"url":"https:\/\/lasprimeras.com.do\/index.php\/2026\/02\/18\/abinader-recibira-el-26-de-febrero-la-nueva-licencia-de-conducir\/","url_meta":{"origin":100189,"position":4},"title":"Abinader recibir\u00e1 el 26 de febrero la nueva Licencia de Conducir","author":"Nelson Feliz","date":"18 de febrero de 2026","format":false,"excerpt":"En el marco del proceso de modernizaci\u00f3n del sistema de licencias, tras 20 a\u00f1os, el suplidor Dekolor es sustituido por el ganador de la licitaci\u00f3n el Consorcio Mobility ID, con experiencia operativa en registro, personalizaci\u00f3n y emisi\u00f3n confiable de documentos personales. La nueva Licencia de Conducir incorpora mejoras alineadas a\u2026","rel":"","context":"En \u00abNACIONALES\u00bb","block_context":{"text":"NACIONALES","link":"https:\/\/lasprimeras.com.do\/index.php\/category\/nacionales\/"},"img":{"alt_text":"INTRANT","src":"https:\/\/i0.wp.com\/lasprimeras.com.do\/wp-content\/uploads\/2026\/02\/INTRANT.jpg?resize=350%2C200&ssl=1","width":350,"height":200,"srcset":"https:\/\/i0.wp.com\/lasprimeras.com.do\/wp-content\/uploads\/2026\/02\/INTRANT.jpg?resize=350%2C200&ssl=1 1x, https:\/\/i0.wp.com\/lasprimeras.com.do\/wp-content\/uploads\/2026\/02\/INTRANT.jpg?resize=525%2C300&ssl=1 1.5x, https:\/\/i0.wp.com\/lasprimeras.com.do\/wp-content\/uploads\/2026\/02\/INTRANT.jpg?resize=700%2C400&ssl=1 2x"},"classes":[]},{"id":123175,"url":"https:\/\/lasprimeras.com.do\/index.php\/2026\/02\/26\/presidente-abinader-recibe-la-primera-nueva-licencia-de-conducir\/","url_meta":{"origin":100189,"position":5},"title":"Presidente Abinader recibe la primera nueva Licencia de Conducir","author":"Nelson Feliz","date":"26 de febrero de 2026","format":false,"excerpt":"El nuevo sistema fortalece la seguridad vial, ampl\u00eda la cobertura nacional e internacional y garantiza mayores beneficios para el Estado sin aumentar el costo del servicio. El presidente de la Rep\u00fablica, Luis Abinader, recibi\u00f3 este 26 de febrero la primera emisi\u00f3n de la nueva Licencia de Conducir, durante el acto\u2026","rel":"","context":"En \u00abNACIONALES\u00bb","block_context":{"text":"NACIONALES","link":"https:\/\/lasprimeras.com.do\/index.php\/category\/nacionales\/"},"img":{"alt_text":"","src":"https:\/\/i0.wp.com\/lasprimeras.com.do\/wp-content\/uploads\/2026\/02\/INTRANT-1.jpg?resize=350%2C200&ssl=1","width":350,"height":200,"srcset":"https:\/\/i0.wp.com\/lasprimeras.com.do\/wp-content\/uploads\/2026\/02\/INTRANT-1.jpg?resize=350%2C200&ssl=1 1x, https:\/\/i0.wp.com\/lasprimeras.com.do\/wp-content\/uploads\/2026\/02\/INTRANT-1.jpg?resize=525%2C300&ssl=1 1.5x, https:\/\/i0.wp.com\/lasprimeras.com.do\/wp-content\/uploads\/2026\/02\/INTRANT-1.jpg?resize=700%2C400&ssl=1 2x"},"classes":[]}],"jetpack_sharing_enabled":true,"_links":{"self":[{"href":"https:\/\/lasprimeras.com.do\/index.php\/wp-json\/wp\/v2\/posts\/100189","targetHints":{"allow":["GET"]}}],"collection":[{"href":"https:\/\/lasprimeras.com.do\/index.php\/wp-json\/wp\/v2\/posts"}],"about":[{"href":"https:\/\/lasprimeras.com.do\/index.php\/wp-json\/wp\/v2\/types\/post"}],"author":[{"embeddable":true,"href":"https:\/\/lasprimeras.com.do\/index.php\/wp-json\/wp\/v2\/users\/10"}],"replies":[{"embeddable":true,"href":"https:\/\/lasprimeras.com.do\/index.php\/wp-json\/wp\/v2\/comments?post=100189"}],"version-history":[{"count":1,"href":"https:\/\/lasprimeras.com.do\/index.php\/wp-json\/wp\/v2\/posts\/100189\/revisions"}],"predecessor-version":[{"id":100191,"href":"https:\/\/lasprimeras.com.do\/index.php\/wp-json\/wp\/v2\/posts\/100189\/revisions\/100191"}],"wp:featuredmedia":[{"embeddable":true,"href":"https:\/\/lasprimeras.com.do\/index.php\/wp-json\/wp\/v2\/media\/100190"}],"wp:attachment":[{"href":"https:\/\/lasprimeras.com.do\/index.php\/wp-json\/wp\/v2\/media?parent=100189"}],"wp:term":[{"taxonomy":"category","embeddable":true,"href":"https:\/\/lasprimeras.com.do\/index.php\/wp-json\/wp\/v2\/categories?post=100189"},{"taxonomy":"post_tag","embeddable":true,"href":"https:\/\/lasprimeras.com.do\/index.php\/wp-json\/wp\/v2\/tags?post=100189"}],"curies":[{"name":"wp","href":"https:\/\/api.w.org\/{rel}","templated":true}]}}