{"id":100195,"date":"2025-06-03T08:35:34","date_gmt":"2025-06-03T12:35:34","guid":{"rendered":"https:\/\/lasprimeras.com.do\/?p=100195"},"modified":"2025-06-03T08:35:35","modified_gmt":"2025-06-03T12:35:35","slug":"gobierno-pone-en-marcha-nuevo-modelo-de-patrullaje-y-servicio-policial-en-el-gran-santo-domingo","status":"publish","type":"post","link":"https:\/\/lasprimeras.com.do\/index.php\/2025\/06\/03\/gobierno-pone-en-marcha-nuevo-modelo-de-patrullaje-y-servicio-policial-en-el-gran-santo-domingo\/","title":{"rendered":"Gobierno pone en marcha nuevo modelo de patrullaje y servicio policial en el Gran Santo Domingo"},"content":{"rendered":"\n<p><strong>Presidente Abinader encabeza integraci\u00f3n de m\u00e1s de 1,100 polic\u00edas al nuevo modelo de servicio y patrullaje en fase piloto.<\/strong><\/p>\n\n\n\n<p>El presidente de la Rep\u00fablica, Luis Abinader lanz\u00f3 este lunes el \u201cNuevo Modelo de Servicio y Patrullaje Policial\u201d en varios sectores del Gran Santo Domingo, una estrategia que busca fortalecer la seguridad ciudadana, modernizar la instituci\u00f3n y recuperar la confianza de la poblaci\u00f3n.<\/p>\n\n\n\n<p>En el marco del proceso de transformaci\u00f3n integral de la instituci\u00f3n se han desplegado m\u00e1s 1,100 agentes que representan un cambio estructural en la manera en que la Polic\u00eda presta servicio a la ciudadan\u00eda.<\/p>\n\n\n\n<p>Se basa en la planificaci\u00f3n estrat\u00e9gica, el uso de tecnolog\u00eda, la proximidad comunitaria, la prevenci\u00f3n del delito y la actuaci\u00f3n profesional bajo est\u00e1ndares internacionales.<\/p>\n\n\n\n<p>Durante la actividad, que marc\u00f3 el inicio del pilotaje del modelo en zonas priorizadas del Distrito Nacional (C-1-Naco y C-9 Zona Colonial) y Santo Domingo Este (E-2) Los Mina, se destac\u00f3 que esta nueva estrategia busca dar respuesta efectiva a las problem\u00e1ticas y necesidades de la ciudadan\u00eda, mediante un servicio policial cercano, transparente y enfocado en la prevenci\u00f3n, inteligencia y respuesta oportuna.<\/p>\n\n\n\n<p><strong>Reforma policial es resultado de la visi\u00f3n del presidente Abinader<\/strong><\/p>\n\n\n\n<p>Las palabras centrales del acto estuvieron a cargo del comisionado ejecutivo para la reforma policial, general Luis Ernesto Garc\u00eda Hern\u00e1ndez, quien destac\u00f3 que este modelo es el resultado de una visi\u00f3n que tiene el presidente Abinader, la comisi\u00f3n de reforma y que tambi\u00e9n se ha sumado la visi\u00f3n de la Polic\u00eda Nacional y de la sociedad. \u201cHa sido una construcci\u00f3n conjunta\u201d.<\/p>\n\n\n\n<p>Explic\u00f3 que, actualmente la reforma policial tiene tres grandes \u00e1reas que son: la educativa, policial y la operativa.<\/p>\n\n\n\n<p>&#8220;Pero el prop\u00f3sito principal de cualquier reforma, en cualquier pa\u00eds, siempre es garantizar que los polic\u00edas sean los mejores ciudadanos, que tengan las competencias necesarias para poder abordar muy bien al ciudadano y sobre todo, que en las calles nos jugamos la reputaci\u00f3n con la Polic\u00eda Nacional. Por eso una polic\u00eda que proteja mejor, inspira confianza que es uno de los prop\u00f3sitos superiores del proceso de reforma y transformaci\u00f3n&#8221;.<\/p>\n\n\n\n<p>El comisionado expres\u00f3 que, hoy en d\u00eda est\u00e1n concentrados desde la reforma en que los polic\u00edas act\u00faen con profesionalismo en las calles, sean m\u00e1s cercanos sin dejar de ser autoridad, m\u00e1s transparentes en los procedimientos policiales.<\/p>\n\n\n\n<p>Indic\u00f3 que con este nuevo modelo de servicio los han organizado en su funcionamiento para una mejor planificaci\u00f3n de los servicios y operaciones.<\/p>\n\n\n\n<p>&#8220;Lo m\u00e1s importante se\u00f1or presidente es que nos vamos a dedicar a hacer mediciones y evaluaciones a medida que pasan los d\u00edas en la implementaci\u00f3n de este nuevo modelo de patrullaje&#8221;.<\/p>\n\n\n\n<p>&#8220;Llegamos aqu\u00ed con un total de 1,150 polic\u00edas que fueron debidamente seleccionados. Despu\u00e9s de 6 meses se hicieron innumerables pruebas de sus habilidades, uso de la fuerza, de abordaje al ciudadano, pruebas psicol\u00f3gicas, intelectuales y aqu\u00ed est\u00e1n los mejores&#8221;.<\/p>\n\n\n\n<p>Precis\u00f3 que el nuevo modelo de servicio implica un trabajo articulado con todas las instituciones del Estado.<\/p>\n\n\n\n<p>Asimismo, destac\u00f3 que las grandes ventajas de este modelo es que, a diferencia del patrullaje tradicional, se va a garantizar que se haga con est\u00e1ndares y protocolos, centros de analisis para trabajar con datos, evidencias de d\u00f3nde est\u00e1n sucediendo los hechos, mapas de calor y se har\u00e1n varios encuentros comunitarios en las zonas donde se instalar\u00e1 el modelo de servicio mejorando la actuaci\u00f3n policial y el patrullaje en las zonas que m\u00e1s requieren los ciudadanos.<\/p>\n\n\n\n<p>En esta etapa, dijo, est\u00e1n iniciando con nuevas pr\u00e1cticas de gesti\u00f3n y trabajo con una alta participaci\u00f3n ciudadana y sobre todo, garantizar que haya educaci\u00f3n continua y continuada a los largo de la vida policial.<\/p>\n\n\n\n<p>&#8220;A todos los polic\u00edas de Rep\u00fablica Dominicana, decirles que todos somos parte de la Reforma. El hecho de que hayan unos polic\u00edas que inician con un nuevo uniforme, no significa que el resto de polic\u00edas no hacen parte de la reforma, hacia all\u00e1 estamos llegando, pero lo estamos haciendo de manera organizada&#8221;, expres\u00f3.<\/p>\n\n\n\n<p><strong>Polic\u00eda Nacional avanza con pasos firmes<\/strong><\/p>\n\n\n\n<p>De su lado, el director de la Polic\u00eda Nacional, mayor general, Ram\u00f3n Antonio Guzm\u00e1n Peralta, expres\u00f3 que la instituci\u00f3n avanza con pasos firmes hacia una transformaci\u00f3n estructural que busca consolidar una Polic\u00eda m\u00e1s profesional, humana y comprometida con el pueblo dominicano.<\/p>\n\n\n\n<p>Resalt\u00f3 que este d\u00eda representa un hito en el proceso de reforma impulsado desde el inicio del actual gobierno, encabezado por el presidente constitucional de la Rep\u00fablica, Luis Abinader, quien asumi\u00f3 con decisi\u00f3n el compromiso de renovar profundamente la instituci\u00f3n del orden.<\/p>\n\n\n\n<p>Guzm\u00e1n Peralta tambi\u00e9n valor\u00f3 el trabajo de la Comisi\u00f3n para la Reforma y Transformaci\u00f3n de la Polic\u00eda Nacional, destacando que \u201chan sabido conjugar conocimiento, experiencia y compromiso con la Rep\u00fablica Dominicana\u201d.<\/p>\n\n\n\n<p><strong>RD se posiciona como el pa\u00eds m\u00e1s seguro del Caribe y uno de los primeros de Am\u00e9rica Latina<\/strong><\/p>\n\n\n\n<p>En tanto que, la ministra de Interior y Polic\u00eda, Faride Raful, afirm\u00f3 que la Rep\u00fablica Dominicana se posiciona como el pa\u00eds m\u00e1s seguro del Caribe y uno de los primeros en Am\u00e9rica Latina, gracias a los esfuerzos sostenidos del Gobierno en la reforma policial, la profesionalizaci\u00f3n de los agentes y la participaci\u00f3n comunitaria.<\/p>\n\n\n\n<p>Raful expres\u00f3 que \u201cen esa ruta seguiremos con humildad, vocaci\u00f3n, compromiso y, sobre todo, apostando al entrenamiento\u201d, al destacar el fortalecimiento de la capacidad operativa de la instituci\u00f3n.<\/p>\n\n\n\n<p>La ministra explic\u00f3 que, bajo la coordinaci\u00f3n de la Fuerza de Tarea Conjunta, presidida por el presidente Luis Abinader, se realiza un monitoreo semanal desde el Palacio de la Polic\u00eda Nacional para dar seguimiento a las denuncias ciudadanas y evaluar la capacidad de respuesta de los cuerpos del orden.<\/p>\n\n\n\n<p>Tambi\u00e9n resalt\u00f3 la importancia de mantener altos est\u00e1ndares en el desempe\u00f1o policial, incluyendo la supervisi\u00f3n, evaluaci\u00f3n, integridad y rendici\u00f3n de cuentas, como ejemplos de comportamiento que fortalecen la confianza de la poblaci\u00f3n.<\/p>\n\n\n\n<p><strong>Modernizaci\u00f3n con rostro humano<\/strong><\/p>\n\n\n\n<p>Uno de los elementos m\u00e1s distintivos del nuevo modelo es la introducci\u00f3n de un uniforme azul oscuro, alineado con las pr\u00e1cticas internacionales, que simboliza cercan\u00eda, autoridad y profesionalismo.<\/p>\n\n\n\n<p>Este uniforme incorpora innovaciones como c\u00f3digos QR, c\u00e1maras corporales (bodycams), identificaci\u00f3n visible y un dise\u00f1o ergon\u00f3mico que garantiza movilidad y eficiencia.<\/p>\n\n\n\n<p>Adem\u00e1s del cambio visual, el nuevo modelo implica una transformaci\u00f3n profunda en la cultura policial. Los agentes han sido instruidos para actuar con cortes\u00eda, respeto y compromiso.<\/p>\n\n\n\n<p><strong>Tecnolog\u00eda, an\u00e1lisis de datos y participaci\u00f3n ciudadana<\/strong><\/p>\n\n\n\n<p>El nuevo modelo incorpora herramientas de an\u00e1lisis de datos sobre criminalidad y conflictos sociales para planificar el patrullaje con mayor precisi\u00f3n.<\/p>\n\n\n\n<p>Se fortalece tambi\u00e9n la interoperabilidad con el Sistema 911 y se mejora la supervisi\u00f3n y evaluaci\u00f3n del desempe\u00f1o policial mediante indicadores de resultados, metas operativas y protocolos de actuaci\u00f3n.<\/p>\n\n\n\n<p>Asimismo, se promueve la participaci\u00f3n activa de la ciudadan\u00eda, con mesas de trabajo comunitarias y articulaci\u00f3n con autoridades locales, para construir soluciones conjuntas a los problemas de seguridad en los territorios.<\/p>\n\n\n\n<p>Acompa\u00f1aron al presidente Luis Abinader, los ministros de la Presidencia, Jos\u00e9 Ignacio Paliza; de Defensa, teniente general Carlos Antonio Fern\u00e1ndez Onofre; la procuradora General de la Rep\u00fablica, Yeni Berenice Reynoso; el subdirector general de la Polic\u00eda y director de Transformaci\u00f3n Policial, general Juan Hilario Guzm\u00e1n Bad\u00eda; el inspector general de la Polic\u00eda Nacional, general Andr\u00e9s Modesto Cruz Cruz y el director central de Prevenci\u00f3n, general Ernesto Rodr\u00edguez Garc\u00eda.<\/p>\n","protected":false},"excerpt":{"rendered":"<p>Presidente Abinader encabeza integraci\u00f3n de m\u00e1s de 1,100 polic\u00edas al nuevo modelo de servicio y patrullaje en fase piloto. El presidente de la Rep\u00fablica, Luis Abinader lanz\u00f3 este lunes el&hellip;<\/p>\n","protected":false},"author":10,"featured_media":100196,"comment_status":"open","ping_status":"open","sticky":false,"template":"","format":"standard","meta":{"content-type":"","jetpack_post_was_ever_published":false,"_jetpack_newsletter_access":"","_jetpack_dont_email_post_to_subs":false,"_jetpack_newsletter_tier_id":0,"_jetpack_memberships_contains_paywalled_content":false,"_jetpack_memberships_contains_paid_content":false,"footnotes":""},"categories":[35,25],"tags":[171,927,6747,20182],"class_list":["post-100195","post","type-post","status-publish","format-standard","has-post-thumbnail","hentry","category-nacionales","category-portada","tag-gobierno","tag-gran-santo-domingo","tag-patrullaje","tag-servicio-policial"],"jetpack_featured_media_url":"https:\/\/lasprimeras.com.do\/wp-content\/uploads\/2025\/06\/patrullaje-en-fase-piloto.jpg","jetpack-related-posts":[{"id":90156,"url":"https:\/\/lasprimeras.com.do\/index.php\/2024\/10\/14\/presidente-abinader-presenta-la-nueva-imagen-de-la-policia-nacional\/","url_meta":{"origin":100195,"position":0},"title":"Presidente Abinader presenta la nueva imagen de la Polic\u00eda Nacional","author":"Nelson Feliz","date":"14 de octubre de 2024","format":false,"excerpt":"Se inform\u00f3 que la tasa anual acumulada de homicidios es de 9.65 por cada 100,000 habitantes al 14 de octubre del 2024. El presidente Luis Abinader present\u00f3 este lunes en LA Semanal con la Prensa, la nueva imagen de la Polic\u00eda Nacional, mostrando el prototipo de nuevos uniformes y anunciando\u2026","rel":"","context":"En \u00abNACIONALES\u00bb","block_context":{"text":"NACIONALES","link":"https:\/\/lasprimeras.com.do\/index.php\/category\/nacionales\/"},"img":{"alt_text":"","src":"https:\/\/i0.wp.com\/lasprimeras.com.do\/wp-content\/uploads\/2024\/10\/Luis-Abinader-pn.jpg?resize=350%2C200&ssl=1","width":350,"height":200,"srcset":"https:\/\/i0.wp.com\/lasprimeras.com.do\/wp-content\/uploads\/2024\/10\/Luis-Abinader-pn.jpg?resize=350%2C200&ssl=1 1x, https:\/\/i0.wp.com\/lasprimeras.com.do\/wp-content\/uploads\/2024\/10\/Luis-Abinader-pn.jpg?resize=525%2C300&ssl=1 1.5x, https:\/\/i0.wp.com\/lasprimeras.com.do\/wp-content\/uploads\/2024\/10\/Luis-Abinader-pn.jpg?resize=700%2C400&ssl=1 2x"},"classes":[]},{"id":58770,"url":"https:\/\/lasprimeras.com.do\/index.php\/2023\/08\/28\/director-de-la-pn-deja-en-funcionamiento-patrullaje-por-cuadrantes-en-sfm\/","url_meta":{"origin":100195,"position":1},"title":"Director de la PN deja en funcionamiento patrullaje por cuadrantes en SFM","author":"Nelson Feliz","date":"28 de agosto de 2023","format":false,"excerpt":"-Integra 66 nuevos agentes, unidades patrulleras y equipos tecnol\u00f3gicos Por Mart\u00edn Restituyo El Gobierno, a trav\u00e9s de la Polic\u00eda Nacional, puso en funcionamiento hoy en 50 sectores de San Francisco de Macor\u00eds la Estrategia de Patrullaje Policial por Cuadrantes, iniciativa que aportar\u00e1 mayor control, supervisi\u00f3n de los servicios, mejorar la\u2026","rel":"","context":"En \u00abMILITARES\u00bb","block_context":{"text":"MILITARES","link":"https:\/\/lasprimeras.com.do\/index.php\/category\/militares\/"},"img":{"alt_text":"Eduardo Alberto Then","src":"https:\/\/i0.wp.com\/lasprimeras.com.do\/wp-content\/uploads\/2023\/08\/Eduardo-Alberto-Then-1-2.jpg?resize=350%2C200&ssl=1","width":350,"height":200,"srcset":"https:\/\/i0.wp.com\/lasprimeras.com.do\/wp-content\/uploads\/2023\/08\/Eduardo-Alberto-Then-1-2.jpg?resize=350%2C200&ssl=1 1x, https:\/\/i0.wp.com\/lasprimeras.com.do\/wp-content\/uploads\/2023\/08\/Eduardo-Alberto-Then-1-2.jpg?resize=525%2C300&ssl=1 1.5x, https:\/\/i0.wp.com\/lasprimeras.com.do\/wp-content\/uploads\/2023\/08\/Eduardo-Alberto-Then-1-2.jpg?resize=700%2C400&ssl=1 2x"},"classes":[]},{"id":99118,"url":"https:\/\/lasprimeras.com.do\/index.php\/2025\/05\/18\/sistema-911-y-policia-nacional-sostienen-reunion-tecnica-en-el-marco-de-la-reforma-policial\/","url_meta":{"origin":100195,"position":2},"title":"Sistema 911 y Polic\u00eda Nacional sostienen reuni\u00f3n t\u00e9cnica en el marco de la reforma policial","author":"Nelson Feliz","date":"18 de mayo de 2025","format":false,"excerpt":"La sesi\u00f3n t\u00e9cnica se desarroll\u00f3 en la sede del 911 en Santo Domingo y forma parte de los esfuerzos para consolidar la interoperabilidad entre las instituciones responsables de la seguridad ciudadana. El Sistema Nacional de Atenci\u00f3n a Emergencias y Seguridad 911 sostuvo una reuni\u00f3n t\u00e9cnica de coordinaci\u00f3n con la Polic\u00eda\u2026","rel":"","context":"En \u00abNACIONALES\u00bb","block_context":{"text":"NACIONALES","link":"https:\/\/lasprimeras.com.do\/index.php\/category\/nacionales\/"},"img":{"alt_text":"911","src":"https:\/\/i0.wp.com\/lasprimeras.com.do\/wp-content\/uploads\/2025\/05\/911-b.jpg?resize=350%2C200&ssl=1","width":350,"height":200,"srcset":"https:\/\/i0.wp.com\/lasprimeras.com.do\/wp-content\/uploads\/2025\/05\/911-b.jpg?resize=350%2C200&ssl=1 1x, https:\/\/i0.wp.com\/lasprimeras.com.do\/wp-content\/uploads\/2025\/05\/911-b.jpg?resize=525%2C300&ssl=1 1.5x, https:\/\/i0.wp.com\/lasprimeras.com.do\/wp-content\/uploads\/2025\/05\/911-b.jpg?resize=700%2C400&ssl=1 2x"},"classes":[]},{"id":80992,"url":"https:\/\/lasprimeras.com.do\/index.php\/2024\/04\/15\/gobierno-anuncia-1000-nuevos-agentes-se-sumaran-a-labores-de-reforzamiento-de-patrullaje-preventivo\/","url_meta":{"origin":100195,"position":3},"title":"Gobierno anuncia 1,000 nuevos agentes se sumar\u00e1n a labores de reforzamiento de patrullaje preventivo","author":"BIMARY DE JES\u00daS Matos","date":"15 de abril de 2024","format":false,"excerpt":"SANTO DOMINGO.- El ministro de la Presidencia, Joel Santos Echavarr\u00eda, anunci\u00f3 este lunes que, como parte del Plan de Reforma Policial, la pr\u00f3xima semana ingresar\u00e1n mil nuevos reclutas que actualmente reciben formaci\u00f3n en la Escuela de Entrenamiento Policial Campus Gaspar Hern\u00e1ndez, con la intenci\u00f3n de reforzar las labores de prevenci\u00f3n\u2026","rel":"","context":"En \u00abNACIONALES\u00bb","block_context":{"text":"NACIONALES","link":"https:\/\/lasprimeras.com.do\/index.php\/category\/nacionales\/"},"img":{"alt_text":"","src":"https:\/\/i0.wp.com\/lasprimeras.com.do\/wp-content\/uploads\/2024\/04\/WhatsApp-Image-2024-04-15-at-8.14.52-AM-1.webp?resize=350%2C200&ssl=1","width":350,"height":200,"srcset":"https:\/\/i0.wp.com\/lasprimeras.com.do\/wp-content\/uploads\/2024\/04\/WhatsApp-Image-2024-04-15-at-8.14.52-AM-1.webp?resize=350%2C200&ssl=1 1x, https:\/\/i0.wp.com\/lasprimeras.com.do\/wp-content\/uploads\/2024\/04\/WhatsApp-Image-2024-04-15-at-8.14.52-AM-1.webp?resize=525%2C300&ssl=1 1.5x, https:\/\/i0.wp.com\/lasprimeras.com.do\/wp-content\/uploads\/2024\/04\/WhatsApp-Image-2024-04-15-at-8.14.52-AM-1.webp?resize=700%2C400&ssl=1 2x, https:\/\/i0.wp.com\/lasprimeras.com.do\/wp-content\/uploads\/2024\/04\/WhatsApp-Image-2024-04-15-at-8.14.52-AM-1.webp?resize=1050%2C600&ssl=1 3x"},"classes":[]},{"id":91883,"url":"https:\/\/lasprimeras.com.do\/index.php\/2024\/12\/03\/abinader-pone-marcha-operativo-navidad-con-garantia-de-paz-2024\/","url_meta":{"origin":100195,"position":4},"title":"Abinader pone marcha operativo Navidad con Garant\u00eda de Paz 2024","author":"Nelson Feliz","date":"3 de diciembre de 2024","format":false,"excerpt":"En este operativo los patrullajes ser\u00e1n reforzados con la inclusi\u00f3n de 240 camionetas de patrullaje de la Polic\u00eda Nacional y 10 veh\u00edculos destinados a la seguridad vial en las carreteras con mayores \u00edndices de accidentes. El presidente Luis Abinader puso en marcha este martes el Operativo Navidad con Garant\u00eda de\u2026","rel":"","context":"En \u00abMILITARES\u00bb","block_context":{"text":"MILITARES","link":"https:\/\/lasprimeras.com.do\/index.php\/category\/militares\/"},"img":{"alt_text":"","src":"https:\/\/i0.wp.com\/lasprimeras.com.do\/wp-content\/uploads\/2023\/08\/Policia.jpeg?resize=350%2C200&ssl=1","width":350,"height":200,"srcset":"https:\/\/i0.wp.com\/lasprimeras.com.do\/wp-content\/uploads\/2023\/08\/Policia.jpeg?resize=350%2C200&ssl=1 1x, https:\/\/i0.wp.com\/lasprimeras.com.do\/wp-content\/uploads\/2023\/08\/Policia.jpeg?resize=525%2C300&ssl=1 1.5x, https:\/\/i0.wp.com\/lasprimeras.com.do\/wp-content\/uploads\/2023\/08\/Policia.jpeg?resize=700%2C400&ssl=1 2x"},"classes":[]},{"id":115110,"url":"https:\/\/lasprimeras.com.do\/index.php\/2025\/11\/19\/pn-despliega-2421-nuevos-egresados-para-fortalecer-la-seguridad-ciudadana\/","url_meta":{"origin":100195,"position":5},"title":"PN despliega 2,421 nuevos egresados para fortalecer la seguridad ciudadana","author":"Nelson Feliz","date":"19 de noviembre de 2025","format":false,"excerpt":"La Polic\u00eda Nacional distribuy\u00f3 este lunes a 2,421 nuevos agentes en 20 demarcaciones del pa\u00eds, durante un acto celebrado en el Coliseo Carlos \u201cTeo\u201d Cruz. De este total, 1,800 pasar\u00e1n a integrar la fase II del Nuevo Modelo de Servicio Policial, mientras que los restantes 621 reforzar\u00e1n las distintas direcciones\u2026","rel":"","context":"En \u00abMILITARES\u00bb","block_context":{"text":"MILITARES","link":"https:\/\/lasprimeras.com.do\/index.php\/category\/militares\/"},"img":{"alt_text":"","src":"https:\/\/i0.wp.com\/lasprimeras.com.do\/wp-content\/uploads\/2025\/11\/Policia-Nacional-2.jpg?resize=350%2C200&ssl=1","width":350,"height":200,"srcset":"https:\/\/i0.wp.com\/lasprimeras.com.do\/wp-content\/uploads\/2025\/11\/Policia-Nacional-2.jpg?resize=350%2C200&ssl=1 1x, https:\/\/i0.wp.com\/lasprimeras.com.do\/wp-content\/uploads\/2025\/11\/Policia-Nacional-2.jpg?resize=525%2C300&ssl=1 1.5x, https:\/\/i0.wp.com\/lasprimeras.com.do\/wp-content\/uploads\/2025\/11\/Policia-Nacional-2.jpg?resize=700%2C400&ssl=1 2x"},"classes":[]}],"jetpack_sharing_enabled":true,"_links":{"self":[{"href":"https:\/\/lasprimeras.com.do\/index.php\/wp-json\/wp\/v2\/posts\/100195","targetHints":{"allow":["GET"]}}],"collection":[{"href":"https:\/\/lasprimeras.com.do\/index.php\/wp-json\/wp\/v2\/posts"}],"about":[{"href":"https:\/\/lasprimeras.com.do\/index.php\/wp-json\/wp\/v2\/types\/post"}],"author":[{"embeddable":true,"href":"https:\/\/lasprimeras.com.do\/index.php\/wp-json\/wp\/v2\/users\/10"}],"replies":[{"embeddable":true,"href":"https:\/\/lasprimeras.com.do\/index.php\/wp-json\/wp\/v2\/comments?post=100195"}],"version-history":[{"count":1,"href":"https:\/\/lasprimeras.com.do\/index.php\/wp-json\/wp\/v2\/posts\/100195\/revisions"}],"predecessor-version":[{"id":100197,"href":"https:\/\/lasprimeras.com.do\/index.php\/wp-json\/wp\/v2\/posts\/100195\/revisions\/100197"}],"wp:featuredmedia":[{"embeddable":true,"href":"https:\/\/lasprimeras.com.do\/index.php\/wp-json\/wp\/v2\/media\/100196"}],"wp:attachment":[{"href":"https:\/\/lasprimeras.com.do\/index.php\/wp-json\/wp\/v2\/media?parent=100195"}],"wp:term":[{"taxonomy":"category","embeddable":true,"href":"https:\/\/lasprimeras.com.do\/index.php\/wp-json\/wp\/v2\/categories?post=100195"},{"taxonomy":"post_tag","embeddable":true,"href":"https:\/\/lasprimeras.com.do\/index.php\/wp-json\/wp\/v2\/tags?post=100195"}],"curies":[{"name":"wp","href":"https:\/\/api.w.org\/{rel}","templated":true}]}}