{"id":100204,"date":"2025-06-03T08:57:20","date_gmt":"2025-06-03T12:57:20","guid":{"rendered":"https:\/\/lasprimeras.com.do\/?p=100204"},"modified":"2025-06-03T08:57:22","modified_gmt":"2025-06-03T12:57:22","slug":"reforma-fiscal-republicana-una-daga-en-el-corazon-de-las-comunidades-mas-necesitadas-usa","status":"publish","type":"post","link":"https:\/\/lasprimeras.com.do\/index.php\/2025\/06\/03\/reforma-fiscal-republicana-una-daga-en-el-corazon-de-las-comunidades-mas-necesitadas-usa\/","title":{"rendered":"Reforma fiscal republicana una daga en el coraz\u00f3n de las comunidades m\u00e1s necesitadas USA"},"content":{"rendered":"\n<p>Por Ram\u00f3n Mercedes<\/p>\n\n\n\n<p>NUEVA YORK.- El Proyecto de presupuesto aprobado por los republicanos de la C\u00e1mara de Representantes, recortar\u00eda m\u00e1s de 1 trill\u00f3n de d\u00f3lares en 10 a\u00f1os a dos programas importantes de seguridad social como son Medicaid y Cupones de Alimentos, que afectar\u00e1n las comunidades m\u00e1s necesitadas en territorio estadounidense.<\/p>\n\n\n\n<p>En documento de prensa, el dirigente de izquierda y l\u00edder comunitario dominicano en esta ciudad, Luis Mayobanex Rodr\u00edguez, expresa que esta decisi\u00f3n es parte de un paquete consignado que busca recortar entre $3.8 y $4.5 trillones de d\u00f3lares de impuestos bajo la Ley de Empleos y Reducci\u00f3n de Impuestos de 2017.<\/p>\n\n\n\n<p>La resoluci\u00f3n pide un \u201cahorro\u201d m\u00ednimo de US$ 880 mil millones de la parte del presupuesto que supervisa el Comit\u00e9 de Energ\u00eda y Comercio con jurisdicci\u00f3n sobre Medicaid.<\/p>\n\n\n\n<p>Para aproximarnos al desastre que esto significar\u00e1 veamos que a principios del a\u00f1o, la cantidad de 80 millones de personas de bajos ingresos y con discapacidades recib\u00edan cobertura de salud v\u00eda el Medicaid y el Programa de Seguro de Salud para Ni\u00f1os ( CHIP).<\/p>\n\n\n\n<p>De convertirse en ley el Proyecto, cerca de 15 millones de personas perder\u00edan cobertura m\u00e9dica y recortar\u00eda no menos de $230 billones al Comit\u00e9 de Agricultura con jurisdicci\u00f3n sobre el programa Cupones de Alimentos, poniendo en riesgo a 9 millones de perder dicho beneficio, seg\u00fan la Oficina de Presupuesto del Congreso.<\/p>\n\n\n\n<p>Este programa de Asistencia Nutricional no solo es la primera defensa de la naci\u00f3n contra el hambre, tambi\u00e9n es una herramienta poderosa contra la pobreza.<\/p>\n\n\n\n<p>El Proyecto de Presupuesto es una daga envenenada en el coraz\u00f3n de un sector de la sociedad, incluida la comunidad dominicana. Para la comunidad quisqueyana ser\u00e1 peor, porque registra un 21% de pobreza, y en sentido general entre los inmigrantes es de un 14% y un 12% de los que nacieron aqu\u00ed, precisa Mayobanex Rodr\u00edguez,<\/p>\n\n\n\n<p>Para colmo, mientras le arrebata el derecho a cobertura m\u00e9dica y a la alimentaci\u00f3n a millones de personas, destina US$850 mil millones al Departamento de Defensa; es decir, hay dinero para las guerras, pero no para necesidades humanas.<\/p>\n\n\n\n<p>El liderazgo y las organizaciones de base de nuestra comunidad debemos y tenemos que articular coaliciones que nos permitan pelear por nuestros derechos econ\u00f3micos, humanos y sociales bajo ataque.<\/p>\n\n\n\n<p>Hacerlo a partir de nuestra propia condici\u00f3n de inmigrantes, dado que nada esperemos del gobierno de Luis Abinader, porque su adhesi\u00f3n a la pol\u00edtica trumpista lo descalifica para salir en defensa de su comunidad en el exterior.<\/p>\n","protected":false},"excerpt":{"rendered":"<p>Por Ram\u00f3n Mercedes NUEVA YORK.- El Proyecto de presupuesto aprobado por los republicanos de la C\u00e1mara de Representantes, recortar\u00eda m\u00e1s de 1 trill\u00f3n de d\u00f3lares en 10 a\u00f1os a dos&hellip;<\/p>\n","protected":false},"author":10,"featured_media":100205,"comment_status":"open","ping_status":"open","sticky":false,"template":"","format":"standard","meta":{"content-type":"","jetpack_post_was_ever_published":false,"_jetpack_newsletter_access":"","_jetpack_dont_email_post_to_subs":false,"_jetpack_newsletter_tier_id":0,"_jetpack_memberships_contains_paywalled_content":false,"_jetpack_memberships_contains_paid_content":false,"footnotes":""},"categories":[39],"tags":[2880,1937,20187,4909,14056,4670],"class_list":["post-100204","post","type-post","status-publish","format-standard","has-post-thumbnail","hentry","category-economia","tag-comunidades","tag-corazon","tag-daga","tag-reforma-fiscal","tag-republicana","tag-usa"],"jetpack_featured_media_url":"https:\/\/lasprimeras.com.do\/wp-content\/uploads\/2025\/06\/WhatsApp-Image-2025-06-03-at-6.09.04-AM-2.jpeg","jetpack-related-posts":[{"id":97071,"url":"https:\/\/lasprimeras.com.do\/index.php\/2025\/04\/14\/llama-apoyar-marcha-en-alto-manhattan-en-defensa-comunidades-inmigrantes\/","url_meta":{"origin":100204,"position":0},"title":"Llama apoyar marcha en Alto Manhattan en defensa comunidades inmigrantes","author":"Nelson Feliz","date":"14 de abril de 2025","format":false,"excerpt":"Por Ram\u00f3n Mercedes NUEVA YORK.- El dirigente pol\u00edtico y activista social dominicano en esta ciudad, Luis Mayobanex Rodr\u00edguez, hace un llamado a los residentes en los vecindarios de Washington Heights e Inwood, en el Alto Manhattan, participar de la marcha que se har\u00e1 el pr\u00f3ximo s\u00e1bado en defensa de las\u2026","rel":"","context":"En \u00abINTERNACIONALES\u00bb","block_context":{"text":"INTERNACIONALES","link":"https:\/\/lasprimeras.com.do\/index.php\/category\/sin-categoria\/internacionales\/"},"img":{"alt_text":"","src":"https:\/\/i0.wp.com\/lasprimeras.com.do\/wp-content\/uploads\/2025\/04\/WhatsApp-Image-2025-04-14-at-7.16.31-AM-2.jpeg?resize=350%2C200&ssl=1","width":350,"height":200},"classes":[]},{"id":94196,"url":"https:\/\/lasprimeras.com.do\/index.php\/2025\/02\/26\/republicanos-en-la-camara-aprueban-resolucion-de-presupuesto-con-recortes-masivos-de-impuestos\/","url_meta":{"origin":100204,"position":1},"title":"Republicanos en la C\u00e1mara aprueban resoluci\u00f3n de presupuesto con recortes masivos de impuestos","author":"Nelson Feliz","date":"26 de febrero de 2025","format":false,"excerpt":"Lo aprobado este martes sirve como punto de partida para negociar el proyecto de ley de presupuestos. Washington.EFE \u2013 Los republicanos, que controlan la C\u00e1mara de Representantes de Estados Unidos, aprobaron este martes un plan presupuestario que incluye recortes masivos de impuestos y de gastos para cumplir con la agenda\u2026","rel":"","context":"En \u00abINTERNACIONALES\u00bb","block_context":{"text":"INTERNACIONALES","link":"https:\/\/lasprimeras.com.do\/index.php\/category\/sin-categoria\/internacionales\/"},"img":{"alt_text":"John Kennedy","src":"https:\/\/i0.wp.com\/lasprimeras.com.do\/wp-content\/uploads\/2025\/02\/John-Kennedy.png?resize=350%2C200&ssl=1","width":350,"height":200,"srcset":"https:\/\/i0.wp.com\/lasprimeras.com.do\/wp-content\/uploads\/2025\/02\/John-Kennedy.png?resize=350%2C200&ssl=1 1x, https:\/\/i0.wp.com\/lasprimeras.com.do\/wp-content\/uploads\/2025\/02\/John-Kennedy.png?resize=525%2C300&ssl=1 1.5x, https:\/\/i0.wp.com\/lasprimeras.com.do\/wp-content\/uploads\/2025\/02\/John-Kennedy.png?resize=700%2C400&ssl=1 2x"},"classes":[]},{"id":99483,"url":"https:\/\/lasprimeras.com.do\/index.php\/2025\/05\/22\/republicanos-de-la-camara-aprueban-el-gran-proyecto-fiscal-de-trump-tras-una-sesion-nocturna\/","url_meta":{"origin":100204,"position":2},"title":"Republicanos de la C\u00e1mara aprueban el gran proyecto fiscal de Trump tras una sesi\u00f3n nocturna","author":"Nelson Feliz","date":"22 de mayo de 2025","format":false,"excerpt":"POR LISA MASCARO, KEVIN FREKING and LEAH ASKARINAM WASHINGTON (AP) \u2014 Los republicanos de la C\u00e1mara de Representantes se quedaron despiertos toda la noche para aprobar su paquete de recortes fiscales de varios billones de d\u00f3lares. El presidente de la C\u00e1mara, Mike Johnson, desafi\u00f3 a los esc\u00e9pticos y unific\u00f3 sus\u2026","rel":"","context":"En \u00abINTERNACIONALES\u00bb","block_context":{"text":"INTERNACIONALES","link":"https:\/\/lasprimeras.com.do\/index.php\/category\/sin-categoria\/internacionales\/"},"img":{"alt_text":"","src":"https:\/\/i0.wp.com\/lasprimeras.com.do\/wp-content\/uploads\/2025\/05\/Mike-Johnson.jpg?resize=350%2C200&ssl=1","width":350,"height":200,"srcset":"https:\/\/i0.wp.com\/lasprimeras.com.do\/wp-content\/uploads\/2025\/05\/Mike-Johnson.jpg?resize=350%2C200&ssl=1 1x, https:\/\/i0.wp.com\/lasprimeras.com.do\/wp-content\/uploads\/2025\/05\/Mike-Johnson.jpg?resize=525%2C300&ssl=1 1.5x, https:\/\/i0.wp.com\/lasprimeras.com.do\/wp-content\/uploads\/2025\/05\/Mike-Johnson.jpg?resize=700%2C400&ssl=1 2x"},"classes":[]},{"id":97452,"url":"https:\/\/lasprimeras.com.do\/index.php\/2025\/04\/21\/dominicanos-alto-manhattan-se-unen-a-protesta-nacional-contra-politica-presidente-trump\/","url_meta":{"origin":100204,"position":3},"title":"Dominicanos Alto Manhattan se unen a protesta nacional contra pol\u00edtica presidente Trump","author":"Nelson Feliz","date":"21 de abril de 2025","format":false,"excerpt":"https:\/\/www.youtube.com\/watch?v=CVTHxvTs_DQ Por Ram\u00f3n Mercedes NUEVA YORK.- M\u00e1s de 300 dominicanos pertenecientes a diversas organizaciones agrupadas en la Coalici\u00f3n por la Defensa de los Inmigrantes en esta ciudad marcharon pac\u00edficamente la tarde de este s\u00e1bado en el Alto Manhattan para unirse a m\u00e1s de 200 protestas realizadas en diferentes lugares de\u2026","rel":"","context":"En \u00abINTERNACIONALES\u00bb","block_context":{"text":"INTERNACIONALES","link":"https:\/\/lasprimeras.com.do\/index.php\/category\/sin-categoria\/internacionales\/"},"img":{"alt_text":"Dominicanos Alto Manhattan se unen a protesta nacional contra pol\u00edtica presidente Trump","src":"https:\/\/i0.wp.com\/lasprimeras.com.do\/wp-content\/uploads\/2025\/04\/WhatsApp-Image-2025-04-21-at-5.16.10-AM.jpeg?resize=350%2C200&ssl=1","width":350,"height":200,"srcset":"https:\/\/i0.wp.com\/lasprimeras.com.do\/wp-content\/uploads\/2025\/04\/WhatsApp-Image-2025-04-21-at-5.16.10-AM.jpeg?resize=350%2C200&ssl=1 1x, https:\/\/i0.wp.com\/lasprimeras.com.do\/wp-content\/uploads\/2025\/04\/WhatsApp-Image-2025-04-21-at-5.16.10-AM.jpeg?resize=525%2C300&ssl=1 1.5x, https:\/\/i0.wp.com\/lasprimeras.com.do\/wp-content\/uploads\/2025\/04\/WhatsApp-Image-2025-04-21-at-5.16.10-AM.jpeg?resize=700%2C400&ssl=1 2x"},"classes":[]},{"id":79187,"url":"https:\/\/lasprimeras.com.do\/index.php\/2024\/03\/24\/joe-biden-firma-un-nuevo-paquete-presupuestario-tras-aprobacion-del-congreso\/","url_meta":{"origin":100204,"position":4},"title":"Joe Biden firma un nuevo paquete presupuestario tras aprobaci\u00f3n del Congreso","author":"Nelson Feliz","date":"24 de marzo de 2024","format":false,"excerpt":"Seg\u00fan Joe Biden, la ley que firm\u00f3 mantiene al Gobierno en funciones, fortalece la econom\u00eda de Estados Unidos y la seguridad nacional, se\u00f1al\u00f3 que el paquete presupuestario es un ejemplo del \"compromiso\" bipartidista. Washington, EFE.-. El presidente Joe Biden firm\u00f3 un nuevo paquete presupuestario de $1,2 billones de d\u00f3lares tras\u2026","rel":"","context":"En \u00abSin categor\u00eda\u00bb","block_context":{"text":"Sin categor\u00eda","link":"https:\/\/lasprimeras.com.do\/index.php\/category\/sin-categoria\/"},"img":{"alt_text":"biden","src":"https:\/\/i0.wp.com\/lasprimeras.com.do\/wp-content\/uploads\/2024\/03\/biden.jpg?resize=350%2C200&ssl=1","width":350,"height":200,"srcset":"https:\/\/i0.wp.com\/lasprimeras.com.do\/wp-content\/uploads\/2024\/03\/biden.jpg?resize=350%2C200&ssl=1 1x, https:\/\/i0.wp.com\/lasprimeras.com.do\/wp-content\/uploads\/2024\/03\/biden.jpg?resize=525%2C300&ssl=1 1.5x, https:\/\/i0.wp.com\/lasprimeras.com.do\/wp-content\/uploads\/2024\/03\/biden.jpg?resize=700%2C400&ssl=1 2x"},"classes":[]},{"id":51178,"url":"https:\/\/lasprimeras.com.do\/index.php\/2023\/05\/29\/biden-y-mccarthy-alcanzan-un-acuerdo-definitivo-para-el-techo-de-la-deuda-y-lo-envian-al-congreso\/","url_meta":{"origin":100204,"position":5},"title":"Biden y McCarthy alcanzan un acuerdo definitivo para el techo de la deuda y lo env\u00edan al Congreso","author":"prenxa100","date":"29 de mayo de 2023","format":false,"excerpt":"El mandatario inst\u00f3 al Congreso a aprobar el acuerdo \"de inmediato\". WASHINGTON, RT.-.El presidente de EE.UU., Joe Biden, y el presidente de la C\u00e1mara de Representantes, Kevin McCarthy, alcanzaron este domingo un acuerdo presupuestario bipartidista para elevar el techo de la deuda y evitar un incumplimiento de los pagos. \"Hemos\u2026","rel":"","context":"En \u00abSin categor\u00eda\u00bb","block_context":{"text":"Sin categor\u00eda","link":"https:\/\/lasprimeras.com.do\/index.php\/category\/sin-categoria\/"},"img":{"alt_text":"","src":"","width":0,"height":0},"classes":[]}],"jetpack_sharing_enabled":true,"_links":{"self":[{"href":"https:\/\/lasprimeras.com.do\/index.php\/wp-json\/wp\/v2\/posts\/100204","targetHints":{"allow":["GET"]}}],"collection":[{"href":"https:\/\/lasprimeras.com.do\/index.php\/wp-json\/wp\/v2\/posts"}],"about":[{"href":"https:\/\/lasprimeras.com.do\/index.php\/wp-json\/wp\/v2\/types\/post"}],"author":[{"embeddable":true,"href":"https:\/\/lasprimeras.com.do\/index.php\/wp-json\/wp\/v2\/users\/10"}],"replies":[{"embeddable":true,"href":"https:\/\/lasprimeras.com.do\/index.php\/wp-json\/wp\/v2\/comments?post=100204"}],"version-history":[{"count":1,"href":"https:\/\/lasprimeras.com.do\/index.php\/wp-json\/wp\/v2\/posts\/100204\/revisions"}],"predecessor-version":[{"id":100206,"href":"https:\/\/lasprimeras.com.do\/index.php\/wp-json\/wp\/v2\/posts\/100204\/revisions\/100206"}],"wp:featuredmedia":[{"embeddable":true,"href":"https:\/\/lasprimeras.com.do\/index.php\/wp-json\/wp\/v2\/media\/100205"}],"wp:attachment":[{"href":"https:\/\/lasprimeras.com.do\/index.php\/wp-json\/wp\/v2\/media?parent=100204"}],"wp:term":[{"taxonomy":"category","embeddable":true,"href":"https:\/\/lasprimeras.com.do\/index.php\/wp-json\/wp\/v2\/categories?post=100204"},{"taxonomy":"post_tag","embeddable":true,"href":"https:\/\/lasprimeras.com.do\/index.php\/wp-json\/wp\/v2\/tags?post=100204"}],"curies":[{"name":"wp","href":"https:\/\/api.w.org\/{rel}","templated":true}]}}