{"id":100222,"date":"2025-06-03T22:56:09","date_gmt":"2025-06-04T02:56:09","guid":{"rendered":"https:\/\/lasprimeras.com.do\/?p=100222"},"modified":"2025-06-03T22:56:10","modified_gmt":"2025-06-04T02:56:10","slug":"ante-la-temporada-de-huracanes-onu-alerta-que-no-tiene-como-afrontar-una-nueva-crisis-en-haiti","status":"publish","type":"post","link":"https:\/\/lasprimeras.com.do\/index.php\/2025\/06\/03\/ante-la-temporada-de-huracanes-onu-alerta-que-no-tiene-como-afrontar-una-nueva-crisis-en-haiti\/","title":{"rendered":"Ante la temporada de huracanes, ONU alerta que no tiene c\u00f3mo afrontar una nueva crisis en Hait\u00ed"},"content":{"rendered":"\n<p><strong>Unos 5,7 millones de personas se enfrentan ya a una inseguridad alimentaria aguda.<\/strong><\/p>\n\n\n\n<p>Con el inicio de la temporada de huracanes, el Programa Mundial de Alimentos (PMA) de la ONU alert\u00f3 este martes de que ser\u00eda incapaz de hacer frente a cualquier nueva cat\u00e1strofe en el pa\u00eds, donde m\u00e1s de la mitad de la poblaci\u00f3n sufre inseguridad alimentaria aguda y apenas llega ayuda.<\/p>\n\n\n\n<p>En un pa\u00eds asolado por la inestabilidad pol\u00edtica, la crisis econ\u00f3mica y la violencia de las pandillas, unos 5,7 millones de personas se enfrentan ya a una inseguridad alimentaria aguda, seg\u00fan el \u00faltimo informe de la CIF (Clasificaci\u00f3n Integrada de la Seguridad Alimentaria en Fases).<\/p>\n\n\n\n<p>De ellos, 2,1 millones est\u00e1n clasificados en el nivel 4 de la CIF (emergencia) y 8.400 en el nivel 5 (el \u00faltimo, catastr\u00f3fico, equivalente a la hambruna).<\/p>\n\n\n\n<p>Pero el plan de ayuda humanitaria para 2025, estimado en m\u00e1s de 900 millones de d\u00f3lares, s\u00f3lo est\u00e1 financiado en un 8 %, lament\u00f3 el martes Lola Castro, directora regional del PMA, tras una visita a Hait\u00ed.<\/p>\n\n\n\n<p>&#8220;Estamos realmente muy preocupados por la situaci\u00f3n&#8221;, dijo. &#8220;La temporada de huracanes en el Atl\u00e1ntico comenz\u00f3 el 1 de junio&#8221;, y en los \u00faltimos a\u00f1os, a estas alturas, &#8220;el PMA dispon\u00eda de reservas humanitarias para ayudar a entre un cuarto y medio mill\u00f3n de personas en caso de hurac\u00e1n o terremoto&#8221;, record\u00f3.<\/p>\n\n\n\n<p>&#8220;Este a\u00f1o, empezamos la temporada de huracanes con un almac\u00e9n vac\u00edo, sin existencias de emergencia ni dinero para comprar localmente (\u2026) o poner en marcha una respuesta humanitaria&#8221;, advirti\u00f3.<\/p>\n\n\n\n<p>&#8220;Una sola tormenta podr\u00eda volver a significar hambre o un desastre humanitario para cientos de miles de haitianos&#8221;, dijo.<\/p>\n\n\n\n<p>Castro pidi\u00f3 a la comunidad internacional que no &#8220;olvide al pueblo haitiano&#8221; y record\u00f3 que el PMA necesita 46 millones de d\u00f3lares en los pr\u00f3ximos seis meses para continuar sus operaciones en el pa\u00eds m\u00e1s pobre del continente.AFP<\/p>\n","protected":false},"excerpt":{"rendered":"<p>Unos 5,7 millones de personas se enfrentan ya a una inseguridad alimentaria aguda. Con el inicio de la temporada de huracanes, el Programa Mundial de Alimentos (PMA) de la ONU&hellip;<\/p>\n","protected":false},"author":2,"featured_media":100223,"comment_status":"open","ping_status":"open","sticky":false,"template":"","format":"standard","meta":{"content-type":"","jetpack_post_was_ever_published":false,"_jetpack_newsletter_access":"","_jetpack_dont_email_post_to_subs":false,"_jetpack_newsletter_tier_id":0,"_jetpack_memberships_contains_paywalled_content":false,"_jetpack_memberships_contains_paid_content":false,"footnotes":""},"categories":[35,25],"tags":[484,216,217,6460,20195,93,1417,3753],"class_list":["post-100222","post","type-post","status-publish","format-standard","has-post-thumbnail","hentry","category-nacionales","category-portada","tag-alerta","tag-crisis","tag-haiti","tag-huracanes","tag-inseguridad-alimentaria","tag-onu","tag-poblacion","tag-temporada"],"jetpack_featured_media_url":"https:\/\/lasprimeras.com.do\/wp-content\/uploads\/2025\/06\/Puerto-Principe.jpg","jetpack-related-posts":[{"id":48796,"url":"https:\/\/lasprimeras.com.do\/index.php\/2023\/05\/04\/el-hambre-en-el-mundo-sigue-aumentando-segun-informe-de-la-onu\/","url_meta":{"origin":100222,"position":0},"title":"El hambre en el mundo sigue aumentando, seg\u00fan informe de la ONU","author":"prenxa100","date":"4 de mayo de 2023","format":false,"excerpt":"Roma, Italia, AFP.-.El n\u00famero de personas que se enfrentan a la inseguridad alimentaria grave y requieren ayuda urgente aument\u00f3 por cuarto a\u00f1o consecutivo en 2022, seg\u00fan el Informe Mundial sobre las Crisis Alimentarias (GRFC) divulgado este mi\u00e9rcoles en Roma. El informe anual, producido por la red de agencias de Naciones\u2026","rel":"","context":"En \u00abECONOM\u00cdA\u00bb","block_context":{"text":"ECONOM\u00cdA","link":"https:\/\/lasprimeras.com.do\/index.php\/category\/economia\/"},"img":{"alt_text":"","src":"","width":0,"height":0},"classes":[]},{"id":77024,"url":"https:\/\/lasprimeras.com.do\/index.php\/2024\/02\/17\/onu-solicita-acceso-a-ayuda-humanitaria-en-haiti\/","url_meta":{"origin":100222,"position":1},"title":"ONU solicita acceso a ayuda humanitaria en Hait\u00ed","author":"BIMARY DE JES\u00daS Matos","date":"17 de febrero de 2024","format":false,"excerpt":"Puerto Pr\u00edncipe. El Programa Mundial de Alimentos de las Naciones Unidas (PMA) solicit\u00f3 este viernes acceso sin restricciones para las agencias de ayuda que operan en Hait\u00ed y el libre flujo de productos alimenticios para evitar que los ya graves niveles de hambre en el pa\u00eds se vuelvan catastr\u00f3ficos. Esto,\u2026","rel":"","context":"En \u00abSin categor\u00eda\u00bb","block_context":{"text":"Sin categor\u00eda","link":"https:\/\/lasprimeras.com.do\/index.php\/category\/sin-categoria\/"},"img":{"alt_text":"","src":"https:\/\/i0.wp.com\/lasprimeras.com.do\/wp-content\/uploads\/2024\/02\/13_G_01_1p01.jpg.webp?resize=350%2C200&ssl=1","width":350,"height":200,"srcset":"https:\/\/i0.wp.com\/lasprimeras.com.do\/wp-content\/uploads\/2024\/02\/13_G_01_1p01.jpg.webp?resize=350%2C200&ssl=1 1x, https:\/\/i0.wp.com\/lasprimeras.com.do\/wp-content\/uploads\/2024\/02\/13_G_01_1p01.jpg.webp?resize=525%2C300&ssl=1 1.5x, https:\/\/i0.wp.com\/lasprimeras.com.do\/wp-content\/uploads\/2024\/02\/13_G_01_1p01.jpg.webp?resize=700%2C400&ssl=1 2x, https:\/\/i0.wp.com\/lasprimeras.com.do\/wp-content\/uploads\/2024\/02\/13_G_01_1p01.jpg.webp?resize=1050%2C600&ssl=1 3x, https:\/\/i0.wp.com\/lasprimeras.com.do\/wp-content\/uploads\/2024\/02\/13_G_01_1p01.jpg.webp?resize=1400%2C800&ssl=1 4x"},"classes":[]},{"id":88396,"url":"https:\/\/lasprimeras.com.do\/index.php\/2024\/08\/27\/la-onu-reporta-83-millones-de-personas-con-inseguridad-alimentaria-en-latinoamerica\/","url_meta":{"origin":100222,"position":2},"title":"La ONU reporta 83 millones de personas con inseguridad alimentaria en Latinoam\u00e9rica","author":"Nelson Feliz","date":"27 de agosto de 2024","format":false,"excerpt":"Ciudad de M\u00e9xico (EFE).- M\u00e1s de 83 millones de personas en Latinoam\u00e9rica sufren inseguridad alimentaria, advirti\u00f3 este martes la ONU en el X Foro Regional de Alimentaci\u00f3n Escolar para Am\u00e9rica Latina y el Caribe, que reunir\u00e1 a 200 participantes de m\u00e1s de 20 pa\u00edses para fortalecer compromisos regionales en el\u2026","rel":"","context":"En \u00abSin categor\u00eda\u00bb","block_context":{"text":"Sin categor\u00eda","link":"https:\/\/lasprimeras.com.do\/index.php\/category\/sin-categoria\/"},"img":{"alt_text":"Daniela Trucco Y Peter Grohmann","src":"https:\/\/i0.wp.com\/lasprimeras.com.do\/wp-content\/uploads\/2024\/08\/Daniela-Trucco-Y-Peter-Grohmann.jpg?resize=350%2C200&ssl=1","width":350,"height":200,"srcset":"https:\/\/i0.wp.com\/lasprimeras.com.do\/wp-content\/uploads\/2024\/08\/Daniela-Trucco-Y-Peter-Grohmann.jpg?resize=350%2C200&ssl=1 1x, https:\/\/i0.wp.com\/lasprimeras.com.do\/wp-content\/uploads\/2024\/08\/Daniela-Trucco-Y-Peter-Grohmann.jpg?resize=525%2C300&ssl=1 1.5x, https:\/\/i0.wp.com\/lasprimeras.com.do\/wp-content\/uploads\/2024\/08\/Daniela-Trucco-Y-Peter-Grohmann.jpg?resize=700%2C400&ssl=1 2x"},"classes":[]},{"id":79074,"url":"https:\/\/lasprimeras.com.do\/index.php\/2024\/03\/23\/el-terror-y-la-muerte-protagonizan-la-vida-en-la-capital-de-haiti\/","url_meta":{"origin":100222,"position":3},"title":"El terror y la muerte protagonizan la vida en la capital de Hait\u00ed","author":"Juana Mercedes","date":"23 de marzo de 2024","format":false,"excerpt":"La capital de Hait\u00ed\u00a0sigue inmersa en la violencia, con una docena de cuerpos esparcidos por las calles, muchos de ellos quemados, en una semana en la que se suceden los enfrentamientos entre la\u00a0Polic\u00eda y las bandas armadas\u00a0y cuando avanza la constituci\u00f3n del consejo presidencial de transici\u00f3n. Actualmente la zona m\u00e1s\u2026","rel":"","context":"En \u00abSin categor\u00eda\u00bb","block_context":{"text":"Sin categor\u00eda","link":"https:\/\/lasprimeras.com.do\/index.php\/category\/sin-categoria\/"},"img":{"alt_text":"pandillas","src":"https:\/\/i0.wp.com\/lasprimeras.com.do\/wp-content\/uploads\/2024\/03\/Puerto-Principe-2_0.jpg?resize=350%2C200&ssl=1","width":350,"height":200,"srcset":"https:\/\/i0.wp.com\/lasprimeras.com.do\/wp-content\/uploads\/2024\/03\/Puerto-Principe-2_0.jpg?resize=350%2C200&ssl=1 1x, https:\/\/i0.wp.com\/lasprimeras.com.do\/wp-content\/uploads\/2024\/03\/Puerto-Principe-2_0.jpg?resize=525%2C300&ssl=1 1.5x, https:\/\/i0.wp.com\/lasprimeras.com.do\/wp-content\/uploads\/2024\/03\/Puerto-Principe-2_0.jpg?resize=700%2C400&ssl=1 2x, https:\/\/i0.wp.com\/lasprimeras.com.do\/wp-content\/uploads\/2024\/03\/Puerto-Principe-2_0.jpg?resize=1050%2C600&ssl=1 3x"},"classes":[]},{"id":61161,"url":"https:\/\/lasprimeras.com.do\/index.php\/2023\/09\/22\/primer-ministro-de-haiti-solicita-con-urgencia-el-envio-de-una-fuerza-multinacional\/","url_meta":{"origin":100222,"position":4},"title":"Primer ministro de Hait\u00ed solicita con &#8220;urgencia&#8221; el env\u00edo de una fuerza multinacional","author":"Nelson Feliz","date":"22 de septiembre de 2023","format":false,"excerpt":"En la Asamblea General de la ONU, Ariel Henry enumer\u00f3 los cr\u00edmenes de las bandas y la cadena de desgracias que ha padecido esa naci\u00f3n. El primer ministro de Hait\u00ed, Ariel Henry, reiter\u00f3 este viernes a la Asamblea General de las Naciones Unidas, el apoyo inmediato de la fuerza multinacional\u2026","rel":"","context":"En \u00abSin categor\u00eda\u00bb","block_context":{"text":"Sin categor\u00eda","link":"https:\/\/lasprimeras.com.do\/index.php\/category\/sin-categoria\/"},"img":{"alt_text":"Ariel Henry cit\u00f3 la cadena de desgracia que padece esa naci\u00f3n desde hace varios a\u00f1os.","src":"https:\/\/i0.wp.com\/lasprimeras.com.do\/wp-content\/uploads\/2023\/09\/Ariel-Henry-1.jpg?resize=350%2C200&ssl=1","width":350,"height":200,"srcset":"https:\/\/i0.wp.com\/lasprimeras.com.do\/wp-content\/uploads\/2023\/09\/Ariel-Henry-1.jpg?resize=350%2C200&ssl=1 1x, https:\/\/i0.wp.com\/lasprimeras.com.do\/wp-content\/uploads\/2023\/09\/Ariel-Henry-1.jpg?resize=525%2C300&ssl=1 1.5x, https:\/\/i0.wp.com\/lasprimeras.com.do\/wp-content\/uploads\/2023\/09\/Ariel-Henry-1.jpg?resize=700%2C400&ssl=1 2x"},"classes":[]},{"id":111895,"url":"https:\/\/lasprimeras.com.do\/index.php\/2025\/10\/15\/programa-mundial-de-alimentos-advierte-que-recortes-de-donantes-empujan-a-millones-mas-al-hambre\/","url_meta":{"origin":100222,"position":5},"title":"Programa Mundial de Alimentos advierte que recortes de donantes empujan a millones m\u00e1s al hambre","author":"Nelson Feliz","date":"15 de octubre de 2025","format":false,"excerpt":"POR JAMEY KEATEN GINEBRA (AP) \u2014 La agencia de ayuda alimentaria de Naciones Unidas advirti\u00f3 el mi\u00e9rcoles que los severos recortes de financiaci\u00f3n por parte de sus principales donantes est\u00e1n afectando a sus operaciones en seis pa\u00edses y se\u00f1al\u00f3 que cerca de 14 millones de personas podr\u00edan verse abocadas a\u2026","rel":"","context":"En \u00abINTERNACIONALES\u00bb","block_context":{"text":"INTERNACIONALES","link":"https:\/\/lasprimeras.com.do\/index.php\/category\/sin-categoria\/internacionales\/"},"img":{"alt_text":"","src":"https:\/\/i0.wp.com\/lasprimeras.com.do\/wp-content\/uploads\/2025\/10\/hambre.jpg?resize=350%2C200&ssl=1","width":350,"height":200,"srcset":"https:\/\/i0.wp.com\/lasprimeras.com.do\/wp-content\/uploads\/2025\/10\/hambre.jpg?resize=350%2C200&ssl=1 1x, https:\/\/i0.wp.com\/lasprimeras.com.do\/wp-content\/uploads\/2025\/10\/hambre.jpg?resize=525%2C300&ssl=1 1.5x, https:\/\/i0.wp.com\/lasprimeras.com.do\/wp-content\/uploads\/2025\/10\/hambre.jpg?resize=700%2C400&ssl=1 2x"},"classes":[]}],"jetpack_sharing_enabled":true,"_links":{"self":[{"href":"https:\/\/lasprimeras.com.do\/index.php\/wp-json\/wp\/v2\/posts\/100222","targetHints":{"allow":["GET"]}}],"collection":[{"href":"https:\/\/lasprimeras.com.do\/index.php\/wp-json\/wp\/v2\/posts"}],"about":[{"href":"https:\/\/lasprimeras.com.do\/index.php\/wp-json\/wp\/v2\/types\/post"}],"author":[{"embeddable":true,"href":"https:\/\/lasprimeras.com.do\/index.php\/wp-json\/wp\/v2\/users\/2"}],"replies":[{"embeddable":true,"href":"https:\/\/lasprimeras.com.do\/index.php\/wp-json\/wp\/v2\/comments?post=100222"}],"version-history":[{"count":1,"href":"https:\/\/lasprimeras.com.do\/index.php\/wp-json\/wp\/v2\/posts\/100222\/revisions"}],"predecessor-version":[{"id":100224,"href":"https:\/\/lasprimeras.com.do\/index.php\/wp-json\/wp\/v2\/posts\/100222\/revisions\/100224"}],"wp:featuredmedia":[{"embeddable":true,"href":"https:\/\/lasprimeras.com.do\/index.php\/wp-json\/wp\/v2\/media\/100223"}],"wp:attachment":[{"href":"https:\/\/lasprimeras.com.do\/index.php\/wp-json\/wp\/v2\/media?parent=100222"}],"wp:term":[{"taxonomy":"category","embeddable":true,"href":"https:\/\/lasprimeras.com.do\/index.php\/wp-json\/wp\/v2\/categories?post=100222"},{"taxonomy":"post_tag","embeddable":true,"href":"https:\/\/lasprimeras.com.do\/index.php\/wp-json\/wp\/v2\/tags?post=100222"}],"curies":[{"name":"wp","href":"https:\/\/api.w.org\/{rel}","templated":true}]}}