{"id":100231,"date":"2025-06-03T23:21:49","date_gmt":"2025-06-04T03:21:49","guid":{"rendered":"https:\/\/lasprimeras.com.do\/?p=100231"},"modified":"2025-06-03T23:21:51","modified_gmt":"2025-06-04T03:21:51","slug":"instituto-duartiano-espera-dialogo-sobre-crisis-haitiana-no-contemple-plan-de-regularizacion","status":"publish","type":"post","link":"https:\/\/lasprimeras.com.do\/index.php\/2025\/06\/03\/instituto-duartiano-espera-dialogo-sobre-crisis-haitiana-no-contemple-plan-de-regularizacion\/","title":{"rendered":"Instituto Duartiano espera di\u00e1logo sobre crisis haitiana no contemple plan de regularizaci\u00f3n"},"content":{"rendered":"\n<p><strong>Wilson G\u00f3mez Ram\u00edrez, presidente de la entidad, pide apego a la Constituci\u00f3n.<\/strong><\/p>\n\n\n\n<p>El Instituto Duartiano inst\u00f3 este martes a que el &#8220;Di\u00e1logo sobre la crisis haitiana y sus implicaciones para la Rep\u00fablica Dominicana&#8221;, entre el presidente Luis Abinader y los exmandatarios Leonel Fern\u00e1ndez, Hip\u00f3lito Mej\u00eda y Danilo Medina se desarrolle sin que se contemplen medidas regulatorias ni la expedici\u00f3n de documentos a extranjeros fuera del marco constitucional y legal del pa\u00eds.<\/p>\n\n\n\n<p>El presidente de la entidad patri\u00f3tica, Wilson G\u00f3mez Ram\u00edrez, advirti\u00f3 que todo documento relacionado con la identidad de una persona debe ser emitido exclusivamente por la autoridad nacional de su pa\u00eds de origen, y que cualquier acci\u00f3n contraria, donde se desconozca el derecho de un Estado extranjero de dotar a sus s\u00fabditos de documento de identidad, constituir\u00eda un atentado directo contra la soberan\u00eda del mismo.<\/p>\n\n\n\n<p>La reuni\u00f3n del mandatario con los expresidentes y el Consejo Econ\u00f3mico y Social (CES) est\u00e1 pautada para este jueves cinco en la Biblioteca Nacional a las 4:00 de la tarde.<\/p>\n\n\n\n<p>En una nota de prensa, G\u00f3mez Ram\u00edrez record\u00f3 que el principio de no intervenci\u00f3n consagrado en el art\u00edculo 3 de la Constituci\u00f3n constituye una norma invariable de la pol\u00edtica internacional dominicana.<\/p>\n\n\n\n<p>Dijo que el pueblo dominicano aspira a un pacto inequ\u00edvocamente protector del supremo &#8220;inter\u00e9s de nuestra naci\u00f3n&#8221;.<\/p>\n\n\n\n<p>La frontera<\/p>\n\n\n\n<p>En relaci\u00f3n a la frontera con Hait\u00ed, expres\u00f3 la esperanza de que el encuentro aborde con total sinceridad y responsabilidad la grave situaci\u00f3n que afecta a esa zona, &#8220;particularmente las redes y estructuras de corrupci\u00f3n que operan all\u00ed&#8221;.<\/p>\n\n\n\n<p>Enfatiz\u00f3 que dicha franja territorial cuenta con un r\u00e9gimen constitucional definido en el art\u00edculo 10 de la Carta Magna, el cual no se est\u00e1 aplicando debidamente.<\/p>\n\n\n\n<p>En el documento, consider\u00f3 que, a pesar de los avances recientes, todav\u00eda no se han establecido los controles estrictos necesarios para alcanzar una aut\u00e9ntica pol\u00edtica de tolerancia cero frente al tr\u00e1fico ilegal de personas, mercanc\u00edas y sustancias controladas.<\/p>\n\n\n\n<p>En ese sentido, reclam\u00f3 una actuaci\u00f3n firme del Ministerio P\u00fablico y una postura de absoluta rectitud de los tribunales dominicanos al momento de aplicar las leyes.<\/p>\n\n\n\n<p>Oportunidad hist\u00f3rica<\/p>\n\n\n\n<p>El presidente del Instituto Duartiano valor\u00f3 este encuentro como una oportunidad hist\u00f3rica para tomar decisiones claras y contundentes en favor de la dominicanidad, &#8220;que puedan disuadir las potenciales movilizaciones patri\u00f3ticas que ahora est\u00e1n contenidas por la expectativa que genera esta trascendental reuni\u00f3n y las acciones de ella se pueden derivar&#8221;.<\/p>\n","protected":false},"excerpt":{"rendered":"<p>Wilson G\u00f3mez Ram\u00edrez, presidente de la entidad, pide apego a la Constituci\u00f3n. El Instituto Duartiano inst\u00f3 este martes a que el &#8220;Di\u00e1logo sobre la crisis haitiana y sus implicaciones para&hellip;<\/p>\n","protected":false},"author":2,"featured_media":92816,"comment_status":"open","ping_status":"open","sticky":false,"template":"","format":"standard","meta":{"content-type":"","jetpack_post_was_ever_published":false,"_jetpack_newsletter_access":"","_jetpack_dont_email_post_to_subs":false,"_jetpack_newsletter_tier_id":0,"_jetpack_memberships_contains_paywalled_content":false,"_jetpack_memberships_contains_paid_content":false,"footnotes":""},"categories":[35],"tags":[264,1220,11153,20199,20200],"class_list":["post-100231","post","type-post","status-publish","format-standard","has-post-thumbnail","hentry","category-nacionales","tag-crisis-haitiana","tag-dialogo","tag-instituto-duartiano","tag-no-contemple","tag-plan-de-regularizacion"],"jetpack_featured_media_url":"https:\/\/lasprimeras.com.do\/wp-content\/uploads\/2025\/01\/Wilson-Gomez-Ramirez.jpg","jetpack-related-posts":[{"id":105928,"url":"https:\/\/lasprimeras.com.do\/index.php\/2025\/08\/07\/instituto-duartiano-condena-alteracion-del-himno-nacional-y-anuncia-acciones-legales\/","url_meta":{"origin":100231,"position":0},"title":"Instituto Duartiano condena alteraci\u00f3n del Himno Nacional y anuncia acciones legales","author":"Nelson Feliz","date":"7 de agosto de 2025","format":false,"excerpt":"El presidente del organismo patri\u00f3tico, doctor Wilson G\u00f3mez, lo calific\u00f3 como ileg\u00edtimo y exigi\u00f3 sanciones. El presidente del Instituto Duartiano, doctor Wilson G\u00f3mez Ram\u00edrez, conden\u00f3 en\u00e9rgicamente la modificaci\u00f3n del Himno Nacional por un colectivo LGBT que se difunde en las redes sociales y otros medios digitales, calificando la acci\u00f3n como\u2026","rel":"","context":"En \u00abNACIONALES\u00bb","block_context":{"text":"NACIONALES","link":"https:\/\/lasprimeras.com.do\/index.php\/category\/nacionales\/"},"img":{"alt_text":"","src":"https:\/\/i0.wp.com\/lasprimeras.com.do\/wp-content\/uploads\/2025\/08\/El-presidente-del-Inst.-Duartiano-Wilson-Gomez.jpg?resize=350%2C200&ssl=1","width":350,"height":200,"srcset":"https:\/\/i0.wp.com\/lasprimeras.com.do\/wp-content\/uploads\/2025\/08\/El-presidente-del-Inst.-Duartiano-Wilson-Gomez.jpg?resize=350%2C200&ssl=1 1x, https:\/\/i0.wp.com\/lasprimeras.com.do\/wp-content\/uploads\/2025\/08\/El-presidente-del-Inst.-Duartiano-Wilson-Gomez.jpg?resize=525%2C300&ssl=1 1.5x, https:\/\/i0.wp.com\/lasprimeras.com.do\/wp-content\/uploads\/2025\/08\/El-presidente-del-Inst.-Duartiano-Wilson-Gomez.jpg?resize=700%2C400&ssl=1 2x"},"classes":[]},{"id":103579,"url":"https:\/\/lasprimeras.com.do\/index.php\/2025\/07\/16\/instituto-duartiano-afirma-rd-debe-resistir-presion-internacional-y-continuar-con-repatriaciones\/","url_meta":{"origin":100231,"position":1},"title":"Instituto Duartiano afirma RD debe resistir presi\u00f3n internacional y continuar con repatriaciones","author":"Nelson Feliz","date":"16 de julio de 2025","format":false,"excerpt":"En momentos en que Amnist\u00eda Internacional est\u00e1 solicitando al Gobierno dominicano poner fin a las deportaciones colectivas, el presidente del Instituto Duartiano, Wilson G\u00f3mez Ram\u00edrez, llam\u00f3 este mi\u00e9rcoles a las autoridades nacionales a mantener la pol\u00edtica de repatriaci\u00f3n de indocumentados haitianos con la mayor firmeza. Durante un discurso pronunciado con\u2026","rel":"","context":"En \u00abNACIONALES\u00bb","block_context":{"text":"NACIONALES","link":"https:\/\/lasprimeras.com.do\/index.php\/category\/nacionales\/"},"img":{"alt_text":"","src":"https:\/\/i0.wp.com\/lasprimeras.com.do\/wp-content\/uploads\/2025\/01\/Wilson-Gomez-Ramirez.jpg?resize=350%2C200&ssl=1","width":350,"height":200,"srcset":"https:\/\/i0.wp.com\/lasprimeras.com.do\/wp-content\/uploads\/2025\/01\/Wilson-Gomez-Ramirez.jpg?resize=350%2C200&ssl=1 1x, https:\/\/i0.wp.com\/lasprimeras.com.do\/wp-content\/uploads\/2025\/01\/Wilson-Gomez-Ramirez.jpg?resize=525%2C300&ssl=1 1.5x"},"classes":[]},{"id":106535,"url":"https:\/\/lasprimeras.com.do\/index.php\/2025\/08\/16\/presidente-del-instituto-duartiano-destaca-trascendencia-de-la-gesta-restauradora\/","url_meta":{"origin":100231,"position":2},"title":"Presidente del Instituto Duartiano destaca trascendencia de la gesta restauradora","author":"Nelson Feliz","date":"16 de agosto de 2025","format":false,"excerpt":"El acto conmemorativo del 162 aniversario estuvo marcado por el firme reclamo hist\u00f3rico para que sean exhumadas las cenizas de Pedro Santana del Pante\u00f3n Nacional y devueltas a El Seibo. En una jornada que conmemor\u00f3 el 162 aniversario de la Guerra de la Restauraci\u00f3n de la Independencia Nacional, el presidente\u2026","rel":"","context":"En \u00abNACIONALES\u00bb","block_context":{"text":"NACIONALES","link":"https:\/\/lasprimeras.com.do\/index.php\/category\/nacionales\/"},"img":{"alt_text":"","src":"https:\/\/i0.wp.com\/lasprimeras.com.do\/wp-content\/uploads\/2025\/08\/Directivos-y-miembros-del-Instituto-Duartiano-en-la-ofrenda-floral.jpg?resize=350%2C200&ssl=1","width":350,"height":200,"srcset":"https:\/\/i0.wp.com\/lasprimeras.com.do\/wp-content\/uploads\/2025\/08\/Directivos-y-miembros-del-Instituto-Duartiano-en-la-ofrenda-floral.jpg?resize=350%2C200&ssl=1 1x, https:\/\/i0.wp.com\/lasprimeras.com.do\/wp-content\/uploads\/2025\/08\/Directivos-y-miembros-del-Instituto-Duartiano-en-la-ofrenda-floral.jpg?resize=525%2C300&ssl=1 1.5x, https:\/\/i0.wp.com\/lasprimeras.com.do\/wp-content\/uploads\/2025\/08\/Directivos-y-miembros-del-Instituto-Duartiano-en-la-ofrenda-floral.jpg?resize=700%2C400&ssl=1 2x"},"classes":[]},{"id":81757,"url":"https:\/\/lasprimeras.com.do\/index.php\/2024\/04\/24\/instituto-duartiano-califica-de-infame-y-falaz-informe-departamento-de-estado-de-ee-uu\/","url_meta":{"origin":100231,"position":3},"title":"Instituto Duartiano califica de infame y falaz informe Departamento de Estado de EE.UU.","author":"BIMARY DE JES\u00daS Matos","date":"24 de abril de 2024","format":false,"excerpt":"Santo Domingo.- El presidente del Instituto Duartiano, Wilson G\u00f3mez Ram\u00edrez, calific\u00f3 hoy como infame y falaz informe anual sobre el pa\u00eds del Departamento de Estado de los Estados Unidos, en el cual denuncia en el aspecto migratorio la supuesta expulsi\u00f3n masiva de haitianos y alegados ap\u00e1tridas de ascendencia de esa\u2026","rel":"","context":"En \u00abNACIONALES\u00bb","block_context":{"text":"NACIONALES","link":"https:\/\/lasprimeras.com.do\/index.php\/category\/nacionales\/"},"img":{"alt_text":"","src":"https:\/\/i0.wp.com\/lasprimeras.com.do\/wp-content\/uploads\/2024\/04\/6a0c8a05-4f4b-48f5-a1d9-1ad180753c4a-34.jpg?resize=350%2C200&ssl=1","width":350,"height":200,"srcset":"https:\/\/i0.wp.com\/lasprimeras.com.do\/wp-content\/uploads\/2024\/04\/6a0c8a05-4f4b-48f5-a1d9-1ad180753c4a-34.jpg?resize=350%2C200&ssl=1 1x, https:\/\/i0.wp.com\/lasprimeras.com.do\/wp-content\/uploads\/2024\/04\/6a0c8a05-4f4b-48f5-a1d9-1ad180753c4a-34.jpg?resize=525%2C300&ssl=1 1.5x, https:\/\/i0.wp.com\/lasprimeras.com.do\/wp-content\/uploads\/2024\/04\/6a0c8a05-4f4b-48f5-a1d9-1ad180753c4a-34.jpg?resize=700%2C400&ssl=1 2x, https:\/\/i0.wp.com\/lasprimeras.com.do\/wp-content\/uploads\/2024\/04\/6a0c8a05-4f4b-48f5-a1d9-1ad180753c4a-34.jpg?resize=1050%2C600&ssl=1 3x, https:\/\/i0.wp.com\/lasprimeras.com.do\/wp-content\/uploads\/2024\/04\/6a0c8a05-4f4b-48f5-a1d9-1ad180753c4a-34.jpg?resize=1400%2C800&ssl=1 4x"},"classes":[]},{"id":92815,"url":"https:\/\/lasprimeras.com.do\/index.php\/2025\/01\/15\/instituto-duartiano-exige-acciones-contra-la-corrupcion-y-la-inmigracion-ilegal\/","url_meta":{"origin":100231,"position":4},"title":"Instituto Duartiano exige acciones contra la corrupci\u00f3n y la inmigraci\u00f3n ilegal","author":"Nelson Feliz","date":"15 de enero de 2025","format":false,"excerpt":"El presidente del Instituto Duartiano, doctor Wilson G\u00f3mez Ram\u00edrez, expres\u00f3 hoy su preocupaci\u00f3n por la situaci\u00f3n migratoria irregular de haitianos y demand\u00f3 medidas contundentes para controlar el flujo de inmigrantes ilegales del vecino pa\u00eds. \"Es necesario que las autoridades reflexionen serenamente sobre la repercusi\u00f3n de la inmigraci\u00f3n ilegal en el\u2026","rel":"","context":"En \u00abNACIONALES\u00bb","block_context":{"text":"NACIONALES","link":"https:\/\/lasprimeras.com.do\/index.php\/category\/nacionales\/"},"img":{"alt_text":"","src":"https:\/\/i0.wp.com\/lasprimeras.com.do\/wp-content\/uploads\/2025\/01\/Wilson-Gomez-Ramirez.jpg?resize=350%2C200&ssl=1","width":350,"height":200,"srcset":"https:\/\/i0.wp.com\/lasprimeras.com.do\/wp-content\/uploads\/2025\/01\/Wilson-Gomez-Ramirez.jpg?resize=350%2C200&ssl=1 1x, https:\/\/i0.wp.com\/lasprimeras.com.do\/wp-content\/uploads\/2025\/01\/Wilson-Gomez-Ramirez.jpg?resize=525%2C300&ssl=1 1.5x"},"classes":[]},{"id":67131,"url":"https:\/\/lasprimeras.com.do\/index.php\/2023\/11\/13\/instituto-duartiano-dice-haitianos-provocan-a-soldados-dominicanos-para-generar-enfrentamiento\/","url_meta":{"origin":100231,"position":5},"title":"Instituto Duartiano dice haitianos provocan a soldados dominicanos para generar enfrentamiento","author":"BIMARY DE JES\u00daS Matos","date":"13 de noviembre de 2023","format":false,"excerpt":"Santo Domingo.-Las autoridades del Instituto Duartiano se quejaron este lunes por las diversas situaciones generadas en la frontera dominico-haitiana, a lo largo de la semana pasada; a lo que acusaron a los nacionales del vecino pa\u00eds de tener, abiertamente, actitudes de provocaci\u00f3n para con los soldados dominicanos. Por lo que\u2026","rel":"","context":"En \u00abPORTADA\u00bb","block_context":{"text":"PORTADA","link":"https:\/\/lasprimeras.com.do\/index.php\/category\/portada\/"},"img":{"alt_text":"","src":"https:\/\/i0.wp.com\/lasprimeras.com.do\/wp-content\/uploads\/2023\/11\/valentin-14.jpg?resize=350%2C200&ssl=1","width":350,"height":200,"srcset":"https:\/\/i0.wp.com\/lasprimeras.com.do\/wp-content\/uploads\/2023\/11\/valentin-14.jpg?resize=350%2C200&ssl=1 1x, https:\/\/i0.wp.com\/lasprimeras.com.do\/wp-content\/uploads\/2023\/11\/valentin-14.jpg?resize=525%2C300&ssl=1 1.5x"},"classes":[]}],"jetpack_sharing_enabled":true,"_links":{"self":[{"href":"https:\/\/lasprimeras.com.do\/index.php\/wp-json\/wp\/v2\/posts\/100231","targetHints":{"allow":["GET"]}}],"collection":[{"href":"https:\/\/lasprimeras.com.do\/index.php\/wp-json\/wp\/v2\/posts"}],"about":[{"href":"https:\/\/lasprimeras.com.do\/index.php\/wp-json\/wp\/v2\/types\/post"}],"author":[{"embeddable":true,"href":"https:\/\/lasprimeras.com.do\/index.php\/wp-json\/wp\/v2\/users\/2"}],"replies":[{"embeddable":true,"href":"https:\/\/lasprimeras.com.do\/index.php\/wp-json\/wp\/v2\/comments?post=100231"}],"version-history":[{"count":1,"href":"https:\/\/lasprimeras.com.do\/index.php\/wp-json\/wp\/v2\/posts\/100231\/revisions"}],"predecessor-version":[{"id":100232,"href":"https:\/\/lasprimeras.com.do\/index.php\/wp-json\/wp\/v2\/posts\/100231\/revisions\/100232"}],"wp:featuredmedia":[{"embeddable":true,"href":"https:\/\/lasprimeras.com.do\/index.php\/wp-json\/wp\/v2\/media\/92816"}],"wp:attachment":[{"href":"https:\/\/lasprimeras.com.do\/index.php\/wp-json\/wp\/v2\/media?parent=100231"}],"wp:term":[{"taxonomy":"category","embeddable":true,"href":"https:\/\/lasprimeras.com.do\/index.php\/wp-json\/wp\/v2\/categories?post=100231"},{"taxonomy":"post_tag","embeddable":true,"href":"https:\/\/lasprimeras.com.do\/index.php\/wp-json\/wp\/v2\/tags?post=100231"}],"curies":[{"name":"wp","href":"https:\/\/api.w.org\/{rel}","templated":true}]}}