{"id":100233,"date":"2025-06-03T23:47:13","date_gmt":"2025-06-04T03:47:13","guid":{"rendered":"https:\/\/lasprimeras.com.do\/?p=100233"},"modified":"2025-06-03T23:47:15","modified_gmt":"2025-06-04T03:47:15","slug":"diputado-manuel-nunez-desmiente-crisis-de-agua-en-el-gran-santo-domingo","status":"publish","type":"post","link":"https:\/\/lasprimeras.com.do\/index.php\/2025\/06\/03\/diputado-manuel-nunez-desmiente-crisis-de-agua-en-el-gran-santo-domingo\/","title":{"rendered":"Diputado Manuel N\u00fa\u00f1ez desmiente crisis de agua en el Gran Santo Domingo"},"content":{"rendered":"\n<p>El diputado por la circunscripci\u00f3n 2 de la capital, Manuel N\u00fa\u00f1ez, desminti\u00f3 que exista una crisis de agua en el gran Santo Domingo se\u00f1alando que es impensable que est\u00e1 se pueda producir sin que se perciba un reclamo masivo de la poblaci\u00f3n.<\/p>\n\n\n\n<p>El legislador del Partido Revolucionario Moderno (PRM) advirti\u00f3 que \u201cla oposici\u00f3n est\u00e1 poniendo crisis donde no hay y atentando contra la estabilidad de las instituciones p\u00fablicas y la credibilidad de estas lo que hace un bien pol\u00edtico para ellos, pero un terrible da\u00f1o a la sociedad\u201d.<\/p>\n\n\n\n<p>En ese sentido, dijo que \u201csolo un pol\u00edtico populista con \u00e1nimos de likes y fotos lleva tres camiones de agua a un sector y utiliza las im\u00e1genes de las personas para decir que por una situaci\u00f3n en un sector hay una crisis en la capital y en la provincia\u201d.<\/p>\n\n\n\n<p>As\u00edmismo, reconoci\u00f3 la gesti\u00f3n de la CAASD para modernizar y eficientizar un servicio que los gobiernos de la oposici\u00f3n dejaron en el abandono y que hoy este gobierno ha invertido millones de pesos para irlo poniendo a la altura de las necesidades cada vez m\u00e1s crecientes y demandante.<\/p>\n","protected":false},"excerpt":{"rendered":"<p>El diputado por la circunscripci\u00f3n 2 de la capital, Manuel N\u00fa\u00f1ez, desminti\u00f3 que exista una crisis de agua en el gran Santo Domingo se\u00f1alando que es impensable que est\u00e1 se&hellip;<\/p>\n","protected":false},"author":2,"featured_media":100235,"comment_status":"open","ping_status":"open","sticky":false,"template":"","format":"standard","meta":{"content-type":"","jetpack_post_was_ever_published":false,"_jetpack_newsletter_access":"","_jetpack_dont_email_post_to_subs":false,"_jetpack_newsletter_tier_id":0,"_jetpack_memberships_contains_paywalled_content":false,"_jetpack_memberships_contains_paid_content":false,"footnotes":""},"categories":[35],"tags":[7850],"class_list":["post-100233","post","type-post","status-publish","format-standard","has-post-thumbnail","hentry","category-nacionales","tag-manuel-nunez"],"jetpack_featured_media_url":"https:\/\/lasprimeras.com.do\/wp-content\/uploads\/2025\/06\/WhatsApp-Image-2025-06-03-at-7.29.30-PM.jpeg","jetpack-related-posts":[{"id":48941,"url":"https:\/\/lasprimeras.com.do\/index.php\/2023\/05\/05\/avanza-pacto-de-nacion-frente-crisis-haitiana-convocado-por-presidente-abinader\/","url_meta":{"origin":100233,"position":0},"title":"Avanza Pacto de Naci\u00f3n frente crisis haitiana convocado por presidente Abinader","author":"prenxa100","date":"5 de mayo de 2023","format":false,"excerpt":"El funcionario precis\u00f3 que los trabajos se han estado desarroll\u00e1ndose de manera amplia, plural y participativa durante las \u00faltimas semanas. Por Wilson P\u00e9rez Santo Domingo.- El viceministro Administrativo de la Presidencia, Andr\u00e9s Lugo Risk, inform\u00f3 este viernes que avanzan los trabajos para la firma de un gran Pacto de Naci\u00f3n\u2026","rel":"","context":"En \u00abNACIONALES\u00bb","block_context":{"text":"NACIONALES","link":"https:\/\/lasprimeras.com.do\/index.php\/category\/nacionales\/"},"img":{"alt_text":"","src":"","width":0,"height":0},"classes":[]},{"id":117572,"url":"https:\/\/lasprimeras.com.do\/index.php\/2025\/12\/11\/victor-manuel-terrero-lamenta-el-fallecimiento-de-monsenor-rafael-leonidas-felipe-nunez\/","url_meta":{"origin":100233,"position":1},"title":"V\u00edctor Manuel Terrero lamenta el fallecimiento de Monse\u00f1or Rafael Le\u00f3nidas Felipe N\u00fa\u00f1ez","author":"Nelson Feliz","date":"11 de diciembre de 2025","format":false,"excerpt":"Terrero califico al sacerdote como \"un pastor cercano a su comunidad\" El exdiputado de Barahona y miembro del Comit\u00e9 Central del Partido de la Liberaci\u00f3n Dominicana (PLD), Dr. V\u00edctor Manuel Terrero, ha expresado su profundo pesar por la partida f\u00edsica de Monse\u00f1or Rafael Le\u00f3nidas Felipe N\u00fa\u00f1ez, Obispo Em\u00e9rito de la\u2026","rel":"","context":"En \u00abNACIONALES\u00bb","block_context":{"text":"NACIONALES","link":"https:\/\/lasprimeras.com.do\/index.php\/category\/nacionales\/"},"img":{"alt_text":"V\u00edctor Manuel Terrero","src":"https:\/\/i0.wp.com\/lasprimeras.com.do\/wp-content\/uploads\/2024\/04\/Victor-Manuel-Terrero.jpg?resize=350%2C200&ssl=1","width":350,"height":200,"srcset":"https:\/\/i0.wp.com\/lasprimeras.com.do\/wp-content\/uploads\/2024\/04\/Victor-Manuel-Terrero.jpg?resize=350%2C200&ssl=1 1x, https:\/\/i0.wp.com\/lasprimeras.com.do\/wp-content\/uploads\/2024\/04\/Victor-Manuel-Terrero.jpg?resize=525%2C300&ssl=1 1.5x"},"classes":[]},{"id":114880,"url":"https:\/\/lasprimeras.com.do\/index.php\/2025\/11\/17\/carolina-presenta-una-transformacion-social-la-ciudad-que-respira\/","url_meta":{"origin":100233,"position":2},"title":"Carolina presenta una transformaci\u00f3n social: &#8220;La Ciudad que Respira&#8221;","author":"Nelson Feliz","date":"17 de noviembre de 2025","format":false,"excerpt":"Destaca los m\u00e1s de 200 espacios p\u00fablicos entregados durante su gesti\u00f3n Carolina Mej\u00eda encabez\u00f3 la presentaci\u00f3n de la transformaci\u00f3n social \"La Ciudad que Respira\", en la que se destacan los m\u00e1s de 200 espacios p\u00fablicos que ha construido y remozado la Alcald\u00eda del Distrito Nacional en su gesti\u00f3n. Durante la\u2026","rel":"","context":"En \u00abPOLITICA\u00bb","block_context":{"text":"POLITICA","link":"https:\/\/lasprimeras.com.do\/index.php\/category\/politica\/"},"img":{"alt_text":"","src":"https:\/\/i0.wp.com\/lasprimeras.com.do\/wp-content\/uploads\/2025\/11\/Carolina-Mejia.jpg?resize=350%2C200&ssl=1","width":350,"height":200,"srcset":"https:\/\/i0.wp.com\/lasprimeras.com.do\/wp-content\/uploads\/2025\/11\/Carolina-Mejia.jpg?resize=350%2C200&ssl=1 1x, https:\/\/i0.wp.com\/lasprimeras.com.do\/wp-content\/uploads\/2025\/11\/Carolina-Mejia.jpg?resize=525%2C300&ssl=1 1.5x, https:\/\/i0.wp.com\/lasprimeras.com.do\/wp-content\/uploads\/2025\/11\/Carolina-Mejia.jpg?resize=700%2C400&ssl=1 2x"},"classes":[]},{"id":103652,"url":"https:\/\/lasprimeras.com.do\/index.php\/2025\/07\/17\/manuel-jimenez-exhorta-a-diputados-aprobar-ley-que-asigna-nombre-la-trinitaria-a-santo-domingo-este\/","url_meta":{"origin":100233,"position":3},"title":"Manuel Jim\u00e9nez exhorta a diputados aprobar Ley que asigna nombre &#8220;La Trinitaria&#8221; a Santo Domingo Este","author":"Nelson Feliz","date":"17 de julio de 2025","format":false,"excerpt":"El dirigente pol\u00edtico del Partido Revolucionario Moderno (PRM) Manuel Jim\u00e9nez, exhort\u00f3 a la C\u00e1mara de Diputados a avanzar en la discusi\u00f3n del proyecto que asigna el nombre de La Trinitaria al municipio Santo Domingo Este. El ex alcalde record\u00f3 que cientos de dirigentes comunitarios, pol\u00edticos y empresarios han celebrado vistas\u2026","rel":"","context":"En \u00abNACIONALES\u00bb","block_context":{"text":"NACIONALES","link":"https:\/\/lasprimeras.com.do\/index.php\/category\/nacionales\/"},"img":{"alt_text":"Manuel Jim\u00e9nez","src":"https:\/\/i0.wp.com\/lasprimeras.com.do\/wp-content\/uploads\/2025\/07\/Manuel-Jimenez-1.jpg?resize=350%2C200&ssl=1","width":350,"height":200,"srcset":"https:\/\/i0.wp.com\/lasprimeras.com.do\/wp-content\/uploads\/2025\/07\/Manuel-Jimenez-1.jpg?resize=350%2C200&ssl=1 1x, https:\/\/i0.wp.com\/lasprimeras.com.do\/wp-content\/uploads\/2025\/07\/Manuel-Jimenez-1.jpg?resize=525%2C300&ssl=1 1.5x, https:\/\/i0.wp.com\/lasprimeras.com.do\/wp-content\/uploads\/2025\/07\/Manuel-Jimenez-1.jpg?resize=700%2C400&ssl=1 2x"},"classes":[]},{"id":72213,"url":"https:\/\/lasprimeras.com.do\/index.php\/2023\/12\/27\/apresan-cabecilla-de-banda-mantenia-en-zozobra-a-villa-mella\/","url_meta":{"origin":100233,"position":4},"title":"Apresan cabecilla de banda manten\u00eda en zozobra a Villa Mella","author":"Nelson Feliz","date":"27 de diciembre de 2023","format":false,"excerpt":"Hacen llamado al Procurador Fiscal Milc\u00edades Guzm\u00e1n, de la Zona Oriental a no permitir que el mismo sea puesto en libertad por dinero. Agentes de la Direcci\u00f3n de Investigaciones Criminales de la Polic\u00eda Nacional (DICRIM), divisi\u00f3n Santo Domingo Norte, arrestaron al presunto cabecilla de una banda de asaltantes que se\u2026","rel":"","context":"En \u00abMILITARES\u00bb","block_context":{"text":"MILITARES","link":"https:\/\/lasprimeras.com.do\/index.php\/category\/militares\/"},"img":{"alt_text":"Jos\u00e9 Manuel Mart\u00ednez N\u00fa\u00f1ez","src":"https:\/\/i0.wp.com\/lasprimeras.com.do\/wp-content\/uploads\/2023\/12\/Jose-Manuel-Martinez-Nunez.jpg?resize=350%2C200&ssl=1","width":350,"height":200,"srcset":"https:\/\/i0.wp.com\/lasprimeras.com.do\/wp-content\/uploads\/2023\/12\/Jose-Manuel-Martinez-Nunez.jpg?resize=350%2C200&ssl=1 1x, https:\/\/i0.wp.com\/lasprimeras.com.do\/wp-content\/uploads\/2023\/12\/Jose-Manuel-Martinez-Nunez.jpg?resize=525%2C300&ssl=1 1.5x"},"classes":[]},{"id":50757,"url":"https:\/\/lasprimeras.com.do\/index.php\/2023\/05\/23\/fp-en-ny-afirma-funcionarios-de-abinader-gastan-alegremente-los-recursos-del-estado\/","url_meta":{"origin":100233,"position":5},"title":"FP en NY afirma funcionarios de Abinader gastan alegremente los recursos del Estado","author":"prenxa100","date":"23 de mayo de 2023","format":false,"excerpt":"Autor Francis P\u00e9rez NUEVA YORK. - El coordinador empresarial de la Fuerza del Pueblo en Nueva York, ingeniero Rafael Montes de Oca, inst\u00f3 al gobernante de la Rep\u00fablica Dominicana, Luis Abinader, a \u00abcontrolar los gastos del Estado, sobre la base de dirigir mejor a sus funcionarios p\u00fablicos y dejar de\u2026","rel":"","context":"En \u00abSin categor\u00eda\u00bb","block_context":{"text":"Sin categor\u00eda","link":"https:\/\/lasprimeras.com.do\/index.php\/category\/sin-categoria\/"},"img":{"alt_text":"","src":"","width":0,"height":0},"classes":[]}],"jetpack_sharing_enabled":true,"_links":{"self":[{"href":"https:\/\/lasprimeras.com.do\/index.php\/wp-json\/wp\/v2\/posts\/100233","targetHints":{"allow":["GET"]}}],"collection":[{"href":"https:\/\/lasprimeras.com.do\/index.php\/wp-json\/wp\/v2\/posts"}],"about":[{"href":"https:\/\/lasprimeras.com.do\/index.php\/wp-json\/wp\/v2\/types\/post"}],"author":[{"embeddable":true,"href":"https:\/\/lasprimeras.com.do\/index.php\/wp-json\/wp\/v2\/users\/2"}],"replies":[{"embeddable":true,"href":"https:\/\/lasprimeras.com.do\/index.php\/wp-json\/wp\/v2\/comments?post=100233"}],"version-history":[{"count":1,"href":"https:\/\/lasprimeras.com.do\/index.php\/wp-json\/wp\/v2\/posts\/100233\/revisions"}],"predecessor-version":[{"id":100236,"href":"https:\/\/lasprimeras.com.do\/index.php\/wp-json\/wp\/v2\/posts\/100233\/revisions\/100236"}],"wp:featuredmedia":[{"embeddable":true,"href":"https:\/\/lasprimeras.com.do\/index.php\/wp-json\/wp\/v2\/media\/100235"}],"wp:attachment":[{"href":"https:\/\/lasprimeras.com.do\/index.php\/wp-json\/wp\/v2\/media?parent=100233"}],"wp:term":[{"taxonomy":"category","embeddable":true,"href":"https:\/\/lasprimeras.com.do\/index.php\/wp-json\/wp\/v2\/categories?post=100233"},{"taxonomy":"post_tag","embeddable":true,"href":"https:\/\/lasprimeras.com.do\/index.php\/wp-json\/wp\/v2\/tags?post=100233"}],"curies":[{"name":"wp","href":"https:\/\/api.w.org\/{rel}","templated":true}]}}