{"id":100237,"date":"2025-06-03T23:52:37","date_gmt":"2025-06-04T03:52:37","guid":{"rendered":"https:\/\/lasprimeras.com.do\/?p=100237"},"modified":"2025-06-03T23:52:39","modified_gmt":"2025-06-04T03:52:39","slug":"senado-conforma-comision-especial-para-estudio-y-analisis-del-proyecto-de-ley-de-agua","status":"publish","type":"post","link":"https:\/\/lasprimeras.com.do\/index.php\/2025\/06\/03\/senado-conforma-comision-especial-para-estudio-y-analisis-del-proyecto-de-ley-de-agua\/","title":{"rendered":"Senado conforma comisi\u00f3n especial para estudio y an\u00e1lisis del proyecto de ley de agua"},"content":{"rendered":"\n<p>El Senado de la Rep\u00fablica dej\u00f3 conformada una comisi\u00f3n especial para ponderar y estudiar el Proyecto de Ley de Aguas de la Rep\u00fablica Dominicana, presentada por el senador Dagoberto Rodr\u00edguez Adames.<\/p>\n\n\n\n<p>La comisi\u00f3n especial ser\u00e1 presidida por el senador Ram\u00f3n Rogelio Genao, e integrada por los senadores Crist\u00f3bal Venerado, Pedro Catra\u00edn, Aracelis Villanueva, Gustavo Lara, Omar Fern\u00e1ndez, F\u00e9lix Bautista, Antonio Marte, y Mois\u00e9s Ayala.<\/p>\n\n\n\n<p>El presidente del Senado, Ricardo de los Santos, consider\u00f3 que por la necesidad y el tiempo que tiene el proyecto en el Congreso sin aprobaci\u00f3n era prudente conformar la comisi\u00f3n.<\/p>\n\n\n\n<p>En los trabajos de este martes, el Pleno del Senado sancion\u00f3 varias resoluciones en \u00fanica lectura, entre \u00e9stas, la que solicita a Faride Virginia Raful Soriano, ministra de Interior y Polic\u00eda, disponer la instalaci\u00f3n de una oficina regional de ese ministerio en la provincia El Seibo, iniciativa presentada por el senador Santiago Jos\u00e9 Zorrilla.<\/p>\n\n\n\n<p>Adem\u00e1s, fue conocida la resoluci\u00f3n que solicita al presidente Luis Abinader, instruir al ministro de Obras P\u00fablicas y Comunicaciones, Eduardo Estrella Virella, para la construcci\u00f3n de un puente sobre el R\u00edo Magu\u00e1, en la secci\u00f3n el Coco, del distrito municipal Mata Palacio, y en el paraje Monte Coca, propuesta del senador Crist\u00f3bal Venerado Castillo.<\/p>\n\n\n\n<p>De igual modo, fue sancionada la resoluci\u00f3n que solicita al presidente, Luis Abinader, instruir al ministro de la Vivienda, H\u00e1bitat y Edificaciones, Carlos Bonilla S\u00e1nchez, para que instale el techado de la cancha del Liceo el Valle, del municipio del Valle, provincia Hato Mayor, presentada por el senador Crist\u00f3bal Venerado Castillo.<\/p>\n\n\n\n<p>Los senadores aprobaron la resoluci\u00f3n que solicita al director del Instituto Dominicano de Prevenci\u00f3n y Protecci\u00f3n de Riesgos Laborales (IDOPPRIL), Agust\u00edn Burgos Tejada, la instalaci\u00f3n de una oficina de esa entidad en el distrito municipal tur\u00edstico Ver\u00f3n, Punta Cana, provincia La Altagracia, proponente Rafael Bar\u00f3n Duluc; as\u00ed como la resoluci\u00f3n que reconoce a Jos\u00e9 Luis de los Santos Marte, \u201cJochy Santos\u201d, por sus 50 a\u00f1os de trayectoria en el arte y la comunicaci\u00f3n, propuesta de Antonio Marte .<\/p>\n\n\n\n<p>El presidente del Senado encomend\u00f3 a la Comisi\u00f3n Especial que escogi\u00f3 a los miembros de la Junta Central Electoral (JCE), a seleccionar de los perfiles que fueron evaluados en esa ocasi\u00f3n, al sustituto del miembro suplente Iv\u00e1n Vladimir F\u00e9lix Vargas, quien gan\u00f3 un concurso como Procurador Adjunto, y cuya posici\u00f3n est\u00e1 vacante.<\/p>\n\n\n\n<p>De los Santos convoc\u00f3 a sesi\u00f3n para el pr\u00f3ximo jueves 5 de junio a las 10 de la ma\u00f1ana.<\/p>\n","protected":false},"excerpt":{"rendered":"<p>El Senado de la Rep\u00fablica dej\u00f3 conformada una comisi\u00f3n especial para ponderar y estudiar el Proyecto de Ley de Aguas de la Rep\u00fablica Dominicana, presentada por el senador Dagoberto Rodr\u00edguez&hellip;<\/p>\n","protected":false},"author":2,"featured_media":100238,"comment_status":"open","ping_status":"open","sticky":false,"template":"","format":"standard","meta":{"content-type":"","jetpack_post_was_ever_published":false,"_jetpack_newsletter_access":"","_jetpack_dont_email_post_to_subs":false,"_jetpack_newsletter_tier_id":0,"_jetpack_memberships_contains_paywalled_content":false,"_jetpack_memberships_contains_paid_content":false,"footnotes":""},"categories":[35,25],"tags":[2229,10366,2865,20201,276,413],"class_list":["post-100237","post","type-post","status-publish","format-standard","has-post-thumbnail","hentry","category-nacionales","category-portada","tag-analisis","tag-comision-especial","tag-estudio","tag-ley-de-agua","tag-proyecto","tag-senado"],"jetpack_featured_media_url":"https:\/\/lasprimeras.com.do\/wp-content\/uploads\/2025\/06\/senado-7.jpg","jetpack-related-posts":[{"id":98341,"url":"https:\/\/lasprimeras.com.do\/index.php\/2025\/05\/06\/senado-conforma-comision-para-estudio-y-analisis-del-proyecto-de-ley-organica-de-libertad-de-expresion\/","url_meta":{"origin":100237,"position":0},"title":"Senado conforma comisi\u00f3n para estudio y an\u00e1lisis del Proyecto de Ley Org\u00e1nica de Libertad de Expresi\u00f3n","author":"Nelson Feliz","date":"6 de mayo de 2025","format":false,"excerpt":"El presidente de la C\u00e1mara Alta, Ricardo de los Santos, afirm\u00f3 que para sancionar esta pieza legislativa ser\u00e1n escuchados todos los sectores involucrados, incluyendo los medios digitales para que se apruebe una ley basada en el consenso. El Senado de la Rep\u00fablica dejo conformada una Comisi\u00f3n Especial para analizar y\u2026","rel":"","context":"En \u00abNACIONALES\u00bb","block_context":{"text":"NACIONALES","link":"https:\/\/lasprimeras.com.do\/index.php\/category\/nacionales\/"},"img":{"alt_text":"","src":"https:\/\/i0.wp.com\/lasprimeras.com.do\/wp-content\/uploads\/2025\/05\/Ricardo-de-los-Santos-1.jpg?resize=350%2C200&ssl=1","width":350,"height":200,"srcset":"https:\/\/i0.wp.com\/lasprimeras.com.do\/wp-content\/uploads\/2025\/05\/Ricardo-de-los-Santos-1.jpg?resize=350%2C200&ssl=1 1x, https:\/\/i0.wp.com\/lasprimeras.com.do\/wp-content\/uploads\/2025\/05\/Ricardo-de-los-Santos-1.jpg?resize=525%2C300&ssl=1 1.5x, https:\/\/i0.wp.com\/lasprimeras.com.do\/wp-content\/uploads\/2025\/05\/Ricardo-de-los-Santos-1.jpg?resize=700%2C400&ssl=1 2x"},"classes":[]},{"id":78197,"url":"https:\/\/lasprimeras.com.do\/index.php\/2024\/02\/28\/senado-envia-a-comision-leyes-modifican-dni-los-codigos-de-trabajo-civil-y-seguridad-social-2\/","url_meta":{"origin":100237,"position":1},"title":"Senado env\u00eda a comisi\u00f3n leyes modifican DNI, los C\u00f3digos de Trabajo, Civil y Seguridad Social","author":"BIMARY DE JES\u00daS Matos","date":"28 de febrero de 2024","format":false,"excerpt":"Martin Restituyo Santo Domingo.- Durante el inicio de los trabajos de la primera legislatura, el presidente del Senado, Ricardo de los Santos, remiti\u00f3 importantes proyectos de leyes a diferentes comisiones para su an\u00e1lisis y ponderaci\u00f3n. Dentro de los proyectos para fines de modificaci\u00f3n est\u00e1n el C\u00f3digo Civil de la Rep\u00fablica\u2026","rel":"","context":"En \u00abSin categor\u00eda\u00bb","block_context":{"text":"Sin categor\u00eda","link":"https:\/\/lasprimeras.com.do\/index.php\/category\/sin-categoria\/"},"img":{"alt_text":"","src":"https:\/\/i0.wp.com\/lasprimeras.com.do\/wp-content\/uploads\/2024\/02\/IMG-20240228-WA0061-scaled.jpg?resize=350%2C200&ssl=1","width":350,"height":200,"srcset":"https:\/\/i0.wp.com\/lasprimeras.com.do\/wp-content\/uploads\/2024\/02\/IMG-20240228-WA0061-scaled.jpg?resize=350%2C200&ssl=1 1x, https:\/\/i0.wp.com\/lasprimeras.com.do\/wp-content\/uploads\/2024\/02\/IMG-20240228-WA0061-scaled.jpg?resize=525%2C300&ssl=1 1.5x, https:\/\/i0.wp.com\/lasprimeras.com.do\/wp-content\/uploads\/2024\/02\/IMG-20240228-WA0061-scaled.jpg?resize=700%2C400&ssl=1 2x, https:\/\/i0.wp.com\/lasprimeras.com.do\/wp-content\/uploads\/2024\/02\/IMG-20240228-WA0061-scaled.jpg?resize=1050%2C600&ssl=1 3x, https:\/\/i0.wp.com\/lasprimeras.com.do\/wp-content\/uploads\/2024\/02\/IMG-20240228-WA0061-scaled.jpg?resize=1400%2C800&ssl=1 4x"},"classes":[]},{"id":70620,"url":"https:\/\/lasprimeras.com.do\/index.php\/2023\/12\/12\/senado-conforma-comision-especial-para-analizar-contrato-aerodom\/","url_meta":{"origin":100237,"position":2},"title":"Senado conforma Comisi\u00f3n Especial para analizar contrato Aerodom","author":"Nelson Feliz","date":"12 de diciembre de 2023","format":false,"excerpt":"Pleno escuchar\u00e1 negociadores en comisi\u00f3n general. El Senado conform\u00f3 una comisi\u00f3n especial para que analice y estudie el contrato entre Aerodom y el Estado Dominicano, y aprob\u00f3 que el pleno se constituya en Comisi\u00f3n General para escuchar a los que negociaron el citado contrato. Ricardo de los Santos, presidente del\u2026","rel":"","context":"En \u00abECONOM\u00cdA\u00bb","block_context":{"text":"ECONOM\u00cdA","link":"https:\/\/lasprimeras.com.do\/index.php\/category\/economia\/"},"img":{"alt_text":"SENADO","src":"https:\/\/i0.wp.com\/lasprimeras.com.do\/wp-content\/uploads\/2023\/12\/SENADO-1-1.jpg?resize=350%2C200&ssl=1","width":350,"height":200,"srcset":"https:\/\/i0.wp.com\/lasprimeras.com.do\/wp-content\/uploads\/2023\/12\/SENADO-1-1.jpg?resize=350%2C200&ssl=1 1x, https:\/\/i0.wp.com\/lasprimeras.com.do\/wp-content\/uploads\/2023\/12\/SENADO-1-1.jpg?resize=525%2C300&ssl=1 1.5x, https:\/\/i0.wp.com\/lasprimeras.com.do\/wp-content\/uploads\/2023\/12\/SENADO-1-1.jpg?resize=700%2C400&ssl=1 2x"},"classes":[]},{"id":78148,"url":"https:\/\/lasprimeras.com.do\/index.php\/2024\/02\/28\/senado-envia-a-comision-leyes-modifican-dni-los-codigos-de-trabajo-civil-y-seguridad-social\/","url_meta":{"origin":100237,"position":3},"title":"Senado env\u00eda a comisi\u00f3n leyes modifican DNI, C\u00f3digos de Trabajo, Civil y Seguridad Social","author":"BIMARY DE JES\u00daS Matos","date":"28 de febrero de 2024","format":false,"excerpt":"Durante el inicio de los trabajos de la primera legislatura, el presidente del Senado, Ricardo de los Santos, remiti\u00f3 importantes proyectos de leyes a diferentes comisiones para su an\u00e1lisis y ponderaci\u00f3n. Dentro de los proyectos para fines de modificaci\u00f3n est\u00e1n el C\u00f3digo Civil de la Rep\u00fablica Dominicana, que se remiti\u00f3\u2026","rel":"","context":"En \u00abNACIONALES\u00bb","block_context":{"text":"NACIONALES","link":"https:\/\/lasprimeras.com.do\/index.php\/category\/nacionales\/"},"img":{"alt_text":"","src":"https:\/\/i0.wp.com\/lasprimeras.com.do\/wp-content\/uploads\/2024\/01\/Senado.jpg?resize=350%2C200&ssl=1","width":350,"height":200,"srcset":"https:\/\/i0.wp.com\/lasprimeras.com.do\/wp-content\/uploads\/2024\/01\/Senado.jpg?resize=350%2C200&ssl=1 1x, https:\/\/i0.wp.com\/lasprimeras.com.do\/wp-content\/uploads\/2024\/01\/Senado.jpg?resize=525%2C300&ssl=1 1.5x"},"classes":[]},{"id":95267,"url":"https:\/\/lasprimeras.com.do\/index.php\/2025\/03\/11\/senado-conforma-comision-especial-para-estudiar-proyecto-de-ley-del-codigo-penal\/","url_meta":{"origin":100237,"position":4},"title":"Senado conforma Comisi\u00f3n Especial para estudiar proyecto de ley del C\u00f3digo Penal","author":"Nelson Feliz","date":"11 de marzo de 2025","format":false,"excerpt":"El presidente del Senado, Ricardo de los Santos, consider\u00f3 como una \u201cdeuda que tiene el Congreso Nacional con el pa\u00eds\u201d la necesidad de que esta ley sea aplicada a la mayor brevedad. El Senado de la Rep\u00fablica dejo conformada una Comisi\u00f3n Especial para el estudio y ponderaci\u00f3n del proyecto de\u2026","rel":"","context":"En \u00abNACIONALES\u00bb","block_context":{"text":"NACIONALES","link":"https:\/\/lasprimeras.com.do\/index.php\/category\/nacionales\/"},"img":{"alt_text":"","src":"https:\/\/i0.wp.com\/lasprimeras.com.do\/wp-content\/uploads\/2025\/03\/SENADO-1.jpg?resize=350%2C200&ssl=1","width":350,"height":200,"srcset":"https:\/\/i0.wp.com\/lasprimeras.com.do\/wp-content\/uploads\/2025\/03\/SENADO-1.jpg?resize=350%2C200&ssl=1 1x, https:\/\/i0.wp.com\/lasprimeras.com.do\/wp-content\/uploads\/2025\/03\/SENADO-1.jpg?resize=525%2C300&ssl=1 1.5x, https:\/\/i0.wp.com\/lasprimeras.com.do\/wp-content\/uploads\/2025\/03\/SENADO-1.jpg?resize=700%2C400&ssl=1 2x"},"classes":[]},{"id":102724,"url":"https:\/\/lasprimeras.com.do\/index.php\/2025\/07\/08\/comision-especial-que-estudia-codigo-de-trabajo-finaliza-analisis-de-pieza\/","url_meta":{"origin":100237,"position":5},"title":"Comisi\u00f3n Especial que estudia C\u00f3digo de Trabajo finaliza an\u00e1lisis de pieza","author":"Nelson Feliz","date":"8 de julio de 2025","format":false,"excerpt":"La reuni\u00f3n de este lunes cont\u00f3 con la presencia del presidente del Senado de la Rep\u00fablica, Ricardo de los Santos. Por Israel Figueroa\u00a0La Comisi\u00f3n Especial del Senado designada para estudiar el Proyecto de Ley que introduce modificaciones a la Ley n\u00fam. 16-92, del 29 de mayo de 1992 que aprueba\u2026","rel":"","context":"En \u00abNACIONALES\u00bb","block_context":{"text":"NACIONALES","link":"https:\/\/lasprimeras.com.do\/index.php\/category\/nacionales\/"},"img":{"alt_text":"","src":"https:\/\/i0.wp.com\/lasprimeras.com.do\/wp-content\/uploads\/2025\/07\/ct-1.jpg?resize=350%2C200&ssl=1","width":350,"height":200,"srcset":"https:\/\/i0.wp.com\/lasprimeras.com.do\/wp-content\/uploads\/2025\/07\/ct-1.jpg?resize=350%2C200&ssl=1 1x, https:\/\/i0.wp.com\/lasprimeras.com.do\/wp-content\/uploads\/2025\/07\/ct-1.jpg?resize=525%2C300&ssl=1 1.5x, https:\/\/i0.wp.com\/lasprimeras.com.do\/wp-content\/uploads\/2025\/07\/ct-1.jpg?resize=700%2C400&ssl=1 2x"},"classes":[]}],"jetpack_sharing_enabled":true,"_links":{"self":[{"href":"https:\/\/lasprimeras.com.do\/index.php\/wp-json\/wp\/v2\/posts\/100237","targetHints":{"allow":["GET"]}}],"collection":[{"href":"https:\/\/lasprimeras.com.do\/index.php\/wp-json\/wp\/v2\/posts"}],"about":[{"href":"https:\/\/lasprimeras.com.do\/index.php\/wp-json\/wp\/v2\/types\/post"}],"author":[{"embeddable":true,"href":"https:\/\/lasprimeras.com.do\/index.php\/wp-json\/wp\/v2\/users\/2"}],"replies":[{"embeddable":true,"href":"https:\/\/lasprimeras.com.do\/index.php\/wp-json\/wp\/v2\/comments?post=100237"}],"version-history":[{"count":1,"href":"https:\/\/lasprimeras.com.do\/index.php\/wp-json\/wp\/v2\/posts\/100237\/revisions"}],"predecessor-version":[{"id":100239,"href":"https:\/\/lasprimeras.com.do\/index.php\/wp-json\/wp\/v2\/posts\/100237\/revisions\/100239"}],"wp:featuredmedia":[{"embeddable":true,"href":"https:\/\/lasprimeras.com.do\/index.php\/wp-json\/wp\/v2\/media\/100238"}],"wp:attachment":[{"href":"https:\/\/lasprimeras.com.do\/index.php\/wp-json\/wp\/v2\/media?parent=100237"}],"wp:term":[{"taxonomy":"category","embeddable":true,"href":"https:\/\/lasprimeras.com.do\/index.php\/wp-json\/wp\/v2\/categories?post=100237"},{"taxonomy":"post_tag","embeddable":true,"href":"https:\/\/lasprimeras.com.do\/index.php\/wp-json\/wp\/v2\/tags?post=100237"}],"curies":[{"name":"wp","href":"https:\/\/api.w.org\/{rel}","templated":true}]}}