{"id":100240,"date":"2025-06-03T23:57:15","date_gmt":"2025-06-04T03:57:15","guid":{"rendered":"https:\/\/lasprimeras.com.do\/?p=100240"},"modified":"2025-06-03T23:57:16","modified_gmt":"2025-06-04T03:57:16","slug":"senado-de-la-republica-reconoce-varias-personalidades-del-arte-y-la-cultura-dominicana","status":"publish","type":"post","link":"https:\/\/lasprimeras.com.do\/index.php\/2025\/06\/03\/senado-de-la-republica-reconoce-varias-personalidades-del-arte-y-la-cultura-dominicana\/","title":{"rendered":"Senado de la Rep\u00fablica reconoce varias personalidades del Arte y la Cultura Dominicana"},"content":{"rendered":"\n<p>Por: Adalgisa S\u00e1nchez<\/p>\n\n\n\n<p>En un emotivo acto el Senado de la Rep\u00fablica entreg\u00f3 sendos reconocimientos al comunicador y presentador de televisi\u00f3n, Eliseo Antonio Garc\u00eda (Ellis P\u00e9rez); a la Galer\u00eda de Arte Nader; al director teatral, Salvador P\u00e9rez Mart\u00ednez; y a C\u00e9sar Bienvenido Olmos por sus aportes al desarrollo del arte y la cultura del pa\u00eds.<\/p>\n\n\n\n<p>Las resoluciones que dan mandato para estos reconocimientos, fueron sometidas al Pleno Senatorial por el senador Franklin Romero, con el prop\u00f3sito de destacar la importancia de valorar los esfuerzos de las personas que han tenido un impacto significativo en sus respectivas \u00e1reas, fomentando un sentido de comunidad y aprecio por los logros locales.<\/p>\n\n\n\n<p>El pergamino que reconoce a Eliseo Antonio Garc\u00eda (Ellis P\u00e9rez), por su trayectoria profesional, animador comunicador, presentador maestro de ceremonias e icono de la comunicaci\u00f3n dominicana, fue le\u00eddo de manera \u00edntegra durante la ceremonia.<\/p>\n\n\n\n<p>En el considerando quinto, la pieza describe la larga y positiva trayectoria de (Ellis P\u00e9rez) en el arte, la cultura, el impulso tur\u00edstico, el posicionamiento de la naci\u00f3n, y su rol como un \u00edcono de la radiodifusi\u00f3n dominicana. Adem\u00e1s, destaca su trabajo tesonero y amor por la Patria, constituy\u00e9ndose como un referente para la naci\u00f3n dominicana.<\/p>\n\n\n\n<p>Durante el acto tambi\u00e9n fue reconocida la Galer\u00eda de Arte Nader, por sus 52 a\u00f1os de trayectoria en beneficio de las artes pl\u00e1sticas de la naci\u00f3n dominicana, latina y mundial, representada por Francisco Nader, quien recibi\u00f3 el pergamino de reconocimiento.<\/p>\n\n\n\n<p>La pieza destaca que la galer\u00eda de Arte Nader ha contribuido con la Rep\u00fablica Dominicana en la difusi\u00f3n del arte, con su trabajo de exposici\u00f3n y promoci\u00f3n de la cultura dominicana, expresada a trav\u00e9s de las artes pl\u00e1sticas, constituy\u00e9ndose en un referente de entrega y dedicaci\u00f3n dentro y fuera del pa\u00eds.<\/p>\n\n\n\n<p>En tanto que, el maestro, actor y director, Salvador P\u00e9rez Mart\u00ednez (El Pera), fue reconocido por sus m\u00e1s de 60 a\u00f1os de aportes al arte y la cultura de la naci\u00f3n, representando siempre a los dominicanos en diferentes escenarios del mundo.<\/p>\n\n\n\n<p>Mientras que, C\u00e9sar Bienvenido Olmos Vidal, fue distinguido por su trascendental carrera art\u00edstica, magisterial, cultural y sus extraordinarios aportes realizados al teatro dominicano por m\u00e1s de 50 a\u00f1os en beneficio de la naci\u00f3n dominicana.<\/p>\n\n\n\n<p>Estos reconocimientos fueron entregados en virtud del servicio p\u00fablico y su compromiso de los galardonados con el desarrollo comunitario. Sus esfuerzos han impactado significativamente a las comunidades locales, promoviendo el bienestar social y la participaci\u00f3n c\u00edvica.<\/p>\n\n\n\n<p>El reconocimiento del Senado a estas personas refleja un compromiso m\u00e1s amplio de valorar el servicio p\u00fablico y alentar a otros a contribuir positivamente a la sociedad.<\/p>\n\n\n\n<p>Los certificados fueron entregados por el presidente del Senado, Ricardo de los Santos, acompa\u00f1ado del proponente, senador Franklin Romero, as\u00ed como de los senadores Mar\u00eda Mercedes Ortiz, Jhonson Encarnaci\u00f3n y Daniel Rivera.<\/p>\n\n\n\n<p>El presidente del Senado se dirigi\u00f3 a los galardonados haciendo menci\u00f3n de los aportes de cada uno de ellos, seg\u00fan su rama.<\/p>\n\n\n\n<p>Refiri\u00f3 que es un orgullo para el Senado de la Rep\u00fablica reconocer a estas personalidades, consider\u00e1ndolos como un ejemplo para las nuevas generaciones, dejando como legado \u201cel conocimiento, esfuerzo y grandes sacrificios\u201d.<\/p>\n\n\n\n<p>\u201cHoy, en el Senado de la Rep\u00fablica, estamos reconociendo el esfuerzo y el trabajo que ustedes han tenido que pasar para llegar donde han llegado a puro pulm\u00f3n, a base de sacrificio y un trabajo incansable, dedic\u00e1ndose cada uno a trillar el camino para que as\u00ed sea; y nosotros, desde el Senado, nos sentimos altamente satisfechos y orgullosos de reconocerles\u201d, expres\u00f3 el presidente de la C\u00e1mara Alta, Ricardo de los Santos.<\/p>\n\n\n\n<p>El propulsor de estas iniciativas, senador Franklin Romero, expuso que estas personalidades de las artes dominicanas fueron reconocidas por su pasi\u00f3n a trav\u00e9s de las ense\u00f1anzas cada uno en su dotes o ramas del saber.<\/p>\n\n\n\n<p>\u201cA todos ustedes, homenajeados, gracias por una vida dedicada al servicio del arte y de la cultura. Este Senado entrega hoy un pergamino, pero en realidad les entrega algo m\u00e1s, el reconocimiento del pueblo que representan y la gratitud de la historia que han ayudado a escribir\u201d, dijo el senador por la provincia Duarte.<\/p>\n\n\n\n<p>El comunicador Ellis P\u00e9rez, agradeci\u00f3 a los legisladores y al proponente, y dijo sentirse muy satisfecho por la distinci\u00f3n recibida, \u201c He tenido la bendici\u00f3n, el privilegio de haber recibido el mayor reconocimiento que otorga el Poder Ejecutivo, recibimos la Orden de Duarte, S\u00e1nchez y Mella, y ahora la tapa la pone, en esta ocasi\u00f3n, el que el primer Poder del Estado, el Congreso, a trav\u00e9s de su m\u00e1xima representaci\u00f3n, que es el Senado de la Rep\u00fablica, me hace este reconocimiento igual que a mis colegas\u201d, se\u00f1al\u00f3 el tambi\u00e9n reconocido locutor.<\/p>\n\n\n\n<p>Esta actividad se realiz\u00f3 en el Sal\u00f3n Reinado Pared P\u00e9rez, en el cuarto piso del edificio del Senado, donde los homenajeados acudieron en compa\u00f1\u00eda de familiares, y amigos y dedicaron palabras de agradecimiento por los logros alcanzados y las experiencias vividas, donde compartieron algunas an\u00e9cdotas.<\/p>\n\n\n\n<p>Al acto de entrega de los pergaminos de reconocimiento asistieron senadores, diputados, familiares de los reconocidos, invitados especiales, directores y funcionarios de la C\u00e1mara Alta.<\/p>\n","protected":false},"excerpt":{"rendered":"<p>Por: Adalgisa S\u00e1nchez En un emotivo acto el Senado de la Rep\u00fablica entreg\u00f3 sendos reconocimientos al comunicador y presentador de televisi\u00f3n, Eliseo Antonio Garc\u00eda (Ellis P\u00e9rez); a la Galer\u00eda de&hellip;<\/p>\n","protected":false},"author":2,"featured_media":100241,"comment_status":"open","ping_status":"open","sticky":false,"template":"","format":"standard","meta":{"content-type":"","jetpack_post_was_ever_published":false,"_jetpack_newsletter_access":"","_jetpack_dont_email_post_to_subs":false,"_jetpack_newsletter_tier_id":0,"_jetpack_memberships_contains_paywalled_content":false,"_jetpack_memberships_contains_paid_content":false,"footnotes":""},"categories":[35],"tags":[20202,549,9300,728,1906,413],"class_list":["post-100240","post","type-post","status-publish","format-standard","has-post-thumbnail","hentry","category-nacionales","tag-arte-y-cultura","tag-dominicana","tag-personalidades","tag-reconoce","tag-republica","tag-senado"],"jetpack_featured_media_url":"https:\/\/lasprimeras.com.do\/wp-content\/uploads\/2025\/06\/cultura.jpg","jetpack-related-posts":[{"id":86475,"url":"https:\/\/lasprimeras.com.do\/index.php\/2024\/07\/26\/senado-reconoce-al-musico-clasico-jose-antonio-molina-por-sus-aportes-al-arte\/","url_meta":{"origin":100240,"position":0},"title":"Senado reconoce al m\u00fasico cl\u00e1sico Jos\u00e9 Antonio Molina por sus aportes al arte","author":"Nelson Feliz","date":"26 de julio de 2024","format":false,"excerpt":"El presidente del Senado, Ricardo de los Santos encabez\u00f3 la entrega de un pergamino de reconocimiento al director de la Orquesta Sinf\u00f3nica Nacional, Jos\u00e9 Antonio Molina por sus aportes a la m\u00fasica, el arte y la cultura dominicana. Durante la actividad, el presidente del Senado destac\u00f3 la gran trayectoria del\u2026","rel":"","context":"En \u00abENTRETENIMIENTO\u00bb","block_context":{"text":"ENTRETENIMIENTO","link":"https:\/\/lasprimeras.com.do\/index.php\/category\/entretenimiento\/"},"img":{"alt_text":"Jos\u00e9 Antonio Molina","src":"https:\/\/i0.wp.com\/lasprimeras.com.do\/wp-content\/uploads\/2024\/07\/Jose-Antonio-Molina-1.jpg?resize=350%2C200&ssl=1","width":350,"height":200,"srcset":"https:\/\/i0.wp.com\/lasprimeras.com.do\/wp-content\/uploads\/2024\/07\/Jose-Antonio-Molina-1.jpg?resize=350%2C200&ssl=1 1x, https:\/\/i0.wp.com\/lasprimeras.com.do\/wp-content\/uploads\/2024\/07\/Jose-Antonio-Molina-1.jpg?resize=525%2C300&ssl=1 1.5x, https:\/\/i0.wp.com\/lasprimeras.com.do\/wp-content\/uploads\/2024\/07\/Jose-Antonio-Molina-1.jpg?resize=700%2C400&ssl=1 2x"},"classes":[]},{"id":116792,"url":"https:\/\/lasprimeras.com.do\/index.php\/2025\/12\/03\/senado-reconoce-trayectoria-de-jose-cestero-y-carmen-heredia\/","url_meta":{"origin":100240,"position":1},"title":"Senado reconoce trayectoria de Jos\u00e9 Cestero y Carmen Heredia","author":"Nelson Feliz","date":"3 de diciembre de 2025","format":false,"excerpt":"El Senado de la Rep\u00fablica reconoci\u00f3 las trayectorias del destacado maestro de las artes pl\u00e1sticas Jos\u00e9 Cestero y de Carmen Heredia Ottenwalder por sus aportes en favor del arte y la cultura en la Rep\u00fablica Dominicana. Las resoluciones que sustentan la propuesta de reconocimiento son de la autor\u00eda de la\u2026","rel":"","context":"En \u00abENTRETENIMIENTO\u00bb","block_context":{"text":"ENTRETENIMIENTO","link":"https:\/\/lasprimeras.com.do\/index.php\/category\/entretenimiento\/"},"img":{"alt_text":"","src":"https:\/\/i0.wp.com\/lasprimeras.com.do\/wp-content\/uploads\/2025\/12\/senado.jpg?resize=350%2C200&ssl=1","width":350,"height":200,"srcset":"https:\/\/i0.wp.com\/lasprimeras.com.do\/wp-content\/uploads\/2025\/12\/senado.jpg?resize=350%2C200&ssl=1 1x, https:\/\/i0.wp.com\/lasprimeras.com.do\/wp-content\/uploads\/2025\/12\/senado.jpg?resize=525%2C300&ssl=1 1.5x, https:\/\/i0.wp.com\/lasprimeras.com.do\/wp-content\/uploads\/2025\/12\/senado.jpg?resize=700%2C400&ssl=1 2x"},"classes":[]},{"id":104372,"url":"https:\/\/lasprimeras.com.do\/index.php\/2025\/07\/23\/senado-reconoce-a-personalidades-del-arte-deporte-educacion-justica-y-otras-areas\/","url_meta":{"origin":100240,"position":2},"title":"Senado reconoce a personalidades del arte, deporte, educaci\u00f3n, justica y otras \u00e1reas","author":"Nelson Feliz","date":"23 de julio de 2025","format":false,"excerpt":"El Senado de la Rep\u00fablica reconoci\u00f3 este mi\u00e9rcoles a distintas personalidades destacadas en arte, cultura, deporte, educaci\u00f3n, justica, comunicaci\u00f3n, y actividades sin fines de lucro, durante un acto solemne celebrado en el Sal\u00f3n de la Asamblea Nacional, del Congreso Nacional. Entre las figuras que recibieron lauros se destaca el historiador\u2026","rel":"","context":"En \u00abNACIONALES\u00bb","block_context":{"text":"NACIONALES","link":"https:\/\/lasprimeras.com.do\/index.php\/category\/nacionales\/"},"img":{"alt_text":"","src":"https:\/\/i0.wp.com\/lasprimeras.com.do\/wp-content\/uploads\/2025\/07\/sena-1.jpg?resize=350%2C200&ssl=1","width":350,"height":200,"srcset":"https:\/\/i0.wp.com\/lasprimeras.com.do\/wp-content\/uploads\/2025\/07\/sena-1.jpg?resize=350%2C200&ssl=1 1x, https:\/\/i0.wp.com\/lasprimeras.com.do\/wp-content\/uploads\/2025\/07\/sena-1.jpg?resize=525%2C300&ssl=1 1.5x, https:\/\/i0.wp.com\/lasprimeras.com.do\/wp-content\/uploads\/2025\/07\/sena-1.jpg?resize=700%2C400&ssl=1 2x"},"classes":[]},{"id":110830,"url":"https:\/\/lasprimeras.com.do\/index.php\/2025\/10\/01\/senado-reconoce-al-locutor-jochy-santos-por-50-anos-en-los-medios\/","url_meta":{"origin":100240,"position":3},"title":"Senado reconoce al locutor Jochy Santos por 50 a\u00f1os en los medios","author":"Nelson Feliz","date":"1 de octubre de 2025","format":false,"excerpt":"El Senado de la Rep\u00fablica reconoci\u00f3 este mi\u00e9rcoles al locutor Jos\u00e9 Luis de los Santos Marte (Jochy Santos), por sus 50 a\u00f1os de trayectoria en los medios de comunicaci\u00f3n, y sus aportes al arte y la cultura de la Rep\u00fablica Dominicana. Para reconocer a Jochy Santos, la C\u00e1mara Alta aprob\u00f3\u2026","rel":"","context":"En \u00abENTRETENIMIENTO\u00bb","block_context":{"text":"ENTRETENIMIENTO","link":"https:\/\/lasprimeras.com.do\/index.php\/category\/entretenimiento\/"},"img":{"alt_text":"","src":"https:\/\/i0.wp.com\/lasprimeras.com.do\/wp-content\/uploads\/2025\/10\/Jochy01.jpg?resize=350%2C200&ssl=1","width":350,"height":200,"srcset":"https:\/\/i0.wp.com\/lasprimeras.com.do\/wp-content\/uploads\/2025\/10\/Jochy01.jpg?resize=350%2C200&ssl=1 1x, https:\/\/i0.wp.com\/lasprimeras.com.do\/wp-content\/uploads\/2025\/10\/Jochy01.jpg?resize=525%2C300&ssl=1 1.5x, https:\/\/i0.wp.com\/lasprimeras.com.do\/wp-content\/uploads\/2025\/10\/Jochy01.jpg?resize=700%2C400&ssl=1 2x"},"classes":[]},{"id":85288,"url":"https:\/\/lasprimeras.com.do\/index.php\/2024\/06\/27\/senado-reconoce-los-45-anos-de-trayectoria-musical-de-los-hermanos-rosario\/","url_meta":{"origin":100240,"position":4},"title":"Senado reconoce los 45 a\u00f1os de trayectoria musical de Los Hermanos Rosario","author":"Nelson Feliz","date":"27 de junio de 2024","format":false,"excerpt":"Ricardo de los Santos, presidente del Senado destac\u00f3 el trabajo tesonero de la agrupaci\u00f3n. El Senado de la Rep\u00fablica entreg\u00f3 este mi\u00e9rcoles un pergamino de reconocimiento a la agrupaci\u00f3n musical Los Hermanos Rosario, por sus 45 a\u00f1os de trayectoria en el arte y la cultura, en un acto encabezado por\u2026","rel":"","context":"En \u00abENTRETENIMIENTO\u00bb","block_context":{"text":"ENTRETENIMIENTO","link":"https:\/\/lasprimeras.com.do\/index.php\/category\/entretenimiento\/"},"img":{"alt_text":"","src":"https:\/\/i0.wp.com\/lasprimeras.com.do\/wp-content\/uploads\/2024\/06\/Los-Hermanos-Rosario.jpg?resize=350%2C200&ssl=1","width":350,"height":200,"srcset":"https:\/\/i0.wp.com\/lasprimeras.com.do\/wp-content\/uploads\/2024\/06\/Los-Hermanos-Rosario.jpg?resize=350%2C200&ssl=1 1x, https:\/\/i0.wp.com\/lasprimeras.com.do\/wp-content\/uploads\/2024\/06\/Los-Hermanos-Rosario.jpg?resize=525%2C300&ssl=1 1.5x"},"classes":[]},{"id":95449,"url":"https:\/\/lasprimeras.com.do\/index.php\/2025\/03\/13\/rtvd-entrega-reconocimiento-estrella-al-legado-cultural-a-casandra-damiron\/","url_meta":{"origin":100240,"position":5},"title":"RTVD entrega reconocimiento \u201cEstrella al Legado Cultural\u201d a Casandra Damir\u00f3n","author":"Nelson Feliz","date":"13 de marzo de 2025","format":false,"excerpt":"Radio Televisi\u00f3n Dominicana (RTVD) entreg\u00f3 este mi\u00e9rcoles de manera p\u00f3stuma el reconocimiento \u201cEstrella al Legado Cultural\u201d a la destacada artista dominicana y Gran Soberana Casandra Damir\u00f3n, en conmemoraci\u00f3n del 106 aniversario de su natalicio. El evento se realiz\u00f3 durante una transmisi\u00f3n especial en el matutino del canal 4 \u201cEl Mang\u00fa\u2026","rel":"","context":"En \u00abENTRETENIMIENTO\u00bb","block_context":{"text":"ENTRETENIMIENTO","link":"https:\/\/lasprimeras.com.do\/index.php\/category\/entretenimiento\/"},"img":{"alt_text":"","src":"https:\/\/i0.wp.com\/lasprimeras.com.do\/wp-content\/uploads\/2025\/03\/rtvd.jpg?resize=350%2C200&ssl=1","width":350,"height":200,"srcset":"https:\/\/i0.wp.com\/lasprimeras.com.do\/wp-content\/uploads\/2025\/03\/rtvd.jpg?resize=350%2C200&ssl=1 1x, https:\/\/i0.wp.com\/lasprimeras.com.do\/wp-content\/uploads\/2025\/03\/rtvd.jpg?resize=525%2C300&ssl=1 1.5x, https:\/\/i0.wp.com\/lasprimeras.com.do\/wp-content\/uploads\/2025\/03\/rtvd.jpg?resize=700%2C400&ssl=1 2x"},"classes":[]}],"jetpack_sharing_enabled":true,"_links":{"self":[{"href":"https:\/\/lasprimeras.com.do\/index.php\/wp-json\/wp\/v2\/posts\/100240","targetHints":{"allow":["GET"]}}],"collection":[{"href":"https:\/\/lasprimeras.com.do\/index.php\/wp-json\/wp\/v2\/posts"}],"about":[{"href":"https:\/\/lasprimeras.com.do\/index.php\/wp-json\/wp\/v2\/types\/post"}],"author":[{"embeddable":true,"href":"https:\/\/lasprimeras.com.do\/index.php\/wp-json\/wp\/v2\/users\/2"}],"replies":[{"embeddable":true,"href":"https:\/\/lasprimeras.com.do\/index.php\/wp-json\/wp\/v2\/comments?post=100240"}],"version-history":[{"count":1,"href":"https:\/\/lasprimeras.com.do\/index.php\/wp-json\/wp\/v2\/posts\/100240\/revisions"}],"predecessor-version":[{"id":100242,"href":"https:\/\/lasprimeras.com.do\/index.php\/wp-json\/wp\/v2\/posts\/100240\/revisions\/100242"}],"wp:featuredmedia":[{"embeddable":true,"href":"https:\/\/lasprimeras.com.do\/index.php\/wp-json\/wp\/v2\/media\/100241"}],"wp:attachment":[{"href":"https:\/\/lasprimeras.com.do\/index.php\/wp-json\/wp\/v2\/media?parent=100240"}],"wp:term":[{"taxonomy":"category","embeddable":true,"href":"https:\/\/lasprimeras.com.do\/index.php\/wp-json\/wp\/v2\/categories?post=100240"},{"taxonomy":"post_tag","embeddable":true,"href":"https:\/\/lasprimeras.com.do\/index.php\/wp-json\/wp\/v2\/tags?post=100240"}],"curies":[{"name":"wp","href":"https:\/\/api.w.org\/{rel}","templated":true}]}}