{"id":100249,"date":"2025-06-04T07:48:22","date_gmt":"2025-06-04T11:48:22","guid":{"rendered":"https:\/\/lasprimeras.com.do\/?p=100249"},"modified":"2025-06-04T07:48:24","modified_gmt":"2025-06-04T11:48:24","slug":"negociadores-comerciales-de-eeuu-y-europa-hablan-sobre-aranceles-en-paris","status":"publish","type":"post","link":"https:\/\/lasprimeras.com.do\/index.php\/2025\/06\/04\/negociadores-comerciales-de-eeuu-y-europa-hablan-sobre-aranceles-en-paris\/","title":{"rendered":"Negociadores comerciales de EEUU y Europa hablan sobre aranceles en Par\u00eds"},"content":{"rendered":"\n<p>POR CATHERINE GASCHKA, SAM McNEIL and PAUL WISEMAN<\/p>\n\n\n\n<p>PAR\u00cdS (AP) \u2014 Representantes de Europa y Estados Unidos se reun\u00edan en Par\u00eds para negociar una soluci\u00f3n a una tensa disputa arancelaria con ramificaciones econ\u00f3micas globales entre dos potencias econ\u00f3micas mundiales.<\/p>\n\n\n\n<p>El principal negociador comercial de la Uni\u00f3n Europea, Maro\u0161 \u0160ef\u010dovi\u010d, se reuni\u00f3 el mi\u00e9rcoles con su hom\u00f3logo estadounidense, el representante de Comercio de Estados Unidos, Jamieson Greer, en un aparte de una cumbre de la Organizaci\u00f3n para la Cooperaci\u00f3n y el Desarrollo Econ\u00f3mico.<\/p>\n\n\n\n<p>\u201cEstamos avanzando en la direcci\u00f3n correcta a buen ritmo\u201d, dijo \u0160ef\u010dovi\u010d en una conferencia de prensa. Dijo que las reuniones t\u00e9cnicas que est\u00e1n manteniendo los negociadores de la UE y Estados Unidos en Washington pronto se ver\u00edan seguidas por una videoconferencia entre \u00e9l y Greer para \u201cevaluar el progreso y trazar el camino a seguir\u201d.<\/p>\n\n\n\n<p>Es poco probable que Bruselas y Washington lleguen a un acuerdo comercial sustancial en Par\u00eds. Los problemas que los dividen son demasiado dif\u00edciles de resolver r\u00e1pidamente.<\/p>\n\n\n\n<p>El presidente de Estados Unidos, Donald Trump, se enfurece regularmente por el persistente d\u00e9ficit comercial de Estados Unidos con la Uni\u00f3n Europea, que alcanz\u00f3 un r\u00e9cord de 161.000 millones de d\u00f3lares el a\u00f1o pasado, seg\u00fan el Departamento de Comercio de Estados Unidos.<\/p>\n\n\n\n<p>Trump atribuye la brecha entre lo que Estados Unidos vende y lo que compra de Europa a pr\u00e1cticas comerciales desleales, y critica con frecuencia el impuesto del 10% de la UE sobre los autom\u00f3viles importados.<\/p>\n\n\n\n<p>El de Estados Unidos era del 2,5% hasta que Trump lo elev\u00f3 al 25% en abril. La UE ha argumentado que sus compras de servicios estadounidenses, especialmente en el sector tecnol\u00f3gico, pr\u00e1cticamente superan el d\u00e9ficit.<\/p>\n\n\n\n<p>Despu\u00e9s de los aranceles inesperados del gobierno de Trump sobre el acero que sacudieron los mercados globales la semana pasada y complicaron las negociaciones arancelarias m\u00e1s amplias en curso entre Bruselas y Washington, la UE dijo el lunes que est\u00e1 preparando \u201ccontramedidas\u201d contra Estados Unidos.<\/p>\n\n\n\n<p>La UE ha ofrecido a Estados Unidos un acuerdo de \u201ccero por cero\u201d en el que ambas partes eliminan los aranceles sobre bienes industriales, incluidos los autom\u00f3viles.<\/p>\n\n\n\n<p>Trump ha rechazado esa idea, pero los funcionarios de la UE dicen que todav\u00eda est\u00e1 sobre la mesa.<\/p>\n\n\n\n<p>La UE podr\u00eda comprar m\u00e1s gas natural licuado y art\u00edculos de defensa de Estados Unidos, y reducir los aranceles sobre los autom\u00f3viles, pero no es probable que ceda en las peticiones de eliminar el impuesto al valor agregado, que es similar a un impuesto sobre las ventas, o abrir la UE a la carne de res estadounidense.<\/p>\n\n\n\n<p>\u201cTodav\u00eda tenemos unas semanas para tener esta conversaci\u00f3n y negociaci\u00f3n\u201d, dijo el mi\u00e9rcoles en Par\u00eds Laurent Saint-Martin, ministro franc\u00e9s de Comercio, antes de la reuni\u00f3n de la OCDE.<br>\u201cSi la conversaci\u00f3n y negociaci\u00f3n no tienen \u00e9xito, Europa es capaz de tener contramedidas sobre productos y servicios estadounidenses tambi\u00e9n\u201d.<\/p>\n\n\n\n<p>Greta Peisch, quien fue asesora general del representante comercial de Estados Unidos en el gobierno de Biden, dijo que la propuesta de cero por cero podr\u00eda proporcionar una forma de avanzar si el gobierno Trump \u201cest\u00e1 buscando una raz\u00f3n para no imponer aranceles a la UE\u201d.<\/p>\n\n\n\n<p>Pero Peisch, ahora socia en el bufete de abogados Wiley Rein, se pregunt\u00f3: &#8220;\u00bfc\u00f3mo de motivado est\u00e1 Estados Unidos para llegar a un acuerdo con la UE?\u201d Despu\u00e9s de todo, Trump tiene quejas desde hace mucho sobre las pr\u00e1cticas comerciales de la UE.<\/p>\n\n\n\n<p>Uno de los objetivos de su ira es el impuesto al valor agregado, similar a los impuestos estatales sobre las ventas en Estados Unidos.<\/p>\n\n\n\n<p>Trump y sus asesores consideran que el IVA es un proteccionismo injusto porque se aplica a los productos estadounidenses. Pero el IVA se establece a nivel nacional, no de la UE, y se aplica tanto a productos nacionales como importados, por lo que tradicionalmente no se ha considerado una barrera comercial.<\/p>\n\n\n\n<p>Hay pocas posibilidades de que los gobiernos reformen sus sistemas fiscales para apaciguar a Trump.<\/p>\n\n\n\n<p>Del mismo modo, es probable que los europeos se resistan a las demandas de Estados Unidos de eliminar las regulaciones alimentarias y de seguridad que Washington considera barreras comerciales.<\/p>\n\n\n\n<p>Estas incluyen prohibiciones sobre la carne de res criada con hormonas, el pollo clorado y los alimentos gen\u00e9ticamente modificados.<\/p>\n\n\n\n<p>\u201cCuando empiezas a hablar de pollos o transg\u00e9nicos o est\u00e1ndares de seguridad automotriz, est\u00e1s hablando de las formas en que los pa\u00edses eligen regular sus econom\u00edas\u201d, dijo Peisch.<\/p>\n\n\n\n<p>\u201cPensamos que eso es proteccionista. Ellos piensan que es mantener a sus ciudadanos saludables (\u2026). Ha sido un punto conflictivo durante 60 a\u00f1os\u201d.<\/p>\n","protected":false},"excerpt":{"rendered":"<p>POR CATHERINE GASCHKA, SAM McNEIL and PAUL WISEMAN PAR\u00cdS (AP) \u2014 Representantes de Europa y Estados Unidos se reun\u00edan en Par\u00eds para negociar una soluci\u00f3n a una tensa disputa arancelaria&hellip;<\/p>\n","protected":false},"author":10,"featured_media":100250,"comment_status":"open","ping_status":"open","sticky":false,"template":"","format":"standard","meta":{"content-type":"","jetpack_post_was_ever_published":false,"_jetpack_newsletter_access":"","_jetpack_dont_email_post_to_subs":false,"_jetpack_newsletter_tier_id":0,"_jetpack_memberships_contains_paywalled_content":false,"_jetpack_memberships_contains_paid_content":false,"footnotes":""},"categories":[39],"tags":[11540,4478,979,1486,20207,10064],"class_list":["post-100249","post","type-post","status-publish","format-standard","has-post-thumbnail","hentry","category-economia","tag-aranceles","tag-comerciales","tag-eeuu","tag-europa","tag-negociadores","tag-paris"],"jetpack_featured_media_url":"https:\/\/lasprimeras.com.do\/wp-content\/uploads\/2025\/06\/El-barco-portacontenedores-Cosco-Shipping-France.jpg","jetpack-related-posts":[{"id":103257,"url":"https:\/\/lasprimeras.com.do\/index.php\/2025\/07\/14\/ministros-de-comercio-europeos-se-reunen-tras-los-sorpresivos-aranceles-anunciados-por-trump\/","url_meta":{"origin":100249,"position":0},"title":"Ministros de comercio europeos se re\u00fanen tras los sorpresivos aranceles anunciados por Trump","author":"Nelson Feliz","date":"14 de julio de 2025","format":false,"excerpt":"POR SAM McNEIL BRUSELAS (AP) \u2014 Los ministros europeos de comercio se reun\u00edan hoy en Bruselas tras el inesperado anuncio del presidente de Estados Unidos, Donald Trump, de que impondr\u00eda aranceles del 30% a la Uni\u00f3n Europea. La UE es el mayor socio comercial de Estados Unidos y el bloque\u2026","rel":"","context":"En \u00abECONOM\u00cdA\u00bb","block_context":{"text":"ECONOM\u00cdA","link":"https:\/\/lasprimeras.com.do\/index.php\/category\/economia\/"},"img":{"alt_text":"ministros europeos","src":"https:\/\/i0.wp.com\/lasprimeras.com.do\/wp-content\/uploads\/2025\/07\/ministros-europeos.jpg?resize=350%2C200&ssl=1","width":350,"height":200,"srcset":"https:\/\/i0.wp.com\/lasprimeras.com.do\/wp-content\/uploads\/2025\/07\/ministros-europeos.jpg?resize=350%2C200&ssl=1 1x, https:\/\/i0.wp.com\/lasprimeras.com.do\/wp-content\/uploads\/2025\/07\/ministros-europeos.jpg?resize=525%2C300&ssl=1 1.5x, https:\/\/i0.wp.com\/lasprimeras.com.do\/wp-content\/uploads\/2025\/07\/ministros-europeos.jpg?resize=700%2C400&ssl=1 2x"},"classes":[]},{"id":97145,"url":"https:\/\/lasprimeras.com.do\/index.php\/2025\/04\/16\/trump-participa-en-conversaciones-arancelarias-con-japon\/","url_meta":{"origin":100249,"position":1},"title":"Trump participa en conversaciones arancelarias con Jap\u00f3n","author":"Nelson Feliz","date":"16 de abril de 2025","format":false,"excerpt":"POR DARLENE SUPERVILLE, MARI YAMAGUCHI and JOSH BOAK WASHINGTON (AP) \u2014 El presidente estadounidense, Donald Trump, se involucr\u00f3 directamente el mi\u00e9rcoles en las conversaciones comerciales con funcionarios japoneses, una se\u00f1al de la importancia del tema para Estados Unidos despu\u00e9s de que sus aranceles sacudieran la econom\u00eda y llevaran al gobierno\u2026","rel":"","context":"En \u00abECONOM\u00cdA\u00bb","block_context":{"text":"ECONOM\u00cdA","link":"https:\/\/lasprimeras.com.do\/index.php\/category\/economia\/"},"img":{"alt_text":"Donald Trump","src":"https:\/\/i0.wp.com\/lasprimeras.com.do\/wp-content\/uploads\/2025\/04\/Donald-Trump.jpg?resize=350%2C200&ssl=1","width":350,"height":200,"srcset":"https:\/\/i0.wp.com\/lasprimeras.com.do\/wp-content\/uploads\/2025\/04\/Donald-Trump.jpg?resize=350%2C200&ssl=1 1x, https:\/\/i0.wp.com\/lasprimeras.com.do\/wp-content\/uploads\/2025\/04\/Donald-Trump.jpg?resize=525%2C300&ssl=1 1.5x, https:\/\/i0.wp.com\/lasprimeras.com.do\/wp-content\/uploads\/2025\/04\/Donald-Trump.jpg?resize=700%2C400&ssl=1 2x"},"classes":[]},{"id":77811,"url":"https:\/\/lasprimeras.com.do\/index.php\/2024\/02\/26\/eeuu-confirma-entendimiento-entre-israel-y-hamas-por-rehenes\/","url_meta":{"origin":100249,"position":2},"title":"EEUU confirma \u00abentendimiento\u00bb entre Israel y Ham\u00e1s por rehenes","author":"BIMARY DE JES\u00daS Matos","date":"26 de febrero de 2024","format":false,"excerpt":"EE.UU.-El asesor de Seguridad Nacional de la Casa Blanca, Jake Sullivan, ha informado este domingo de que hay un \u00abentendimiento\u00bb entre Israel y Ham\u00e1s para la liberaci\u00f3n de los rehenes retenidos en la Franja de Gaza desde el 7 de octubre, pero las negociaciones contin\u00faan abiertas. \u00abLos representantes de Israel,\u2026","rel":"","context":"En \u00abSin categor\u00eda\u00bb","block_context":{"text":"Sin categor\u00eda","link":"https:\/\/lasprimeras.com.do\/index.php\/category\/sin-categoria\/"},"img":{"alt_text":"","src":"https:\/\/i0.wp.com\/lasprimeras.com.do\/wp-content\/uploads\/2024\/02\/Militares-israelies-en-la-Franja-de-Gaza.jpg?resize=350%2C200&ssl=1","width":350,"height":200,"srcset":"https:\/\/i0.wp.com\/lasprimeras.com.do\/wp-content\/uploads\/2024\/02\/Militares-israelies-en-la-Franja-de-Gaza.jpg?resize=350%2C200&ssl=1 1x, https:\/\/i0.wp.com\/lasprimeras.com.do\/wp-content\/uploads\/2024\/02\/Militares-israelies-en-la-Franja-de-Gaza.jpg?resize=525%2C300&ssl=1 1.5x, https:\/\/i0.wp.com\/lasprimeras.com.do\/wp-content\/uploads\/2024\/02\/Militares-israelies-en-la-Franja-de-Gaza.jpg?resize=700%2C400&ssl=1 2x"},"classes":[]},{"id":103167,"url":"https:\/\/lasprimeras.com.do\/index.php\/2025\/07\/13\/la-ue-retrasa-aranceles-a-eeuu-con-la-esperanza-de-un-acuerdo-antes-del-1-de-agosto\/","url_meta":{"origin":100249,"position":3},"title":"La UE retrasa aranceles a EEUU con la esperanza de un acuerdo antes del 1 de agosto","author":"Nelson Feliz","date":"13 de julio de 2025","format":false,"excerpt":"BRUSELAS (AP) \u2014 La UE suspender\u00e1 los aranceles de represalia sobre productos de Estados Unidos que estaban programados para entrar en vigor el lunes, con la esperanza de alcanzar un acuerdo comercial con la administraci\u00f3n Trump para finales de mes. \u201cAhora es el momento para las negociaciones\u201d, afirm\u00f3 la presidenta\u2026","rel":"","context":"En \u00abECONOM\u00cdA\u00bb","block_context":{"text":"ECONOM\u00cdA","link":"https:\/\/lasprimeras.com.do\/index.php\/category\/economia\/"},"img":{"alt_text":"","src":"https:\/\/i0.wp.com\/lasprimeras.com.do\/wp-content\/uploads\/2025\/07\/Maros-Sefcovic.jpg?resize=350%2C200&ssl=1","width":350,"height":200,"srcset":"https:\/\/i0.wp.com\/lasprimeras.com.do\/wp-content\/uploads\/2025\/07\/Maros-Sefcovic.jpg?resize=350%2C200&ssl=1 1x, https:\/\/i0.wp.com\/lasprimeras.com.do\/wp-content\/uploads\/2025\/07\/Maros-Sefcovic.jpg?resize=525%2C300&ssl=1 1.5x, https:\/\/i0.wp.com\/lasprimeras.com.do\/wp-content\/uploads\/2025\/07\/Maros-Sefcovic.jpg?resize=700%2C400&ssl=1 2x"},"classes":[]},{"id":120000,"url":"https:\/\/lasprimeras.com.do\/index.php\/2026\/01\/20\/europa-evalua-opciones-ante-amenazas-de-trump-sobre-groenlandia\/","url_meta":{"origin":100249,"position":4},"title":"Europa eval\u00faa opciones ante amenazas de Trump sobre Groenlandia","author":"Nelson Feliz","date":"20 de enero de 2026","format":false,"excerpt":"POR SAM McNEIL BRUSELAS (AP) \u2014 Las amenazas del presidente estadounidense Donald Trump sobre Groenlandia han desatado indignaci\u00f3n y una oleada de actividad diplom\u00e1tica en toda Europa, mientras los l\u00edderes consideran posibles contramedidas, incluyendo aranceles de represalia y el uso por primera vez del instrumento anti-coerci\u00f3n de la Uni\u00f3n Europea.\u2026","rel":"","context":"En \u00abINTERNACIONALES\u00bb","block_context":{"text":"INTERNACIONALES","link":"https:\/\/lasprimeras.com.do\/index.php\/category\/sin-categoria\/internacionales\/"},"img":{"alt_text":"Europa eval\u00faa opciones ante amenazas de Trump sobre Groenlandia","src":"https:\/\/i0.wp.com\/lasprimeras.com.do\/wp-content\/uploads\/2026\/01\/Europa-evalua-opciones-ante-amenazas-de-Trump-sobre-Groenlandia.jpg?resize=350%2C200&ssl=1","width":350,"height":200,"srcset":"https:\/\/i0.wp.com\/lasprimeras.com.do\/wp-content\/uploads\/2026\/01\/Europa-evalua-opciones-ante-amenazas-de-Trump-sobre-Groenlandia.jpg?resize=350%2C200&ssl=1 1x, https:\/\/i0.wp.com\/lasprimeras.com.do\/wp-content\/uploads\/2026\/01\/Europa-evalua-opciones-ante-amenazas-de-Trump-sobre-Groenlandia.jpg?resize=525%2C300&ssl=1 1.5x, https:\/\/i0.wp.com\/lasprimeras.com.do\/wp-content\/uploads\/2026\/01\/Europa-evalua-opciones-ante-amenazas-de-Trump-sobre-Groenlandia.jpg?resize=700%2C400&ssl=1 2x"},"classes":[]},{"id":120105,"url":"https:\/\/lasprimeras.com.do\/index.php\/2026\/01\/20\/amenaza-de-trump-sobre-groenlandia-pone-a-prueba-las-alianzas-con-europa-y-la-otan\/","url_meta":{"origin":100249,"position":5},"title":"Amenaza de Trump sobre Groenlandia pone a prueba las alianzas con Europa y la OTAN","author":"Nelson Feliz","date":"20 de enero de 2026","format":false,"excerpt":"Ursula von der Leyen","rel":"","context":"En \u00abINTERNACIONALES\u00bb","block_context":{"text":"INTERNACIONALES","link":"https:\/\/lasprimeras.com.do\/index.php\/category\/sin-categoria\/internacionales\/"},"img":{"alt_text":"Ursula von der Leyen","src":"https:\/\/i0.wp.com\/lasprimeras.com.do\/wp-content\/uploads\/2026\/01\/Ursula-von-der-Leyen.jpg?resize=350%2C200&ssl=1","width":350,"height":200,"srcset":"https:\/\/i0.wp.com\/lasprimeras.com.do\/wp-content\/uploads\/2026\/01\/Ursula-von-der-Leyen.jpg?resize=350%2C200&ssl=1 1x, https:\/\/i0.wp.com\/lasprimeras.com.do\/wp-content\/uploads\/2026\/01\/Ursula-von-der-Leyen.jpg?resize=525%2C300&ssl=1 1.5x, https:\/\/i0.wp.com\/lasprimeras.com.do\/wp-content\/uploads\/2026\/01\/Ursula-von-der-Leyen.jpg?resize=700%2C400&ssl=1 2x"},"classes":[]}],"jetpack_sharing_enabled":true,"_links":{"self":[{"href":"https:\/\/lasprimeras.com.do\/index.php\/wp-json\/wp\/v2\/posts\/100249","targetHints":{"allow":["GET"]}}],"collection":[{"href":"https:\/\/lasprimeras.com.do\/index.php\/wp-json\/wp\/v2\/posts"}],"about":[{"href":"https:\/\/lasprimeras.com.do\/index.php\/wp-json\/wp\/v2\/types\/post"}],"author":[{"embeddable":true,"href":"https:\/\/lasprimeras.com.do\/index.php\/wp-json\/wp\/v2\/users\/10"}],"replies":[{"embeddable":true,"href":"https:\/\/lasprimeras.com.do\/index.php\/wp-json\/wp\/v2\/comments?post=100249"}],"version-history":[{"count":1,"href":"https:\/\/lasprimeras.com.do\/index.php\/wp-json\/wp\/v2\/posts\/100249\/revisions"}],"predecessor-version":[{"id":100251,"href":"https:\/\/lasprimeras.com.do\/index.php\/wp-json\/wp\/v2\/posts\/100249\/revisions\/100251"}],"wp:featuredmedia":[{"embeddable":true,"href":"https:\/\/lasprimeras.com.do\/index.php\/wp-json\/wp\/v2\/media\/100250"}],"wp:attachment":[{"href":"https:\/\/lasprimeras.com.do\/index.php\/wp-json\/wp\/v2\/media?parent=100249"}],"wp:term":[{"taxonomy":"category","embeddable":true,"href":"https:\/\/lasprimeras.com.do\/index.php\/wp-json\/wp\/v2\/categories?post=100249"},{"taxonomy":"post_tag","embeddable":true,"href":"https:\/\/lasprimeras.com.do\/index.php\/wp-json\/wp\/v2\/tags?post=100249"}],"curies":[{"name":"wp","href":"https:\/\/api.w.org\/{rel}","templated":true}]}}