{"id":100256,"date":"2025-06-04T08:34:23","date_gmt":"2025-06-04T12:34:23","guid":{"rendered":"https:\/\/lasprimeras.com.do\/?p=100256"},"modified":"2025-06-04T08:34:25","modified_gmt":"2025-06-04T12:34:25","slug":"lanzan-al-mercado-dominicano-y-mundial-el-cigarro-compay-segundo","status":"publish","type":"post","link":"https:\/\/lasprimeras.com.do\/index.php\/2025\/06\/04\/lanzan-al-mercado-dominicano-y-mundial-el-cigarro-compay-segundo\/","title":{"rendered":"Lanzan al mercado dominicano y mundial el Cigarro Compay Segundo"},"content":{"rendered":"\n<p>El Grupo Empresarial Iv\u00e1n Garc\u00eda lanz\u00f3 al mercado dominicano y mundial el Cigarro Compay Segundo, en homenaje al legendario artista cubano M\u00e1ximo Repilado Mu\u00f1oz, el m\u00e1s famoso y aclamado arista cubano, l\u00edder de la agrupaci\u00f3n Buena Vista Social Club, ganador del famoso Premio Grammy con la canci\u00f3n Chanchan.<\/p>\n\n\n\n<p>El acto de lanzamiento se realiz\u00f3 en el Hotel El Embajador de Santo Domingo.<\/p>\n\n\n\n<p>En la actividad estuvieron presentes Iv\u00e1n Garc\u00eda, presidente del Grupo empresarial Iv\u00e1n Garc\u00eda, el hijo de Compay Segundo, Salvador Repilado y Darien Sol\u00eds, nieto del famoso artista cubano que innov\u00f3 en la m\u00fasica vern\u00e1cula de Cuba.<br>En una etapa de su vida, Compay Segundo trabaj\u00f3 elaborando puros en una f\u00e1brica tabaquera de Cuba.<\/p>\n\n\n\n<p>Iv\u00e1n Garc\u00eda dijo que el grupo empresarial que \u00e9l dirige se siente muy honrado de poner a circular en el mercado nacional e internacional, este puro en honor al famoso artista cubano que tanta admiraci\u00f3n despierta, a\u00fan despu\u00e9s de su muerte.<\/p>\n\n\n\n<p>El hijo de Compay Segundo, Salvador Repilado y el nieto del artista Dari\u00e9n Sol\u00eds agradecieron a Iv\u00e1n Garc\u00eda por la creaci\u00f3n del tabaco Compay Segundo.<\/p>\n\n\n\n<p>El nuevo puro en honor al artista cubano es elaborado por el Grupo Empresarial Iv\u00e1n Garc\u00eda en Santiago de los Caballeros.<br>El puro Compay Segundo estar\u00e1 disponible para los amantes de los cigarros en los principales Cigars Stores del pa\u00eds y del mundo.<\/p>\n\n\n\n<p>El exclusivo puro Compay Segundo tambi\u00e9n ser\u00e1 lanzado el jueves 5 de Junio en el Restaurant Amigos Steak House &amp; Sea Food and V<br>Cigar Lounge , de Santiago de los Caballeros.<\/p>\n\n\n\n<p>M\u00e1ximo Francisco Repilado (Compay Segundo) naci\u00f3 en Siboney, Cuba el 18 de Noviembre de 1907 y falleci\u00f3 el 14 de Julio del 2003.<\/p>\n\n\n\n<p>Compay Segundo dej\u00f3 una huella de innovaci\u00f3n en la m\u00fasica popular cubana y de todo el Continente Americano que lo consideraba un artista excepcional que innov\u00f3 en la m\u00fasica con su forma caracter\u00edstica de crear arte.<\/p>\n\n\n\n<p>Compay Segundo fue el l\u00edder musical de su conjunto Buena Vista Social Club y dej\u00f3 temas inolvidables en los g\u00e9neros de la guajira, guaracha, bolero y son cubano.<\/p>\n\n\n\n<p>Tocaba el tres, clarinete, bong\u00f3 y tumbadora y fue el creador del baile chanch\u00e1n.<\/p>\n","protected":false},"excerpt":{"rendered":"<p>El Grupo Empresarial Iv\u00e1n Garc\u00eda lanz\u00f3 al mercado dominicano y mundial el Cigarro Compay Segundo, en homenaje al legendario artista cubano M\u00e1ximo Repilado Mu\u00f1oz, el m\u00e1s famoso y aclamado arista&hellip;<\/p>\n","protected":false},"author":10,"featured_media":100257,"comment_status":"open","ping_status":"open","sticky":false,"template":"","format":"standard","meta":{"content-type":"","jetpack_post_was_ever_published":false,"_jetpack_newsletter_access":"","_jetpack_dont_email_post_to_subs":false,"_jetpack_newsletter_tier_id":0,"_jetpack_memberships_contains_paywalled_content":false,"_jetpack_memberships_contains_paid_content":false,"footnotes":""},"categories":[39],"tags":[358,20213,20212,1817],"class_list":["post-100256","post","type-post","status-publish","format-standard","has-post-thumbnail","hentry","category-economia","tag-cigarro","tag-compay-segundo","tag-mercado-dominicano","tag-mundial"],"jetpack_featured_media_url":"https:\/\/lasprimeras.com.do\/wp-content\/uploads\/2025\/06\/puros.jpg","jetpack-related-posts":[{"id":128478,"url":"https:\/\/lasprimeras.com.do\/index.php\/2026\/04\/23\/rd-mantiene-liderazgo-mundial-en-elaboracion-y-exportacion-de-cigarros-premium\/","url_meta":{"origin":100256,"position":0},"title":"RD mantiene liderazgo mundial en elaboraci\u00f3n y exportaci\u00f3n de cigarros premium","author":"Nelson Feliz","date":"23 de abril de 2026","format":false,"excerpt":"En el pa\u00eds se elaboran m\u00e1s de 196 millones de cigarros premium al a\u00f1o, seg\u00fan inform\u00f3 el director de la entidad, al participar en una convenci\u00f3n internacional de cigarros en los Estados Unidos. NEW ORLEANS, Estados Unidos. \u2013El director del Instituto del Tabaco de la Rep\u00fablica Dominicana (INTABACO), Iv\u00e1n Hern\u00e1ndez\u2026","rel":"","context":"En \u00abECONOM\u00cdA\u00bb","block_context":{"text":"ECONOM\u00cdA","link":"https:\/\/lasprimeras.com.do\/index.php\/category\/economia\/"},"img":{"alt_text":"","src":"https:\/\/i0.wp.com\/lasprimeras.com.do\/wp-content\/uploads\/2026\/04\/ivan-Guzman.jpg?resize=350%2C200&ssl=1","width":350,"height":200,"srcset":"https:\/\/i0.wp.com\/lasprimeras.com.do\/wp-content\/uploads\/2026\/04\/ivan-Guzman.jpg?resize=350%2C200&ssl=1 1x, https:\/\/i0.wp.com\/lasprimeras.com.do\/wp-content\/uploads\/2026\/04\/ivan-Guzman.jpg?resize=525%2C300&ssl=1 1.5x, https:\/\/i0.wp.com\/lasprimeras.com.do\/wp-content\/uploads\/2026\/04\/ivan-Guzman.jpg?resize=700%2C400&ssl=1 2x"},"classes":[]},{"id":103253,"url":"https:\/\/lasprimeras.com.do\/index.php\/2025\/07\/13\/ivan-hernandez-la-industria-del-tabaco-expande-sus-mercados\/","url_meta":{"origin":100256,"position":1},"title":"Iv\u00e1n Hern\u00e1ndez: La industria del tabaco expande sus mercados","author":"Nelson Feliz","date":"13 de julio de 2025","format":false,"excerpt":"La producci\u00f3n de tabaco en el pa\u00eds genera unos 120,000 empleos directos, seg\u00fan inform\u00f3 el director de Inabaco. La industria tabacalera en la Rep\u00fablica Dominicana se encuentra en su mejor momento, siendo la Rep\u00fablica Dominicana l\u00edder mundial en la producci\u00f3n de cigarros premium, con exportaciones que alcanzan los 1,340 millones\u2026","rel":"","context":"En \u00abECONOM\u00cdA\u00bb","block_context":{"text":"ECONOM\u00cdA","link":"https:\/\/lasprimeras.com.do\/index.php\/category\/economia\/"},"img":{"alt_text":"","src":"https:\/\/i0.wp.com\/lasprimeras.com.do\/wp-content\/uploads\/2025\/07\/IVAN.jpeg?resize=350%2C200&ssl=1","width":350,"height":200,"srcset":"https:\/\/i0.wp.com\/lasprimeras.com.do\/wp-content\/uploads\/2025\/07\/IVAN.jpeg?resize=350%2C200&ssl=1 1x, https:\/\/i0.wp.com\/lasprimeras.com.do\/wp-content\/uploads\/2025\/07\/IVAN.jpeg?resize=525%2C300&ssl=1 1.5x, https:\/\/i0.wp.com\/lasprimeras.com.do\/wp-content\/uploads\/2025\/07\/IVAN.jpeg?resize=700%2C400&ssl=1 2x"},"classes":[]},{"id":98698,"url":"https:\/\/lasprimeras.com.do\/index.php\/2025\/05\/11\/tabaco-dominicano-llega-a-148-paises-informo-intabaco\/","url_meta":{"origin":100256,"position":2},"title":"Tabaco dominicano llega a 148 pa\u00edses inform\u00f3 Intabaco","author":"Nelson Feliz","date":"11 de mayo de 2025","format":false,"excerpt":"Puros de RD son reconocidos como los principales del mundo por su alta calidad El tabaco dominicano es exportado a 148 pa\u00edses generando m\u00e1s de 1,340 millones de d\u00f3lares al a\u00f1o en exportaciones, inform\u00f3 Iv\u00e1n Hern\u00e1ndez Guzm\u00e1n, director del Instituto del Tabaco de Rep\u00fablica Dominicana (Intabaco). Hern\u00e1ndez Guzm\u00e1n indic\u00f3 que\u2026","rel":"","context":"En \u00abECONOM\u00cdA\u00bb","block_context":{"text":"ECONOM\u00cdA","link":"https:\/\/lasprimeras.com.do\/index.php\/category\/economia\/"},"img":{"alt_text":"Iv\u00e1n Hern\u00e1ndez","src":"https:\/\/i0.wp.com\/lasprimeras.com.do\/wp-content\/uploads\/2025\/05\/Ivan-Hernandez-2.jpg?resize=350%2C200&ssl=1","width":350,"height":200,"srcset":"https:\/\/i0.wp.com\/lasprimeras.com.do\/wp-content\/uploads\/2025\/05\/Ivan-Hernandez-2.jpg?resize=350%2C200&ssl=1 1x, https:\/\/i0.wp.com\/lasprimeras.com.do\/wp-content\/uploads\/2025\/05\/Ivan-Hernandez-2.jpg?resize=525%2C300&ssl=1 1.5x, https:\/\/i0.wp.com\/lasprimeras.com.do\/wp-content\/uploads\/2025\/05\/Ivan-Hernandez-2.jpg?resize=700%2C400&ssl=1 2x"},"classes":[]},{"id":101474,"url":"https:\/\/lasprimeras.com.do\/index.php\/2025\/06\/22\/rd-produce-mas-de-8000-millones-de-cigarros-de-tabacos-anualmente\/","url_meta":{"origin":100256,"position":3},"title":"RD produce m\u00e1s de 8,000 millones de cigarros de tabacos anualmente","author":"Nelson Feliz","date":"22 de junio de 2025","format":false,"excerpt":"Inform\u00f3 que en el pa\u00eds se elaboran 21 variedades de tabacos y es l\u00edder mundial en exportaci\u00f3n de tabacos premium del mundo. La Rep\u00fablica Dominicana produce m\u00e1s de 8,400 millones de cigarros de tabaco anualmente y es l\u00edder en exportaci\u00f3n de tabacos premium del mundo, seg\u00fan inform\u00f3 el director del\u2026","rel":"","context":"En \u00abECONOM\u00cdA\u00bb","block_context":{"text":"ECONOM\u00cdA","link":"https:\/\/lasprimeras.com.do\/index.php\/category\/economia\/"},"img":{"alt_text":"Iv\u00e1n Hern\u00e1ndez Guzm\u00e1n","src":"https:\/\/i0.wp.com\/lasprimeras.com.do\/wp-content\/uploads\/2025\/06\/Ivan-Hernandez-Guzman-1.jpg?resize=350%2C200&ssl=1","width":350,"height":200,"srcset":"https:\/\/i0.wp.com\/lasprimeras.com.do\/wp-content\/uploads\/2025\/06\/Ivan-Hernandez-Guzman-1.jpg?resize=350%2C200&ssl=1 1x, https:\/\/i0.wp.com\/lasprimeras.com.do\/wp-content\/uploads\/2025\/06\/Ivan-Hernandez-Guzman-1.jpg?resize=525%2C300&ssl=1 1.5x, https:\/\/i0.wp.com\/lasprimeras.com.do\/wp-content\/uploads\/2025\/06\/Ivan-Hernandez-Guzman-1.jpg?resize=700%2C400&ssl=1 2x"},"classes":[]},{"id":127937,"url":"https:\/\/lasprimeras.com.do\/index.php\/2026\/04\/17\/ivan-garcia-no-declarara-el-ano-fiscal-2025-hasta-que-modifiquen-la-ley-de-residuos-solidos\/","url_meta":{"origin":100256,"position":4},"title":"Iv\u00e1n Garc\u00eda: No declarar\u00e1 el a\u00f1o fiscal 2025, hasta que modifiquen la ley de Residuos S\u00f3lidos \u00a0\u00a0","author":"Nelson Feliz","date":"17 de abril de 2026","format":false,"excerpt":"Por Martin Restituyo El presidente de la Federaci\u00f3n Dominicana de Comerciantes, Iv\u00e1n de Jes\u00fas Garc\u00eda, declar\u00f3 hoy que hasta que los legisladores no modifiquen la Ley 98-25 sobre Residuos S\u00f3lidos, no proceder\u00e1n con las declaraciones del a\u00f1o fiscal 2025. Garc\u00eda, dijo que los impuestos generados en la declaraci\u00f3n jurada del\u2026","rel":"","context":"En \u00abECONOM\u00cdA\u00bb","block_context":{"text":"ECONOM\u00cdA","link":"https:\/\/lasprimeras.com.do\/index.php\/category\/economia\/"},"img":{"alt_text":"","src":"https:\/\/i0.wp.com\/lasprimeras.com.do\/wp-content\/uploads\/2026\/04\/Ivan-Garcia-1.jpg?resize=350%2C200&ssl=1","width":350,"height":200,"srcset":"https:\/\/i0.wp.com\/lasprimeras.com.do\/wp-content\/uploads\/2026\/04\/Ivan-Garcia-1.jpg?resize=350%2C200&ssl=1 1x, https:\/\/i0.wp.com\/lasprimeras.com.do\/wp-content\/uploads\/2026\/04\/Ivan-Garcia-1.jpg?resize=525%2C300&ssl=1 1.5x, https:\/\/i0.wp.com\/lasprimeras.com.do\/wp-content\/uploads\/2026\/04\/Ivan-Garcia-1.jpg?resize=700%2C400&ssl=1 2x"},"classes":[]},{"id":48715,"url":"https:\/\/lasprimeras.com.do\/index.php\/2023\/05\/03\/crean-grupo-diplomatico-del-cigarro-en-estados-unidos\/","url_meta":{"origin":100256,"position":5},"title":"Crean grupo Diplom\u00e1tico del Cigarro en Estados Unidos","author":"prenxa100","date":"3 de mayo de 2023","format":false,"excerpt":"\u00b7\u00a0\u00a0 Embajada dominicana copresidir\u00e1 iniciativa Washington.-. La Asociaci\u00f3n de Cigarros Premium de los Estados Unidos (PCA) anunci\u00f3 la creaci\u00f3n del Grupo Diplom\u00e1tico del Cigarro, un proyecto que busca reunir a las representaciones diplom\u00e1ticas de diversos pa\u00edses para promover y preservar la industria del cigarro Premium. La asociaci\u00f3n indic\u00f3 que esta\u2026","rel":"","context":"En \u00abSin categor\u00eda\u00bb","block_context":{"text":"Sin categor\u00eda","link":"https:\/\/lasprimeras.com.do\/index.php\/category\/sin-categoria\/"},"img":{"alt_text":"","src":"","width":0,"height":0},"classes":[]}],"jetpack_sharing_enabled":true,"_links":{"self":[{"href":"https:\/\/lasprimeras.com.do\/index.php\/wp-json\/wp\/v2\/posts\/100256","targetHints":{"allow":["GET"]}}],"collection":[{"href":"https:\/\/lasprimeras.com.do\/index.php\/wp-json\/wp\/v2\/posts"}],"about":[{"href":"https:\/\/lasprimeras.com.do\/index.php\/wp-json\/wp\/v2\/types\/post"}],"author":[{"embeddable":true,"href":"https:\/\/lasprimeras.com.do\/index.php\/wp-json\/wp\/v2\/users\/10"}],"replies":[{"embeddable":true,"href":"https:\/\/lasprimeras.com.do\/index.php\/wp-json\/wp\/v2\/comments?post=100256"}],"version-history":[{"count":1,"href":"https:\/\/lasprimeras.com.do\/index.php\/wp-json\/wp\/v2\/posts\/100256\/revisions"}],"predecessor-version":[{"id":100258,"href":"https:\/\/lasprimeras.com.do\/index.php\/wp-json\/wp\/v2\/posts\/100256\/revisions\/100258"}],"wp:featuredmedia":[{"embeddable":true,"href":"https:\/\/lasprimeras.com.do\/index.php\/wp-json\/wp\/v2\/media\/100257"}],"wp:attachment":[{"href":"https:\/\/lasprimeras.com.do\/index.php\/wp-json\/wp\/v2\/media?parent=100256"}],"wp:term":[{"taxonomy":"category","embeddable":true,"href":"https:\/\/lasprimeras.com.do\/index.php\/wp-json\/wp\/v2\/categories?post=100256"},{"taxonomy":"post_tag","embeddable":true,"href":"https:\/\/lasprimeras.com.do\/index.php\/wp-json\/wp\/v2\/tags?post=100256"}],"curies":[{"name":"wp","href":"https:\/\/api.w.org\/{rel}","templated":true}]}}