{"id":100353,"date":"2025-06-05T12:49:21","date_gmt":"2025-06-05T16:49:21","guid":{"rendered":"https:\/\/lasprimeras.com.do\/?p=100353"},"modified":"2025-06-05T12:49:23","modified_gmt":"2025-06-05T16:49:23","slug":"llama-a-comunitarios-unirse-para-combatir-aumento-hechos-delictivos-en-el-bronx","status":"publish","type":"post","link":"https:\/\/lasprimeras.com.do\/index.php\/2025\/06\/05\/llama-a-comunitarios-unirse-para-combatir-aumento-hechos-delictivos-en-el-bronx\/","title":{"rendered":"Llama a comunitarios unirse para combatir aumento hechos delictivos en El Bronx"},"content":{"rendered":"\n<p class=\"wp-block-paragraph\">Por Ram\u00f3n Mercedes<\/p>\n\n\n\n<p class=\"wp-block-paragraph\">NUEVA YORK.- El presidente del Consorcio High Class en esta ciudad, Antonio -Tuly- Cabrera llam\u00f3 a los l\u00edderes y activistas comunitarios unirse para combatir el aumento de hechos delictivos en El Bronx, seg\u00fan ha informado la propia Polic\u00eda.<\/p>\n\n\n\n<p class=\"wp-block-paragraph\">Precisa, que esa tarea debe ir unida al Departamento de la Polic\u00eda de NY (NYPD) porque en la unidad est\u00e1 la fuerza, ya que los delincuentes ni miran ni tienen piedad ni compasi\u00f3n para afectar a padres de familias, trabajadores, profesionales, y la ejecuci\u00f3n de esos actos delictivos merman el desarrollo de la familia y la ciudad, precis\u00f3.<\/p>\n\n\n\n<p class=\"wp-block-paragraph\">La uniformada present\u00f3 en esta semana su m\u00e1s reciente informe sobre El Bronx: \u00abLos actos delictivos se dieron durante el per\u00edodo de 28 d\u00edas, del 5 de mayo al 1 de junio de 2025, en comparaci\u00f3n con el mismo per\u00edodo del a\u00f1o pasado. Sin embargo, los asesinatos experimentaron pronunciados descensos.<\/p>\n\n\n\n<p class=\"wp-block-paragraph\">Las violaciones aumentaron un 35,5 %, pasando de 31 casos en 2024 a 42 en 2025. Los picos m\u00e1s grandes se produjeron en los sectores de las avenidas Westchester, Castle Hill, White Plains Road, Parkchester, Fordham, University Heights, Morris Heights y Mount Hope.<\/p>\n\n\n\n<p class=\"wp-block-paragraph\">Mientras que los robos un 14,3%, de 370 casos denunciados en 2024 a 423 en 2025. Los vecindarios que vieron el aumento m\u00e1s sustancial fueron Port Morris, Mott Haven y Melrose, de 51 a 71.<\/p>\n\n\n\n<p class=\"wp-block-paragraph\">Asimismo, los robos de veh\u00edculos aumentaron un 30,4%, pasando de 312 a 407. Los vecindarios m\u00e1s afectados fueron Allerton, Morris Park, Van Nest, Pelham Parkway, Eastchester Gardens y Pelham Gardens, de 27 a 51.<\/p>\n\n\n\n<p class=\"wp-block-paragraph\">Cabrera sostiene que el Consorcio que dirige, ubicado en dicho condado, agrupa cientos de taxistas a los cuales les ha instruido que si observan un acto delincuencial lo denuncien inmediatamente al 911 o 311.<\/p>\n","protected":false},"excerpt":{"rendered":"<p>Por Ram\u00f3n Mercedes NUEVA YORK.- El presidente del Consorcio High Class en esta ciudad, Antonio -Tuly- Cabrera llam\u00f3 a los l\u00edderes y activistas comunitarios unirse para combatir el aumento de&hellip;<\/p>\n","protected":false},"author":10,"featured_media":100354,"comment_status":"open","ping_status":"open","sticky":false,"template":"","format":"standard","meta":{"content-type":"","_jetpack_newsletter_access":"","_jetpack_dont_email_post_to_subs":false,"_jetpack_newsletter_tier_id":0,"_jetpack_memberships_contains_paywalled_content":false,"_jetpack_feature_clip_id":0,"_jetpack_memberships_contains_paid_content":false,"footnotes":"","jetpack_post_was_ever_published":false},"categories":[16289],"tags":[1013,20261,4303,20260],"class_list":["post-100353","post","type-post","status-publish","format-standard","has-post-thumbnail","hentry","category-internacionales","tag-comunitarios","tag-consorcio-high-class","tag-el-bronx","tag-hechos-delictivos"],"jetpack-related-posts":[{"id":80944,"url":"https:\/\/lasprimeras.com.do\/index.php\/2024\/04\/14\/muere-joven-a-manos-de-su-companero-de-actos-delictivos-en-higuey\/","url_meta":{"origin":100353,"position":0},"title":"Muere joven a manos de su compa\u00f1ero de actos delictivos en Hig\u00fcey","author":"Nelson Feliz","date":"14 de abril de 2024","format":false,"excerpt":"La Polic\u00eda Nacional inform\u00f3 que un individuo, presunto miembro de una banda delictiva de La Romana, fue ultimado por su compa\u00f1ero mientras intentaban robar en un establecimiento de comida r\u00e1pida, junto a otros dos, en el municipio de Hig\u00fcey, provincia de La Altagracia. El joven muerto fue identificado como Adony\u2026","rel":"","context":"En \u00abMILITARES\u00bb","block_context":{"text":"MILITARES","link":"https:\/\/lasprimeras.com.do\/index.php\/category\/militares\/"},"img":{"alt_text":"homicidio","src":"https:\/\/i0.wp.com\/lasprimeras.com.do\/wp-content\/uploads\/2024\/04\/homicidio.jpg?resize=350%2C200&ssl=1","width":350,"height":200,"srcset":"https:\/\/i0.wp.com\/lasprimeras.com.do\/wp-content\/uploads\/2024\/04\/homicidio.jpg?resize=350%2C200&ssl=1 1x, https:\/\/i0.wp.com\/lasprimeras.com.do\/wp-content\/uploads\/2024\/04\/homicidio.jpg?resize=525%2C300&ssl=1 1.5x, https:\/\/i0.wp.com\/lasprimeras.com.do\/wp-content\/uploads\/2024\/04\/homicidio.jpg?resize=700%2C400&ssl=1 2x"},"classes":[]},{"id":75880,"url":"https:\/\/lasprimeras.com.do\/index.php\/2024\/02\/05\/joel-santos-mayoria-de-homicidios-ocurridos-en-rd-fueron-por-conflictos-sociales\/","url_meta":{"origin":100353,"position":1},"title":"Joel Santos: \u201cMayor\u00eda de homicidios ocurridos en RD fueron por conflictos sociales\u201d","author":"Nelson Feliz","date":"5 de febrero de 2024","format":false,"excerpt":"Por Martin Restituyo En la reuni\u00f3n de seguimiento de la Seguridad Ciudadana, \u00a0el ministro de la Presidencia, Joel Santos, inform\u00f3 este lunes que la mayor\u00eda de homicidios ocurridos en el pa\u00eds las semanas fueron por conflictos sociales, no por hechos delictivos. De acuerdo al \u00faltimo informe presentado por el Gobierno,\u2026","rel":"","context":"En \u00abNACIONALES\u00bb","block_context":{"text":"NACIONALES","link":"https:\/\/lasprimeras.com.do\/index.php\/category\/nacionales\/"},"img":{"alt_text":"Joel Santos","src":"https:\/\/i0.wp.com\/lasprimeras.com.do\/wp-content\/uploads\/2024\/02\/Joel-Santos.jpg?resize=350%2C200&ssl=1","width":350,"height":200,"srcset":"https:\/\/i0.wp.com\/lasprimeras.com.do\/wp-content\/uploads\/2024\/02\/Joel-Santos.jpg?resize=350%2C200&ssl=1 1x, https:\/\/i0.wp.com\/lasprimeras.com.do\/wp-content\/uploads\/2024\/02\/Joel-Santos.jpg?resize=525%2C300&ssl=1 1.5x"},"classes":[]},{"id":128128,"url":"https:\/\/lasprimeras.com.do\/index.php\/2026\/04\/20\/violencia-en-el-bronx-jovenes-asaltan-zonas-dominicanas-y-transporte-publico\/","url_meta":{"origin":100353,"position":2},"title":"Violencia en El Bronx: J\u00f3venes asaltan zonas dominicanas y transporte p\u00fablico","author":"Nelson Feliz","date":"20 de abril de 2026","format":false,"excerpt":"Por Ram\u00f3n Mercedes NUEVA YORK.- La polic\u00eda de este condado persigue activamente a dos j\u00f3venes que han cometido una serie de asaltos desde ciclomotores en vecindarios donde residen cientos de familias dominicanas, entre otras etnias. La uniformada solicita la colaboraci\u00f3n del p\u00fablico para identificar a los sospechosos que aparecen en\u2026","rel":"","context":"En \u00abLA VOZ DE LA DIASPORA\u00bb","block_context":{"text":"LA VOZ DE LA DIASPORA","link":"https:\/\/lasprimeras.com.do\/index.php\/category\/la-voz-de-la-diaspora\/"},"img":{"alt_text":"","src":"","width":0,"height":0},"classes":[]},{"id":94641,"url":"https:\/\/lasprimeras.com.do\/index.php\/2025\/03\/03\/reconocen-a-pablo-ulloa-en-ny-le-entregan-bandera-rd-y-es-declarado-hijo-adoptivo\/","url_meta":{"origin":100353,"position":3},"title":"Reconocen a Pablo Ulloa en NY; le entregan bandera RD y es declarado hijo adoptivo","author":"Nelson Feliz","date":"3 de marzo de 2025","format":false,"excerpt":"https:\/\/www.youtube.com\/watch?v=YhJbo7UrPn4 Por Ram\u00f3n Mercedes NUEVA YORK.- Entidades comunitarias, de la sociedad civil y period\u00edstica en esta ciudad, reconocieron el pasado s\u00e1bado a Pablo Ulloa, Defensor del Pueblo en la RD, por ser transparente y defender los mejores intereses del pa\u00eds. Dichos reconocimientos estuvieron acompa\u00f1ados de la entrega de la bandera\u2026","rel":"","context":"En \u00abINTERNACIONALES\u00bb","block_context":{"text":"INTERNACIONALES","link":"https:\/\/lasprimeras.com.do\/index.php\/category\/sin-categoria\/internacionales\/"},"img":{"alt_text":"Pablo Ulloa","src":"https:\/\/i0.wp.com\/lasprimeras.com.do\/wp-content\/uploads\/2025\/03\/WhatsApp-Image-2025-03-03-at-6.11.05-AM-1.jpeg?resize=350%2C200&ssl=1","width":350,"height":200,"srcset":"https:\/\/i0.wp.com\/lasprimeras.com.do\/wp-content\/uploads\/2025\/03\/WhatsApp-Image-2025-03-03-at-6.11.05-AM-1.jpeg?resize=350%2C200&ssl=1 1x, https:\/\/i0.wp.com\/lasprimeras.com.do\/wp-content\/uploads\/2025\/03\/WhatsApp-Image-2025-03-03-at-6.11.05-AM-1.jpeg?resize=525%2C300&ssl=1 1.5x"},"classes":[]},{"id":99584,"url":"https:\/\/lasprimeras.com.do\/index.php\/2025\/05\/23\/presidenta-de-natddp-y-el-bronx-reconocen-dominicanos-ejemplares-del-condado\/","url_meta":{"origin":100353,"position":4},"title":"Presidenta de NatDDP y El Bronx reconocen dominicanos ejemplares del condado","author":"Nelson Feliz","date":"23 de mayo de 2025","format":false,"excerpt":"Por Ram\u00f3n Mercedes NUEVA YORK.- En un ambiente cargado de orgullo e identidad quisqueyana, la Fundaci\u00f3n del Desfile Nacional Dominicano -NatDDP- que dirige Cristina Contreras, y la presidenta del condado de El Bronx, Vanessa Gibson, reconocieron la noche de este este jueves cinco connacionales ejemplares y por su accionar como\u2026","rel":"","context":"En \u00abINTERNACIONALES\u00bb","block_context":{"text":"INTERNACIONALES","link":"https:\/\/lasprimeras.com.do\/index.php\/category\/sin-categoria\/internacionales\/"},"img":{"alt_text":"Presidenta de NatDDP y El Bronx reconocen dominicanos ejemplares del condado","src":"https:\/\/i0.wp.com\/lasprimeras.com.do\/wp-content\/uploads\/2025\/05\/Presidenta-de-NatDDP-y-El-Bronx-reconocen-dominicanos-ejemplares-del-condado.jpg?resize=350%2C200&ssl=1","width":350,"height":200,"srcset":"https:\/\/i0.wp.com\/lasprimeras.com.do\/wp-content\/uploads\/2025\/05\/Presidenta-de-NatDDP-y-El-Bronx-reconocen-dominicanos-ejemplares-del-condado.jpg?resize=350%2C200&ssl=1 1x, https:\/\/i0.wp.com\/lasprimeras.com.do\/wp-content\/uploads\/2025\/05\/Presidenta-de-NatDDP-y-El-Bronx-reconocen-dominicanos-ejemplares-del-condado.jpg?resize=525%2C300&ssl=1 1.5x, https:\/\/i0.wp.com\/lasprimeras.com.do\/wp-content\/uploads\/2025\/05\/Presidenta-de-NatDDP-y-El-Bronx-reconocen-dominicanos-ejemplares-del-condado.jpg?resize=700%2C400&ssl=1 2x"},"classes":[]},{"id":100766,"url":"https:\/\/lasprimeras.com.do\/index.php\/2025\/06\/11\/liga-voleibol-andariegos-nyc-celebra-su-primer-aniversario\/","url_meta":{"origin":100353,"position":5},"title":"Liga Voleibol Andariegos NYC celebra su primer aniversario","author":"Nelson Feliz","date":"11 de junio de 2025","format":false,"excerpt":"Por Ram\u00f3n Mercedes NUEVA YORK.- La reconocida Liga de Voleibol Andariegos, en esta ciudad, compuesta por atletas dominicanos, celebr\u00f3 recientemente su primer aniversario desarrollando diversas actividades en el Parque Van Cortland, en El Bronx. Sostuvieron intercambios con otros equipos de la ciudad, desarrollaron actividades art\u00edsticas, de ejercicios y cl\u00ednica deportiva.\u2026","rel":"","context":"En \u00abDEPORTES\u00bb","block_context":{"text":"DEPORTES","link":"https:\/\/lasprimeras.com.do\/index.php\/category\/deportes\/"},"img":{"alt_text":"","src":"https:\/\/i0.wp.com\/lasprimeras.com.do\/wp-content\/uploads\/2025\/06\/WhatsApp-Image-2025-06-11-at-6.12.00-AM-1.jpeg?resize=350%2C200&ssl=1","width":350,"height":200,"srcset":"https:\/\/i0.wp.com\/lasprimeras.com.do\/wp-content\/uploads\/2025\/06\/WhatsApp-Image-2025-06-11-at-6.12.00-AM-1.jpeg?resize=350%2C200&ssl=1 1x, https:\/\/i0.wp.com\/lasprimeras.com.do\/wp-content\/uploads\/2025\/06\/WhatsApp-Image-2025-06-11-at-6.12.00-AM-1.jpeg?resize=525%2C300&ssl=1 1.5x, https:\/\/i0.wp.com\/lasprimeras.com.do\/wp-content\/uploads\/2025\/06\/WhatsApp-Image-2025-06-11-at-6.12.00-AM-1.jpeg?resize=700%2C400&ssl=1 2x, https:\/\/i0.wp.com\/lasprimeras.com.do\/wp-content\/uploads\/2025\/06\/WhatsApp-Image-2025-06-11-at-6.12.00-AM-1.jpeg?resize=1050%2C600&ssl=1 3x"},"classes":[]}],"jetpack_sharing_enabled":true,"jetpack_featured_media_url":"https:\/\/lasprimeras.com.do\/wp-content\/uploads\/2025\/06\/WhatsApp-Image-2025-06-05-at-5.41.04-AM-1.jpeg","_links":{"self":[{"href":"https:\/\/lasprimeras.com.do\/index.php\/wp-json\/wp\/v2\/posts\/100353","targetHints":{"allow":["GET"]}}],"collection":[{"href":"https:\/\/lasprimeras.com.do\/index.php\/wp-json\/wp\/v2\/posts"}],"about":[{"href":"https:\/\/lasprimeras.com.do\/index.php\/wp-json\/wp\/v2\/types\/post"}],"author":[{"embeddable":true,"href":"https:\/\/lasprimeras.com.do\/index.php\/wp-json\/wp\/v2\/users\/10"}],"replies":[{"embeddable":true,"href":"https:\/\/lasprimeras.com.do\/index.php\/wp-json\/wp\/v2\/comments?post=100353"}],"version-history":[{"count":1,"href":"https:\/\/lasprimeras.com.do\/index.php\/wp-json\/wp\/v2\/posts\/100353\/revisions"}],"predecessor-version":[{"id":100355,"href":"https:\/\/lasprimeras.com.do\/index.php\/wp-json\/wp\/v2\/posts\/100353\/revisions\/100355"}],"wp:featuredmedia":[{"embeddable":true,"href":"https:\/\/lasprimeras.com.do\/index.php\/wp-json\/wp\/v2\/media\/100354"}],"wp:attachment":[{"href":"https:\/\/lasprimeras.com.do\/index.php\/wp-json\/wp\/v2\/media?parent=100353"}],"wp:term":[{"taxonomy":"category","embeddable":true,"href":"https:\/\/lasprimeras.com.do\/index.php\/wp-json\/wp\/v2\/categories?post=100353"},{"taxonomy":"post_tag","embeddable":true,"href":"https:\/\/lasprimeras.com.do\/index.php\/wp-json\/wp\/v2\/tags?post=100353"}],"curies":[{"name":"wp","href":"https:\/\/api.w.org\/{rel}","templated":true}]}}