{"id":100460,"date":"2025-06-06T22:27:37","date_gmt":"2025-06-07T02:27:37","guid":{"rendered":"https:\/\/lasprimeras.com.do\/?p=100460"},"modified":"2025-06-06T22:27:38","modified_gmt":"2025-06-07T02:27:38","slug":"la-sociedad-dominicana-de-pediatria-abordan-temas-de-medioambiente-y-salud-en-congreso","status":"publish","type":"post","link":"https:\/\/lasprimeras.com.do\/index.php\/2025\/06\/06\/la-sociedad-dominicana-de-pediatria-abordan-temas-de-medioambiente-y-salud-en-congreso\/","title":{"rendered":"La Sociedad Dominicana de Pediatr\u00eda abordan temas de Medioambiente y Salud en congreso"},"content":{"rendered":"\n<p><strong>El impacto del Polvo del Sahara, casos del virus sincitial respiratorio y la resistencia de infecciones en ni\u00f1os lideran la agenda de apertura del 48vo Congreso Nacional de Pediatr\u00eda.<\/strong><\/p>\n\n\n\n<p>En el marco de apertura del 48vo Congreso Nacional de Pediatr\u00eda, el pediatra e intensivista neonatal y vicepresidente de la Sociedad Dominicana de Pediatr\u00eda, doctor Rafael Mena, enfatiz\u00f3 el impacto del Polvo del Sahara, casos del virus sincitial respiratorio y la resistencia de infecciones en ni\u00f1os.<\/p>\n\n\n\n<p>El especialista explic\u00f3 que, al aumentar la humedad ambiental, favorece la proliferaci\u00f3n de microorganismos. En el caso del polvo de Sahara transporta part\u00edculas finas que afectan directamente las v\u00edas respiratorias, aunado al sistema inmunol\u00f3gico inmaduro de los ni\u00f1os predisponen a mayor coinfecci\u00f3n.<\/p>\n\n\n\n<p>Los galenos a\u00f1adieron que las enfermedades respiratorias (asma, bronquiolitis, Croup), las al\u00e9rgicas (tales como la rinitis y la conjuntivitis al\u00e9rgica), las exacerbaciones dermatol\u00f3gicas y los problemas gastrointestinales fungen como las principales afecciones.<\/p>\n\n\n\n<p>\u201cEl polvo del Sahara es un fen\u00f3meno que habita en nuestro medio desde hace m\u00e1s de 50 a\u00f1os, de acuerdo con informes period\u00edsticos. Ahora se le ha dado m\u00e1s relevancia por el impacto en el volumen de la poblaci\u00f3n (que ha aumentado vertiginosamente) y las manifestaciones respiratorias, oculares, cut\u00e1neas y cardiovasculares que se pueden derivar de su presencia\u201d, destac\u00f3 el doctor Luis Alam, neum\u00f3logo pediatra.<\/p>\n\n\n\n<p>Durante tres d\u00edas, del 5 al 7 de junio, los pediatras de todo el pa\u00eds llevar\u00e1n a cabo su acostumbrado encuentro bienal de actualizaci\u00f3n m\u00e9dica, con formaciones nacionales e internacionales, mediante m\u00e1s de 40 conferencias, simposios, investigaciones y talleres.<\/p>\n\n\n\n<p>Para la apertura del evento, centraron su foco en el impacto de los eventos medioambientales en la salud, a trav\u00e9s de una exposici\u00f3n visual y conversatorio que explica el los efectos del Polvo del Sahara en la salud, explicado por el neum\u00f3logo pediatra, Luis Alam Lora, a quien dedican su encuentro de este a\u00f1o, y el artista del lente Pedro Lassis, seguido de m\u00faltiples ponencias dentro del campo de investigaci\u00f3n, neumolog\u00eda, infectolog\u00eda, entre otros.<\/p>\n\n\n\n<p>Recomendaciones<\/p>\n\n\n\n<p>Se ha demostrado que en el Polvo del Sahara existen m\u00faltiples microorganismos, donde se destacan la pseudomona, hongos y esporas que contribuyen a patolog\u00edas infecciosas respiratorias y al\u00e9rgicas.<\/p>\n\n\n\n<p>En la actualidad, a\u00fan no se ha identificado el traspaso de virus en este evento ambiental, pero s\u00ed existen bacterias que pueden ser mitigadas con medidas preventivas de higiene, evitar exposiciones prolongadas al sol, usar mascarillas al aire libre (especialmente en d\u00edas de mayor concentraci\u00f3n de polvo).<\/p>\n\n\n\n<p>Para las palabras de apertura del evento, la doctora Rosa Acevedo, presidenta de esta sociedad m\u00e9dico especializada reafirm\u00f3 el compromiso con la educaci\u00f3n continua, as\u00ed como de compartir herramientas conjuntas para una mejor atenci\u00f3n de salud de los ni\u00f1os, ni\u00f1as y adolescentes en Rep\u00fablica Dominicana.<\/p>\n","protected":false},"excerpt":{"rendered":"<p>El impacto del Polvo del Sahara, casos del virus sincitial respiratorio y la resistencia de infecciones en ni\u00f1os lideran la agenda de apertura del 48vo Congreso Nacional de Pediatr\u00eda. En&hellip;<\/p>\n","protected":false},"author":2,"featured_media":100461,"comment_status":"open","ping_status":"open","sticky":false,"template":"","format":"standard","meta":{"content-type":"","jetpack_post_was_ever_published":false,"_jetpack_newsletter_access":"","_jetpack_dont_email_post_to_subs":false,"_jetpack_newsletter_tier_id":0,"_jetpack_memberships_contains_paywalled_content":false,"_jetpack_memberships_contains_paid_content":false,"footnotes":""},"categories":[16558],"tags":[530,549,20295,3761,813,1693],"class_list":["post-100460","post","type-post","status-publish","format-standard","has-post-thumbnail","hentry","category-salud","tag-congreso","tag-dominicana","tag-medioambiente","tag-pediatria","tag-salud","tag-sociedad"],"jetpack_featured_media_url":"https:\/\/lasprimeras.com.do\/wp-content\/uploads\/2025\/06\/El-doctor-Luis-Alam-Lora-durante-su-reconocimiento-en-la-48vo-edicion-del-Congreso-Nacional-de-Pediatria.jpg","jetpack-related-posts":[{"id":68176,"url":"https:\/\/lasprimeras.com.do\/index.php\/2023\/11\/22\/neumologos-recomiendan-vigilar-los-cuadros-respiratorios-tras-intensas-lluvias\/","url_meta":{"origin":100460,"position":0},"title":"Neum\u00f3logos recomiendan vigilar los cuadros respiratorios tras intensas lluvias","author":"Nelson Feliz","date":"22 de noviembre de 2023","format":false,"excerpt":"Los virus sincitial respiratorio y de influenza A y B son los que tienen mayor circulaci\u00f3n en el pa\u00eds. La Sociedad Dominicana de Neumolog\u00eda y Cirug\u00eda del T\u00f3rax (SDNCT)recomienda mantener activa la vigilancia de cuadros respiratorios en la poblaci\u00f3n y evitar permanecer en espacios reducidos con gran n\u00famero de personas,\u2026","rel":"","context":"En \u00abSin categor\u00eda\u00bb","block_context":{"text":"Sin categor\u00eda","link":"https:\/\/lasprimeras.com.do\/index.php\/category\/sin-categoria\/"},"img":{"alt_text":"","src":"https:\/\/i0.wp.com\/lasprimeras.com.do\/wp-content\/uploads\/2023\/11\/lluvias-1.jpeg?resize=350%2C200&ssl=1","width":350,"height":200,"srcset":"https:\/\/i0.wp.com\/lasprimeras.com.do\/wp-content\/uploads\/2023\/11\/lluvias-1.jpeg?resize=350%2C200&ssl=1 1x, https:\/\/i0.wp.com\/lasprimeras.com.do\/wp-content\/uploads\/2023\/11\/lluvias-1.jpeg?resize=525%2C300&ssl=1 1.5x, https:\/\/i0.wp.com\/lasprimeras.com.do\/wp-content\/uploads\/2023\/11\/lluvias-1.jpeg?resize=700%2C400&ssl=1 2x"},"classes":[]},{"id":53081,"url":"https:\/\/lasprimeras.com.do\/index.php\/2023\/06\/23\/sociedad-dominicana-de-pediatria-se-prepara-para-su-congreso-nacional\/","url_meta":{"origin":100460,"position":1},"title":"Sociedad Dominicana de Pediatr\u00eda se prepara para su congreso nacional","author":"Nelson Feliz","date":"23 de junio de 2023","format":false,"excerpt":"M\u00e1s de 60 especialistas disertar\u00e1n en el Congreso Nacional de Pediatr\u00eda 2023 Del 20 al 23 de julio, se llevar\u00e1 a cabo este encuentro de actualizaci\u00f3n m\u00e9dica para tratar nuevas investigaciones y compartir experiencias sobre el abordaje de la salud infantil en todas sus etapas. La Sociedad Dominicana de Pediatr\u00eda\u2026","rel":"","context":"En \u00abPORTADA\u00bb","block_context":{"text":"PORTADA","link":"https:\/\/lasprimeras.com.do\/index.php\/category\/portada\/"},"img":{"alt_text":"Luz Herrera","src":"https:\/\/i0.wp.com\/lasprimeras.com.do\/wp-content\/uploads\/2023\/06\/Luz-Herrera.jpg?resize=350%2C200&ssl=1","width":350,"height":200,"srcset":"https:\/\/i0.wp.com\/lasprimeras.com.do\/wp-content\/uploads\/2023\/06\/Luz-Herrera.jpg?resize=350%2C200&ssl=1 1x, https:\/\/i0.wp.com\/lasprimeras.com.do\/wp-content\/uploads\/2023\/06\/Luz-Herrera.jpg?resize=525%2C300&ssl=1 1.5x, https:\/\/i0.wp.com\/lasprimeras.com.do\/wp-content\/uploads\/2023\/06\/Luz-Herrera.jpg?resize=700%2C400&ssl=1 2x"},"classes":[]},{"id":77897,"url":"https:\/\/lasprimeras.com.do\/index.php\/2024\/02\/27\/incidencia-virus-respiratorios-disminuye-en-el-pais\/","url_meta":{"origin":100460,"position":2},"title":"Incidencia virus respiratorios disminuye en el pa\u00eds","author":"BIMARY DE JES\u00daS Matos","date":"27 de febrero de 2024","format":false,"excerpt":"Santo Domingo.-Los virus respiratorios contin\u00faan afectando a la poblaci\u00f3n dominicana debido a los cambios de temperaturas que se registran en el pa\u00eds, sin embargo, su incidencia ha disminuido considerablemente comparada con el mes pasado. Con las infecciones respiratorias como la influenza y el virus sincitial, as\u00ed como el dengue, los\u2026","rel":"","context":"En \u00abNACIONALES\u00bb","block_context":{"text":"NACIONALES","link":"https:\/\/lasprimeras.com.do\/index.php\/category\/nacionales\/"},"img":{"alt_text":"","src":"https:\/\/i0.wp.com\/lasprimeras.com.do\/wp-content\/uploads\/2024\/02\/10_Nacionales_27_-3p01.jpg.webp?resize=350%2C200&ssl=1","width":350,"height":200,"srcset":"https:\/\/i0.wp.com\/lasprimeras.com.do\/wp-content\/uploads\/2024\/02\/10_Nacionales_27_-3p01.jpg.webp?resize=350%2C200&ssl=1 1x, https:\/\/i0.wp.com\/lasprimeras.com.do\/wp-content\/uploads\/2024\/02\/10_Nacionales_27_-3p01.jpg.webp?resize=525%2C300&ssl=1 1.5x, https:\/\/i0.wp.com\/lasprimeras.com.do\/wp-content\/uploads\/2024\/02\/10_Nacionales_27_-3p01.jpg.webp?resize=700%2C400&ssl=1 2x"},"classes":[]},{"id":119223,"url":"https:\/\/lasprimeras.com.do\/index.php\/2026\/01\/08\/sociedad-de-pediatria-pide-respetar-esquema-local-de-vacunas-pese-a-cambios-en-ee-uu\/","url_meta":{"origin":100460,"position":3},"title":"Sociedad de Pediatr\u00eda pide respetar esquema local de vacunas pese a cambios en EE.UU.","author":"Nelson Feliz","date":"8 de enero de 2026","format":false,"excerpt":"La Sociedad Dominicana de Pediatr\u00eda pidi\u00f3 este jueves a la poblaci\u00f3n cumplir con el esquema completo de vacunaci\u00f3n, tal como est\u00e1 establecido por la Direcci\u00f3n de Inmunoprevenibles por Vacunas (DIV). \"Es importante recordar que, en nuestro pa\u00eds, contamos con un esquema de vacunaci\u00f3n que se adhiere a las necesidades de\u2026","rel":"","context":"En \u00abSALUD\u00bb","block_context":{"text":"SALUD","link":"https:\/\/lasprimeras.com.do\/index.php\/category\/salud\/"},"img":{"alt_text":"","src":"https:\/\/i0.wp.com\/lasprimeras.com.do\/wp-content\/uploads\/2026\/01\/vacuna.jpg?resize=350%2C200&ssl=1","width":350,"height":200,"srcset":"https:\/\/i0.wp.com\/lasprimeras.com.do\/wp-content\/uploads\/2026\/01\/vacuna.jpg?resize=350%2C200&ssl=1 1x, https:\/\/i0.wp.com\/lasprimeras.com.do\/wp-content\/uploads\/2026\/01\/vacuna.jpg?resize=525%2C300&ssl=1 1.5x, https:\/\/i0.wp.com\/lasprimeras.com.do\/wp-content\/uploads\/2026\/01\/vacuna.jpg?resize=700%2C400&ssl=1 2x"},"classes":[]},{"id":55551,"url":"https:\/\/lasprimeras.com.do\/index.php\/2023\/07\/23\/sociedad-de-pediatria-solicita-al-congreso-de-la-rd-aprobar-el-proyecto-de-ley-general-de-vacunas\/","url_meta":{"origin":100460,"position":4},"title":"Sociedad de Pediatr\u00eda solicita al Congreso de la RD aprobar el proyecto de Ley General de Vacunas","author":"Nelson Feliz","date":"23 de julio de 2023","format":false,"excerpt":"Por Martin Restituyo La Sociedad Dominicana de Pediatr\u00eda ve con profunda preocupaci\u00f3n la dilaci\u00f3n que enfrenta el proyecto de Ley General de Vacunas en la C\u00e1mara de Diputados. El aplazamiento de la discusi\u00f3n sobre esta iniciativa implicar\u00e1 que el pa\u00eds siga enfrentando riesgos de avanzar en la construcci\u00f3n de pol\u00edticas\u2026","rel":"","context":"En \u00abPORTADA\u00bb","block_context":{"text":"PORTADA","link":"https:\/\/lasprimeras.com.do\/index.php\/category\/portada\/"},"img":{"alt_text":"Luz Herrera","src":"https:\/\/i0.wp.com\/lasprimeras.com.do\/wp-content\/uploads\/2023\/07\/Luz-Herrera.jpg?resize=350%2C200&ssl=1","width":350,"height":200,"srcset":"https:\/\/i0.wp.com\/lasprimeras.com.do\/wp-content\/uploads\/2023\/07\/Luz-Herrera.jpg?resize=350%2C200&ssl=1 1x, https:\/\/i0.wp.com\/lasprimeras.com.do\/wp-content\/uploads\/2023\/07\/Luz-Herrera.jpg?resize=525%2C300&ssl=1 1.5x, https:\/\/i0.wp.com\/lasprimeras.com.do\/wp-content\/uploads\/2023\/07\/Luz-Herrera.jpg?resize=700%2C400&ssl=1 2x"},"classes":[]},{"id":55810,"url":"https:\/\/lasprimeras.com.do\/index.php\/2023\/07\/25\/sociedad-dominicana-de-pediatria-juramenta-nueva-directiva\/","url_meta":{"origin":100460,"position":5},"title":"Sociedad Dominicana de Pediatr\u00eda juramenta nueva directiva","author":"Nelson Feliz","date":"25 de julio de 2023","format":false,"excerpt":"La Sociedad Dominicana de Pediatr\u00eda design\u00f3 recientemente a su nueva directiva, liderada por la doctora Rosa Acevedo junto a un grupo de especialistas, tras dos a\u00f1os de gesti\u00f3n evocados a la integraci\u00f3n del gremio e impulso a la formaci\u00f3n m\u00e9dica a nivel nacional. Cada dos a\u00f1os, la entidad hace traspaso\u2026","rel":"","context":"En \u00abSin categor\u00eda\u00bb","block_context":{"text":"Sin categor\u00eda","link":"https:\/\/lasprimeras.com.do\/index.php\/category\/sin-categoria\/"},"img":{"alt_text":"Rosa Acevedo","src":"https:\/\/i0.wp.com\/lasprimeras.com.do\/wp-content\/uploads\/2023\/07\/Rosa-Acevedo.jpg?resize=350%2C200&ssl=1","width":350,"height":200},"classes":[]}],"jetpack_sharing_enabled":true,"_links":{"self":[{"href":"https:\/\/lasprimeras.com.do\/index.php\/wp-json\/wp\/v2\/posts\/100460","targetHints":{"allow":["GET"]}}],"collection":[{"href":"https:\/\/lasprimeras.com.do\/index.php\/wp-json\/wp\/v2\/posts"}],"about":[{"href":"https:\/\/lasprimeras.com.do\/index.php\/wp-json\/wp\/v2\/types\/post"}],"author":[{"embeddable":true,"href":"https:\/\/lasprimeras.com.do\/index.php\/wp-json\/wp\/v2\/users\/2"}],"replies":[{"embeddable":true,"href":"https:\/\/lasprimeras.com.do\/index.php\/wp-json\/wp\/v2\/comments?post=100460"}],"version-history":[{"count":1,"href":"https:\/\/lasprimeras.com.do\/index.php\/wp-json\/wp\/v2\/posts\/100460\/revisions"}],"predecessor-version":[{"id":100462,"href":"https:\/\/lasprimeras.com.do\/index.php\/wp-json\/wp\/v2\/posts\/100460\/revisions\/100462"}],"wp:featuredmedia":[{"embeddable":true,"href":"https:\/\/lasprimeras.com.do\/index.php\/wp-json\/wp\/v2\/media\/100461"}],"wp:attachment":[{"href":"https:\/\/lasprimeras.com.do\/index.php\/wp-json\/wp\/v2\/media?parent=100460"}],"wp:term":[{"taxonomy":"category","embeddable":true,"href":"https:\/\/lasprimeras.com.do\/index.php\/wp-json\/wp\/v2\/categories?post=100460"},{"taxonomy":"post_tag","embeddable":true,"href":"https:\/\/lasprimeras.com.do\/index.php\/wp-json\/wp\/v2\/tags?post=100460"}],"curies":[{"name":"wp","href":"https:\/\/api.w.org\/{rel}","templated":true}]}}