{"id":100505,"date":"2025-06-08T14:20:07","date_gmt":"2025-06-08T18:20:07","guid":{"rendered":"https:\/\/lasprimeras.com.do\/?p=100505"},"modified":"2025-06-08T14:20:09","modified_gmt":"2025-06-08T18:20:09","slug":"una-cebra-mascota-fugitiva-es-capturada-en-tennessee","status":"publish","type":"post","link":"https:\/\/lasprimeras.com.do\/index.php\/2025\/06\/08\/una-cebra-mascota-fugitiva-es-capturada-en-tennessee\/","title":{"rendered":"Una cebra mascota fugitiva es capturada en Tennessee"},"content":{"rendered":"\n<p>MURFREESBORO, Tennessee, EE.UU. (AP) \u2014 Una cebra mascota fugitiva que estuvo suelta durante m\u00e1s de una semana en Tennessee y se convirti\u00f3 en una sensaci\u00f3n en internet fue capturada el domingo, informaron autoridades.<\/p>\n\n\n\n<p>La cebra apodada \u201cEd\u201d fue capturada sin percance despu\u00e9s de ser localizada en un pastizal cerca de una subdivisi\u00f3n en la comunidad de Christiana, en el centro de Tennessee, confirm\u00f3 la polic\u00eda del condado Rutherford. A\u00f1adi\u00f3 que equipos de aviaci\u00f3n capturaron a la cebra.<\/p>\n\n\n\n<p>\u201cLa cebra Ed fue levantada y transportada en helic\u00f3ptero de regreso a un remolque de animales que la esperaba\u201d, dijo la agencia en un comunicado.<\/p>\n\n\n\n<p>Un video publicado por la agencia muestra a Ed envuelto en una red con la cabeza asomando mientras es llevado por el helic\u00f3ptero al remolque.<\/p>\n\n\n\n<p>Ed lleg\u00f3 a Christiana el 30 de mayo, indic\u00f3 la polic\u00eda. Su due\u00f1o report\u00f3 su desaparici\u00f3n al d\u00eda siguiente.<br>La cebra fue vista y filmada corriendo a lo largo de la Interestatal 24, lo que oblig\u00f3 a los agentes a cerrar la carretera. Pero Ed escap\u00f3 hacia un \u00e1rea boscosa.<\/p>\n\n\n\n<p>Hubo varios avistamientos publicados en las redes sociales. Ed fue filmado trotando por un vecindario.<br>La cebra r\u00e1pidamente se convirti\u00f3 en el tema de memes en internet. Una publicaci\u00f3n falsa mostraba a Ed cenando en un Waffle House, un lugar emblem\u00e1tico del sur. Otras lo mostraban visitando otras ciudades de Tennessee o pidiendo limosna al costado de la carretera.<\/p>\n\n\n\n<p>La persecuci\u00f3n de Ed ocurri\u00f3 un mes despu\u00e9s de que un canguro fugitivo cerrara una secci\u00f3n de la interestatal de Alabama.<\/p>\n","protected":false},"excerpt":{"rendered":"<p>MURFREESBORO, Tennessee, EE.UU. (AP) \u2014 Una cebra mascota fugitiva que estuvo suelta durante m\u00e1s de una semana en Tennessee y se convirti\u00f3 en una sensaci\u00f3n en internet fue capturada el&hellip;<\/p>\n","protected":false},"author":10,"featured_media":100506,"comment_status":"open","ping_status":"open","sticky":false,"template":"","format":"standard","meta":{"content-type":"","jetpack_post_was_ever_published":false,"_jetpack_newsletter_access":"","_jetpack_dont_email_post_to_subs":false,"_jetpack_newsletter_tier_id":0,"_jetpack_memberships_contains_paywalled_content":false,"_jetpack_memberships_contains_paid_content":false,"footnotes":""},"categories":[16289],"tags":[20314,20316,20315,20317,5291],"class_list":["post-100505","post","type-post","status-publish","format-standard","has-post-thumbnail","hentry","category-internacionales","tag-cebra","tag-equipos-de-aviacion","tag-mascota-fugitiva","tag-murfreesboro","tag-tennessee"],"jetpack_featured_media_url":"https:\/\/lasprimeras.com.do\/wp-content\/uploads\/2025\/06\/Cebra.jpg","jetpack-related-posts":[{"id":55794,"url":"https:\/\/lasprimeras.com.do\/index.php\/2023\/07\/25\/el-gobernador-desantis-rival-de-trump-sale-ileso-de-un-accidente-de-automovil-en-tennessee\/","url_meta":{"origin":100505,"position":0},"title":"El gobernador DeSantis, rival de Trump, sale ileso de un accidente de autom\u00f3vil en Tennessee","author":"Nelson Feliz","date":"25 de julio de 2023","format":false,"excerpt":"El gobernador de Florida y candidato a las primarias republicanas, Ron DeSantis, sufri\u00f3 este martes un accidente automovil\u00edstico en Tennessee , aunque result\u00f3 indemne, al igual que sus acompa\u00f1antes, inform\u00f3 su equipo de campa\u00f1a. \"Agradecemos la oraciones y buenos deseos\", dijo Bryan Griffin, un portavoz de DeSantis. El gobernador, que\u2026","rel":"","context":"En \u00abSin categor\u00eda\u00bb","block_context":{"text":"Sin categor\u00eda","link":"https:\/\/lasprimeras.com.do\/index.php\/category\/sin-categoria\/"},"img":{"alt_text":"Ron DeSantis","src":"https:\/\/i0.wp.com\/lasprimeras.com.do\/wp-content\/uploads\/2023\/07\/Ron-DeSantis.jpg?resize=350%2C200&ssl=1","width":350,"height":200,"srcset":"https:\/\/i0.wp.com\/lasprimeras.com.do\/wp-content\/uploads\/2023\/07\/Ron-DeSantis.jpg?resize=350%2C200&ssl=1 1x, https:\/\/i0.wp.com\/lasprimeras.com.do\/wp-content\/uploads\/2023\/07\/Ron-DeSantis.jpg?resize=525%2C300&ssl=1 1.5x, https:\/\/i0.wp.com\/lasprimeras.com.do\/wp-content\/uploads\/2023\/07\/Ron-DeSantis.jpg?resize=700%2C400&ssl=1 2x"},"classes":[]},{"id":95404,"url":"https:\/\/lasprimeras.com.do\/index.php\/2025\/03\/13\/kennard-y-morant-anotan-triples-decisivos-en-triunfo-122-115-de-grizzlies-ante-el-jazz\/","url_meta":{"origin":100505,"position":1},"title":"Kennard y Morant anotan triples decisivos en triunfo 122-115 de Grizzlies ante el Jazz","author":"Nelson Feliz","date":"13 de marzo de 2025","format":false,"excerpt":"MEMPHIS, Tennessee, EE.UU. (AP) \u2014 Luke Kennard anot\u00f3 30 puntos y Ja Morant tuvo 28 para ayudar a los Grizzlies de Memphis a vencer 122-115 el mi\u00e9rcoles al Jazz de Utah. Kennard acert\u00f3 siete de nueve en tiros de tres puntos, y Morant atin\u00f3 cuatro de siete desde la l\u00ednea\u2026","rel":"","context":"En \u00abDEPORTES\u00bb","block_context":{"text":"DEPORTES","link":"https:\/\/lasprimeras.com.do\/index.php\/category\/deportes\/"},"img":{"alt_text":"","src":"https:\/\/i0.wp.com\/lasprimeras.com.do\/wp-content\/uploads\/2025\/03\/Luke-Kennard-y-Ja-Morant.png?resize=350%2C200&ssl=1","width":350,"height":200,"srcset":"https:\/\/i0.wp.com\/lasprimeras.com.do\/wp-content\/uploads\/2025\/03\/Luke-Kennard-y-Ja-Morant.png?resize=350%2C200&ssl=1 1x, https:\/\/i0.wp.com\/lasprimeras.com.do\/wp-content\/uploads\/2025\/03\/Luke-Kennard-y-Ja-Morant.png?resize=525%2C300&ssl=1 1.5x, https:\/\/i0.wp.com\/lasprimeras.com.do\/wp-content\/uploads\/2025\/03\/Luke-Kennard-y-Ja-Morant.png?resize=700%2C400&ssl=1 2x"},"classes":[]},{"id":127792,"url":"https:\/\/lasprimeras.com.do\/index.php\/2026\/04\/16\/cambio-en-norma-para-conducir-en-nyc-donde-hay-miles-de-choferes-dominicanos\/","url_meta":{"origin":100505,"position":2},"title":"Cambio en norma para conducir en NYC, donde hay miles de choferes dominicanos","author":"Nelson Feliz","date":"16 de abril de 2026","format":false,"excerpt":"Por Ram\u00f3n Mercedes NUEVA YORK.- Lo que antes era una norma o un derecho del conductor en esta ciudad, ha cambiado. Ahora, hay una nueva regla al circular por las diferentes v\u00edas de la Gran Manzana, que consiste en no tocar la bocina a los peatones para apresurarlos a cruzar\u2026","rel":"","context":"En \u00abINTERNACIONALES\u00bb","block_context":{"text":"INTERNACIONALES","link":"https:\/\/lasprimeras.com.do\/index.php\/category\/sin-categoria\/internacionales\/"},"img":{"alt_text":"","src":"https:\/\/i0.wp.com\/lasprimeras.com.do\/wp-content\/uploads\/2026\/04\/Cambio-en-norma-para-conducir-en-NYC-donde-hay-miles-de-choferes-dominicanos.jpg?resize=350%2C200&ssl=1","width":350,"height":200},"classes":[]},{"id":86226,"url":"https:\/\/lasprimeras.com.do\/index.php\/2024\/07\/21\/nina-de-12-anos-es-acusada-de-asfixiar-a-su-prima-de-8-por-un-iphone\/","url_meta":{"origin":100505,"position":3},"title":"Ni\u00f1a de 12 a\u00f1os es acusada de asfixiar a su prima de 8 por un iPhone","author":"Nelson Feliz","date":"21 de julio de 2024","format":false,"excerpt":"Una ni\u00f1a de 12 a\u00f1os de Tennessee fue acusada de asesinato por asfixiar a su prima de 8 a\u00f1os mientras \u00e9sta dorm\u00eda. Un familiar dijo que hab\u00edan discutido por un iPhone. El 15 de julio, una c\u00e1mara de seguridad registr\u00f3 el asesinato, ocurrido en el dormitorio que ambas compart\u00edan en\u2026","rel":"","context":"En \u00abSin categor\u00eda\u00bb","block_context":{"text":"Sin categor\u00eda","link":"https:\/\/lasprimeras.com.do\/index.php\/category\/sin-categoria\/"},"img":{"alt_text":"","src":"https:\/\/i0.wp.com\/lasprimeras.com.do\/wp-content\/uploads\/2024\/07\/police.png?resize=350%2C200&ssl=1","width":350,"height":200,"srcset":"https:\/\/i0.wp.com\/lasprimeras.com.do\/wp-content\/uploads\/2024\/07\/police.png?resize=350%2C200&ssl=1 1x, https:\/\/i0.wp.com\/lasprimeras.com.do\/wp-content\/uploads\/2024\/07\/police.png?resize=525%2C300&ssl=1 1.5x, https:\/\/i0.wp.com\/lasprimeras.com.do\/wp-content\/uploads\/2024\/07\/police.png?resize=700%2C400&ssl=1 2x"},"classes":[]},{"id":106942,"url":"https:\/\/lasprimeras.com.do\/index.php\/2025\/08\/21\/autoridades-rd-capturan-y-deportan-uno-de-los-fugitivos-mas-buscados-en-panama\/","url_meta":{"origin":100505,"position":4},"title":"Autoridades RD capturan y deportan uno de los fugitivos m\u00e1s buscados en Panam\u00e1","author":"Nelson Feliz","date":"21 de agosto de 2025","format":false,"excerpt":"El extranjero era parte de una estructura criminal vinculada a delitos de Tr\u00e1fico de Drogas y Blanqueo de Capitales denominada Operaci\u00f3n Jeric\u00f3. Unidades especiales de la Direcci\u00f3n Nacional de Control de Drogas (DNCD) e Inspectores de Migraci\u00f3n (DGM), apoyados por la Polic\u00eda de Panam\u00e1, la Interpol y agentes de la\u2026","rel":"","context":"En \u00abMILITARES\u00bb","block_context":{"text":"MILITARES","link":"https:\/\/lasprimeras.com.do\/index.php\/category\/militares\/"},"img":{"alt_text":"","src":"https:\/\/i0.wp.com\/lasprimeras.com.do\/wp-content\/uploads\/2025\/08\/dep.jpg?resize=350%2C200&ssl=1","width":350,"height":200,"srcset":"https:\/\/i0.wp.com\/lasprimeras.com.do\/wp-content\/uploads\/2025\/08\/dep.jpg?resize=350%2C200&ssl=1 1x, https:\/\/i0.wp.com\/lasprimeras.com.do\/wp-content\/uploads\/2025\/08\/dep.jpg?resize=525%2C300&ssl=1 1.5x, https:\/\/i0.wp.com\/lasprimeras.com.do\/wp-content\/uploads\/2025\/08\/dep.jpg?resize=700%2C400&ssl=1 2x"},"classes":[]},{"id":85807,"url":"https:\/\/lasprimeras.com.do\/index.php\/2024\/07\/09\/presidente-dncd-visita-instituciones-policiales-y-judiciales-en-paises-bajos\/","url_meta":{"origin":100505,"position":5},"title":"Presidente DNCD visita instituciones policiales y judiciales en Pa\u00edses Bajos","author":"Nelson Feliz","date":"9 de julio de 2024","format":false,"excerpt":"A ra\u00edz de la captura por la DNCD y posterior extradici\u00f3n de los fugitivos neerlandeses Dennis Goede y Urvin Laurence Wawe (alias nuto), solicitados en ese pa\u00eds bajo los cargos de narcotr\u00e1fico, lavado de activos y otros cr\u00edmenes, el presidente de la DNCD Vicealmirante Jos\u00e9 Manuel Cabrera Ulloa, recibi\u00f3 una\u2026","rel":"","context":"En \u00abMILITARES\u00bb","block_context":{"text":"MILITARES","link":"https:\/\/lasprimeras.com.do\/index.php\/category\/militares\/"},"img":{"alt_text":"Jos\u00e9 Manuel Cabrera Ulloa","src":"https:\/\/i0.wp.com\/lasprimeras.com.do\/wp-content\/uploads\/2024\/07\/Jose-Manuel-Cabrera-Ulloa-1.jpg?resize=350%2C200&ssl=1","width":350,"height":200,"srcset":"https:\/\/i0.wp.com\/lasprimeras.com.do\/wp-content\/uploads\/2024\/07\/Jose-Manuel-Cabrera-Ulloa-1.jpg?resize=350%2C200&ssl=1 1x, https:\/\/i0.wp.com\/lasprimeras.com.do\/wp-content\/uploads\/2024\/07\/Jose-Manuel-Cabrera-Ulloa-1.jpg?resize=525%2C300&ssl=1 1.5x, https:\/\/i0.wp.com\/lasprimeras.com.do\/wp-content\/uploads\/2024\/07\/Jose-Manuel-Cabrera-Ulloa-1.jpg?resize=700%2C400&ssl=1 2x"},"classes":[]}],"jetpack_sharing_enabled":true,"_links":{"self":[{"href":"https:\/\/lasprimeras.com.do\/index.php\/wp-json\/wp\/v2\/posts\/100505","targetHints":{"allow":["GET"]}}],"collection":[{"href":"https:\/\/lasprimeras.com.do\/index.php\/wp-json\/wp\/v2\/posts"}],"about":[{"href":"https:\/\/lasprimeras.com.do\/index.php\/wp-json\/wp\/v2\/types\/post"}],"author":[{"embeddable":true,"href":"https:\/\/lasprimeras.com.do\/index.php\/wp-json\/wp\/v2\/users\/10"}],"replies":[{"embeddable":true,"href":"https:\/\/lasprimeras.com.do\/index.php\/wp-json\/wp\/v2\/comments?post=100505"}],"version-history":[{"count":1,"href":"https:\/\/lasprimeras.com.do\/index.php\/wp-json\/wp\/v2\/posts\/100505\/revisions"}],"predecessor-version":[{"id":100507,"href":"https:\/\/lasprimeras.com.do\/index.php\/wp-json\/wp\/v2\/posts\/100505\/revisions\/100507"}],"wp:featuredmedia":[{"embeddable":true,"href":"https:\/\/lasprimeras.com.do\/index.php\/wp-json\/wp\/v2\/media\/100506"}],"wp:attachment":[{"href":"https:\/\/lasprimeras.com.do\/index.php\/wp-json\/wp\/v2\/media?parent=100505"}],"wp:term":[{"taxonomy":"category","embeddable":true,"href":"https:\/\/lasprimeras.com.do\/index.php\/wp-json\/wp\/v2\/categories?post=100505"},{"taxonomy":"post_tag","embeddable":true,"href":"https:\/\/lasprimeras.com.do\/index.php\/wp-json\/wp\/v2\/tags?post=100505"}],"curies":[{"name":"wp","href":"https:\/\/api.w.org\/{rel}","templated":true}]}}