{"id":100541,"date":"2025-06-08T18:00:00","date_gmt":"2025-06-08T22:00:00","guid":{"rendered":"https:\/\/lasprimeras.com.do\/?p=100541"},"modified":"2025-06-08T15:54:09","modified_gmt":"2025-06-08T19:54:09","slug":"entregan-ganado-recuperado-a-sus-propietarios-en-dajabon-tras-reunion-con-autoridades-haitianas","status":"publish","type":"post","link":"https:\/\/lasprimeras.com.do\/index.php\/2025\/06\/08\/entregan-ganado-recuperado-a-sus-propietarios-en-dajabon-tras-reunion-con-autoridades-haitianas\/","title":{"rendered":"Entregan ganado recuperado a sus propietarios en Dajab\u00f3n tras reuni\u00f3n con autoridades haitianas"},"content":{"rendered":"\n<p><strong>Las vacas hab\u00edan sido robadas y llevadas hacia Hait\u00ed<\/strong><\/p>\n\n\n\n<p>Luego de una reuni\u00f3n sostenida con autoridades haitianas en la provincia de Dajab\u00f3n y en coordinaci\u00f3n con el Ej\u00e9rcito de Rep\u00fablica Dominicana, fueron entregadas a sus propietarios, dos de cinco reses que hab\u00edan sido sustra\u00eddas de una parcela el 13 de mayo del presente a\u00f1o.<\/p>\n\n\n\n<p>En el encuentro, que se desarroll\u00f3 en la zona de Los Miches, de la referida provincia, participaron los ganaderos Bernardo Villanueva y Rudy Mart\u00ednez, propietarios de las reses, el Comisario y Jefe de la Polic\u00eda Haitiana en Fort Libert\u00e9 (PNH), el Alcalde de la Comuna de Capotillo Haitiano, un fiscal y otras autoridades de ese pa\u00eds.<\/p>\n\n\n\n<p>Los funcionarios haitianos manifestaron su disponibilidad de fortalecer y continuar colaborando en materia de seguridad con las autoridades dominicanas para enfrentar el robo de ganado y otros il\u00edcitos.<\/p>\n\n\n\n<p><strong>Ej\u00e9rcito entrega animales de monturas que hab\u00edan sido robados a sus due\u00f1os en Dajab\u00f3n<\/strong><\/p>\n\n\n\n<figure class=\"wp-block-image size-full\"><img decoding=\"async\" width=\"700\" height=\"420\" src=\"https:\/\/lasprimeras.com.do\/wp-content\/uploads\/2025\/06\/VACAS.jpg\" alt=\"\" class=\"wp-image-100543\" srcset=\"https:\/\/lasprimeras.com.do\/wp-content\/uploads\/2025\/06\/VACAS.jpg 700w, https:\/\/lasprimeras.com.do\/wp-content\/uploads\/2025\/06\/VACAS-300x180.jpg 300w\" sizes=\"(max-width: 700px) 100vw, 700px\" \/><\/figure>\n\n\n\n<p>Fueron entregados mediante certificaci\u00f3n, por miembros del Ej\u00e9rcito de Rep\u00fablica Dominicana, 03 animales de monturas, un caballo, una yegua y un burro.<\/p>\n\n\n\n<p>La entrega fue realizada a los se\u00f1ores Lorenzo Infante, Adriano Uceta G\u00f3mez y Joselito Antonio Est\u00e9vez Hern\u00e1ndez.<\/p>\n\n\n\n<p>Los animales fueron recuperados por uniformados del 10mo. Batall\u00f3n de Infanter\u00eda, asignados para servicio a la inspector\u00eda de la Fortaleza General Jos\u00e9 Cabrera, en la secci\u00f3n La Joya del municipio de Loma de Cabrera.<\/p>\n\n\n\n<p>Estos animales fueron sustra\u00eddos por personas que hasta el momento no han sido identificadas en la secci\u00f3n de La Pe\u00f1ita Arriba y el Aguacate.<\/p>\n","protected":false},"excerpt":{"rendered":"<p>Las vacas hab\u00edan sido robadas y llevadas hacia Hait\u00ed Luego de una reuni\u00f3n sostenida con autoridades haitianas en la provincia de Dajab\u00f3n y en coordinaci\u00f3n con el Ej\u00e9rcito de Rep\u00fablica&hellip;<\/p>\n","protected":false},"author":10,"featured_media":100542,"comment_status":"open","ping_status":"open","sticky":false,"template":"","format":"standard","meta":{"content-type":"","jetpack_post_was_ever_published":false,"_jetpack_newsletter_access":"","_jetpack_dont_email_post_to_subs":false,"_jetpack_newsletter_tier_id":0,"_jetpack_memberships_contains_paywalled_content":false,"_jetpack_memberships_contains_paid_content":false,"footnotes":""},"categories":[3057],"tags":[20349,1814,20348,11643,7235,20347],"class_list":["post-100541","post","type-post","status-publish","format-standard","has-post-thumbnail","hentry","category-militares","tag-autoridades-haitianas","tag-dajabon","tag-ejercito-de-republica-dominicana","tag-ganaderos","tag-ganado","tag-vacas-robadas"],"jetpack_featured_media_url":"https:\/\/lasprimeras.com.do\/wp-content\/uploads\/2025\/06\/VACAS-HAITIANOS.jpg","jetpack-related-posts":[{"id":102456,"url":"https:\/\/lasprimeras.com.do\/index.php\/2025\/07\/04\/apresan-35-haitianos-indocumentados-en-zonas-rurales-de-montecristi-y-dajabon\/","url_meta":{"origin":100541,"position":0},"title":"Apresan 35 haitianos indocumentados en zonas rurales de Montecristi y Dajab\u00f3n","author":"Nelson Feliz","date":"4 de julio de 2025","format":false,"excerpt":"Patrullas de la 4ta. Brigada de Infanter\u00eda, del Ej\u00e9rcito de Rep\u00fablica Dominicana detuvieron a 35 nacionales haitianos indocumentados en zonas rurales de las provincias Montecristi y Dajab\u00f3n. En una parcela en el municipio Hatillo Palma de Montecristi, 10 nacionales haitianos indocumentados que se escond\u00edan en la oscuridad de la noche\u2026","rel":"","context":"En \u00abMILITARES\u00bb","block_context":{"text":"MILITARES","link":"https:\/\/lasprimeras.com.do\/index.php\/category\/militares\/"},"img":{"alt_text":"","src":"https:\/\/i0.wp.com\/lasprimeras.com.do\/wp-content\/uploads\/2025\/07\/Patrullas-del-Ejercito-1.jpg?resize=350%2C200&ssl=1","width":350,"height":200,"srcset":"https:\/\/i0.wp.com\/lasprimeras.com.do\/wp-content\/uploads\/2025\/07\/Patrullas-del-Ejercito-1.jpg?resize=350%2C200&ssl=1 1x, https:\/\/i0.wp.com\/lasprimeras.com.do\/wp-content\/uploads\/2025\/07\/Patrullas-del-Ejercito-1.jpg?resize=525%2C300&ssl=1 1.5x, https:\/\/i0.wp.com\/lasprimeras.com.do\/wp-content\/uploads\/2025\/07\/Patrullas-del-Ejercito-1.jpg?resize=700%2C400&ssl=1 2x"},"classes":[]},{"id":120290,"url":"https:\/\/lasprimeras.com.do\/index.php\/2026\/01\/22\/ejercito-detiene-a-presunto-traficante-de-indocumentados-y-a-21-haitianos-en-dajabon\/","url_meta":{"origin":100541,"position":1},"title":"Ej\u00e9rcito detiene a presunto traficante de indocumentados y a 21 haitianos en Dajab\u00f3n","author":"Nelson Feliz","date":"22 de enero de 2026","format":false,"excerpt":"El Ej\u00e9rcito de Rep\u00fablica Dominicana (ERD), inform\u00f3 la detenci\u00f3n de un presunto traficante de personas, as\u00ed como de veinti\u00fan (21) nacionales haitianos en condici\u00f3n migratoria irregular, durante un operativo realizado en la provincia Dajab\u00f3n. La intervenci\u00f3n fue lograda con unidades de vigilancia a\u00e9rea (drones) y labores de inteligencia, mediante las\u2026","rel":"","context":"En \u00abMILITARES\u00bb","block_context":{"text":"MILITARES","link":"https:\/\/lasprimeras.com.do\/index.php\/category\/militares\/"},"img":{"alt_text":"","src":"https:\/\/i0.wp.com\/lasprimeras.com.do\/wp-content\/uploads\/2026\/01\/IMG-20260122-WA04861.jpg?resize=350%2C200&ssl=1","width":350,"height":200,"srcset":"https:\/\/i0.wp.com\/lasprimeras.com.do\/wp-content\/uploads\/2026\/01\/IMG-20260122-WA04861.jpg?resize=350%2C200&ssl=1 1x, https:\/\/i0.wp.com\/lasprimeras.com.do\/wp-content\/uploads\/2026\/01\/IMG-20260122-WA04861.jpg?resize=525%2C300&ssl=1 1.5x, https:\/\/i0.wp.com\/lasprimeras.com.do\/wp-content\/uploads\/2026\/01\/IMG-20260122-WA04861.jpg?resize=700%2C400&ssl=1 2x, https:\/\/i0.wp.com\/lasprimeras.com.do\/wp-content\/uploads\/2026\/01\/IMG-20260122-WA04861.jpg?resize=1050%2C600&ssl=1 3x"},"classes":[]},{"id":103225,"url":"https:\/\/lasprimeras.com.do\/index.php\/2025\/07\/13\/detienen-a-55-haitianos-en-situacion-migratoria-en-montecristi-y-dajabon\/","url_meta":{"origin":100541,"position":2},"title":"Detienen a 55 haitianos en situaci\u00f3n migratoria en Montecristi y Dajab\u00f3n","author":"Nelson Feliz","date":"13 de julio de 2025","format":false,"excerpt":"El Ej\u00e9rcito de la Rep\u00fablica Dominicana (ERD) inform\u00f3 este domingo que detuvo a 55 haitianos en condici\u00f3n migratoria irregular durante operativos separados en las provincias de Montecristi y Dajab\u00f3n. Indic\u00f3 que, durante labores de patrullaje en el municipio Las Matas de Santa Cruz, provincia Montecristi, fueron interceptadas dos motocicletas, una\u2026","rel":"","context":"En \u00abMILITARES\u00bb","block_context":{"text":"MILITARES","link":"https:\/\/lasprimeras.com.do\/index.php\/category\/militares\/"},"img":{"alt_text":"","src":"https:\/\/i0.wp.com\/lasprimeras.com.do\/wp-content\/uploads\/2025\/07\/detenidos.jpg?resize=350%2C200&ssl=1","width":350,"height":200,"srcset":"https:\/\/i0.wp.com\/lasprimeras.com.do\/wp-content\/uploads\/2025\/07\/detenidos.jpg?resize=350%2C200&ssl=1 1x, https:\/\/i0.wp.com\/lasprimeras.com.do\/wp-content\/uploads\/2025\/07\/detenidos.jpg?resize=525%2C300&ssl=1 1.5x, https:\/\/i0.wp.com\/lasprimeras.com.do\/wp-content\/uploads\/2025\/07\/detenidos.jpg?resize=700%2C400&ssl=1 2x"},"classes":[]},{"id":111594,"url":"https:\/\/lasprimeras.com.do\/index.php\/2025\/10\/10\/ejercito-detiene-vehiculo-que-transportaba-haitianos-indocumentados-en-dajabon\/","url_meta":{"origin":100541,"position":3},"title":"Ej\u00e9rcito detiene veh\u00edculo que transportaba haitianos indocumentados en Dajab\u00f3n","author":"Nelson Feliz","date":"10 de octubre de 2025","format":false,"excerpt":"El veh\u00edculo fue perseguido con drones desde el aire e interceptado por patrullas terrestres del ERD. El Ej\u00e9rcito de Rep\u00fablica Dominicana (ERD), detuvo un veh\u00edculo que transportaba a nueve (9) nacionales haitianos en condici\u00f3n migratoria irregular, durante un operativo perseguido con drones realizado en el centro de la ciudad de\u2026","rel":"","context":"En \u00abMILITARES\u00bb","block_context":{"text":"MILITARES","link":"https:\/\/lasprimeras.com.do\/index.php\/category\/militares\/"},"img":{"alt_text":"","src":"https:\/\/i0.wp.com\/lasprimeras.com.do\/wp-content\/uploads\/2025\/10\/ERD-2.jpg?resize=350%2C200&ssl=1","width":350,"height":200,"srcset":"https:\/\/i0.wp.com\/lasprimeras.com.do\/wp-content\/uploads\/2025\/10\/ERD-2.jpg?resize=350%2C200&ssl=1 1x, https:\/\/i0.wp.com\/lasprimeras.com.do\/wp-content\/uploads\/2025\/10\/ERD-2.jpg?resize=525%2C300&ssl=1 1.5x, https:\/\/i0.wp.com\/lasprimeras.com.do\/wp-content\/uploads\/2025\/10\/ERD-2.jpg?resize=700%2C400&ssl=1 2x"},"classes":[]},{"id":100538,"url":"https:\/\/lasprimeras.com.do\/index.php\/2025\/06\/08\/detienen-otro-grupo-de-indocumentados-en-motocicletas-en-montecristi-y-dajabon\/","url_meta":{"origin":100541,"position":4},"title":"Detienen otro grupo de indocumentados en motocicletas en Montecristi y Dajab\u00f3n","author":"Nelson Feliz","date":"8 de junio de 2025","format":false,"excerpt":"Tambi\u00e9n fueron detenidos otros extranjeros tratando de evadir un puesto de chequeo en Montecristi El Ej\u00e9rcito de Rep\u00fablica Dominicana, detuvo a un grupo de indocumentados que se trasladaban en motocicletas, en Montecristi y Dajab\u00f3n. Los miembros del ERD destacados para servicio en el destacamento de Mang\u00e1, en Montecristi, interceptaron una\u2026","rel":"","context":"En \u00abMILITARES\u00bb","block_context":{"text":"MILITARES","link":"https:\/\/lasprimeras.com.do\/index.php\/category\/militares\/"},"img":{"alt_text":"","src":"https:\/\/i0.wp.com\/lasprimeras.com.do\/wp-content\/uploads\/2025\/06\/HAITIANOS-1.jpg?resize=350%2C200&ssl=1","width":350,"height":200,"srcset":"https:\/\/i0.wp.com\/lasprimeras.com.do\/wp-content\/uploads\/2025\/06\/HAITIANOS-1.jpg?resize=350%2C200&ssl=1 1x, https:\/\/i0.wp.com\/lasprimeras.com.do\/wp-content\/uploads\/2025\/06\/HAITIANOS-1.jpg?resize=525%2C300&ssl=1 1.5x, https:\/\/i0.wp.com\/lasprimeras.com.do\/wp-content\/uploads\/2025\/06\/HAITIANOS-1.jpg?resize=700%2C400&ssl=1 2x"},"classes":[]},{"id":107746,"url":"https:\/\/lasprimeras.com.do\/index.php\/2025\/08\/30\/entregan-en-dajabon-a-dos-miembros-de-la-banda-haitiana-400-mawozo\/","url_meta":{"origin":100541,"position":5},"title":"Entregan en Dajab\u00f3n a dos miembros de la banda haitiana 400 Mawozo","author":"Nelson Feliz","date":"30 de agosto de 2025","format":false,"excerpt":"Residentes fronterizos preocupados por la facilidad con la que pandillas haitianas ingresan a Rep\u00fablica Dominicana. Dos presuntos integrantes de la temida banda haitiana 400 Mawozo, vinculada a hechos de violencia y criminalidad en Hait\u00ed, fueron entregados este s\u00e1bado por las autoridades dominicanas en la zona fronteriza de Dajab\u00f3n. Se trata\u2026","rel":"","context":"En \u00abMILITARES\u00bb","block_context":{"text":"MILITARES","link":"https:\/\/lasprimeras.com.do\/index.php\/category\/militares\/"},"img":{"alt_text":"","src":"https:\/\/i0.wp.com\/lasprimeras.com.do\/wp-content\/uploads\/2025\/08\/Miembros-de-la-banda-400-Mawozo-entregados-en-la-frontera.jpg?resize=350%2C200&ssl=1","width":350,"height":200,"srcset":"https:\/\/i0.wp.com\/lasprimeras.com.do\/wp-content\/uploads\/2025\/08\/Miembros-de-la-banda-400-Mawozo-entregados-en-la-frontera.jpg?resize=350%2C200&ssl=1 1x, https:\/\/i0.wp.com\/lasprimeras.com.do\/wp-content\/uploads\/2025\/08\/Miembros-de-la-banda-400-Mawozo-entregados-en-la-frontera.jpg?resize=525%2C300&ssl=1 1.5x, https:\/\/i0.wp.com\/lasprimeras.com.do\/wp-content\/uploads\/2025\/08\/Miembros-de-la-banda-400-Mawozo-entregados-en-la-frontera.jpg?resize=700%2C400&ssl=1 2x"},"classes":[]}],"jetpack_sharing_enabled":true,"_links":{"self":[{"href":"https:\/\/lasprimeras.com.do\/index.php\/wp-json\/wp\/v2\/posts\/100541","targetHints":{"allow":["GET"]}}],"collection":[{"href":"https:\/\/lasprimeras.com.do\/index.php\/wp-json\/wp\/v2\/posts"}],"about":[{"href":"https:\/\/lasprimeras.com.do\/index.php\/wp-json\/wp\/v2\/types\/post"}],"author":[{"embeddable":true,"href":"https:\/\/lasprimeras.com.do\/index.php\/wp-json\/wp\/v2\/users\/10"}],"replies":[{"embeddable":true,"href":"https:\/\/lasprimeras.com.do\/index.php\/wp-json\/wp\/v2\/comments?post=100541"}],"version-history":[{"count":1,"href":"https:\/\/lasprimeras.com.do\/index.php\/wp-json\/wp\/v2\/posts\/100541\/revisions"}],"predecessor-version":[{"id":100544,"href":"https:\/\/lasprimeras.com.do\/index.php\/wp-json\/wp\/v2\/posts\/100541\/revisions\/100544"}],"wp:featuredmedia":[{"embeddable":true,"href":"https:\/\/lasprimeras.com.do\/index.php\/wp-json\/wp\/v2\/media\/100542"}],"wp:attachment":[{"href":"https:\/\/lasprimeras.com.do\/index.php\/wp-json\/wp\/v2\/media?parent=100541"}],"wp:term":[{"taxonomy":"category","embeddable":true,"href":"https:\/\/lasprimeras.com.do\/index.php\/wp-json\/wp\/v2\/categories?post=100541"},{"taxonomy":"post_tag","embeddable":true,"href":"https:\/\/lasprimeras.com.do\/index.php\/wp-json\/wp\/v2\/tags?post=100541"}],"curies":[{"name":"wp","href":"https:\/\/api.w.org\/{rel}","templated":true}]}}