{"id":100564,"date":"2025-06-08T22:56:45","date_gmt":"2025-06-09T02:56:45","guid":{"rendered":"https:\/\/lasprimeras.com.do\/?p=100564"},"modified":"2025-06-08T22:56:45","modified_gmt":"2025-06-09T02:56:45","slug":"ugtd-demanda-aumento-salarial-para-conserjes-y-camilleros-de-hospitales-publicos","status":"publish","type":"post","link":"https:\/\/lasprimeras.com.do\/index.php\/2025\/06\/08\/ugtd-demanda-aumento-salarial-para-conserjes-y-camilleros-de-hospitales-publicos\/","title":{"rendered":"UGTD demanda aumento salarial para conserjes y camilleros de hospitales p\u00fablicos"},"content":{"rendered":"\n<p>La Uni\u00f3n General de Trabajadores Dominicanos UGTD, y sus organizaciones afiliadas, pidieron al gobierno un aumento salarial para los conserjes y camilleros activos y pensionados, por considerar que es muy p\u00edrrico el salario que devengan actualmente.<\/p>\n\n\n\n<p>El presiente de la entidad sindical, Casimiro Laureano, critic\u00f3 la actitud del Colegio M\u00e9dico y Dominicano y de la Asociaci\u00f3n Dominicana de Profesores (ADP), que han abandonado los hospitales p\u00fablicos y las escuelas donde acuden los hijos de los trabajadores a recibir el pan de la ense\u00f1anza, y los servicios m\u00e9dicos.<\/p>\n\n\n\n<p>\u201cEstas instituciones nunca han hablado a favor de los trabajadores que prestan sus servicios limpiando ba\u00f1os en las escuelas y cargando enfermos en los hospitales p\u00fablicos con un salario de 10,000 pesos o menos, por lo que entiendo que se hace urgente un reajuste salarial\u201d indic\u00f3 el dirigente sindical.<\/p>\n\n\n\n<p>Asi mismo, critic\u00f3 el hecho de que en un hospital p\u00fabico los pacienttes tengan que acudir a las cinco de la ma\u00f1ana, para atenderlos a las diez, y ponerle citas con hasta tres meses de espera.<\/p>\n\n\n\n<p>Laurencio dijo que esto debe cambiar, por lo que se mantendr\u00e1n atentos de manera permanente, hasta tanto dichos sectores logren sus objetivos.<\/p>\n\n\n\n<p>Casimiro Laurencio se pronunci\u00f3 en esos terminos, tras juramentar un grupo de organizaciones sindicales que se afiliaron a la UGTD, bajo los ideales y pensamiento del extinto l\u00edder pol\u00edtico Jos\u00e9 Francisco Pe\u00f1a G\u00f3mez.<\/p>\n\n\n\n<p>Entre las organizaciones a filiadas est\u00e1n las federaciones de Comercio, de Usuarios Independientes, de Transporte de Mercanc\u00edas Livianas, la de Buhoneros y de Marinos Mercantes, asi como la Asociaci\u00f3n de Trabajadores y ex Trabajadores del Ayuntamiento del Distrito Nacional entre otras.<\/p>\n","protected":false},"excerpt":{"rendered":"<p>La Uni\u00f3n General de Trabajadores Dominicanos UGTD, y sus organizaciones afiliadas, pidieron al gobierno un aumento salarial para los conserjes y camilleros activos y pensionados, por considerar que es muy&hellip;<\/p>\n","protected":false},"author":2,"featured_media":100565,"comment_status":"open","ping_status":"open","sticky":false,"template":"","format":"standard","meta":{"content-type":"","jetpack_post_was_ever_published":false,"_jetpack_newsletter_access":"","_jetpack_dont_email_post_to_subs":false,"_jetpack_newsletter_tier_id":0,"_jetpack_memberships_contains_paywalled_content":false,"_jetpack_memberships_contains_paid_content":false,"footnotes":""},"categories":[39,25],"tags":[467,20364,20363,20365,10553],"class_list":["post-100564","post","type-post","status-publish","format-standard","has-post-thumbnail","hentry","category-economia","category-portada","tag-aumento-salarial","tag-camilleros","tag-conserjes","tag-hospitales-publicos","tag-ugtd"],"jetpack_featured_media_url":"https:\/\/lasprimeras.com.do\/wp-content\/uploads\/2025\/06\/UGTD.jpg","jetpack-related-posts":[{"id":105135,"url":"https:\/\/lasprimeras.com.do\/index.php\/2025\/07\/30\/personal-de-servicios-del-hospital-materno-infantil-de-la-altagracia-exigen-aumento-salarial\/","url_meta":{"origin":100564,"position":0},"title":"Personal de servicios del Hospital Materno Infantil de La Altagracia exigen aumento salarial","author":"Nelson Feliz","date":"30 de julio de 2025","format":false,"excerpt":"Los manifestantes denuncian devengan un salario mensual de apenas 10 mil pesos. Conserjes, cocineras y lavanderas del Hospital Materno Infantil Nuestra Se\u00f1ora de La Altagracia paralizaron sus labores en demanda de un aumento salarial y mejores condiciones laborales. Las manifestantes, quienes desempe\u00f1an funciones esenciales como la limpieza, el lavado de\u2026","rel":"","context":"En \u00abECONOM\u00cdA\u00bb","block_context":{"text":"ECONOM\u00cdA","link":"https:\/\/lasprimeras.com.do\/index.php\/category\/economia\/"},"img":{"alt_text":"","src":"https:\/\/i0.wp.com\/lasprimeras.com.do\/wp-content\/uploads\/2025\/07\/conserges.jpg?resize=350%2C200&ssl=1","width":350,"height":200,"srcset":"https:\/\/i0.wp.com\/lasprimeras.com.do\/wp-content\/uploads\/2025\/07\/conserges.jpg?resize=350%2C200&ssl=1 1x, https:\/\/i0.wp.com\/lasprimeras.com.do\/wp-content\/uploads\/2025\/07\/conserges.jpg?resize=525%2C300&ssl=1 1.5x, https:\/\/i0.wp.com\/lasprimeras.com.do\/wp-content\/uploads\/2025\/07\/conserges.jpg?resize=700%2C400&ssl=1 2x, https:\/\/i0.wp.com\/lasprimeras.com.do\/wp-content\/uploads\/2025\/07\/conserges.jpg?resize=1050%2C600&ssl=1 3x, https:\/\/i0.wp.com\/lasprimeras.com.do\/wp-content\/uploads\/2025\/07\/conserges.jpg?resize=1400%2C800&ssl=1 4x"},"classes":[]},{"id":92433,"url":"https:\/\/lasprimeras.com.do\/index.php\/2025\/01\/04\/cmd-dobla-el-pulso-al-gobierno-otra-vez-acuerdan-aumento-salarial-del-25-para-medicos\/","url_meta":{"origin":100564,"position":1},"title":"CMD dobla el pulso al Gobierno otra vez, acuerdan aumento salarial del 25% para m\u00e9dicos","author":"Nelson Feliz","date":"4 de enero de 2025","format":false,"excerpt":"La vicepresidenta y presidenta del Gabinete de Salud, Raquel Pe\u00f1a, y el presidente del Colegio M\u00e9dico Dominicano (CMD), Waldo Ariel Suero, acordaron un aumento salarial del 25% para m\u00e9dicos. El incremento salarial alcanzado entre el Gobierno y el Colegio M\u00e9dico Dominicano ser\u00e1 aplicado a partir de este mes de enero.\u2026","rel":"","context":"En \u00abPORTADA\u00bb","block_context":{"text":"PORTADA","link":"https:\/\/lasprimeras.com.do\/index.php\/category\/portada\/"},"img":{"alt_text":"","src":"https:\/\/i0.wp.com\/lasprimeras.com.do\/wp-content\/uploads\/2025\/01\/acuerdo.jpg?resize=350%2C200&ssl=1","width":350,"height":200},"classes":[]},{"id":88102,"url":"https:\/\/lasprimeras.com.do\/index.php\/2024\/08\/22\/gremios-de-enfermeria-realizan-gran-planton-en-hospitales-del-gran-santo-domingo\/","url_meta":{"origin":100564,"position":2},"title":"Gremios de enfermer\u00eda realizan \u201cgran plant\u00f3n\u201d en hospitales del Gran Santo Domingo","author":"Nelson Feliz","date":"22 de agosto de 2024","format":false,"excerpt":"En la continuaci\u00f3n de sus jornadas reivindicativas, los principales gremios de enfermer\u00eda del pa\u00eds realizaron un \u201cgran plant\u00f3n\u201d en los hospitales p\u00fablicos del Distrito Nacional y todo el Gran Santo Domingo, en demanda de que el gobierno cumpla con una serie de compromisos que asumi\u00f3 con este importante sector. En\u2026","rel":"","context":"En \u00abSin categor\u00eda\u00bb","block_context":{"text":"Sin categor\u00eda","link":"https:\/\/lasprimeras.com.do\/index.php\/category\/sin-categoria\/"},"img":{"alt_text":"","src":"https:\/\/i0.wp.com\/lasprimeras.com.do\/wp-content\/uploads\/2024\/08\/gremios.jpg?resize=350%2C200&ssl=1","width":350,"height":200,"srcset":"https:\/\/i0.wp.com\/lasprimeras.com.do\/wp-content\/uploads\/2024\/08\/gremios.jpg?resize=350%2C200&ssl=1 1x, https:\/\/i0.wp.com\/lasprimeras.com.do\/wp-content\/uploads\/2024\/08\/gremios.jpg?resize=525%2C300&ssl=1 1.5x, https:\/\/i0.wp.com\/lasprimeras.com.do\/wp-content\/uploads\/2024\/08\/gremios.jpg?resize=700%2C400&ssl=1 2x"},"classes":[]},{"id":94802,"url":"https:\/\/lasprimeras.com.do\/index.php\/2025\/03\/05\/cmd-marchara-hacia-salud-publica-por-aumento-salarial-a-medicos-pensionados\/","url_meta":{"origin":100564,"position":3},"title":"CMD marchar\u00e1 hacia Salud P\u00fablica, por aumento salarial a m\u00e9dicos pensionados","author":"Nelson Feliz","date":"5 de marzo de 2025","format":false,"excerpt":"El presidente del Colegio M\u00e9dico Dominicano, Dr. Waldo Ariel Suero expres\u00f3 que el jueves 13 de marzo, el gremio m\u00e9dico har\u00e1 una marcha hacia el Ministerio de Salud P\u00fablica a las 9 am, partiendo desde el Hospital Salvador B. Gautier. Suero consider\u00f3 que la situaci\u00f3n socio econ\u00f3mica y emocionante del\u2026","rel":"","context":"En \u00abSALUD\u00bb","block_context":{"text":"SALUD","link":"https:\/\/lasprimeras.com.do\/index.php\/category\/salud\/"},"img":{"alt_text":"Waldo Ariel Suero","src":"https:\/\/i0.wp.com\/lasprimeras.com.do\/wp-content\/uploads\/2025\/03\/Waldo-Ariel-Suero.jpg?resize=350%2C200&ssl=1","width":350,"height":200,"srcset":"https:\/\/i0.wp.com\/lasprimeras.com.do\/wp-content\/uploads\/2025\/03\/Waldo-Ariel-Suero.jpg?resize=350%2C200&ssl=1 1x, https:\/\/i0.wp.com\/lasprimeras.com.do\/wp-content\/uploads\/2025\/03\/Waldo-Ariel-Suero.jpg?resize=525%2C300&ssl=1 1.5x, https:\/\/i0.wp.com\/lasprimeras.com.do\/wp-content\/uploads\/2025\/03\/Waldo-Ariel-Suero.jpg?resize=700%2C400&ssl=1 2x"},"classes":[]},{"id":87488,"url":"https:\/\/lasprimeras.com.do\/index.php\/2024\/08\/12\/enfermeras-y-bioanalistas-protestan-por-mejores-condiciones-laborales-en-cabral\/","url_meta":{"origin":100564,"position":4},"title":"Enfermeras y bioanalistas protestan por mejores condiciones laborales en Cabral","author":"Nelson Feliz","date":"12 de agosto de 2024","format":false,"excerpt":"Enfermeras y bioanalistas del hospital municipal de Cabral se manifestaron frente a las instalaciones del centro de salud para exigir mejoras en sus condiciones laborales y garantizar una atenci\u00f3n de calidad a la poblaci\u00f3n. La protesta, convocada por la Uni\u00f3n Nacional de Servicios de Enfermer\u00eda (UNASE-CASC) y el Colegio Dominicano\u2026","rel":"","context":"En \u00abPORTADA\u00bb","block_context":{"text":"PORTADA","link":"https:\/\/lasprimeras.com.do\/index.php\/category\/portada\/"},"img":{"alt_text":"Enfermeras y bioanalistas","src":"https:\/\/i0.wp.com\/lasprimeras.com.do\/wp-content\/uploads\/2024\/08\/Enfermeras-y-bioanalistas-1.jpg?resize=350%2C200&ssl=1","width":350,"height":200,"srcset":"https:\/\/i0.wp.com\/lasprimeras.com.do\/wp-content\/uploads\/2024\/08\/Enfermeras-y-bioanalistas-1.jpg?resize=350%2C200&ssl=1 1x, https:\/\/i0.wp.com\/lasprimeras.com.do\/wp-content\/uploads\/2024\/08\/Enfermeras-y-bioanalistas-1.jpg?resize=525%2C300&ssl=1 1.5x, https:\/\/i0.wp.com\/lasprimeras.com.do\/wp-content\/uploads\/2024\/08\/Enfermeras-y-bioanalistas-1.jpg?resize=700%2C400&ssl=1 2x"},"classes":[]},{"id":95201,"url":"https:\/\/lasprimeras.com.do\/index.php\/2025\/03\/11\/incluyen-medicos-auditores-en-el-reciente-acuerdo-de-aumento-salarial\/","url_meta":{"origin":100564,"position":5},"title":"Incluyen M\u00e9dicos Auditores en el reciente acuerdo de aumento salarial","author":"Nelson Feliz","date":"11 de marzo de 2025","format":false,"excerpt":"La presidenta Sociedad Dominicana de M\u00e9dicos Auditores, Dra. Janet Arrendell, hizo de p\u00fablico conocimiento que todos los m\u00e9dicos Auditores que tienen nombramientos en el Servicio Nacional de Salud (SNS) y en el Ministerio de Salud P\u00fablica(MSP); fueron incluidos en el reciente acuerdo de aumento salarial. La doctora Arrendell, dijo que\u2026","rel":"","context":"En \u00abECONOM\u00cdA\u00bb","block_context":{"text":"ECONOM\u00cdA","link":"https:\/\/lasprimeras.com.do\/index.php\/category\/economia\/"},"img":{"alt_text":"Janet Arrendell","src":"https:\/\/i0.wp.com\/lasprimeras.com.do\/wp-content\/uploads\/2025\/03\/Janet-Arrendell.jpg?resize=350%2C200&ssl=1","width":350,"height":200,"srcset":"https:\/\/i0.wp.com\/lasprimeras.com.do\/wp-content\/uploads\/2025\/03\/Janet-Arrendell.jpg?resize=350%2C200&ssl=1 1x, https:\/\/i0.wp.com\/lasprimeras.com.do\/wp-content\/uploads\/2025\/03\/Janet-Arrendell.jpg?resize=525%2C300&ssl=1 1.5x"},"classes":[]}],"jetpack_sharing_enabled":true,"_links":{"self":[{"href":"https:\/\/lasprimeras.com.do\/index.php\/wp-json\/wp\/v2\/posts\/100564","targetHints":{"allow":["GET"]}}],"collection":[{"href":"https:\/\/lasprimeras.com.do\/index.php\/wp-json\/wp\/v2\/posts"}],"about":[{"href":"https:\/\/lasprimeras.com.do\/index.php\/wp-json\/wp\/v2\/types\/post"}],"author":[{"embeddable":true,"href":"https:\/\/lasprimeras.com.do\/index.php\/wp-json\/wp\/v2\/users\/2"}],"replies":[{"embeddable":true,"href":"https:\/\/lasprimeras.com.do\/index.php\/wp-json\/wp\/v2\/comments?post=100564"}],"version-history":[{"count":1,"href":"https:\/\/lasprimeras.com.do\/index.php\/wp-json\/wp\/v2\/posts\/100564\/revisions"}],"predecessor-version":[{"id":100566,"href":"https:\/\/lasprimeras.com.do\/index.php\/wp-json\/wp\/v2\/posts\/100564\/revisions\/100566"}],"wp:featuredmedia":[{"embeddable":true,"href":"https:\/\/lasprimeras.com.do\/index.php\/wp-json\/wp\/v2\/media\/100565"}],"wp:attachment":[{"href":"https:\/\/lasprimeras.com.do\/index.php\/wp-json\/wp\/v2\/media?parent=100564"}],"wp:term":[{"taxonomy":"category","embeddable":true,"href":"https:\/\/lasprimeras.com.do\/index.php\/wp-json\/wp\/v2\/categories?post=100564"},{"taxonomy":"post_tag","embeddable":true,"href":"https:\/\/lasprimeras.com.do\/index.php\/wp-json\/wp\/v2\/tags?post=100564"}],"curies":[{"name":"wp","href":"https:\/\/api.w.org\/{rel}","templated":true}]}}