{"id":100575,"date":"2025-06-08T23:20:00","date_gmt":"2025-06-09T03:20:00","guid":{"rendered":"https:\/\/lasprimeras.com.do\/?p=100575"},"modified":"2025-06-08T23:20:01","modified_gmt":"2025-06-09T03:20:01","slug":"inabie-amplio-su-cobertura-de-salud-con-mas-de-146-mil-estudiantes-atendidos","status":"publish","type":"post","link":"https:\/\/lasprimeras.com.do\/index.php\/2025\/06\/08\/inabie-amplio-su-cobertura-de-salud-con-mas-de-146-mil-estudiantes-atendidos\/","title":{"rendered":"INABIE ampli\u00f3 su cobertura de salud con m\u00e1s de 146 mil estudiantes atendidos"},"content":{"rendered":"\n<p>El Instituto Nacional de Bienestar Estudiantil (INABIE) ofreci\u00f3 atenci\u00f3n m\u00e9dica directa a 146,066 estudiantes del sistema educativo p\u00fablico nacional durante el per\u00edodo comprendido entre agosto de 2024 y mayo de 2025.<\/p>\n\n\n\n<p>Estas atenciones, ofrecidas de forma gratuita en la sede del instituto y a trav\u00e9s de jornadas en centros educativos, forman parte de los esfuerzos institucionales para garantizar el desarrollo f\u00edsico y cognitivo de los escolares.<\/p>\n\n\n\n<p>Los servicios fueron ofrecidos por m\u00e9dicos especialistas bajo la coordinaci\u00f3n de los departamentos de Gesti\u00f3n de Salud Escolar y Nutrici\u00f3n de la Direcci\u00f3n de Salud y Nutrici\u00f3n del INABIE.<\/p>\n\n\n\n<p>Atenci\u00f3n especializada<\/p>\n\n\n\n<p>En el \u00e1rea de Salud Visual se beneficiaron 67,289 estudiantes. Durante el mismo per\u00edodo, se entregaron 5,357 lentes y se realizaron 19 cirug\u00edas oculares, contribuyendo a mejorar la calidad de vida de los escolares con afecciones visuales detectadas.<\/p>\n\n\n\n<p>En el \u00e1rea de Salud Bucal, 30,640 estudiantes fueron atendidos como parte del plan de prevenci\u00f3n y promoci\u00f3n de la salud bucodental en centros educativos.<\/p>\n\n\n\n<p>En Salud Auditiva, se ofrecieron servicios a 4,711 escolares. Adem\u00e1s, se entregaron 315 auxiliares auditivos a estudiantes diagnosticados, lo que represent\u00f3 una mejora significativa en su capacidad auditiva.<\/p>\n\n\n\n<p>Salud preventiva y epidemiol\u00f3gica<\/p>\n\n\n\n<p>En Salud Preventiva, 18,460 estudiantes fueron atendidos por afecciones desatendidas como hongos, manchas en la piel, pediculosis (piojos), alergias y virus gripales, entre otras.<\/p>\n\n\n\n<p>Como cada a\u00f1o, el INABIE brind\u00f3 apoyo en la log\u00edstica para la realizaci\u00f3n de la Jornada Nacional de Desparasitaci\u00f3n, un esfuerzo interinstitucional en cuya coordinaci\u00f3n participan los ministerios de Salud P\u00fablica y de Educaci\u00f3n y el Centro de Prevenci\u00f3n y Control de Enfermedades Transmitidas por Vectores y Zoonosis (CECOVEZ).<\/p>\n\n\n\n<p>Esta iniciativa, desarrollada con medicamentos donados por la Organizaci\u00f3n Panamericana de la Salud\/ Organizaci\u00f3n Mundial de la Salud (OPS\/OMS) benefici\u00f3 a la totalidad de la matr\u00edcula escolar p\u00fablica (m\u00e1s de 1.8 millones), mediante la administraci\u00f3n de dos dosis de Albendazol.<\/p>\n\n\n\n<p>Vigilancia Alimentaria y Nutricional<\/p>\n\n\n\n<p>A trav\u00e9s del Sistema Integral para la Vigilancia Alimentaria y Nutricional del Escolar (SISVANE), se levantaron las medidas antropom\u00e9tricas de 24,966 estudiantes, lo que permiti\u00f3 evaluar su estado nutricional.<\/p>\n\n\n\n<p>Esta informaci\u00f3n facilit\u00f3 la intervenci\u00f3n m\u00e9dica de escolares diagnosticados con bajo peso moderado, bajo peso severo, sobrepeso y obesidad.<\/p>\n\n\n\n<p>Ruta del Bienestar y plataforma SISBIE<\/p>\n\n\n\n<p>Durante el a\u00f1o lectivo, se llevaron a cabo nueve jornadas de salud dentro de la iniciativa \u201cRuta del Bienestar\u201d, que permiti\u00f3 acercar los servicios especializados de salud a distintas regionales educativas.<\/p>\n\n\n\n<p>Estas jornadas se desarrollaron en los distritos educativos 15-05 (Herrera), 06-10 (Jima Abajo), 09-06 (Villa Los Alm\u00e1cigos), 10-07 (Guerra), 18-01 (Neyba), 12-03 (El Seibo), 04-03 (San Crist\u00f3bal Sur), 09-01 (Mao) y 08-08 (Licey al Medio).<\/p>\n\n\n\n<p>Adem\u00e1s, 4,417 estudiantes fueron atendidos directamente en la sede del INABIE, tras agendar sus citas a trav\u00e9s de la plataforma SISBIE, fortaleciendo la atenci\u00f3n individualizada e integral.<\/p>\n\n\n\n<p>Ampliaci\u00f3n de m\u00f3dulos de salud bucal<\/p>\n\n\n\n<p>El INABIE tambi\u00e9n ampli\u00f3 su red de atenci\u00f3n con la inauguraci\u00f3n de ocho nuevos m\u00f3dulos de Salud Bucal, alcanzando un total de 54 unidades en funcionamiento a nivel nacional.<\/p>\n\n\n\n<p>Con estas acciones, el INABIE consolida su compromiso con el bienestar estudiantil, acercando servicios de salud a los territorios y garantizando respuestas oportunas a las necesidades de la poblaci\u00f3n escolar del pa\u00eds.<\/p>\n","protected":false},"excerpt":{"rendered":"<p>El Instituto Nacional de Bienestar Estudiantil (INABIE) ofreci\u00f3 atenci\u00f3n m\u00e9dica directa a 146,066 estudiantes del sistema educativo p\u00fablico nacional durante el per\u00edodo comprendido entre agosto de 2024 y mayo de&hellip;<\/p>\n","protected":false},"author":2,"featured_media":100576,"comment_status":"open","ping_status":"open","sticky":false,"template":"","format":"standard","meta":{"content-type":"","jetpack_post_was_ever_published":false,"_jetpack_newsletter_access":"","_jetpack_dont_email_post_to_subs":false,"_jetpack_newsletter_tier_id":0,"_jetpack_memberships_contains_paywalled_content":false,"_jetpack_memberships_contains_paid_content":false,"footnotes":""},"categories":[16558],"tags":[20368,16564,9338],"class_list":["post-100575","post","type-post","status-publish","format-standard","has-post-thumbnail","hentry","category-salud","tag-146-mil-estudiantes","tag-cobertura-de-salud","tag-inabie"],"jetpack_featured_media_url":"https:\/\/lasprimeras.com.do\/wp-content\/uploads\/2025\/06\/SALUD-AUDITIVA.jpg","jetpack-related-posts":[{"id":74745,"url":"https:\/\/lasprimeras.com.do\/index.php\/2024\/01\/26\/inabie-habilita-web-para-servicio-de-salud\/","url_meta":{"origin":100575,"position":0},"title":"INABIE habilita web para servicio de salud","author":"BIMARY DE JES\u00daS Matos","date":"26 de enero de 2024","format":false,"excerpt":"SANTO DOMINGO.\u2013 Con el prop\u00f3sito de facilitar y brindar una soluci\u00f3n eficiente a las necesidades de salud de los estudiantes, el Instituto Nacional de Bienestar Estudiantil impulsa un sistema de citas en l\u00ednea. A trav\u00e9s de esta innovadora plataforma, que forma parte del proyecto Sistema Integral de Servicios del Bienestar\u2026","rel":"","context":"En \u00abNACIONALES\u00bb","block_context":{"text":"NACIONALES","link":"https:\/\/lasprimeras.com.do\/index.php\/category\/nacionales\/"},"img":{"alt_text":"","src":"","width":0,"height":0},"classes":[]},{"id":116745,"url":"https:\/\/lasprimeras.com.do\/index.php\/2025\/12\/03\/inabie-beneficia-a-mas-de-1300-estudiantes-de-cotui-en-jornada-de-salud-integral\/","url_meta":{"origin":100575,"position":1},"title":"INABIE beneficia a m\u00e1s de 1,300 estudiantes de Cotu\u00ed en Jornada de Salud Integral","author":"Nelson Feliz","date":"3 de diciembre de 2025","format":false,"excerpt":"Fueron ofrecidas atenciones en salud visual, auditiva, bucal, epidemiol\u00f3gica y nutrici\u00f3n M\u00e1s de 1,300 estudiantes de distintos centros educativos fueron beneficiados en una Jornada de Salud Integral realizada por el Instituto Nacional de Bienestar Estudiantil (INABIE) en el Liceo Francisco Henr\u00edquez y Carvajal, como parte de la Ruta del Bienestar\u2026","rel":"","context":"En \u00abSALUD\u00bb","block_context":{"text":"SALUD","link":"https:\/\/lasprimeras.com.do\/index.php\/category\/salud\/"},"img":{"alt_text":"","src":"https:\/\/i0.wp.com\/lasprimeras.com.do\/wp-content\/uploads\/2025\/12\/Salud-integal.jpg?resize=350%2C200&ssl=1","width":350,"height":200,"srcset":"https:\/\/i0.wp.com\/lasprimeras.com.do\/wp-content\/uploads\/2025\/12\/Salud-integal.jpg?resize=350%2C200&ssl=1 1x, https:\/\/i0.wp.com\/lasprimeras.com.do\/wp-content\/uploads\/2025\/12\/Salud-integal.jpg?resize=525%2C300&ssl=1 1.5x, https:\/\/i0.wp.com\/lasprimeras.com.do\/wp-content\/uploads\/2025\/12\/Salud-integal.jpg?resize=700%2C400&ssl=1 2x"},"classes":[]},{"id":98382,"url":"https:\/\/lasprimeras.com.do\/index.php\/2025\/05\/07\/inabie-evalua-el-estado-nutricional-de-mas-de-11-mil-estudiantes\/","url_meta":{"origin":100575,"position":2},"title":"INABIE eval\u00faa el estado nutricional de m\u00e1s de 11 mil estudiantes","author":"Nelson Feliz","date":"7 de mayo de 2025","format":false,"excerpt":"El Instituto Nacional de Bienestar Estudiantil (INABIE) contin\u00faa su labor de levantamiento de datos antropom\u00e9tricos e intervenci\u00f3n de aquellos estudiantes diagnosticados con sobrepeso, obesidad y bajo peso. Durante el primer trimestre de este a\u00f1o 2025, el Sistema Integral para la Vigilancia Alimentaria y Nutricional del Escolar (SISVANE) de la Direcci\u00f3n\u2026","rel":"","context":"En \u00abPORTADA\u00bb","block_context":{"text":"PORTADA","link":"https:\/\/lasprimeras.com.do\/index.php\/category\/portada\/"},"img":{"alt_text":"","src":"https:\/\/i0.wp.com\/lasprimeras.com.do\/wp-content\/uploads\/2025\/05\/INABIE.jpg?resize=350%2C200&ssl=1","width":350,"height":200,"srcset":"https:\/\/i0.wp.com\/lasprimeras.com.do\/wp-content\/uploads\/2025\/05\/INABIE.jpg?resize=350%2C200&ssl=1 1x, https:\/\/i0.wp.com\/lasprimeras.com.do\/wp-content\/uploads\/2025\/05\/INABIE.jpg?resize=525%2C300&ssl=1 1.5x"},"classes":[]},{"id":119081,"url":"https:\/\/lasprimeras.com.do\/index.php\/2026\/01\/06\/inabie-brinda-atencion-en-salud-a-mas-de-311000-estudiantes-en-2025\/","url_meta":{"origin":100575,"position":3},"title":"INABIE brinda atenci\u00f3n en salud a m\u00e1s de 311,000 estudiantes en 2025","author":"Nelson Feliz","date":"6 de enero de 2026","format":false,"excerpt":"Las acciones impactaron a m\u00e1s de 2.1 millones de beneficiarios y contribuyeron a reducir el gasto familiar y avanzar hacia el objetivo de Hambre Cero. El Instituto Nacional de Bienestar Estudiantil (INABIE) consolid\u00f3 en 2025 su impacto social al superar por segundo a\u00f1o consecutivo, los 1,000 millones de raciones alimenticias\u2026","rel":"","context":"En \u00abECONOM\u00cdA\u00bb","block_context":{"text":"ECONOM\u00cdA","link":"https:\/\/lasprimeras.com.do\/index.php\/category\/economia\/"},"img":{"alt_text":"INABIE","src":"https:\/\/i0.wp.com\/lasprimeras.com.do\/wp-content\/uploads\/2026\/01\/INABIE.jpg?resize=350%2C200&ssl=1","width":350,"height":200,"srcset":"https:\/\/i0.wp.com\/lasprimeras.com.do\/wp-content\/uploads\/2026\/01\/INABIE.jpg?resize=350%2C200&ssl=1 1x, https:\/\/i0.wp.com\/lasprimeras.com.do\/wp-content\/uploads\/2026\/01\/INABIE.jpg?resize=525%2C300&ssl=1 1.5x, https:\/\/i0.wp.com\/lasprimeras.com.do\/wp-content\/uploads\/2026\/01\/INABIE.jpg?resize=700%2C400&ssl=1 2x"},"classes":[]},{"id":99352,"url":"https:\/\/lasprimeras.com.do\/index.php\/2025\/05\/20\/inabie-refuerza-la-salud-preventiva-para-mantener-a-los-estudiantes-en-las-aulas\/","url_meta":{"origin":100575,"position":4},"title":"INABIE refuerza la salud preventiva para mantener a los estudiantes en las aulas","author":"Nelson Feliz","date":"20 de mayo de 2025","format":false,"excerpt":"El Instituto Nacional de Bienestar Estudiantil (INABIE) fortaleci\u00f3 su enfoque de salud preventiva mediante intervenciones m\u00e9dicas oportunas, que incluyeron la entrega de 63,917 medicamentos en 112 centros educativos en lo que va del a\u00f1o escolar. Estas acciones son ejecutadas por la Divisi\u00f3n de Epidemiolog\u00eda e Investigaci\u00f3n, que pertenece a la\u2026","rel":"","context":"En \u00abPORTADA\u00bb","block_context":{"text":"PORTADA","link":"https:\/\/lasprimeras.com.do\/index.php\/category\/portada\/"},"img":{"alt_text":"","src":"https:\/\/i0.wp.com\/lasprimeras.com.do\/wp-content\/uploads\/2025\/05\/Salud-preventiva-INABIE-.jpg?resize=350%2C200&ssl=1","width":350,"height":200,"srcset":"https:\/\/i0.wp.com\/lasprimeras.com.do\/wp-content\/uploads\/2025\/05\/Salud-preventiva-INABIE-.jpg?resize=350%2C200&ssl=1 1x, https:\/\/i0.wp.com\/lasprimeras.com.do\/wp-content\/uploads\/2025\/05\/Salud-preventiva-INABIE-.jpg?resize=525%2C300&ssl=1 1.5x"},"classes":[]},{"id":125803,"url":"https:\/\/lasprimeras.com.do\/index.php\/2026\/03\/26\/inabie-pone-en-funcionamiento-nuevo-modulo-de-salud-bucal-en-sanchez\/","url_meta":{"origin":100575,"position":5},"title":"INABIE pone en funcionamiento nuevo m\u00f3dulo de salud bucal en S\u00e1nchez","author":"Nelson Feliz","date":"26 de marzo de 2026","format":false,"excerpt":"La instituci\u00f3n, adem\u00e1s, favoreci\u00f3 a los alumnos con atenciones de salud visual, auditiva y preventiva durante una jornada* El Instituto Nacional de Bienestar Estudiantil (INABIE) puso en funcionamiento un nuevo m\u00f3dulo de salud bucal en el Polit\u00e9cnico Gloria Mar\u00eda Calca\u00f1o de este municipio, con el prop\u00f3sito de impactar a m\u00e1s\u2026","rel":"","context":"En \u00abSALUD\u00bb","block_context":{"text":"SALUD","link":"https:\/\/lasprimeras.com.do\/index.php\/category\/salud\/"},"img":{"alt_text":"","src":"https:\/\/i0.wp.com\/lasprimeras.com.do\/wp-content\/uploads\/2026\/03\/IMG-20260326-WA0396.jpg?resize=350%2C200&ssl=1","width":350,"height":200,"srcset":"https:\/\/i0.wp.com\/lasprimeras.com.do\/wp-content\/uploads\/2026\/03\/IMG-20260326-WA0396.jpg?resize=350%2C200&ssl=1 1x, https:\/\/i0.wp.com\/lasprimeras.com.do\/wp-content\/uploads\/2026\/03\/IMG-20260326-WA0396.jpg?resize=525%2C300&ssl=1 1.5x, https:\/\/i0.wp.com\/lasprimeras.com.do\/wp-content\/uploads\/2026\/03\/IMG-20260326-WA0396.jpg?resize=700%2C400&ssl=1 2x, https:\/\/i0.wp.com\/lasprimeras.com.do\/wp-content\/uploads\/2026\/03\/IMG-20260326-WA0396.jpg?resize=1050%2C600&ssl=1 3x"},"classes":[]}],"jetpack_sharing_enabled":true,"_links":{"self":[{"href":"https:\/\/lasprimeras.com.do\/index.php\/wp-json\/wp\/v2\/posts\/100575","targetHints":{"allow":["GET"]}}],"collection":[{"href":"https:\/\/lasprimeras.com.do\/index.php\/wp-json\/wp\/v2\/posts"}],"about":[{"href":"https:\/\/lasprimeras.com.do\/index.php\/wp-json\/wp\/v2\/types\/post"}],"author":[{"embeddable":true,"href":"https:\/\/lasprimeras.com.do\/index.php\/wp-json\/wp\/v2\/users\/2"}],"replies":[{"embeddable":true,"href":"https:\/\/lasprimeras.com.do\/index.php\/wp-json\/wp\/v2\/comments?post=100575"}],"version-history":[{"count":1,"href":"https:\/\/lasprimeras.com.do\/index.php\/wp-json\/wp\/v2\/posts\/100575\/revisions"}],"predecessor-version":[{"id":100577,"href":"https:\/\/lasprimeras.com.do\/index.php\/wp-json\/wp\/v2\/posts\/100575\/revisions\/100577"}],"wp:featuredmedia":[{"embeddable":true,"href":"https:\/\/lasprimeras.com.do\/index.php\/wp-json\/wp\/v2\/media\/100576"}],"wp:attachment":[{"href":"https:\/\/lasprimeras.com.do\/index.php\/wp-json\/wp\/v2\/media?parent=100575"}],"wp:term":[{"taxonomy":"category","embeddable":true,"href":"https:\/\/lasprimeras.com.do\/index.php\/wp-json\/wp\/v2\/categories?post=100575"},{"taxonomy":"post_tag","embeddable":true,"href":"https:\/\/lasprimeras.com.do\/index.php\/wp-json\/wp\/v2\/tags?post=100575"}],"curies":[{"name":"wp","href":"https:\/\/api.w.org\/{rel}","templated":true}]}}