{"id":100626,"date":"2025-06-09T11:55:38","date_gmt":"2025-06-09T15:55:38","guid":{"rendered":"https:\/\/lasprimeras.com.do\/?p=100626"},"modified":"2025-06-09T11:55:40","modified_gmt":"2025-06-09T15:55:40","slug":"congresista-espaillat-acude-ver-inmigrantes-presos-en-nyc-ice-le-impide-lo-vea","status":"publish","type":"post","link":"https:\/\/lasprimeras.com.do\/index.php\/2025\/06\/09\/congresista-espaillat-acude-ver-inmigrantes-presos-en-nyc-ice-le-impide-lo-vea\/","title":{"rendered":"Congresista Espaillat acude ver inmigrantes presos en NYC; ICE le impide lo vea"},"content":{"rendered":"\n<p>Video: https:\/\/www.youtube.com\/watch?v=1uU-uGj6pWI<\/p>\n\n\n\n<p>NUEVA YORK.- El congresista Adriano Espaillat (NY-13) encabez\u00f3 una visita de supervisi\u00f3n al \u00e1rea de detenci\u00f3n del Servicio de Control de Inmigraci\u00f3n (ICE), ubicado en el 26 de Federal Plaza, en Down Town-Manhattan, en respuesta a graves denuncias de hacinamiento, calor extremo y condiciones inhumanas, como personas obligadas a dormir en el suelo de los ba\u00f1os.<\/p>\n\n\n\n<p>Acompa\u00f1ado por la congresista Nydia Vel\u00e1zquez (NY-07), y las organizaciones Make the Road NY y la New York Immigration Coalition, el congresista reiter\u00f3 que los miembros del Congreso tienen el derecho legal y el deber moral de inspeccionar cualquier instalaci\u00f3n donde se encuentren personas detenidas.<\/p>\n\n\n\n<p>Sin embargo, a pesar de este derecho, se le neg\u00f3 el acceso al 10 piso del edificio, donde seg\u00fan la denuncia mantienen detenidos a los inmigrantes, lo que aumenta la preocupaci\u00f3n sobre las condiciones que enfrentan los migrantes en este centro de detenci\u00f3n federal.<\/p>\n\n\n\n<p>\u201cEl bloqueo a nuestra supervisi\u00f3n solo refuerza la necesidad de transparencia\u201d, expres\u00f3 Espaillat. \u201cSeguiremos luchando por el respeto a los derechos humanos y por la dignidad de todas las personas, sin importar su estatus migratorio\u201d.<\/p>\n\n\n\n<p>Tras la visita, los legisladores y defensores ofrecieron una conferencia de prensa para exigir acciones inmediatas y rendici\u00f3n de cuentas por parte de las autoridades responsables y prometieron regresar al 26 Federal Plaza hasta supervisar el \u00e1rea de detenci\u00f3n de inmigrantes.<\/p>\n","protected":false},"excerpt":{"rendered":"<p>Video: https:\/\/www.youtube.com\/watch?v=1uU-uGj6pWI NUEVA YORK.- El congresista Adriano Espaillat (NY-13) encabez\u00f3 una visita de supervisi\u00f3n al \u00e1rea de detenci\u00f3n del Servicio de Control de Inmigraci\u00f3n (ICE), ubicado en el 26 de&hellip;<\/p>\n","protected":false},"author":10,"featured_media":100627,"comment_status":"open","ping_status":"open","sticky":false,"template":"","format":"standard","meta":{"content-type":"","jetpack_post_was_ever_published":false,"_jetpack_newsletter_access":"","_jetpack_dont_email_post_to_subs":false,"_jetpack_newsletter_tier_id":0,"_jetpack_memberships_contains_paywalled_content":false,"_jetpack_memberships_contains_paid_content":false,"footnotes":""},"categories":[16289],"tags":[11654,11655,17575,102,20389],"class_list":["post-100626","post","type-post","status-publish","format-standard","has-post-thumbnail","hentry","category-internacionales","tag-adriano-espaillat","tag-congresista","tag-ice","tag-inmigrantes","tag-presos-en-nyc"],"jetpack_featured_media_url":"https:\/\/lasprimeras.com.do\/wp-content\/uploads\/2025\/06\/WhatsApp-Image-2025-06-09-at-6.15.33-AM-3.jpeg","jetpack-related-posts":[{"id":97611,"url":"https:\/\/lasprimeras.com.do\/index.php\/2025\/04\/24\/congresistas-en-nyc-denuncian-secuestro-joven-hispano-en-el-bronx-por-inmigracion\/","url_meta":{"origin":100626,"position":0},"title":"Congresistas en NYC denuncian secuestro joven hispano en El Bronx por Inmigraci\u00f3n","author":"Nelson Feliz","date":"24 de abril de 2025","format":false,"excerpt":"Por Ram\u00f3n Mercedes NUEVA YORK.- Los congresistas por esta ciudad Adriano Espaillat (D-13) y Alexandria Ocasio-Cortez (NY-14) denunciaron el secuestro por parte de Inmigraci\u00f3n en El Bronx del joven hispano Merwil Guti\u00e9rrez, de 19 a\u00f1os. Los legisladores sostienen que el ICE detuvo a Guti\u00e9rrez en la puerta de su apartamento\u2026","rel":"","context":"En \u00abINTERNACIONALES\u00bb","block_context":{"text":"INTERNACIONALES","link":"https:\/\/lasprimeras.com.do\/index.php\/category\/sin-categoria\/internacionales\/"},"img":{"alt_text":"Congresistas en NYC denuncian secuestro joven hispano en El Bronx por Inmigraci\u00f3n","src":"https:\/\/i0.wp.com\/lasprimeras.com.do\/wp-content\/uploads\/2025\/04\/WhatsApp-Image-2025-04-24-at-6.07.05-AM.jpeg?resize=350%2C200&ssl=1","width":350,"height":200,"srcset":"https:\/\/i0.wp.com\/lasprimeras.com.do\/wp-content\/uploads\/2025\/04\/WhatsApp-Image-2025-04-24-at-6.07.05-AM.jpeg?resize=350%2C200&ssl=1 1x, https:\/\/i0.wp.com\/lasprimeras.com.do\/wp-content\/uploads\/2025\/04\/WhatsApp-Image-2025-04-24-at-6.07.05-AM.jpeg?resize=525%2C300&ssl=1 1.5x, https:\/\/i0.wp.com\/lasprimeras.com.do\/wp-content\/uploads\/2025\/04\/WhatsApp-Image-2025-04-24-at-6.07.05-AM.jpeg?resize=700%2C400&ssl=1 2x"},"classes":[]},{"id":97449,"url":"https:\/\/lasprimeras.com.do\/index.php\/2025\/04\/21\/ice-detiene-en-ny-206-inmigrantes-incluidos-dominicanos-activistas-piden-auxilio-autoridades\/","url_meta":{"origin":100626,"position":1},"title":"ICE detiene en NY 206 inmigrantes, incluidos dominicanos; activistas piden auxilio autoridades","author":"Nelson Feliz","date":"21 de abril de 2025","format":false,"excerpt":"Por Ram\u00f3n Mercedes NUEVA YORK.- El Servicio de Inmigraci\u00f3n y sus socios policiales detuvieron a 206 inmigrantes ilegales durante una operaci\u00f3n intensificada de control migratorio enfocada en delincuentes extranjeros flagrantes en NYC y sus alrededores. Durante la operaci\u00f3n, entre el 6 al 12 del presente mes, se enfocaron en delincuentes\u2026","rel":"","context":"En \u00abINTERNACIONALES\u00bb","block_context":{"text":"INTERNACIONALES","link":"https:\/\/lasprimeras.com.do\/index.php\/category\/sin-categoria\/internacionales\/"},"img":{"alt_text":"ICE detiene en NY 206 inmigrantes, incluidos dominicanos; activistas piden auxilio autoridades","src":"https:\/\/i0.wp.com\/lasprimeras.com.do\/wp-content\/uploads\/2025\/04\/WhatsApp-Image-2025-04-21-at-5.16.10-AM-1.jpeg?resize=350%2C200&ssl=1","width":350,"height":200,"srcset":"https:\/\/i0.wp.com\/lasprimeras.com.do\/wp-content\/uploads\/2025\/04\/WhatsApp-Image-2025-04-21-at-5.16.10-AM-1.jpeg?resize=350%2C200&ssl=1 1x, https:\/\/i0.wp.com\/lasprimeras.com.do\/wp-content\/uploads\/2025\/04\/WhatsApp-Image-2025-04-21-at-5.16.10-AM-1.jpeg?resize=525%2C300&ssl=1 1.5x"},"classes":[]},{"id":129166,"url":"https:\/\/lasprimeras.com.do\/index.php\/2026\/04\/30\/fiscal-general-de-ny-respalda-reeleccion-de-espaillat-y-destaca-su-liderazgo\/","url_meta":{"origin":100626,"position":2},"title":"Fiscal General de NY respalda reelecci\u00f3n de Espaillat y destaca su liderazgo","author":"Nelson Feliz","date":"30 de abril de 2026","format":false,"excerpt":"Por Ram\u00f3n Mercedes NUEVA YORK.- La fiscal general de estado, Letitia James, expres\u00f3 su firme respaldo a la reelecci\u00f3n del congresista Adriano Espaillat, resaltando su liderazgo y defensa constante de las comunidades inmigrantes y trabajadoras. Espaillat representa el Distrito 13 que comprende los sectores de Washington Heights, Inwood, Hamilton Heights,\u2026","rel":"","context":"En \u00abLA VOZ DE LA DIASPORA\u00bb","block_context":{"text":"LA VOZ DE LA DIASPORA","link":"https:\/\/lasprimeras.com.do\/index.php\/category\/la-voz-de-la-diaspora\/"},"img":{"alt_text":"","src":"https:\/\/i0.wp.com\/lasprimeras.com.do\/wp-content\/uploads\/2026\/04\/IMG-20260430-WA0055.jpg?resize=350%2C200&ssl=1","width":350,"height":200,"srcset":"https:\/\/i0.wp.com\/lasprimeras.com.do\/wp-content\/uploads\/2026\/04\/IMG-20260430-WA0055.jpg?resize=350%2C200&ssl=1 1x, https:\/\/i0.wp.com\/lasprimeras.com.do\/wp-content\/uploads\/2026\/04\/IMG-20260430-WA0055.jpg?resize=525%2C300&ssl=1 1.5x"},"classes":[]},{"id":101340,"url":"https:\/\/lasprimeras.com.do\/index.php\/2025\/06\/20\/espaillat-asegura-no-temer-tras-asesinato-de-legisladora-en-minnesota-y-ataques-a-funcionarios-en-ee-uu\/","url_meta":{"origin":100626,"position":3},"title":"Espaillat asegura no temer tras asesinato de legisladora en Minnesota y ataques a funcionarios en EE.UU.","author":"Nelson Feliz","date":"20 de junio de 2025","format":false,"excerpt":"https:\/\/www.youtube.com\/watch?v=WvBgyilbevM Por Ram\u00f3n Mercedes NUEVA YORK.- Ante el hallazgo de una lista con nombres de legisladores y funcionarios en poder de Vance Boelter, de 57 a\u00f1os -sospechoso de asesinar a tiros a la representante estatal dem\u00f3crata de Minnesota Melissa Hortman y a su esposo, as\u00ed como de herir al senador\u2026","rel":"","context":"En \u00abINTERNACIONALES\u00bb","block_context":{"text":"INTERNACIONALES","link":"https:\/\/lasprimeras.com.do\/index.php\/category\/sin-categoria\/internacionales\/"},"img":{"alt_text":"Congresista Espaillat asegura no temer tras asesinato de legisladora en Minnesota y ataques a funcionarios en EE. UU.","src":"https:\/\/i0.wp.com\/lasprimeras.com.do\/wp-content\/uploads\/2025\/06\/WhatsApp-Image-2025-06-20-at-4.53.50-AM-2.jpeg?resize=350%2C200&ssl=1","width":350,"height":200,"srcset":"https:\/\/i0.wp.com\/lasprimeras.com.do\/wp-content\/uploads\/2025\/06\/WhatsApp-Image-2025-06-20-at-4.53.50-AM-2.jpeg?resize=350%2C200&ssl=1 1x, https:\/\/i0.wp.com\/lasprimeras.com.do\/wp-content\/uploads\/2025\/06\/WhatsApp-Image-2025-06-20-at-4.53.50-AM-2.jpeg?resize=525%2C300&ssl=1 1.5x, https:\/\/i0.wp.com\/lasprimeras.com.do\/wp-content\/uploads\/2025\/06\/WhatsApp-Image-2025-06-20-at-4.53.50-AM-2.jpeg?resize=700%2C400&ssl=1 2x"},"classes":[]},{"id":98116,"url":"https:\/\/lasprimeras.com.do\/index.php\/2025\/05\/01\/convocara-coalicion-de-lideres-para-defender-al-congresista-espaillat-ante-ataques-republicanos\/","url_meta":{"origin":100626,"position":4},"title":"Convocar\u00e1 coalici\u00f3n de l\u00edderes para defender al congresista Espaillat ante ataques republicanos","author":"Nelson Feliz","date":"1 de mayo de 2025","format":false,"excerpt":"Por Ram\u00f3n Mercedes NUEVA YORK.- El soci\u00f3logo Jaime Vargas busca encabezar una coalici\u00f3n de l\u00edderes comunitarios con el prop\u00f3sito de defender al congresista de origen dominicano Adriano Espaillat (D-13) de los ataques del Partido Republicano en NYC. El l\u00edder comunitario en la Gran Manzana sostiene que dichos ataques provienen tanto\u2026","rel":"","context":"En \u00abINTERNACIONALES\u00bb","block_context":{"text":"INTERNACIONALES","link":"https:\/\/lasprimeras.com.do\/index.php\/category\/sin-categoria\/internacionales\/"},"img":{"alt_text":"Adriano Espaillat","src":"https:\/\/i0.wp.com\/lasprimeras.com.do\/wp-content\/uploads\/2025\/05\/Adriano-Espaillat.jpg?resize=350%2C200&ssl=1","width":350,"height":200,"srcset":"https:\/\/i0.wp.com\/lasprimeras.com.do\/wp-content\/uploads\/2025\/05\/Adriano-Espaillat.jpg?resize=350%2C200&ssl=1 1x, https:\/\/i0.wp.com\/lasprimeras.com.do\/wp-content\/uploads\/2025\/05\/Adriano-Espaillat.jpg?resize=525%2C300&ssl=1 1.5x"},"classes":[]},{"id":97519,"url":"https:\/\/lasprimeras.com.do\/index.php\/2025\/04\/22\/congresista-espaillat-conmemora-dia-de-la-tierra-y-siembra-un-arbol-en-el-alto-manhattan\/","url_meta":{"origin":100626,"position":5},"title":"Congresista Espaillat conmemora D\u00eda de la Tierra y siembra un \u00e1rbol en el Alto Manhattan","author":"Nelson Feliz","date":"22 de abril de 2025","format":false,"excerpt":"https:\/\/www.youtube.com\/watch?v=gG0MSGZz6Go Por Ram\u00f3n Mercedes NUEVA YORK.- El congresista Adriano Espaillat (NY-13) empez\u00f3 la celebraci\u00f3n del D\u00eda de la Tierra plantando un \u00e1rbol en la acera de D\u00e9cima Avenida y la calle 201, frente al proyecto de viviendas Dyckman Houses y el Centro Educativo Oscar de la Renta, En el Alto\u2026","rel":"","context":"En \u00abINTERNACIONALES\u00bb","block_context":{"text":"INTERNACIONALES","link":"https:\/\/lasprimeras.com.do\/index.php\/category\/sin-categoria\/internacionales\/"},"img":{"alt_text":"D\u00eda de la Tierra","src":"https:\/\/i0.wp.com\/lasprimeras.com.do\/wp-content\/uploads\/2025\/04\/WhatsApp-Image-2025-04-22-at-7.10.31-AM.jpeg?resize=350%2C200&ssl=1","width":350,"height":200,"srcset":"https:\/\/i0.wp.com\/lasprimeras.com.do\/wp-content\/uploads\/2025\/04\/WhatsApp-Image-2025-04-22-at-7.10.31-AM.jpeg?resize=350%2C200&ssl=1 1x, https:\/\/i0.wp.com\/lasprimeras.com.do\/wp-content\/uploads\/2025\/04\/WhatsApp-Image-2025-04-22-at-7.10.31-AM.jpeg?resize=525%2C300&ssl=1 1.5x, https:\/\/i0.wp.com\/lasprimeras.com.do\/wp-content\/uploads\/2025\/04\/WhatsApp-Image-2025-04-22-at-7.10.31-AM.jpeg?resize=700%2C400&ssl=1 2x"},"classes":[]}],"jetpack_sharing_enabled":true,"_links":{"self":[{"href":"https:\/\/lasprimeras.com.do\/index.php\/wp-json\/wp\/v2\/posts\/100626","targetHints":{"allow":["GET"]}}],"collection":[{"href":"https:\/\/lasprimeras.com.do\/index.php\/wp-json\/wp\/v2\/posts"}],"about":[{"href":"https:\/\/lasprimeras.com.do\/index.php\/wp-json\/wp\/v2\/types\/post"}],"author":[{"embeddable":true,"href":"https:\/\/lasprimeras.com.do\/index.php\/wp-json\/wp\/v2\/users\/10"}],"replies":[{"embeddable":true,"href":"https:\/\/lasprimeras.com.do\/index.php\/wp-json\/wp\/v2\/comments?post=100626"}],"version-history":[{"count":1,"href":"https:\/\/lasprimeras.com.do\/index.php\/wp-json\/wp\/v2\/posts\/100626\/revisions"}],"predecessor-version":[{"id":100628,"href":"https:\/\/lasprimeras.com.do\/index.php\/wp-json\/wp\/v2\/posts\/100626\/revisions\/100628"}],"wp:featuredmedia":[{"embeddable":true,"href":"https:\/\/lasprimeras.com.do\/index.php\/wp-json\/wp\/v2\/media\/100627"}],"wp:attachment":[{"href":"https:\/\/lasprimeras.com.do\/index.php\/wp-json\/wp\/v2\/media?parent=100626"}],"wp:term":[{"taxonomy":"category","embeddable":true,"href":"https:\/\/lasprimeras.com.do\/index.php\/wp-json\/wp\/v2\/categories?post=100626"},{"taxonomy":"post_tag","embeddable":true,"href":"https:\/\/lasprimeras.com.do\/index.php\/wp-json\/wp\/v2\/tags?post=100626"}],"curies":[{"name":"wp","href":"https:\/\/api.w.org\/{rel}","templated":true}]}}