{"id":100637,"date":"2025-06-09T12:41:28","date_gmt":"2025-06-09T16:41:28","guid":{"rendered":"https:\/\/lasprimeras.com.do\/?p=100637"},"modified":"2025-06-09T12:41:30","modified_gmt":"2025-06-09T16:41:30","slug":"colvet-anuncia-paro-por-incumplimiento-de-aumento-y-pensiones-a-veterinarios","status":"publish","type":"post","link":"https:\/\/lasprimeras.com.do\/index.php\/2025\/06\/09\/colvet-anuncia-paro-por-incumplimiento-de-aumento-y-pensiones-a-veterinarios\/","title":{"rendered":"Colvet anuncia paro por incumplimiento de aumento y pensiones a veterinarios"},"content":{"rendered":"\n<p>El Colegio Dominicano de M\u00e9dicos Veterinarios (COLVET), anunci\u00f3 este lunes la convocatoria a un paro nacional en protesta por el incumplimiento de los acuerdos previamente pactados con el Gobierno, referentes al aumento salarial y a la inclusi\u00f3n efectiva de los profesionales del \u00e1rea en el r\u00e9gimen de pensiones.<\/p>\n\n\n\n<p>La medida, que se llevar\u00e1 a cabo este pr\u00f3ximo mi\u00e9rcoles 11, busca llamar la atenci\u00f3n de las autoridades ante la situaci\u00f3n de abandono que afecta a cientos de veterinarios del sector p\u00fablico y descentralizado, quienes alegan estar trabajando en condiciones econ\u00f3micas precarias, sin mejoras salariales ni garant\u00edas de una jubilaci\u00f3n digna.<\/p>\n\n\n\n<p>El anuncio fue realizado durante una rueda de prensa en las instalaciones del Colvet, con la participaci\u00f3n de la directiva del gremio y decenas de m\u00e9dicos veterinarios.<\/p>\n\n\n\n<p>&#8220;Los m\u00e9dicos veterinarios hemos sido pacientes y proactivos en las mesas de di\u00e1logo, pero no podemos seguir esperando indefinidamente mientras nuestras necesidades b\u00e1sicas no son atendidas&#8221;, declar\u00f3 el Dr. Wascar Ariza, presidente del COLVET.<\/p>\n\n\n\n<p>&#8220;Exigimos que se cumpla lo acordado en materia de reajuste salarial y se inicie un proceso claro y transparente para la afiliaci\u00f3n a un sistema de pensiones justo para nuestros colegiados&#8221;, afirm\u00f3.<\/p>\n\n\n\n<p>El gremio indic\u00f3 que, conf\u00edan en el cumplimiento de la promesa realizada por el Gobierno, luego de depositar un documento con la solicitud en marzo del a\u00f1o pasado, sin a\u00fan haber recibido respuesta de dicho aumento.<\/p>\n\n\n\n<p>El paro pautado por 24 horas afectar\u00e1 temporalmente los servicios veterinarios estatales, incluyendo las labores esenciales.<\/p>\n\n\n\n<p>El COLVET reitera su disposici\u00f3n al di\u00e1logo, pero aclara que no levantar\u00e1 la medida hasta tanto se establezca el cumplimiento por parte del Gobierno.<\/p>\n\n\n\n<p>La organizaci\u00f3n hace un llamado a la ciudadan\u00eda y a los sectores agropecuarios a comprender la justa lucha por la dignidad de los profesionales que garantizan la sanidad animal y la seguridad alimentaria del pa\u00eds.<\/p>\n","protected":false},"excerpt":{"rendered":"<p>El Colegio Dominicano de M\u00e9dicos Veterinarios (COLVET), anunci\u00f3 este lunes la convocatoria a un paro nacional en protesta por el incumplimiento de los acuerdos previamente pactados con el Gobierno, referentes&hellip;<\/p>\n","protected":false},"author":10,"featured_media":100638,"comment_status":"open","ping_status":"open","sticky":false,"template":"","format":"standard","meta":{"content-type":"","jetpack_post_was_ever_published":false,"_jetpack_newsletter_access":"","_jetpack_dont_email_post_to_subs":false,"_jetpack_newsletter_tier_id":0,"_jetpack_memberships_contains_paywalled_content":false,"_jetpack_memberships_contains_paid_content":false,"footnotes":""},"categories":[16558],"tags":[292,20390,1059,531,20391],"class_list":["post-100637","post","type-post","status-publish","format-standard","has-post-thumbnail","hentry","category-salud","tag-aumento","tag-colvet","tag-paro","tag-pensiones","tag-veterinarios"],"jetpack_featured_media_url":"https:\/\/lasprimeras.com.do\/wp-content\/uploads\/2025\/06\/COLVET.jpg","jetpack-related-posts":[{"id":120591,"url":"https:\/\/lasprimeras.com.do\/index.php\/2026\/01\/26\/cmd-preocupado-por-falta-del-aumento-salarial-para-la-mayoria-de-los-medicos-pensionados\/","url_meta":{"origin":100637,"position":0},"title":"CMD preocupado por falta del aumento salarial para la mayor\u00eda de los m\u00e9dicos pensionados","author":"Nelson Feliz","date":"26 de enero de 2026","format":false,"excerpt":"Dr. Luis Pe\u00f1a N\u00fa\u00f1ez","rel":"","context":"En \u00abECONOM\u00cdA\u00bb","block_context":{"text":"ECONOM\u00cdA","link":"https:\/\/lasprimeras.com.do\/index.php\/category\/economia\/"},"img":{"alt_text":"Dr. Luis Pe\u00f1a N\u00fa\u00f1ez","src":"https:\/\/i0.wp.com\/lasprimeras.com.do\/wp-content\/uploads\/2026\/01\/Dr.-Luis-Pena-Nunez.jpg?resize=350%2C200&ssl=1","width":350,"height":200,"srcset":"https:\/\/i0.wp.com\/lasprimeras.com.do\/wp-content\/uploads\/2026\/01\/Dr.-Luis-Pena-Nunez.jpg?resize=350%2C200&ssl=1 1x, https:\/\/i0.wp.com\/lasprimeras.com.do\/wp-content\/uploads\/2026\/01\/Dr.-Luis-Pena-Nunez.jpg?resize=525%2C300&ssl=1 1.5x, https:\/\/i0.wp.com\/lasprimeras.com.do\/wp-content\/uploads\/2026\/01\/Dr.-Luis-Pena-Nunez.jpg?resize=700%2C400&ssl=1 2x"},"classes":[]},{"id":63953,"url":"https:\/\/lasprimeras.com.do\/index.php\/2023\/10\/17\/enfermeras-haran-paro-en-reclamo-de-aumentos\/","url_meta":{"origin":100637,"position":1},"title":"Enfermeras har\u00e1n paro en reclamo de aumentos","author":"BIMARY DE JES\u00daS Matos","date":"17 de octubre de 2023","format":false,"excerpt":"Santo Domingo.- El Consejo Nacional de Enfermer\u00eda y la Coordinadora Nacional de Salud anunciaron ayer un paro de labores que se realizar\u00e1 este mi\u00e9rcoles en reclamo de aumento salarial y otras reivindicaciones. Los representantes de los gremios indicaron que el paro ser\u00e1 desde las 7:00 de la ma\u00f1ana hasta las\u2026","rel":"","context":"En \u00abNACIONALES\u00bb","block_context":{"text":"NACIONALES","link":"https:\/\/lasprimeras.com.do\/index.php\/category\/nacionales\/"},"img":{"alt_text":"","src":"https:\/\/i0.wp.com\/lasprimeras.com.do\/wp-content\/uploads\/2023\/10\/Captura-de-pantalla-2023-10-16-172822.webp?resize=350%2C200&ssl=1","width":350,"height":200,"srcset":"https:\/\/i0.wp.com\/lasprimeras.com.do\/wp-content\/uploads\/2023\/10\/Captura-de-pantalla-2023-10-16-172822.webp?resize=350%2C200&ssl=1 1x, https:\/\/i0.wp.com\/lasprimeras.com.do\/wp-content\/uploads\/2023\/10\/Captura-de-pantalla-2023-10-16-172822.webp?resize=525%2C300&ssl=1 1.5x, https:\/\/i0.wp.com\/lasprimeras.com.do\/wp-content\/uploads\/2023\/10\/Captura-de-pantalla-2023-10-16-172822.webp?resize=700%2C400&ssl=1 2x"},"classes":[]},{"id":95974,"url":"https:\/\/lasprimeras.com.do\/index.php\/2025\/03\/23\/abinader-incumple-acuerdo-con-gremios-administrativos-de-la-salud-sobre-reajuste-salarial\/","url_meta":{"origin":100637,"position":2},"title":"Abinader incumple acuerdo con gremios administrativos de la salud sobre reajuste salarial","author":"Nelson Feliz","date":"23 de marzo de 2025","format":false,"excerpt":"A pesar de haberse comprometido a evaluar en un plazo de dos semanas la solicitud de reajuste salarial para los trabajadores administrativos y de apoyo del sector salud, el presidente Luis Abinader, no ha dado respuesta a los gremios que representan a estos empleados, incumpliendo as\u00ed su palabra y prolongando\u2026","rel":"","context":"En \u00abECONOM\u00cdA\u00bb","block_context":{"text":"ECONOM\u00cdA","link":"https:\/\/lasprimeras.com.do\/index.php\/category\/economia\/"},"img":{"alt_text":"","src":"https:\/\/i0.wp.com\/lasprimeras.com.do\/wp-content\/uploads\/2025\/03\/gremios.jpg?resize=350%2C200&ssl=1","width":350,"height":200,"srcset":"https:\/\/i0.wp.com\/lasprimeras.com.do\/wp-content\/uploads\/2025\/03\/gremios.jpg?resize=350%2C200&ssl=1 1x, https:\/\/i0.wp.com\/lasprimeras.com.do\/wp-content\/uploads\/2025\/03\/gremios.jpg?resize=525%2C300&ssl=1 1.5x, https:\/\/i0.wp.com\/lasprimeras.com.do\/wp-content\/uploads\/2025\/03\/gremios.jpg?resize=700%2C400&ssl=1 2x"},"classes":[]},{"id":91195,"url":"https:\/\/lasprimeras.com.do\/index.php\/2024\/11\/13\/cmd-no-logra-acuerdo-con-abinader-no-descartan-llamado-a-paro\/","url_meta":{"origin":100637,"position":3},"title":"CMD no logra acuerdo con Abinader; no descartan llamado a paro","author":"Nelson Feliz","date":"13 de noviembre de 2024","format":false,"excerpt":"El presidente del Colegio M\u00e9dico Dominicano (CMD) Waldo Ariel Suero, inform\u00f3 que ese entidad y el Gobierno no llegaron a un acuerdo con relaci\u00f3n a su propuesta de aumento salarial de un 70 % a los m\u00e9dicos pensionados del SNS, MSP, Conape, Hospitales de Autogesti\u00f3n, 911, Legistas, Administrativos, entre otros.\u2026","rel":"","context":"En \u00abNACIONALES\u00bb","block_context":{"text":"NACIONALES","link":"https:\/\/lasprimeras.com.do\/index.php\/category\/nacionales\/"},"img":{"alt_text":"Waldo Ariel Suero","src":"https:\/\/i0.wp.com\/lasprimeras.com.do\/wp-content\/uploads\/2024\/06\/Waldo-Ariel-Suero-1-1.jpg?resize=350%2C200&ssl=1","width":350,"height":200,"srcset":"https:\/\/i0.wp.com\/lasprimeras.com.do\/wp-content\/uploads\/2024\/06\/Waldo-Ariel-Suero-1-1.jpg?resize=350%2C200&ssl=1 1x, https:\/\/i0.wp.com\/lasprimeras.com.do\/wp-content\/uploads\/2024\/06\/Waldo-Ariel-Suero-1-1.jpg?resize=525%2C300&ssl=1 1.5x"},"classes":[]},{"id":79357,"url":"https:\/\/lasprimeras.com.do\/index.php\/2024\/03\/26\/gremios-de-enfermeria-demandan-al-gobierno-por-incumplimiento-de-promesas\/","url_meta":{"origin":100637,"position":4},"title":"Gremios de enfermer\u00eda demandan al gobierno por incumplimiento de promesas","author":"BIMARY DE JES\u00daS Matos","date":"26 de marzo de 2024","format":false,"excerpt":"Martin Restituyo Santo Domingo.- Los principales gremios de enfermer\u00eda del pa\u00eds han levantado su voz exigiendo al presidente de la Rep\u00fablica, Luis Abinader, el cumplimiento de una serie de reivindicaciones, que van desde un aumento salarial hasta facilidades para la adquisici\u00f3n de viviendas. Las entidades que agrupan a enfermeras y\u2026","rel":"","context":"En \u00abPORTADA\u00bb","block_context":{"text":"PORTADA","link":"https:\/\/lasprimeras.com.do\/index.php\/category\/portada\/"},"img":{"alt_text":"","src":"https:\/\/i0.wp.com\/lasprimeras.com.do\/wp-content\/uploads\/2024\/03\/IMG-20240326-WA0012.jpg?resize=350%2C200&ssl=1","width":350,"height":200,"srcset":"https:\/\/i0.wp.com\/lasprimeras.com.do\/wp-content\/uploads\/2024\/03\/IMG-20240326-WA0012.jpg?resize=350%2C200&ssl=1 1x, https:\/\/i0.wp.com\/lasprimeras.com.do\/wp-content\/uploads\/2024\/03\/IMG-20240326-WA0012.jpg?resize=525%2C300&ssl=1 1.5x, https:\/\/i0.wp.com\/lasprimeras.com.do\/wp-content\/uploads\/2024\/03\/IMG-20240326-WA0012.jpg?resize=700%2C400&ssl=1 2x, https:\/\/i0.wp.com\/lasprimeras.com.do\/wp-content\/uploads\/2024\/03\/IMG-20240326-WA0012.jpg?resize=1050%2C600&ssl=1 3x, https:\/\/i0.wp.com\/lasprimeras.com.do\/wp-content\/uploads\/2024\/03\/IMG-20240326-WA0012.jpg?resize=1400%2C800&ssl=1 4x"},"classes":[]},{"id":111588,"url":"https:\/\/lasprimeras.com.do\/index.php\/2025\/10\/10\/dgpj-y-el-cmd-iniciaron-trabajos-para-implementar-aumento-salarial-a-medicos-pensionados\/","url_meta":{"origin":100637,"position":5},"title":"DGPJ y el CMD iniciaron trabajos para implementar aumento salarial a m\u00e9dicos pensionados","author":"Nelson Feliz","date":"10 de octubre de 2025","format":false,"excerpt":"El Colegio M\u00e9dico Dominicano (CMD) y el Director de Pensiones y Jubilaciones Juan Rosa; iniciaron los trabajos para implementar el aumento salarial para los m\u00e9dicos pensionados; tal y como fue acordado entre el presidente Luis Abinader, el Colegio M\u00e9dico Dominicano y la Asociaci\u00f3n de M\u00e9dicos Pensionados, Jubilados y en Edad\u2026","rel":"","context":"En \u00abECONOM\u00cdA\u00bb","block_context":{"text":"ECONOM\u00cdA","link":"https:\/\/lasprimeras.com.do\/index.php\/category\/economia\/"},"img":{"alt_text":"","src":"https:\/\/i0.wp.com\/lasprimeras.com.do\/wp-content\/uploads\/2025\/10\/CMD-1.jpg?resize=350%2C200&ssl=1","width":350,"height":200,"srcset":"https:\/\/i0.wp.com\/lasprimeras.com.do\/wp-content\/uploads\/2025\/10\/CMD-1.jpg?resize=350%2C200&ssl=1 1x, https:\/\/i0.wp.com\/lasprimeras.com.do\/wp-content\/uploads\/2025\/10\/CMD-1.jpg?resize=525%2C300&ssl=1 1.5x, https:\/\/i0.wp.com\/lasprimeras.com.do\/wp-content\/uploads\/2025\/10\/CMD-1.jpg?resize=700%2C400&ssl=1 2x"},"classes":[]}],"jetpack_sharing_enabled":true,"_links":{"self":[{"href":"https:\/\/lasprimeras.com.do\/index.php\/wp-json\/wp\/v2\/posts\/100637","targetHints":{"allow":["GET"]}}],"collection":[{"href":"https:\/\/lasprimeras.com.do\/index.php\/wp-json\/wp\/v2\/posts"}],"about":[{"href":"https:\/\/lasprimeras.com.do\/index.php\/wp-json\/wp\/v2\/types\/post"}],"author":[{"embeddable":true,"href":"https:\/\/lasprimeras.com.do\/index.php\/wp-json\/wp\/v2\/users\/10"}],"replies":[{"embeddable":true,"href":"https:\/\/lasprimeras.com.do\/index.php\/wp-json\/wp\/v2\/comments?post=100637"}],"version-history":[{"count":1,"href":"https:\/\/lasprimeras.com.do\/index.php\/wp-json\/wp\/v2\/posts\/100637\/revisions"}],"predecessor-version":[{"id":100639,"href":"https:\/\/lasprimeras.com.do\/index.php\/wp-json\/wp\/v2\/posts\/100637\/revisions\/100639"}],"wp:featuredmedia":[{"embeddable":true,"href":"https:\/\/lasprimeras.com.do\/index.php\/wp-json\/wp\/v2\/media\/100638"}],"wp:attachment":[{"href":"https:\/\/lasprimeras.com.do\/index.php\/wp-json\/wp\/v2\/media?parent=100637"}],"wp:term":[{"taxonomy":"category","embeddable":true,"href":"https:\/\/lasprimeras.com.do\/index.php\/wp-json\/wp\/v2\/categories?post=100637"},{"taxonomy":"post_tag","embeddable":true,"href":"https:\/\/lasprimeras.com.do\/index.php\/wp-json\/wp\/v2\/tags?post=100637"}],"curies":[{"name":"wp","href":"https:\/\/api.w.org\/{rel}","templated":true}]}}