{"id":100656,"date":"2025-06-10T08:38:55","date_gmt":"2025-06-10T12:38:55","guid":{"rendered":"https:\/\/lasprimeras.com.do\/?p=100656"},"modified":"2025-06-10T08:38:56","modified_gmt":"2025-06-10T12:38:56","slug":"terrero-exige-transparencia-en-proceso-de-licitacion-en-cabo-rojo-pedernales","status":"publish","type":"post","link":"https:\/\/lasprimeras.com.do\/index.php\/2025\/06\/10\/terrero-exige-transparencia-en-proceso-de-licitacion-en-cabo-rojo-pedernales\/","title":{"rendered":"Terrero exige transparencia en proceso de licitaci\u00f3n en Cabo Rojo-Pedernales"},"content":{"rendered":"\n<p>El exdiputado por la provincia de Barahona y miembro del Comit\u00e9 Central del Partido de la Liberaci\u00f3n Dominicana (PLD), V\u00edctor Manuel Terrero, hizo un llamado en\u00e9rgico a las autoridades para garantizar la transparencia y el estricto cumplimiento de la ley en el proceso de licitaci\u00f3n de proyectos tur\u00edsticos en la zona de Cabo Rojo\u2013Pedernales.<\/p>\n\n\n\n<p>Terrero expres\u00f3 su preocupaci\u00f3n por la forma en que se estar\u00edan llevando a cabo las alianzas p\u00fablico-privadas (APP) en esta estrat\u00e9gica regi\u00f3n del suroeste del pa\u00eds, destacando que el Estado debe velar por que los procesos sean claros, equitativos y sin privilegios indebidos hacia ciertos actores econ\u00f3micos.<\/p>\n\n\n\n<p>\u201cCabo Rojo no puede convertirse en un bot\u00edn para intereses particulares. Como destino tur\u00edstico emergente y clave para el desarrollo del sur profundo, debe manejarse con visi\u00f3n, legalidad y participaci\u00f3n real de los sectores locales\u201d, afirm\u00f3 Terrero.<\/p>\n\n\n\n<p>El dirigente pol\u00edtico record\u00f3 que la ley dominicana establece criterios precisos para las APP y alert\u00f3 sobre posibles irregularidades en la selecci\u00f3n de socios minoritarios en algunos de los consorcios involucrados. \u201cEstamos a tiempo de corregir. No podemos repetir viejos vicios de opacidad. El desarrollo no puede ser sin\u00f3nimo de exclusi\u00f3n ni de negocios turbios\u201d, a\u00f1adi\u00f3.<\/p>\n\n\n\n<p>V\u00edctor Manuel Terrero reiter\u00f3 su compromiso con la defensa de los intereses de la regi\u00f3n Enriquillo y con una gesti\u00f3n p\u00fablica que priorice el bien com\u00fan, la rendici\u00f3n de cuentas y la sostenibilidad del desarrollo tur\u00edstico.<\/p>\n","protected":false},"excerpt":{"rendered":"<p>El exdiputado por la provincia de Barahona y miembro del Comit\u00e9 Central del Partido de la Liberaci\u00f3n Dominicana (PLD), V\u00edctor Manuel Terrero, hizo un llamado en\u00e9rgico a las autoridades para&hellip;<\/p>\n","protected":false},"author":10,"featured_media":81408,"comment_status":"open","ping_status":"open","sticky":false,"template":"","format":"standard","meta":{"content-type":"","jetpack_post_was_ever_published":false,"_jetpack_newsletter_access":"","_jetpack_dont_email_post_to_subs":false,"_jetpack_newsletter_tier_id":0,"_jetpack_memberships_contains_paywalled_content":false,"_jetpack_memberships_contains_paid_content":false,"footnotes":""},"categories":[16559,25],"tags":[20396,9209,664,898,3617],"class_list":["post-100656","post","type-post","status-publish","format-standard","has-post-thumbnail","hentry","category-politica","category-portada","tag-cabo-rojo-pedernales","tag-licitacion","tag-proceso","tag-transparencia","tag-victor-manuel-terrero"],"jetpack_featured_media_url":"https:\/\/lasprimeras.com.do\/wp-content\/uploads\/2024\/04\/Victor-Manuel-Terrero.jpg","jetpack-related-posts":[{"id":100652,"url":"https:\/\/lasprimeras.com.do\/index.php\/2025\/06\/09\/adocco-valora-transparencia-en-licitacion-de-cabo-rojo-y-exhorta-mantener-apego-a-la-ley\/","url_meta":{"origin":100656,"position":0},"title":"ADOCCO valora transparencia en licitaci\u00f3n de Cabo Rojo y exhorta mantener apego a la ley","author":"Nelson Feliz","date":"9 de junio de 2025","format":false,"excerpt":"La Alianza Dominicana Contra la Corrupci\u00f3n (ADOCCO), a trav\u00e9s de su presidente Julio C\u00e9sar de la Rosa Tiburcio, valor\u00f3 que el proceso de selecci\u00f3n del socio minoritario y estrat\u00e9gico del Estado para el desarrollo del destino tur\u00edstico Cabo Rojo\u2013Pedernales se haya ajustado, hasta el momento, a los principios de legalidad\u2026","rel":"","context":"En \u00abNACIONALES\u00bb","block_context":{"text":"NACIONALES","link":"https:\/\/lasprimeras.com.do\/index.php\/category\/nacionales\/"},"img":{"alt_text":"Julio C\u00e9sar de la Rosa Tiburcio","src":"https:\/\/i0.wp.com\/lasprimeras.com.do\/wp-content\/uploads\/2025\/06\/Julio-Cesar-de-la-Rosa-Tiburcio.jpg?resize=350%2C200&ssl=1","width":350,"height":200,"srcset":"https:\/\/i0.wp.com\/lasprimeras.com.do\/wp-content\/uploads\/2025\/06\/Julio-Cesar-de-la-Rosa-Tiburcio.jpg?resize=350%2C200&ssl=1 1x, https:\/\/i0.wp.com\/lasprimeras.com.do\/wp-content\/uploads\/2025\/06\/Julio-Cesar-de-la-Rosa-Tiburcio.jpg?resize=525%2C300&ssl=1 1.5x, https:\/\/i0.wp.com\/lasprimeras.com.do\/wp-content\/uploads\/2025\/06\/Julio-Cesar-de-la-Rosa-Tiburcio.jpg?resize=700%2C400&ssl=1 2x"},"classes":[]},{"id":126751,"url":"https:\/\/lasprimeras.com.do\/index.php\/2026\/04\/05\/victor-manuel-terrero-felicita-a-los-periodistas-dominicanos-en-su-dia-destaca-su-rol-en-la-democracia\/","url_meta":{"origin":100656,"position":1},"title":"V\u00edctor Manuel Terrero felicita a los periodistas dominicanos en su d\u00eda; destaca su rol en la democracia","author":"Nelson Feliz","date":"5 de abril de 2026","format":false,"excerpt":"El miembro del Comit\u00e9 Central del Partido de la Liberaci\u00f3n Dominicana (PLD), doctor V\u00edctor Manuel Terrero, extendi\u00f3 hoy un caluroso mensaje de felicitaci\u00f3n a todos los periodistas dominicanos, al conmemorarse este domingo 5 de abril el\u00a0D\u00eda Nacional del Periodista. Terrero manifest\u00f3 su reconocimiento a los hombres y mujeres que ejercen\u2026","rel":"","context":"En \u00abPOLITICA\u00bb","block_context":{"text":"POLITICA","link":"https:\/\/lasprimeras.com.do\/index.php\/category\/politica\/"},"img":{"alt_text":"","src":"https:\/\/i0.wp.com\/lasprimeras.com.do\/wp-content\/uploads\/2026\/04\/Dia-del-periodista.jpg?resize=350%2C200&ssl=1","width":350,"height":200,"srcset":"https:\/\/i0.wp.com\/lasprimeras.com.do\/wp-content\/uploads\/2026\/04\/Dia-del-periodista.jpg?resize=350%2C200&ssl=1 1x, https:\/\/i0.wp.com\/lasprimeras.com.do\/wp-content\/uploads\/2026\/04\/Dia-del-periodista.jpg?resize=525%2C300&ssl=1 1.5x, https:\/\/i0.wp.com\/lasprimeras.com.do\/wp-content\/uploads\/2026\/04\/Dia-del-periodista.jpg?resize=700%2C400&ssl=1 2x"},"classes":[]},{"id":112816,"url":"https:\/\/lasprimeras.com.do\/index.php\/2025\/10\/27\/exdiputado-arremete-contra-el-cambio-de-nombre-de-la-avenida-ecologica-profesor-juan-bosch-por-la-av-doctor-jose-francisco-pena-gomez\/","url_meta":{"origin":100656,"position":2},"title":"Exdiputado arremete contra el cambio de nombre de la\u00a0avenida Ecol\u00f3gica profesor Juan Bosch por la Av. doctor Jos\u00e9 Francisco Pe\u00f1a G\u00f3mez","author":"Nelson Feliz","date":"27 de octubre de 2025","format":false,"excerpt":"El exdiputado y\u00a0 miembro del Comit\u00e9 Central del Partido de la Liberaci\u00f3n Dominicana (PLD) D,\u00a0V\u00edctor Manuel Terrero, ha alzado su voz en protesta contra la aprobaci\u00f3n legislativa que renombra la\u00a0avenida Ecol\u00f3gica\u00a0profesor Juan Bosch por la Avenida doctor Jos\u00e9 Francisco Pe\u00f1a G\u00f3mez. Terrero, un destacado miembro del Comit\u00e9 Central del Partido\u2026","rel":"","context":"En \u00abPOLITICA\u00bb","block_context":{"text":"POLITICA","link":"https:\/\/lasprimeras.com.do\/index.php\/category\/politica\/"},"img":{"alt_text":"V\u00edctor Manuel Terrero","src":"https:\/\/i0.wp.com\/lasprimeras.com.do\/wp-content\/uploads\/2024\/04\/Victor-Manuel-Terrero.jpg?resize=350%2C200&ssl=1","width":350,"height":200,"srcset":"https:\/\/i0.wp.com\/lasprimeras.com.do\/wp-content\/uploads\/2024\/04\/Victor-Manuel-Terrero.jpg?resize=350%2C200&ssl=1 1x, https:\/\/i0.wp.com\/lasprimeras.com.do\/wp-content\/uploads\/2024\/04\/Victor-Manuel-Terrero.jpg?resize=525%2C300&ssl=1 1.5x"},"classes":[]},{"id":121586,"url":"https:\/\/lasprimeras.com.do\/index.php\/2026\/02\/07\/victor-terrero-alerta-sobre-indicadores-de-mortalidad-materna-e-infantil-en-segundo-periodo-de-2025\/","url_meta":{"origin":100656,"position":3},"title":"V\u00edctor Terrero alerta sobre indicadores de mortalidad materna e infantil en segundo periodo de 2025","author":"Nelson Feliz","date":"7 de febrero de 2026","format":false,"excerpt":"El ginecobstetra y miembro del Comit\u00e9 Central del Partido de la Liberaci\u00f3n Dominicana (PLD), doctor V\u00edctor Manuel Terrero, revel\u00f3 hoy que el informe n\u00famero 52 del a\u00f1o 2025 publicado por el Ministerio de Salud P\u00fablica, reporta 1818 muertes infantiles y unas 177 mujeres murieron en el segundo periodo del a\u00f1o\u2026","rel":"","context":"En \u00abPORTADA\u00bb","block_context":{"text":"PORTADA","link":"https:\/\/lasprimeras.com.do\/index.php\/category\/portada\/"},"img":{"alt_text":"V\u00edctor Manuel Terrero","src":"https:\/\/i0.wp.com\/lasprimeras.com.do\/wp-content\/uploads\/2026\/02\/victor-terrero-2.jpg?resize=350%2C200&ssl=1","width":350,"height":200,"srcset":"https:\/\/i0.wp.com\/lasprimeras.com.do\/wp-content\/uploads\/2026\/02\/victor-terrero-2.jpg?resize=350%2C200&ssl=1 1x, https:\/\/i0.wp.com\/lasprimeras.com.do\/wp-content\/uploads\/2026\/02\/victor-terrero-2.jpg?resize=525%2C300&ssl=1 1.5x, https:\/\/i0.wp.com\/lasprimeras.com.do\/wp-content\/uploads\/2026\/02\/victor-terrero-2.jpg?resize=700%2C400&ssl=1 2x"},"classes":[]},{"id":117572,"url":"https:\/\/lasprimeras.com.do\/index.php\/2025\/12\/11\/victor-manuel-terrero-lamenta-el-fallecimiento-de-monsenor-rafael-leonidas-felipe-nunez\/","url_meta":{"origin":100656,"position":4},"title":"V\u00edctor Manuel Terrero lamenta el fallecimiento de Monse\u00f1or Rafael Le\u00f3nidas Felipe N\u00fa\u00f1ez","author":"Nelson Feliz","date":"11 de diciembre de 2025","format":false,"excerpt":"Terrero califico al sacerdote como \"un pastor cercano a su comunidad\" El exdiputado de Barahona y miembro del Comit\u00e9 Central del Partido de la Liberaci\u00f3n Dominicana (PLD), Dr. V\u00edctor Manuel Terrero, ha expresado su profundo pesar por la partida f\u00edsica de Monse\u00f1or Rafael Le\u00f3nidas Felipe N\u00fa\u00f1ez, Obispo Em\u00e9rito de la\u2026","rel":"","context":"En \u00abNACIONALES\u00bb","block_context":{"text":"NACIONALES","link":"https:\/\/lasprimeras.com.do\/index.php\/category\/nacionales\/"},"img":{"alt_text":"V\u00edctor Manuel Terrero","src":"https:\/\/i0.wp.com\/lasprimeras.com.do\/wp-content\/uploads\/2024\/04\/Victor-Manuel-Terrero.jpg?resize=350%2C200&ssl=1","width":350,"height":200,"srcset":"https:\/\/i0.wp.com\/lasprimeras.com.do\/wp-content\/uploads\/2024\/04\/Victor-Manuel-Terrero.jpg?resize=350%2C200&ssl=1 1x, https:\/\/i0.wp.com\/lasprimeras.com.do\/wp-content\/uploads\/2024\/04\/Victor-Manuel-Terrero.jpg?resize=525%2C300&ssl=1 1.5x"},"classes":[]},{"id":108696,"url":"https:\/\/lasprimeras.com.do\/index.php\/2025\/09\/09\/terrero-se-opone-a-instalacion-de-grancera-en-la-guazara-y-el-cachon\/","url_meta":{"origin":100656,"position":5},"title":"Terrero se opone a instalaci\u00f3n de Grancera en La Gu\u00e1zara y El Cach\u00f3n","author":"Nelson Feliz","date":"9 de septiembre de 2025","format":false,"excerpt":"El exdiputado y miembro del Comit\u00e9 Central del PLD, doctor V\u00edctor Manuel Terrero, califico como un da\u00f1o desconsiderado la instalaci\u00f3n de una grancera en La Gu\u00e1zara y El Cach\u00f3n, supuestamente del empresario Maikel Gonz\u00e1lez. Terrero, se\u00f1ala que las operaciones de esta grancera est\u00e1n causando una disminuci\u00f3n significativa del caudal de\u2026","rel":"","context":"En \u00abPOLITICA\u00bb","block_context":{"text":"POLITICA","link":"https:\/\/lasprimeras.com.do\/index.php\/category\/politica\/"},"img":{"alt_text":"V\u00edctor Manuel Terrero","src":"https:\/\/i0.wp.com\/lasprimeras.com.do\/wp-content\/uploads\/2024\/04\/Victor-Manuel-Terrero.jpg?resize=350%2C200&ssl=1","width":350,"height":200,"srcset":"https:\/\/i0.wp.com\/lasprimeras.com.do\/wp-content\/uploads\/2024\/04\/Victor-Manuel-Terrero.jpg?resize=350%2C200&ssl=1 1x, https:\/\/i0.wp.com\/lasprimeras.com.do\/wp-content\/uploads\/2024\/04\/Victor-Manuel-Terrero.jpg?resize=525%2C300&ssl=1 1.5x"},"classes":[]}],"jetpack_sharing_enabled":true,"_links":{"self":[{"href":"https:\/\/lasprimeras.com.do\/index.php\/wp-json\/wp\/v2\/posts\/100656","targetHints":{"allow":["GET"]}}],"collection":[{"href":"https:\/\/lasprimeras.com.do\/index.php\/wp-json\/wp\/v2\/posts"}],"about":[{"href":"https:\/\/lasprimeras.com.do\/index.php\/wp-json\/wp\/v2\/types\/post"}],"author":[{"embeddable":true,"href":"https:\/\/lasprimeras.com.do\/index.php\/wp-json\/wp\/v2\/users\/10"}],"replies":[{"embeddable":true,"href":"https:\/\/lasprimeras.com.do\/index.php\/wp-json\/wp\/v2\/comments?post=100656"}],"version-history":[{"count":1,"href":"https:\/\/lasprimeras.com.do\/index.php\/wp-json\/wp\/v2\/posts\/100656\/revisions"}],"predecessor-version":[{"id":100657,"href":"https:\/\/lasprimeras.com.do\/index.php\/wp-json\/wp\/v2\/posts\/100656\/revisions\/100657"}],"wp:featuredmedia":[{"embeddable":true,"href":"https:\/\/lasprimeras.com.do\/index.php\/wp-json\/wp\/v2\/media\/81408"}],"wp:attachment":[{"href":"https:\/\/lasprimeras.com.do\/index.php\/wp-json\/wp\/v2\/media?parent=100656"}],"wp:term":[{"taxonomy":"category","embeddable":true,"href":"https:\/\/lasprimeras.com.do\/index.php\/wp-json\/wp\/v2\/categories?post=100656"},{"taxonomy":"post_tag","embeddable":true,"href":"https:\/\/lasprimeras.com.do\/index.php\/wp-json\/wp\/v2\/tags?post=100656"}],"curies":[{"name":"wp","href":"https:\/\/api.w.org\/{rel}","templated":true}]}}