{"id":100661,"date":"2025-06-07T09:03:43","date_gmt":"2025-06-07T13:03:43","guid":{"rendered":"https:\/\/lasprimeras.com.do\/?p=100661"},"modified":"2025-06-10T09:07:56","modified_gmt":"2025-06-10T13:07:56","slug":"fiscalia-solicita-coercion-contra-comerciante-chino-imputado-de-agredir-a-agente-de-migracion","status":"publish","type":"post","link":"https:\/\/lasprimeras.com.do\/index.php\/2025\/06\/07\/fiscalia-solicita-coercion-contra-comerciante-chino-imputado-de-agredir-a-agente-de-migracion\/","title":{"rendered":"Fiscal\u00eda solicita coerci\u00f3n contra comerciante chino imputado de agredir a agente de Migraci\u00f3n"},"content":{"rendered":"\n<p>El Ministerio P\u00fablico solicit\u00f3 ante la Oficina Judicial de Servicios de Atenci\u00f3n Permanente del Distrito Nacional la imposici\u00f3n de medidas de coerci\u00f3n contra un comerciante chino imputado de agredir a un abogado de la Direcci\u00f3n General de Migraci\u00f3n (DGM), durante una inspecci\u00f3n en la que fueron retenidos 35 inmigrantes indocumentados.<\/p>\n\n\n\n<p>La solicitud de coerci\u00f3n contra el comerciante Po Xie, de nacionalidad china, fue presentaci\u00f3n por el fiscal M\u00e1ximo G\u00f3mez Santana, de la Fiscal\u00eda Comunitaria de Villa Consuelo, dependencia que considera como la medida \u00abid\u00f3nea\u00bb la presentaci\u00f3n de una garant\u00eda econ\u00f3mica de doscientos mil pesos dominicanos en efectivo, impedimento de salida del pa\u00eds sin previa autorizaci\u00f3n judicial y peri\u00f3dica ante el fiscal investigador.<\/p>\n\n\n\n<p>El imputado Po Xie agredi\u00f3 b\u00e1sicamente al abogado Mart\u00edn Juan Mateo Mora, sujet\u00e1ndolo y oblig\u00e1ndolo a entrar de nuevo a la tienda Mudan, ubicada en la avenida Duarte, en donde la Direcci\u00f3n Genera de Migraci\u00f3n ejecut\u00f3 el operativo el pasado 28 de mayo.<\/p>\n\n\n\n<p>El abogado recibi\u00f3 una lesi\u00f3n leve en la regi\u00f3n cervical izquierda que requiri\u00f3 una curaci\u00f3n estimada de hasta diez d\u00edas, seg\u00fan el informe m\u00e9dico legal del Instituto Nacional de Ciencias Forenses (Inacif).<\/p>\n\n\n\n<p>Durante el operativo en la tienda, agentes de Migraci\u00f3n detuvieron a 35 haitianos que permanec\u00edan en el pa\u00eds en condici\u00f3n migratoria irregular y que fueron retenidos para los correspondientes tr\u00e1mites de deportaci\u00f3n.<\/p>\n\n\n\n<p>Po Xie fue arrestado el 5 de junio, alrededor de las 2:00 de la tarde, en el sector San Carlos, del Distrito Nacional, en cumplimiento a una orden judicial emitida por los hechos descritos.<\/p>\n\n\n\n<p>El Ministerio P\u00fablico ha calificado estos hechos como violaciones a los art\u00edculos 209, 212 y 309 del C\u00f3digo Penal Dominicano, as\u00ed como a los art\u00edculos 1, 6, numeral 14, 101 y 107 de la Ley General de Migraci\u00f3n (n\u00fam. 285-04).<\/p>\n","protected":false},"excerpt":{"rendered":"<p>El Ministerio P\u00fablico solicit\u00f3 ante la Oficina Judicial de Servicios de Atenci\u00f3n Permanente del Distrito Nacional la imposici\u00f3n de medidas de coerci\u00f3n contra un comerciante chino imputado de agredir a&hellip;<\/p>\n","protected":false},"author":10,"featured_media":100662,"comment_status":"open","ping_status":"open","sticky":false,"template":"","format":"standard","meta":{"content-type":"","jetpack_post_was_ever_published":false,"_jetpack_newsletter_access":"","_jetpack_dont_email_post_to_subs":false,"_jetpack_newsletter_tier_id":0,"_jetpack_memberships_contains_paywalled_content":false,"_jetpack_memberships_contains_paid_content":false,"footnotes":""},"categories":[289],"tags":[1261,4036,1339,11687,1668,930,20397,4400],"class_list":["post-100661","post","type-post","status-publish","format-standard","has-post-thumbnail","hentry","category-justicia","tag-agente","tag-agredir","tag-coercion","tag-comerciante-chino","tag-fiscalia","tag-migracion","tag-po-xie","tag-villa-consuelo"],"jetpack_featured_media_url":"https:\/\/lasprimeras.com.do\/wp-content\/uploads\/2025\/06\/mudan.jpg","jetpack-related-posts":[{"id":118962,"url":"https:\/\/lasprimeras.com.do\/index.php\/2026\/01\/05\/mp-solicita-coercion-para-hombre-imputado-de-agredir-con-arma-blanca-a-otro-en-la-cienega\/","url_meta":{"origin":100661,"position":0},"title":"MP solicita coerci\u00f3n para hombre imputado de agredir con arma blanca a otro en La Ci\u00e9nega","author":"Nelson Feliz","date":"5 de enero de 2026","format":false,"excerpt":"El Ministerio P\u00fablico solicit\u00f3 la imposici\u00f3n de prisi\u00f3n preventiva, como medida de coerci\u00f3n, contra un hombre imputado de agredir con un arma blanca a otro ciudadano, en un hecho ocurrido el 8 de diciembre de 2025, en el sector La Ci\u00e9nega, del Distrito Nacional. El imputado fue identificado como C\u00e9sar\u2026","rel":"","context":"En \u00abJUSTICIA\u00bb","block_context":{"text":"JUSTICIA","link":"https:\/\/lasprimeras.com.do\/index.php\/category\/justicia\/"},"img":{"alt_text":"","src":"https:\/\/i0.wp.com\/lasprimeras.com.do\/wp-content\/uploads\/2025\/04\/mallete.png?resize=350%2C200&ssl=1","width":350,"height":200,"srcset":"https:\/\/i0.wp.com\/lasprimeras.com.do\/wp-content\/uploads\/2025\/04\/mallete.png?resize=350%2C200&ssl=1 1x, https:\/\/i0.wp.com\/lasprimeras.com.do\/wp-content\/uploads\/2025\/04\/mallete.png?resize=525%2C300&ssl=1 1.5x, https:\/\/i0.wp.com\/lasprimeras.com.do\/wp-content\/uploads\/2025\/04\/mallete.png?resize=700%2C400&ssl=1 2x"},"classes":[]},{"id":104764,"url":"https:\/\/lasprimeras.com.do\/index.php\/2025\/07\/27\/aplazan-conocimiento-medida-coercion-de-jean-andres-pumarol\/","url_meta":{"origin":100661,"position":1},"title":"Aplazan conocimiento medida coerci\u00f3n de Jean Andr\u00e9s Pumarol","author":"Nelson Feliz","date":"27 de julio de 2025","format":false,"excerpt":"La Oficina de Atenci\u00f3n Permanente del Distrito Nacional aplazo para ma\u00f1ana lunes a la 9 de la ma\u00f1ana la solicitud de medida de coerci\u00f3n, consistente en prisi\u00f3n preventiva, solicitada por la Fiscal\u00eda del Distrito Nacional contra el joven Jean Andr\u00e9s Pumarol Fern\u00e1ndez. La decisi\u00f3n fue tomada por la jueza Fatima\u2026","rel":"","context":"En \u00abJUSTICIA\u00bb","block_context":{"text":"JUSTICIA","link":"https:\/\/lasprimeras.com.do\/index.php\/category\/justicia\/"},"img":{"alt_text":"","src":"https:\/\/i0.wp.com\/lasprimeras.com.do\/wp-content\/uploads\/2025\/07\/pumarol.jpg?resize=350%2C200&ssl=1","width":350,"height":200,"srcset":"https:\/\/i0.wp.com\/lasprimeras.com.do\/wp-content\/uploads\/2025\/07\/pumarol.jpg?resize=350%2C200&ssl=1 1x, https:\/\/i0.wp.com\/lasprimeras.com.do\/wp-content\/uploads\/2025\/07\/pumarol.jpg?resize=525%2C300&ssl=1 1.5x"},"classes":[]},{"id":54570,"url":"https:\/\/lasprimeras.com.do\/index.php\/2023\/07\/12\/arrestan-al-exponente-urbano-dilon-baby-por-golpear-a-su-madre\/","url_meta":{"origin":100661,"position":2},"title":"Arrestan al exponente urbano Dilon Baby por golpear a su madre","author":"Nelson Feliz","date":"12 de julio de 2023","format":false,"excerpt":"La Fiscal\u00eda de Santo Domingo Oeste arrest\u00f3 este martes al exponente urbano Steven Dilon\u00e9 Serrata, alias Dilon Baby, imputado de violencia intrafamiliar por agredir a su madre. Dilon\u00e9 Serrata, quien fue arrestado cuando se dispon\u00eda a cantar en una discoteca de Ban\u00ed, en la provincia de Peravia, ser\u00e1 sometido en\u2026","rel":"","context":"En \u00abJUSTICIA\u00bb","block_context":{"text":"JUSTICIA","link":"https:\/\/lasprimeras.com.do\/index.php\/category\/justicia\/"},"img":{"alt_text":"Steven Dilon\u00e9 Serrata","src":"https:\/\/i0.wp.com\/lasprimeras.com.do\/wp-content\/uploads\/2023\/07\/Steven-Dilone-Serrata.png?resize=350%2C200&ssl=1","width":350,"height":200,"srcset":"https:\/\/i0.wp.com\/lasprimeras.com.do\/wp-content\/uploads\/2023\/07\/Steven-Dilone-Serrata.png?resize=350%2C200&ssl=1 1x, https:\/\/i0.wp.com\/lasprimeras.com.do\/wp-content\/uploads\/2023\/07\/Steven-Dilone-Serrata.png?resize=525%2C300&ssl=1 1.5x, https:\/\/i0.wp.com\/lasprimeras.com.do\/wp-content\/uploads\/2023\/07\/Steven-Dilone-Serrata.png?resize=700%2C400&ssl=1 2x"},"classes":[]},{"id":69161,"url":"https:\/\/lasprimeras.com.do\/index.php\/2023\/11\/30\/fiscalia-del-distrito-nacional-apreso-anoche-a-raul-antonio-rizik-yeb\/","url_meta":{"origin":100661,"position":3},"title":"Video: Fiscal\u00eda del Distrito Nacional apres\u00f3 anoche a Ra\u00fal Antonio Rizik Yeb","author":"Nelson Feliz","date":"30 de noviembre de 2023","format":false,"excerpt":"Era buscado durante varios meses, acusado de violencia de g\u00e9nero por agredir f\u00edsica, verbal y psicol\u00f3gicamente a la se\u00f1ora Alexandra Consuelo Mej\u00eda \u00c1rcala. En las pr\u00f3ximas horas pedir\u00e1n prisi\u00f3n preventiva por ante el juez de la Oficina de Atenci\u00f3n Permanente en solicitud de medida de coerci\u00f3n. La Fiscal\u00eda del Distrito\u2026","rel":"","context":"En \u00abNACIONALES\u00bb","block_context":{"text":"NACIONALES","link":"https:\/\/lasprimeras.com.do\/index.php\/category\/nacionales\/"},"img":{"alt_text":"Raul Rizek","src":"https:\/\/i0.wp.com\/lasprimeras.com.do\/wp-content\/uploads\/2023\/11\/Raul-Rizek.jpg?resize=350%2C200&ssl=1","width":350,"height":200},"classes":[]},{"id":126545,"url":"https:\/\/lasprimeras.com.do\/index.php\/2026\/04\/02\/fiscalia-pide-preventiva-contra-el-coronel-made\/","url_meta":{"origin":100661,"position":4},"title":"Fiscal\u00eda pide preventiva contra el coronel Mad\u00e9","author":"Nelson Feliz","date":"2 de abril de 2026","format":false,"excerpt":"El oficial Fausto Mad\u00e9 Ram\u00edrez fue arrestado este jueves tras una orden judicial, luego de se difundiera un video que capt\u00f3 la agresi\u00f3n. El Ministerio P\u00fablico inform\u00f3 este jueves que someter\u00e1 a la justicia y solicitar\u00e1 la imposici\u00f3n de prisi\u00f3n preventiva, como medida de coerci\u00f3n, para el coronel policial Fausto\u2026","rel":"","context":"En \u00abJUSTICIA\u00bb","block_context":{"text":"JUSTICIA","link":"https:\/\/lasprimeras.com.do\/index.php\/category\/justicia\/"},"img":{"alt_text":"El coronel Fausto Mad\u00e9 Ram\u00edrez, de la Polic\u00eda Nacional, agrede a una mujer en el sector Los Minas, Santo Domingo Este, hecho que motiv\u00f3 su suspensi\u00f3n y una nueva investigaci\u00f3n.","src":"https:\/\/i0.wp.com\/lasprimeras.com.do\/wp-content\/uploads\/2026\/04\/made.jpg?resize=350%2C200&ssl=1","width":350,"height":200,"srcset":"https:\/\/i0.wp.com\/lasprimeras.com.do\/wp-content\/uploads\/2026\/04\/made.jpg?resize=350%2C200&ssl=1 1x, https:\/\/i0.wp.com\/lasprimeras.com.do\/wp-content\/uploads\/2026\/04\/made.jpg?resize=525%2C300&ssl=1 1.5x, https:\/\/i0.wp.com\/lasprimeras.com.do\/wp-content\/uploads\/2026\/04\/made.jpg?resize=700%2C400&ssl=1 2x"},"classes":[]},{"id":82243,"url":"https:\/\/lasprimeras.com.do\/index.php\/2024\/04\/30\/dominicana-mato-chino-sera-extraditada-desde-espana-el-6-de-mayo\/","url_meta":{"origin":100661,"position":5},"title":"Dominicana mat\u00f3 chino ser\u00e1 extraditada desde Espa\u00f1a el 6 de mayo","author":"BIMARY DE JES\u00daS Matos","date":"30 de abril de 2024","format":false,"excerpt":"La dominicana Francelys Mar\u00eda Furcal Rodr\u00edguez, acusada de matar a un ciudadano chino en su lugar de trabajo, ser\u00e1 extraditada desde Espa\u00f1a el pr\u00f3ximo 6 de mayo, luego de que fuera apresada en el pa\u00eds europeo tras varios meses pr\u00f3fuga de la justicia. En un comunicado, el Ministerio P\u00fablico dominicano\u2026","rel":"","context":"En \u00abNACIONALES\u00bb","block_context":{"text":"NACIONALES","link":"https:\/\/lasprimeras.com.do\/index.php\/category\/nacionales\/"},"img":{"alt_text":"","src":"https:\/\/i0.wp.com\/lasprimeras.com.do\/wp-content\/uploads\/2024\/04\/DSC00247-2.jpg?resize=350%2C200&ssl=1","width":350,"height":200,"srcset":"https:\/\/i0.wp.com\/lasprimeras.com.do\/wp-content\/uploads\/2024\/04\/DSC00247-2.jpg?resize=350%2C200&ssl=1 1x, https:\/\/i0.wp.com\/lasprimeras.com.do\/wp-content\/uploads\/2024\/04\/DSC00247-2.jpg?resize=525%2C300&ssl=1 1.5x"},"classes":[]}],"jetpack_sharing_enabled":true,"_links":{"self":[{"href":"https:\/\/lasprimeras.com.do\/index.php\/wp-json\/wp\/v2\/posts\/100661","targetHints":{"allow":["GET"]}}],"collection":[{"href":"https:\/\/lasprimeras.com.do\/index.php\/wp-json\/wp\/v2\/posts"}],"about":[{"href":"https:\/\/lasprimeras.com.do\/index.php\/wp-json\/wp\/v2\/types\/post"}],"author":[{"embeddable":true,"href":"https:\/\/lasprimeras.com.do\/index.php\/wp-json\/wp\/v2\/users\/10"}],"replies":[{"embeddable":true,"href":"https:\/\/lasprimeras.com.do\/index.php\/wp-json\/wp\/v2\/comments?post=100661"}],"version-history":[{"count":1,"href":"https:\/\/lasprimeras.com.do\/index.php\/wp-json\/wp\/v2\/posts\/100661\/revisions"}],"predecessor-version":[{"id":100663,"href":"https:\/\/lasprimeras.com.do\/index.php\/wp-json\/wp\/v2\/posts\/100661\/revisions\/100663"}],"wp:featuredmedia":[{"embeddable":true,"href":"https:\/\/lasprimeras.com.do\/index.php\/wp-json\/wp\/v2\/media\/100662"}],"wp:attachment":[{"href":"https:\/\/lasprimeras.com.do\/index.php\/wp-json\/wp\/v2\/media?parent=100661"}],"wp:term":[{"taxonomy":"category","embeddable":true,"href":"https:\/\/lasprimeras.com.do\/index.php\/wp-json\/wp\/v2\/categories?post=100661"},{"taxonomy":"post_tag","embeddable":true,"href":"https:\/\/lasprimeras.com.do\/index.php\/wp-json\/wp\/v2\/tags?post=100661"}],"curies":[{"name":"wp","href":"https:\/\/api.w.org\/{rel}","templated":true}]}}