{"id":100664,"date":"2025-06-10T09:24:16","date_gmt":"2025-06-10T13:24:16","guid":{"rendered":"https:\/\/lasprimeras.com.do\/?p=100664"},"modified":"2025-06-10T09:24:17","modified_gmt":"2025-06-10T13:24:17","slug":"peru-restablece-la-proteccion-total-de-las-lineas-de-nazca-tras-controvertido-recorte-del-area","status":"publish","type":"post","link":"https:\/\/lasprimeras.com.do\/index.php\/2025\/06\/10\/peru-restablece-la-proteccion-total-de-las-lineas-de-nazca-tras-controvertido-recorte-del-area\/","title":{"rendered":"Per\u00fa restablece la protecci\u00f3n total de las L\u00edneas de Nazca tras controvertido recorte del \u00e1rea"},"content":{"rendered":"\n<p>POR STEVEN GRATTAN<\/p>\n\n\n\n<p>BOGOT\u00c1 (AP) \u2014 El gobierno de Per\u00fa ha revertido su controvertida decisi\u00f3n de reducir el \u00e1rea protegida que rodea las L\u00edneas de Nazca, medida que hab\u00eda sido criticada por abrir la zona a mineros informales.<\/p>\n\n\n\n<p>El Ministerio de Cultura del pa\u00eds anul\u00f3 el domingo la resoluci\u00f3n de la semana pasada, la cual hab\u00eda restablecido el mapa de l\u00edmites establecido en 2004.<\/p>\n\n\n\n<p>El cambio ocurri\u00f3 tras un fuerte rechazo por parte de la opini\u00f3n p\u00fablica despu\u00e9s de que el gobierno aprobara una reducci\u00f3n del 42% en el tama\u00f1o de la zona \u2014aproximadamente 2.400 kil\u00f3metros cuadrados (926 millas cuadradas)\u2014 y permitiera a los mineros solicitar permisos formales en \u00e1reas previamente restringidas.<\/p>\n\n\n\n<p>La zona protegida original \u2014que abarca 5.600 kil\u00f3metros cuadrados (2.162 millas cuadradas)\u2014 seguir\u00e1 vigente.<\/p>\n\n\n\n<p>El Ministerio tambi\u00e9n orden\u00f3 una actualizaci\u00f3n del plan de manejo del sitio en un plazo de 10 d\u00edas y la formaci\u00f3n de un panel t\u00e9cnico, que incluir\u00e1 a representantes del gobierno, acad\u00e9micos, a la UNESCO y personajes de la sociedad civil para definir estrategias futuras de uso y conservaci\u00f3n.<\/p>\n\n\n\n<p>La zona en cuesti\u00f3n forma parte de un sitio del Patrimonio Mundial reconocido por la UNESCO, hogar de las L\u00edneas de Nazca \u2014enormes geoglifos grabados en el desierto hace m\u00e1s de 1.500 a\u00f1os\u2014 y uno de los ecosistemas des\u00e9rticos m\u00e1s fr\u00e1giles de Per\u00fa.<\/p>\n\n\n\n<p>\u201cGracias al vigoroso rechazo de la opini\u00f3n p\u00fablica nacional e internacional, el gobierno dej\u00f3 sin efecto la reducci\u00f3n del \u00e1rea de la Reserva Arqueol\u00f3gica de Nasca\u201d, dijo Mariano Castro, exviceministro del Medio Ambiente, a The Associated Press.<\/p>\n\n\n\n<p>Castro expres\u00f3 que el gobierno justific\u00f3 su nueva decisi\u00f3n con el argumento de que no hab\u00eda sometido su decisi\u00f3n previa a una discusi\u00f3n p\u00fablica.<\/p>\n\n\n\n<p>\u201cEs decir, no llega a reconocer que fuese incorrecta la medida, pese a que existen evidencias de la presencia de miner\u00eda ilegal, que pone en grave riesgo y amenaza la integridad de las L\u00edneas y petroglifos de Nasca\u201d, manifest\u00f3.<\/p>\n\n\n\n<p>El ministerio indic\u00f3 que se crear\u00e1 una nueva entidad gubernamental para supervisar la gesti\u00f3n del sitio, y se publicar\u00e1n estudios t\u00e9cnicos con el fin de garantizar la transparencia y la rendici\u00f3n de cuentas.<\/p>\n\n\n\n<p>C\u00e9sar Ipenza, abogado ambientalista peruano que sigue de cerca el tema, acogi\u00f3 con satisfacci\u00f3n la creaci\u00f3n del panel t\u00e9cnico, que incluir\u00e1 a autoridades locales, pero a\u00fan hay cosas que le preocupan.<\/p>\n\n\n\n<p>\u201cLa autoridad local es m\u00e1s bien quien ha venido pidiendo que se reduzcan los l\u00edmites de las l\u00edneas de Nazca\u201d, dijo Ipenza a la AP. \u201cTambi\u00e9n va a haber fuerte presi\u00f3n de los mineros para que esto suceda\u201d.<\/p>\n\n\n\n<p>Ipenza est\u00e1 preocupado porque la miner\u00eda informal ha estado expandi\u00e9ndose constantemente en la zona, a pesar de que toda actividad minera est\u00e1 oficialmente prohibida.<\/p>\n\n\n\n<p>\u201cEl gobierno no ha hecho nada para sacarlos cuando est\u00e1 prohibida cualquier actividad en esta zona. Por eso mismo hab\u00edan presionado para liberar la zona y puedan formalizarse los mineros informales y los ilegales\u201d, a\u00f1adi\u00f3.<\/p>\n\n\n\n<p>La AP contact\u00f3 a la UNESCO para obtener comentarios. La organizaci\u00f3n respondi\u00f3 que intentar\u00eda proporcionar informaci\u00f3n el martes, ya que el lunes era un d\u00eda feriado en Francia, donde tiene su sede.<\/p>\n","protected":false},"excerpt":{"rendered":"<p>POR STEVEN GRATTAN BOGOT\u00c1 (AP) \u2014 El gobierno de Per\u00fa ha revertido su controvertida decisi\u00f3n de reducir el \u00e1rea protegida que rodea las L\u00edneas de Nazca, medida que hab\u00eda sido&hellip;<\/p>\n","protected":false},"author":10,"featured_media":100665,"comment_status":"open","ping_status":"open","sticky":false,"template":"","format":"standard","meta":{"content-type":"","jetpack_post_was_ever_published":false,"_jetpack_newsletter_access":"","_jetpack_dont_email_post_to_subs":false,"_jetpack_newsletter_tier_id":0,"_jetpack_memberships_contains_paywalled_content":false,"_jetpack_memberships_contains_paid_content":false,"footnotes":""},"categories":[16289],"tags":[20398,3769,556,20399],"class_list":["post-100664","post","type-post","status-publish","format-standard","has-post-thumbnail","hentry","category-internacionales","tag-lineas-de-nazca","tag-peru","tag-proteccion","tag-recorte-del-area"],"jetpack_featured_media_url":"https:\/\/lasprimeras.com.do\/wp-content\/uploads\/2025\/06\/areas.jpg","jetpack-related-posts":[{"id":96676,"url":"https:\/\/lasprimeras.com.do\/index.php\/2025\/04\/05\/despidos-masivos-amenazan-registro-de-cancer-en-bomberos-e-investigacion-minera-en-eeuu\/","url_meta":{"origin":100664,"position":0},"title":"Despidos masivos amenazan registro de c\u00e1ncer en bomberos e investigaci\u00f3n minera en EEUU","author":"Nelson Feliz","date":"5 de abril de 2025","format":false,"excerpt":"POR MIKE STOBBE NUEVA YORK (AP) \u2014 Los recortes de personal en el gobierno han desmantelado una peque\u00f1a agencia de salud de Estados Unidos que tiene como objetivo proteger a los trabajadores, lo que ha provocado cr\u00edticas de bomberos, mineros de carb\u00f3n, fabricantes de equipos m\u00e9dicos y otros sectores. El\u2026","rel":"","context":"En \u00abSALUD\u00bb","block_context":{"text":"SALUD","link":"https:\/\/lasprimeras.com.do\/index.php\/category\/salud\/"},"img":{"alt_text":"","src":"https:\/\/i0.wp.com\/lasprimeras.com.do\/wp-content\/uploads\/2025\/04\/bomberos.jpg?resize=350%2C200&ssl=1","width":350,"height":200,"srcset":"https:\/\/i0.wp.com\/lasprimeras.com.do\/wp-content\/uploads\/2025\/04\/bomberos.jpg?resize=350%2C200&ssl=1 1x, https:\/\/i0.wp.com\/lasprimeras.com.do\/wp-content\/uploads\/2025\/04\/bomberos.jpg?resize=525%2C300&ssl=1 1.5x, https:\/\/i0.wp.com\/lasprimeras.com.do\/wp-content\/uploads\/2025\/04\/bomberos.jpg?resize=700%2C400&ssl=1 2x"},"classes":[]},{"id":110734,"url":"https:\/\/lasprimeras.com.do\/index.php\/2025\/10\/01\/cientificos-advierten-debilitamiento-de-los-rios-voladores-podria-llevar-a-la-amazonia-a-un-punto-critico\/","url_meta":{"origin":100664,"position":1},"title":"Cient\u00edficos advierten debilitamiento de los &#8220;r\u00edos voladores&#8221; podr\u00eda llevar a la Amazonia a un punto cr\u00edtico","author":"Nelson Feliz","date":"1 de octubre de 2025","format":false,"excerpt":"Por Steven Grattan BOGOT\u00c1, Colombia (AP) \u2014 Las sequ\u00edas han marchitado los cultivos en Per\u00fa, los incendios han arrasado la Amazon\u00eda y las represas hidroel\u00e9ctricas en Ecuador han tenido dificultades para mantener el suministro el\u00e9ctrico mientras los r\u00edos se secan. Los cient\u00edficos afirman que la causa podr\u00eda estar en las\u2026","rel":"","context":"En \u00abMEDIO AMBIENTE\u00bb","block_context":{"text":"MEDIO AMBIENTE","link":"https:\/\/lasprimeras.com.do\/index.php\/category\/medio-ambiente\/"},"img":{"alt_text":"r\u00edos voladores","src":"https:\/\/i0.wp.com\/lasprimeras.com.do\/wp-content\/uploads\/2025\/10\/rios-voladores.jpg?resize=350%2C200&ssl=1","width":350,"height":200,"srcset":"https:\/\/i0.wp.com\/lasprimeras.com.do\/wp-content\/uploads\/2025\/10\/rios-voladores.jpg?resize=350%2C200&ssl=1 1x, https:\/\/i0.wp.com\/lasprimeras.com.do\/wp-content\/uploads\/2025\/10\/rios-voladores.jpg?resize=525%2C300&ssl=1 1.5x, https:\/\/i0.wp.com\/lasprimeras.com.do\/wp-content\/uploads\/2025\/10\/rios-voladores.jpg?resize=700%2C400&ssl=1 2x"},"classes":[]},{"id":71703,"url":"https:\/\/lasprimeras.com.do\/index.php\/2023\/12\/22\/peru-mueren-siete-personas-por-el-derrumbe-de-una-mina-en-puno\/","url_meta":{"origin":100664,"position":2},"title":"PERU: Mueren siete personas por el derrumbe de una mina en Puno","author":"BIMARY DE JES\u00daS Matos","date":"22 de diciembre de 2023","format":false,"excerpt":"LIMA.- Al menos siete mineros han muerto este jueves mientras trabajaban en el interior de una mina que se ha derrumbado en la ciudad peruana de La Rinconada, que se encuentra a m\u00e1s de 5.000 metros sobre el nivel del mar, en la regi\u00f3n de Puno. Uno de sus compa\u00f1eros\u2026","rel":"","context":"En \u00abSin categor\u00eda\u00bb","block_context":{"text":"Sin categor\u00eda","link":"https:\/\/lasprimeras.com.do\/index.php\/category\/sin-categoria\/"},"img":{"alt_text":"","src":"https:\/\/i0.wp.com\/lasprimeras.com.do\/wp-content\/uploads\/2023\/12\/Yailin-La-Mas-Viral-fue-arrestada-y-liberada-en-Miami-tras-denuncia-de-Tekashi-6ix9ine-6.jpg?resize=350%2C200&ssl=1","width":350,"height":200,"srcset":"https:\/\/i0.wp.com\/lasprimeras.com.do\/wp-content\/uploads\/2023\/12\/Yailin-La-Mas-Viral-fue-arrestada-y-liberada-en-Miami-tras-denuncia-de-Tekashi-6ix9ine-6.jpg?resize=350%2C200&ssl=1 1x, https:\/\/i0.wp.com\/lasprimeras.com.do\/wp-content\/uploads\/2023\/12\/Yailin-La-Mas-Viral-fue-arrestada-y-liberada-en-Miami-tras-denuncia-de-Tekashi-6ix9ine-6.jpg?resize=525%2C300&ssl=1 1.5x"},"classes":[]},{"id":113550,"url":"https:\/\/lasprimeras.com.do\/index.php\/2025\/11\/03\/brasil-desmantela-cientos-de-dragas-ilegales-en-una-importante-ofensiva-contra-la-mineria-en-la-amazonia\/","url_meta":{"origin":100664,"position":3},"title":"Brasil desmantela cientos de dragas ilegales en una importante ofensiva contra la miner\u00eda en la Amazon\u00eda","author":"Nelson Feliz","date":"3 de noviembre de 2025","format":false,"excerpt":"Por Steven Grattan BOGOT\u00c1, Colombia (AP) \u2014 La polic\u00eda brasile\u00f1a, con el apoyo de la Interpol, destruy\u00f3 cientos de dragas utilizadas en la miner\u00eda ilegal de oro a lo largo del r\u00edo Madeira, en una de las mayores operaciones coordinadas hasta la fecha contra las redes criminales que operan en\u2026","rel":"","context":"En \u00abINTERNACIONALES\u00bb","block_context":{"text":"INTERNACIONALES","link":"https:\/\/lasprimeras.com.do\/index.php\/category\/sin-categoria\/internacionales\/"},"img":{"alt_text":"","src":"https:\/\/i0.wp.com\/lasprimeras.com.do\/wp-content\/uploads\/2025\/11\/AMAZONIA.webp?resize=350%2C200&ssl=1","width":350,"height":200,"srcset":"https:\/\/i0.wp.com\/lasprimeras.com.do\/wp-content\/uploads\/2025\/11\/AMAZONIA.webp?resize=350%2C200&ssl=1 1x, https:\/\/i0.wp.com\/lasprimeras.com.do\/wp-content\/uploads\/2025\/11\/AMAZONIA.webp?resize=525%2C300&ssl=1 1.5x, https:\/\/i0.wp.com\/lasprimeras.com.do\/wp-content\/uploads\/2025\/11\/AMAZONIA.webp?resize=700%2C400&ssl=1 2x"},"classes":[]},{"id":127331,"url":"https:\/\/lasprimeras.com.do\/index.php\/2026\/04\/10\/peruanos-van-a-elecciones-marcadas-por-la-dispersion-del-voto-y-agobiados-por-la-delincuencia\/","url_meta":{"origin":100664,"position":4},"title":"Peruanos van a elecciones marcadas por la dispersi\u00f3n del voto y agobiados por la delincuencia","author":"Nelson Feliz","date":"10 de abril de 2026","format":false,"excerpt":"POR FRANKLIN BRICE\u00d1O LIMA (AP) \u2014 Los peruanos acudir\u00e1n el domingo a las urnas en medio de una ola de criminalidad sin precedentes para elegir presidente entre 35 candidatos con baja intenci\u00f3n de voto y de los cuales ninguno ha logrado establecer una distancia significativa sobre sus rivales. Tambi\u00e9n ser\u00e1\u2026","rel":"","context":"En \u00abINTERNACIONALES\u00bb","block_context":{"text":"INTERNACIONALES","link":"https:\/\/lasprimeras.com.do\/index.php\/category\/sin-categoria\/internacionales\/"},"img":{"alt_text":"Keiko Fujimori","src":"https:\/\/i0.wp.com\/lasprimeras.com.do\/wp-content\/uploads\/2026\/04\/Keiko-Fujimori.jpg?resize=350%2C200&ssl=1","width":350,"height":200,"srcset":"https:\/\/i0.wp.com\/lasprimeras.com.do\/wp-content\/uploads\/2026\/04\/Keiko-Fujimori.jpg?resize=350%2C200&ssl=1 1x, https:\/\/i0.wp.com\/lasprimeras.com.do\/wp-content\/uploads\/2026\/04\/Keiko-Fujimori.jpg?resize=525%2C300&ssl=1 1.5x, https:\/\/i0.wp.com\/lasprimeras.com.do\/wp-content\/uploads\/2026\/04\/Keiko-Fujimori.jpg?resize=700%2C400&ssl=1 2x"},"classes":[]},{"id":92839,"url":"https:\/\/lasprimeras.com.do\/index.php\/2025\/01\/17\/el-gobierno-es-complice-en-el-ecocidio-de-las-cuevas-del-pomier\/","url_meta":{"origin":100664,"position":5},"title":"El Gobierno es c\u00f3mplice en el Ecocidio de las Cuevas del Pomier","author":"Nelson Feliz","date":"17 de enero de 2025","format":false,"excerpt":"Las actividades mineras indiscriminadas alrededor de las Cuevas del Pomier empujan las mismas a su desaparici\u00f3n, advierte el Partido de la Liberaci\u00f3n Dominicana Es imperativo que el gobierno asuma su papel como guardi\u00e1n del tesoro nacional que representa las Cuevas del Pomier en la provincia San Crist\u00f3bal y tome las\u2026","rel":"","context":"En \u00abPOLITICA\u00bb","block_context":{"text":"POLITICA","link":"https:\/\/lasprimeras.com.do\/index.php\/category\/politica\/"},"img":{"alt_text":"Alfonso Ure\u00f1a","src":"https:\/\/i0.wp.com\/lasprimeras.com.do\/wp-content\/uploads\/2025\/01\/Alfonso-Urena.jpg?resize=350%2C200&ssl=1","width":350,"height":200,"srcset":"https:\/\/i0.wp.com\/lasprimeras.com.do\/wp-content\/uploads\/2025\/01\/Alfonso-Urena.jpg?resize=350%2C200&ssl=1 1x, https:\/\/i0.wp.com\/lasprimeras.com.do\/wp-content\/uploads\/2025\/01\/Alfonso-Urena.jpg?resize=525%2C300&ssl=1 1.5x"},"classes":[]}],"jetpack_sharing_enabled":true,"_links":{"self":[{"href":"https:\/\/lasprimeras.com.do\/index.php\/wp-json\/wp\/v2\/posts\/100664","targetHints":{"allow":["GET"]}}],"collection":[{"href":"https:\/\/lasprimeras.com.do\/index.php\/wp-json\/wp\/v2\/posts"}],"about":[{"href":"https:\/\/lasprimeras.com.do\/index.php\/wp-json\/wp\/v2\/types\/post"}],"author":[{"embeddable":true,"href":"https:\/\/lasprimeras.com.do\/index.php\/wp-json\/wp\/v2\/users\/10"}],"replies":[{"embeddable":true,"href":"https:\/\/lasprimeras.com.do\/index.php\/wp-json\/wp\/v2\/comments?post=100664"}],"version-history":[{"count":1,"href":"https:\/\/lasprimeras.com.do\/index.php\/wp-json\/wp\/v2\/posts\/100664\/revisions"}],"predecessor-version":[{"id":100666,"href":"https:\/\/lasprimeras.com.do\/index.php\/wp-json\/wp\/v2\/posts\/100664\/revisions\/100666"}],"wp:featuredmedia":[{"embeddable":true,"href":"https:\/\/lasprimeras.com.do\/index.php\/wp-json\/wp\/v2\/media\/100665"}],"wp:attachment":[{"href":"https:\/\/lasprimeras.com.do\/index.php\/wp-json\/wp\/v2\/media?parent=100664"}],"wp:term":[{"taxonomy":"category","embeddable":true,"href":"https:\/\/lasprimeras.com.do\/index.php\/wp-json\/wp\/v2\/categories?post=100664"},{"taxonomy":"post_tag","embeddable":true,"href":"https:\/\/lasprimeras.com.do\/index.php\/wp-json\/wp\/v2\/tags?post=100664"}],"curies":[{"name":"wp","href":"https:\/\/api.w.org\/{rel}","templated":true}]}}