{"id":100670,"date":"2025-06-10T09:38:11","date_gmt":"2025-06-10T13:38:11","guid":{"rendered":"https:\/\/lasprimeras.com.do\/?p=100670"},"modified":"2025-06-10T09:38:12","modified_gmt":"2025-06-10T13:38:12","slug":"al-menos-9-muertos-en-un-tiroteo-en-una-escuela-en-la-ciudad-austriaca-de-graz","status":"publish","type":"post","link":"https:\/\/lasprimeras.com.do\/index.php\/2025\/06\/10\/al-menos-9-muertos-en-un-tiroteo-en-una-escuela-en-la-ciudad-austriaca-de-graz\/","title":{"rendered":"Al menos 9 muertos en un tiroteo en una escuela en la ciudad austriaca de Graz"},"content":{"rendered":"\n<p>VIENA (AP) \u2014 Al menos nueve personas fueron asesinadas el martes en un tiroteo en una escuela en la ciudad austriaca de Graz, seg\u00fan las autoridades. El presunto tirador tambi\u00e9n falleci\u00f3.<\/p>\n\n\n\n<p>La polic\u00eda dijo creer que el agresor actu\u00f3 solo. Diez personas murieron, incluido el tirador, y \u201cvarias\u201d estaban gravemente heridas, indic\u00f3 la polic\u00eda en la red social X.<\/p>\n\n\n\n<p>La alcaldesa, Elke Kahr, describi\u00f3 los eventos como una \u201cterrible tragedia\u201d, seg\u00fan declaraciones citadas por la Agencia de Prensa de Austria.<\/p>\n\n\n\n<p>A\u00f1adi\u00f3 que las v\u00edctimas mortales inclu\u00edan estudiantes y al menos un adulto. Las autoridades no dieron informaci\u00f3n inmediata sobre el sospechoso.<\/p>\n\n\n\n<p>Las fuerzas especiales estaban entre las enviadas al instituto BORG Dreiersch\u00fctzengasse, a aproximadamente un kil\u00f3metro del centro hist\u00f3rico de Graz, despu\u00e9s de una llamada a las 10 de la ma\u00f1ana.<\/p>\n\n\n\n<p>A las 11:30 de la ma\u00f1ana, la polic\u00eda escribi\u00f3 que la escuela hab\u00eda sido evacuada y que todos hab\u00edan sido trasladados a un punto de encuentro seguro. Escribieron que la situaci\u00f3n estaba \u201casegurada\u201d y que se cre\u00eda que ya no hab\u00eda peligro.<\/p>\n\n\n\n<p>Fotos de la escena mostraron un gran despliegue policial, que inclu\u00eda al menos un helic\u00f3ptero y veh\u00edculos de emergencia alrededor de la escuela.<\/p>\n\n\n\n<p>Graz, la segunda ciudad m\u00e1s grande de Austria, se encuentra en el sureste del pa\u00eds y tiene alrededor de 300.000 habitantes.<\/p>\n\n\n\n<p>El canciller austriaco, Christian Stocker, quien se dirig\u00eda a Graz, dijo que el tiroteo \u201ces una tragedia nacional que conmociona profundamente a todo nuestro pa\u00eds\u201d.<\/p>\n\n\n\n<p>\u201cNo hay palabras para el dolor y la pena que todos nosotros \u2014toda Austria\u2014 sentimos ahora\u201d, escribi\u00f3 en un comunicado en X.<\/p>\n\n\n\n<p>El presidente, Alexander Van der Bellen, dijo que \u201ceste horror no puede ser capturado en palabras\u201d.<\/p>\n\n\n\n<p>\u201cEran j\u00f3venes que ten\u00edan toda su vida por delante. Un maestro que los acompa\u00f1aba en su camino\u201d, dijo.<\/p>\n\n\n\n<p>\u201cLas escuelas son s\u00edmbolos de juventud, esperanza y futuro\u201d, escribi\u00f3 la presidenta de la Comisi\u00f3n Europea, Ursula von der Leyen, en X. \u201cEs dif\u00edcil de soportar cuando las escuelas se convierten en lugares de muerte y violencia\u201d.<\/p>\n\n\n\n<p>Algunas armas, como rifles y escopetas que deben recargarse manualmente despu\u00e9s de cada disparo, pueden comprarse en Austria a partir de los 18 a\u00f1os sin un permiso.<\/p>\n\n\n\n<p>Los vendedores de armas solo necesitan verificar que no haya una prohibici\u00f3n de armas sobre el comprador y el arma se registra en el registro central de armas.<\/p>\n\n\n\n<p>Otras armas, como escopetas de repetici\u00f3n o armas de fuego semiautom\u00e1ticas, son m\u00e1s dif\u00edciles de adquirir: los compradores necesitan una tarjeta de propiedad de armas y un permiso de armas de fuego.<\/p>\n","protected":false},"excerpt":{"rendered":"<p>VIENA (AP) \u2014 Al menos nueve personas fueron asesinadas el martes en un tiroteo en una escuela en la ciudad austriaca de Graz, seg\u00fan las autoridades. El presunto tirador tambi\u00e9n&hellip;<\/p>\n","protected":false},"author":10,"featured_media":100671,"comment_status":"open","ping_status":"open","sticky":false,"template":"","format":"standard","meta":{"content-type":"","jetpack_post_was_ever_published":false,"_jetpack_newsletter_access":"","_jetpack_dont_email_post_to_subs":false,"_jetpack_newsletter_tier_id":0,"_jetpack_memberships_contains_paywalled_content":false,"_jetpack_memberships_contains_paid_content":false,"footnotes":""},"categories":[16289],"tags":[20400,853,20401,686,70],"class_list":["post-100670","post","type-post","status-publish","format-standard","has-post-thumbnail","hentry","category-internacionales","tag-ciudad-austriaca","tag-escuela","tag-graz","tag-muertos","tag-tiroteo"],"jetpack_featured_media_url":"https:\/\/lasprimeras.com.do\/wp-content\/uploads\/2025\/06\/tiroteo.jpg","jetpack-related-posts":[{"id":60317,"url":"https:\/\/lasprimeras.com.do\/index.php\/2023\/09\/13\/un-adolescente-muerto-y-dos-heridos-tras-tiroteo-en-escuela-secundaria-de-luisiana\/","url_meta":{"origin":100670,"position":0},"title":"Un adolescente muerto y dos heridos tras tiroteo en escuela secundaria de Luisiana","author":"Nelson Feliz","date":"13 de septiembre de 2023","format":false,"excerpt":"El presunto tirador es otro adolescente que estudia en la escuela. Un estudiante muri\u00f3 y otro se encuentra detenido despu\u00e9s de un tiroteo el martes en una escuela secundaria de Luisiana, informaron las autoridades. La polic\u00eda del Distrito de St. Helena inform\u00f3 a la prensa que el tiroteo ocurri\u00f3 alrededor\u2026","rel":"","context":"En \u00abSin categor\u00eda\u00bb","block_context":{"text":"Sin categor\u00eda","link":"https:\/\/lasprimeras.com.do\/index.php\/category\/sin-categoria\/"},"img":{"alt_text":"","src":"https:\/\/i0.wp.com\/lasprimeras.com.do\/wp-content\/uploads\/2023\/09\/tiroteo.jpg?resize=350%2C200&ssl=1","width":350,"height":200,"srcset":"https:\/\/i0.wp.com\/lasprimeras.com.do\/wp-content\/uploads\/2023\/09\/tiroteo.jpg?resize=350%2C200&ssl=1 1x, https:\/\/i0.wp.com\/lasprimeras.com.do\/wp-content\/uploads\/2023\/09\/tiroteo.jpg?resize=525%2C300&ssl=1 1.5x, https:\/\/i0.wp.com\/lasprimeras.com.do\/wp-content\/uploads\/2023\/09\/tiroteo.jpg?resize=700%2C400&ssl=1 2x"},"classes":[]},{"id":53988,"url":"https:\/\/lasprimeras.com.do\/index.php\/2023\/07\/04\/al-menos-4-muertos-y-dos-heridos-en-un-tiroteo-en-filadelfia\/","url_meta":{"origin":100670,"position":1},"title":"Al menos 4 muertos y dos heridos en un tiroteo en Filadelfia","author":"Nelson Feliz","date":"4 de julio de 2023","format":false,"excerpt":"Por EUROPA PRESS Al menos cuatro personas han fallecido y dos han resultado heridas por un tiroteo que ha tenido lugar en la ciudad estadounidense de Filadelfia, en Pensilvania. Los agentes de Polic\u00eda respondieron a un aviso que tuvo lugar alrededor de las 20.30 horas (hora local) en el que\u2026","rel":"","context":"En \u00abSin categor\u00eda\u00bb","block_context":{"text":"Sin categor\u00eda","link":"https:\/\/lasprimeras.com.do\/index.php\/category\/sin-categoria\/"},"img":{"alt_text":"","src":"https:\/\/i0.wp.com\/lasprimeras.com.do\/wp-content\/uploads\/2023\/07\/filad.jpg?resize=350%2C200&ssl=1","width":350,"height":200},"classes":[]},{"id":58462,"url":"https:\/\/lasprimeras.com.do\/index.php\/2023\/08\/24\/un-tiroteo-en-un-bar-de-moteros-de-california-mata-a-4-personas-incluido-el-tirador-y-hiere-a-5-mas\/","url_meta":{"origin":100670,"position":2},"title":"Un tiroteo en un bar de moteros de California mata a 4 personas, incluido el tirador, y hiere a 5 m\u00e1s","author":"Nelson Feliz","date":"24 de agosto de 2023","format":false,"excerpt":"Tres personas murieron y otras cinco resultaron heridas en un tiroteo el mi\u00e9rcoles en un bar de motociclistas en el sur de California, dijo el Departamento del Sheriff del condado de Orange. El pistolero tambi\u00e9n fue asesinado por los agentes. El tiroteo ocurri\u00f3 despu\u00e9s de las 7 pm en Cook's\u2026","rel":"","context":"En \u00abSin categor\u00eda\u00bb","block_context":{"text":"Sin categor\u00eda","link":"https:\/\/lasprimeras.com.do\/index.php\/category\/sin-categoria\/"},"img":{"alt_text":"","src":"https:\/\/i0.wp.com\/lasprimeras.com.do\/wp-content\/uploads\/2023\/08\/bar.jpg?resize=350%2C200&ssl=1","width":350,"height":200,"srcset":"https:\/\/i0.wp.com\/lasprimeras.com.do\/wp-content\/uploads\/2023\/08\/bar.jpg?resize=350%2C200&ssl=1 1x, https:\/\/i0.wp.com\/lasprimeras.com.do\/wp-content\/uploads\/2023\/08\/bar.jpg?resize=525%2C300&ssl=1 1.5x, https:\/\/i0.wp.com\/lasprimeras.com.do\/wp-content\/uploads\/2023\/08\/bar.jpg?resize=700%2C400&ssl=1 2x"},"classes":[]},{"id":65170,"url":"https:\/\/lasprimeras.com.do\/index.php\/2023\/10\/26\/buscan-a-robert-card-el-reservista-del-ejercito-involucrado-en-el-tiroteo-masivo-de-maine\/","url_meta":{"origin":100670,"position":3},"title":"Buscan a Robert Card, el reservista del ej\u00e9rcito involucrado en el tiroteo masivo de Maine","author":"Nelson Feliz","date":"26 de octubre de 2023","format":false,"excerpt":"-Las matanzas ocurrieron la noche del mi\u00e9rcoles en la ciudad de Lewiston, la segunda del Estado de Maine, donde se inst\u00f3 a la poblaci\u00f3n a permanecer en sus casas. -Estados Unidos tiene m\u00e1s armas que habitantes. Maine, EFE.-. Las autoridades siguen buscando intensamente este jueves a un reservista del ej\u00e9rcito\u2026","rel":"","context":"En \u00abSin categor\u00eda\u00bb","block_context":{"text":"Sin categor\u00eda","link":"https:\/\/lasprimeras.com.do\/index.php\/category\/sin-categoria\/"},"img":{"alt_text":"","src":"https:\/\/i0.wp.com\/lasprimeras.com.do\/wp-content\/uploads\/2023\/10\/ROBERT-CARD.jpeg?resize=350%2C200&ssl=1","width":350,"height":200,"srcset":"https:\/\/i0.wp.com\/lasprimeras.com.do\/wp-content\/uploads\/2023\/10\/ROBERT-CARD.jpeg?resize=350%2C200&ssl=1 1x, https:\/\/i0.wp.com\/lasprimeras.com.do\/wp-content\/uploads\/2023\/10\/ROBERT-CARD.jpeg?resize=525%2C300&ssl=1 1.5x, https:\/\/i0.wp.com\/lasprimeras.com.do\/wp-content\/uploads\/2023\/10\/ROBERT-CARD.jpeg?resize=700%2C400&ssl=1 2x"},"classes":[]},{"id":84784,"url":"https:\/\/lasprimeras.com.do\/index.php\/2024\/06\/16\/un-tiroteo-en-detroit-deja-9-personas-heridas-y-un-nino-en-estado-critico\/","url_meta":{"origin":100670,"position":4},"title":"Un tiroteo en Detroit deja 9 personas heridas y un ni\u00f1o en estado cr\u00edtico","author":"Nelson Feliz","date":"16 de junio de 2024","format":false,"excerpt":"ROCHESTER HILLS, Michigan (AP) \u2014 Nueve personas resultaron heridas, entre ellas dos ni\u00f1os peque\u00f1os y su madre, despu\u00e9s de que un tirador abri\u00f3 fuego en una zona de chapoteo en un suburbio de Detroit donde las familias se reunieron para escapar del calor del verano el s\u00e1bado. La polic\u00eda rastre\u00f3\u2026","rel":"","context":"En \u00abSin categor\u00eda\u00bb","block_context":{"text":"Sin categor\u00eda","link":"https:\/\/lasprimeras.com.do\/index.php\/category\/sin-categoria\/"},"img":{"alt_text":"","src":"https:\/\/i0.wp.com\/lasprimeras.com.do\/wp-content\/uploads\/2024\/06\/Tiroteo-1.jpg?resize=350%2C200&ssl=1","width":350,"height":200,"srcset":"https:\/\/i0.wp.com\/lasprimeras.com.do\/wp-content\/uploads\/2024\/06\/Tiroteo-1.jpg?resize=350%2C200&ssl=1 1x, https:\/\/i0.wp.com\/lasprimeras.com.do\/wp-content\/uploads\/2024\/06\/Tiroteo-1.jpg?resize=525%2C300&ssl=1 1.5x, https:\/\/i0.wp.com\/lasprimeras.com.do\/wp-content\/uploads\/2024\/06\/Tiroteo-1.jpg?resize=700%2C400&ssl=1 2x"},"classes":[]},{"id":83707,"url":"https:\/\/lasprimeras.com.do\/index.php\/2024\/05\/23\/son-dominicanos-los-dos-muertos-en-tiroteo-en-lavanderia-de-pensilvania\/","url_meta":{"origin":100670,"position":5},"title":"Son dominicanos los dos muertos en tiroteo en lavander\u00eda de Pensilvania","author":"Nelson Feliz","date":"23 de mayo de 2024","format":false,"excerpt":"Tiroteo fatal en lavander\u00eda de Pensilvania con v\u00edctimas dominicanas Dos j\u00f3venes oriundos de\u00a0Jamao\u00a0al Norte en la provincia\u00a0Espaillat, son las dos\u00a0v\u00edctimas\u00a0mortales de un\u00a0tiroteo\u00a0que ocurri\u00f3 la ma\u00f1ana de este mi\u00e9rcoles en una\u00a0lavander\u00eda\u00a0de Pensilvania. La informaci\u00f3n fue confirmada por Jairo Morillo, el\u00a0alcalde\u00a0de la mencionada provincia ubicada en el norte de Rep\u00fablica Dominicana. \"Buenos\u2026","rel":"","context":"En \u00abPORTADA\u00bb","block_context":{"text":"PORTADA","link":"https:\/\/lasprimeras.com.do\/index.php\/category\/portada\/"},"img":{"alt_text":"tiroteo","src":"https:\/\/i0.wp.com\/lasprimeras.com.do\/wp-content\/uploads\/2024\/05\/Copia-de-Portada-Pagina-WEB-3-41.jpeg?resize=350%2C200&ssl=1","width":350,"height":200,"srcset":"https:\/\/i0.wp.com\/lasprimeras.com.do\/wp-content\/uploads\/2024\/05\/Copia-de-Portada-Pagina-WEB-3-41.jpeg?resize=350%2C200&ssl=1 1x, https:\/\/i0.wp.com\/lasprimeras.com.do\/wp-content\/uploads\/2024\/05\/Copia-de-Portada-Pagina-WEB-3-41.jpeg?resize=525%2C300&ssl=1 1.5x, https:\/\/i0.wp.com\/lasprimeras.com.do\/wp-content\/uploads\/2024\/05\/Copia-de-Portada-Pagina-WEB-3-41.jpeg?resize=700%2C400&ssl=1 2x, https:\/\/i0.wp.com\/lasprimeras.com.do\/wp-content\/uploads\/2024\/05\/Copia-de-Portada-Pagina-WEB-3-41.jpeg?resize=1050%2C600&ssl=1 3x, https:\/\/i0.wp.com\/lasprimeras.com.do\/wp-content\/uploads\/2024\/05\/Copia-de-Portada-Pagina-WEB-3-41.jpeg?resize=1400%2C800&ssl=1 4x"},"classes":[]}],"jetpack_sharing_enabled":true,"_links":{"self":[{"href":"https:\/\/lasprimeras.com.do\/index.php\/wp-json\/wp\/v2\/posts\/100670","targetHints":{"allow":["GET"]}}],"collection":[{"href":"https:\/\/lasprimeras.com.do\/index.php\/wp-json\/wp\/v2\/posts"}],"about":[{"href":"https:\/\/lasprimeras.com.do\/index.php\/wp-json\/wp\/v2\/types\/post"}],"author":[{"embeddable":true,"href":"https:\/\/lasprimeras.com.do\/index.php\/wp-json\/wp\/v2\/users\/10"}],"replies":[{"embeddable":true,"href":"https:\/\/lasprimeras.com.do\/index.php\/wp-json\/wp\/v2\/comments?post=100670"}],"version-history":[{"count":1,"href":"https:\/\/lasprimeras.com.do\/index.php\/wp-json\/wp\/v2\/posts\/100670\/revisions"}],"predecessor-version":[{"id":100672,"href":"https:\/\/lasprimeras.com.do\/index.php\/wp-json\/wp\/v2\/posts\/100670\/revisions\/100672"}],"wp:featuredmedia":[{"embeddable":true,"href":"https:\/\/lasprimeras.com.do\/index.php\/wp-json\/wp\/v2\/media\/100671"}],"wp:attachment":[{"href":"https:\/\/lasprimeras.com.do\/index.php\/wp-json\/wp\/v2\/media?parent=100670"}],"wp:term":[{"taxonomy":"category","embeddable":true,"href":"https:\/\/lasprimeras.com.do\/index.php\/wp-json\/wp\/v2\/categories?post=100670"},{"taxonomy":"post_tag","embeddable":true,"href":"https:\/\/lasprimeras.com.do\/index.php\/wp-json\/wp\/v2\/tags?post=100670"}],"curies":[{"name":"wp","href":"https:\/\/api.w.org\/{rel}","templated":true}]}}