{"id":100673,"date":"2025-06-10T09:47:29","date_gmt":"2025-06-10T13:47:29","guid":{"rendered":"https:\/\/lasprimeras.com.do\/?p=100673"},"modified":"2025-06-10T09:47:31","modified_gmt":"2025-06-10T13:47:31","slug":"thunberg-pide-mas-ayuda-para-gaza-tras-ser-deportada-por-israel","status":"publish","type":"post","link":"https:\/\/lasprimeras.com.do\/index.php\/2025\/06\/10\/thunberg-pide-mas-ayuda-para-gaza-tras-ser-deportada-por-israel\/","title":{"rendered":"Thunberg pide m\u00e1s ayuda para Gaza tras ser deportada por Israel"},"content":{"rendered":"\n<p>POR ISAAC SCHARF and AREEJ HAZBOUN<\/p>\n\n\n\n<p>JERUSAL\u00c9N (AP) \u2014 La activista Greta Thunberg lleg\u00f3 a Par\u00eds tras ser deportada de Israel el martes y pidi\u00f3 m\u00e1s acciones para apoyar los esfuerzos de ayuda para Gaza.<\/p>\n\n\n\n<p>Al hablar a su llegada al Aeropuerto Charles de Gaulle de Par\u00eds, Thunberg pidi\u00f3 la liberaci\u00f3n de los otros activistas que fueron detenidos a bordo de la Flotilla de la Libertad. Describi\u00f3 una situaci\u00f3n \u201cbastante ca\u00f3tica e incierta\u201d durante la detenci\u00f3n.<\/p>\n\n\n\n<p>Dijo que las condiciones que enfrentaron \u201cno son absolutamente nada comparado con lo que la gente est\u00e1 pasando en Palestina y especialmente en Gaza en este momento\u201d.<\/p>\n\n\n\n<p>Israel deport\u00f3 a la activista Greta Thunberg el martes, al d\u00eda siguiente de que el barco con destino a Gaza en el que se encontraba fuera incautado por el Ej\u00e9rcito israel\u00ed.<\/p>\n\n\n\n<p>Thunberg sali\u00f3 en un vuelo hacia Francia para dirigirse despu\u00e9s a su pa\u00eds natal, Suecia, seg\u00fan dijo el Ministerio israel\u00ed de Exteriores en una publicaci\u00f3n en X. Public\u00f3 una foto de Thunberg, que rechaza los viajes a\u00e9reos, sentada en un avi\u00f3n.<\/p>\n\n\n\n<p>Thunberg era una de los 12 pasajeros a bordo del Madleen, un barco que transportaba ayuda destinada a Gaza y que ten\u00eda como objetivo protestar contra la guerra en curso en ese lugar y arrojar luz sobre la crisis humanitaria en el territorio palestino, seg\u00fan la Freedom Flotilla Coalition, el grupo que organiz\u00f3 el viaje.<\/p>\n\n\n\n<p>Las fuerzas navales israel\u00edes incautaron el barco sin incidentes la madrugada del lunes a unos 200 kil\u00f3metros (125 millas) de la costa de Gaza, seg\u00fan la coalici\u00f3n, que junto con grupos de derechos, denunci\u00f3 que las acciones de Israel eran una violaci\u00f3n del derecho internacional.<\/p>\n\n\n\n<p>Israel rechaza esa acusaci\u00f3n porque dice que esos barcos intentan violar lo que considera un bloqueo naval legal de Gaza.<\/p>\n\n\n\n<p>El barco, acompa\u00f1ado por la Marina de Israel, lleg\u00f3 al puerto israel\u00ed de Ashdod el lunes por la noche, seg\u00fan el Ministerio israel\u00ed de Exteriores.<\/p>\n\n\n\n<p>Otros activistas enfrentan deportaci\u00f3n<\/p>\n\n\n\n<p>La Freedom Flotilla Coalition indic\u00f3 que tres activistas, incluida Thunberg, hab\u00edan sido deportados junto con un periodista.<\/p>\n\n\n\n<p>Dijo que hab\u00eda alentado a algunos del grupo a hacer esto para que pudieran hablar libremente sobre sus experiencias.<\/p>\n\n\n\n<p>Ocho otros pasajeros se negaron a la deportaci\u00f3n y estaban detenidos antes de que su caso fuera escuchado por las autoridades israel\u00edes.<\/p>\n\n\n\n<p>Adalah, un grupo de derechos legales en Israel que representa a los activistas, declar\u00f3 que se esperaba que los ocho fueran llevados ante un tribunal m\u00e1s tarde el martes.<\/p>\n\n\n\n<p>\u201cLa detenci\u00f3n es ilegal, pol\u00edticamente motivada y una violaci\u00f3n directa del derecho internacional\u201d, se\u00f1al\u00f3 la coalici\u00f3n en un comunicado.<\/p>\n\n\n\n<p>Pidi\u00f3 la liberaci\u00f3n de los pasajeros restantes sin deportaci\u00f3n y dijo que sus abogados exigir\u00edan que se les permitiera completar su viaje a Gaza.<\/p>\n\n\n\n<p>Sabine Haddad, portavoz del Ministerio israel\u00ed del Interior, sostuvo que los activistas que estaban siendo deportados el martes hab\u00edan renunciado a su derecho a comparecer ante un juez. Aquellos que no lo hicieron enfrentar\u00e1n uno y ser\u00e1n retenidos durante 96 horas antes de ser deportados.<\/p>\n\n\n\n<p>Rima Hassan, una eurodiputada francesa de ascendencia palestina, tambi\u00e9n estaba entre los voluntarios a bordo del Madleen .<\/p>\n\n\n\n<p>Se le ha prohibido entrar a Israel debido a su oposici\u00f3n a las pol\u00edticas israel\u00edes hacia los palestinos. No estaba claro de inmediato si la legisladora del Parlamento Europeo hab\u00eda sido deportada de inmediato o permanec\u00eda detenida.<\/p>\n\n\n\n<p>El ministro franc\u00e9s de Exteriores, Jean-Noel Barrot, manifest\u00f3 el martes que uno de los activistas franceses detenidos firm\u00f3 una orden de expulsi\u00f3n y saldr\u00eda de Israel el martes hacia Francia. Los otros cinco se negaron.<\/p>\n\n\n\n<p>Dijo que todos los activistas recibieron visitas consulares.<\/p>\n\n\n\n<p>Sergio Toribio, un activista espa\u00f1ol que iba a bordo y fue deportado, critic\u00f3 las acciones de Israel tras su llegada a Barcelona.<\/p>\n\n\n\n<p>\u201cEs imperdonable, es una violaci\u00f3n de nuestros derechos. Es un ataque pirata en aguas internacionales\u201d, dijo a los periodistas.<\/p>\n\n\n\n<p>Preguntas sobre una violaci\u00f3n del derecho internacional<br>El lunes, Adalah, el grupo de derechos, expres\u00f3 que Israel no ten\u00eda \u201cautoridad legal\u201d para tomar el control del barco, porque estaba en aguas internacionales y se dirig\u00eda no a Israel sino a las \u201caguas territoriales del estado de Palestina\u201d.<\/p>\n\n\n\n<p>\u201cLa detenci\u00f3n de los activistas desarmados, que operaban de manera civil para proporcionar ayuda humanitaria, constituye una grave violaci\u00f3n del derecho internacional\u201d, indic\u00f3 Adalah en un comunicado.<\/p>\n\n\n\n<p>Amnist\u00eda Internacional expres\u00f3 que Israel estaba desafiando el derecho internacional con la incursi\u00f3n naval y pidi\u00f3 a Israel que liberara a los activistas de inmediato y sin condiciones.<\/p>\n\n\n\n<p>Israel dijo que sus acciones eran consistentes con el derecho internacional. Considera la traves\u00eda como una maniobra de relaciones p\u00fablicas, llam\u00e1ndolo el \u201cyate de las selfies\u201d.<br>Funcionarios israel\u00edes dijeron que la flotilla llevaba una ayuda \u201cescasa\u201d con lo que equival\u00eda a menos de una carga de cami\u00f3n de mercanc\u00edas.<\/p>\n\n\n\n<p>Un bloqueo prolongado de Gaza<\/p>\n\n\n\n<p>Israel y Egipto han impuesto diversos grados de bloqueo a Gaza desde que Ham\u00e1s arrebat\u00f3 el control del territorio a fuerzas palestinas rivales en 2007.<\/p>\n\n\n\n<p>Israel dice que el bloqueo es necesario para evitar que Ham\u00e1s importe armas, mientras que los cr\u00edticos dicen que equivale a un castigo colectivo de la poblaci\u00f3n palestina de Gaza.<\/p>\n\n\n\n<p>Durante la guerra de 20 meses en Gaza, Israel ha restringido, y a veces bloqueado, toda la ayuda al territorio, incluidos alimentos, combustible y medicinas.<\/p>\n\n\n\n<p>Los expertos dicen que esa pol\u00edtica ha empujado a Gaza hacia la hambruna. Israel dice que Ham\u00e1s desv\u00eda la ayuda para fortalecer su gobierno.<\/p>\n\n\n\n<p>Milicianos liderados por Ham\u00e1s mataron a alrededor de 1.200 personas, en su mayor\u00eda civiles, en el ataque del 7 de octubre que encendi\u00f3 la guerra y tomaron 251 rehenes, la mayor\u00eda de los cuales han sido liberados en acuerdos de alto el fuego u otros acuerdos. Ham\u00e1s todav\u00eda retiene a 55 rehenes, m\u00e1s de la mitad de los cuales se cree que est\u00e1n muertos.<\/p>\n\n\n\n<p>La campa\u00f1a militar de Israel ha matado a m\u00e1s de 54.000 palestinos, seg\u00fan el Ministerio de Salud de Gaza, que no distingue entre civiles y combatientes, pero ha dicho que mujeres y ni\u00f1os constituyen la mayor\u00eda de los muertos.<\/p>\n\n\n\n<p>La guerra ha destruido vastas \u00e1reas de Gaza y desplazado a alrededor del 90% de la poblaci\u00f3n del territorio, dejando a las personas all\u00ed casi completamente dependientes de la ayuda internacional.<\/p>\n","protected":false},"excerpt":{"rendered":"<p>POR ISAAC SCHARF and AREEJ HAZBOUN JERUSAL\u00c9N (AP) \u2014 La activista Greta Thunberg lleg\u00f3 a Par\u00eds tras ser deportada de Israel el martes y pidi\u00f3 m\u00e1s acciones para apoyar los&hellip;<\/p>\n","protected":false},"author":10,"featured_media":100674,"comment_status":"open","ping_status":"open","sticky":false,"template":"","format":"standard","meta":{"content-type":"","jetpack_post_was_ever_published":false,"_jetpack_newsletter_access":"","_jetpack_dont_email_post_to_subs":false,"_jetpack_newsletter_tier_id":0,"_jetpack_memberships_contains_paywalled_content":false,"_jetpack_memberships_contains_paid_content":false,"footnotes":""},"categories":[16289],"tags":[19307,8295,20402,3499],"class_list":["post-100673","post","type-post","status-publish","format-standard","has-post-thumbnail","hentry","category-internacionales","tag-deportada","tag-gaza","tag-greta-thunberg","tag-israel"],"jetpack_featured_media_url":"https:\/\/lasprimeras.com.do\/wp-content\/uploads\/2025\/06\/Greta-Thunberg.jpg","jetpack-related-posts":[{"id":111086,"url":"https:\/\/lasprimeras.com.do\/index.php\/2025\/10\/05\/activistas-de-la-flotilla-de-gaza-denuncian-abusos-y-humillaciones-durante-su-detencion-en-israel\/","url_meta":{"origin":100673,"position":0},"title":"Activistas de la flotilla de Gaza denuncian abusos y humillaciones durante su detenci\u00f3n en Israel","author":"Nelson Feliz","date":"5 de octubre de 2025","format":false,"excerpt":"POR VERONICA ANDREA SAUCHELLI and ANDREW WILKS ROMA (AP) \u2014 Algunos de los activistas detenidos cuando intentaban llegar a Gaza por mar dijeron al regresar a sus pa\u00edses que recibieron abusos y humillaciones a manos de los guardias israel\u00edes. Unos 450 activistas fueron detenidos cuando las fuerzas israel\u00edes interceptaron la\u2026","rel":"","context":"En \u00abINTERNACIONALES\u00bb","block_context":{"text":"INTERNACIONALES","link":"https:\/\/lasprimeras.com.do\/index.php\/category\/sin-categoria\/internacionales\/"},"img":{"alt_text":"","src":"https:\/\/i0.wp.com\/lasprimeras.com.do\/wp-content\/uploads\/2025\/10\/GAZA.jpg?resize=350%2C200&ssl=1","width":350,"height":200,"srcset":"https:\/\/i0.wp.com\/lasprimeras.com.do\/wp-content\/uploads\/2025\/10\/GAZA.jpg?resize=350%2C200&ssl=1 1x, https:\/\/i0.wp.com\/lasprimeras.com.do\/wp-content\/uploads\/2025\/10\/GAZA.jpg?resize=525%2C300&ssl=1 1.5x, https:\/\/i0.wp.com\/lasprimeras.com.do\/wp-content\/uploads\/2025\/10\/GAZA.jpg?resize=700%2C400&ssl=1 2x"},"classes":[]},{"id":107772,"url":"https:\/\/lasprimeras.com.do\/index.php\/2025\/08\/31\/flotilla-con-ayuda-humanitaria-zarpa-hacia-gaza-desde-barcelona\/","url_meta":{"origin":100673,"position":1},"title":"Flotilla con ayuda humanitaria zarpa hacia Gaza desde Barcelona","author":"Nelson Feliz","date":"31 de agosto de 2025","format":false,"excerpt":"POR RENATA BRITO and TERESA MEDRANO BARCELONA (AP) \u2014 Una flotilla de barcos zarp\u00f3 desde Barcelona hacia la Franja de Gaza el domingo con ayuda humanitaria y activistas a bordo en el mayor intento hasta la fecha de romper el prolongado bloqueo israel\u00ed del territorio palestino. Esto ocurre mientras Israel\u2026","rel":"","context":"En \u00abINTERNACIONALES\u00bb","block_context":{"text":"INTERNACIONALES","link":"https:\/\/lasprimeras.com.do\/index.php\/category\/sin-categoria\/internacionales\/"},"img":{"alt_text":"","src":"https:\/\/i0.wp.com\/lasprimeras.com.do\/wp-content\/uploads\/2025\/08\/ayuda-2.jpg?resize=350%2C200&ssl=1","width":350,"height":200,"srcset":"https:\/\/i0.wp.com\/lasprimeras.com.do\/wp-content\/uploads\/2025\/08\/ayuda-2.jpg?resize=350%2C200&ssl=1 1x, https:\/\/i0.wp.com\/lasprimeras.com.do\/wp-content\/uploads\/2025\/08\/ayuda-2.jpg?resize=525%2C300&ssl=1 1.5x, https:\/\/i0.wp.com\/lasprimeras.com.do\/wp-content\/uploads\/2025\/08\/ayuda-2.jpg?resize=700%2C400&ssl=1 2x"},"classes":[]},{"id":110050,"url":"https:\/\/lasprimeras.com.do\/index.php\/2025\/09\/25\/italia-y-espana-envian-buques-de-rescate-tras-ataque-a-flotilla-de-activistas-rumbo-a-gaza\/","url_meta":{"origin":100673,"position":2},"title":"Italia y Espa\u00f1a env\u00edan buques de rescate tras ataque a flotilla de activistas rumbo a Gaza","author":"Nelson Feliz","date":"25 de septiembre de 2025","format":false,"excerpt":"POR ELENA BECATOROS ATENAS (AP) \u2014 Activistas que participan en una flotilla que busca romper el bloqueo israel\u00ed de Gaza dijeron el mi\u00e9rcoles que algunos de sus barcos fueron atacados por drones al sur de Grecia, lo que llev\u00f3 a Espa\u00f1a e Italia a enviar buques de la marina para\u2026","rel":"","context":"En \u00abINTERNACIONALES\u00bb","block_context":{"text":"INTERNACIONALES","link":"https:\/\/lasprimeras.com.do\/index.php\/category\/sin-categoria\/internacionales\/"},"img":{"alt_text":"","src":"https:\/\/i0.wp.com\/lasprimeras.com.do\/wp-content\/uploads\/2025\/09\/buques-de-la-marina.jpg?resize=350%2C200&ssl=1","width":350,"height":200,"srcset":"https:\/\/i0.wp.com\/lasprimeras.com.do\/wp-content\/uploads\/2025\/09\/buques-de-la-marina.jpg?resize=350%2C200&ssl=1 1x, https:\/\/i0.wp.com\/lasprimeras.com.do\/wp-content\/uploads\/2025\/09\/buques-de-la-marina.jpg?resize=525%2C300&ssl=1 1.5x, https:\/\/i0.wp.com\/lasprimeras.com.do\/wp-content\/uploads\/2025\/09\/buques-de-la-marina.jpg?resize=700%2C400&ssl=1 2x"},"classes":[]},{"id":107883,"url":"https:\/\/lasprimeras.com.do\/index.php\/2025\/09\/01\/una-tormenta-retrasa-el-viaje-a-gaza-de-una-flotilla-internacional-con-ayuda-y-activistas\/","url_meta":{"origin":100673,"position":3},"title":"Una tormenta retrasa el viaje a Gaza de una flotilla internacional con ayuda y activistas","author":"Nelson Feliz","date":"1 de septiembre de 2025","format":false,"excerpt":"POR RENATA BRITO BARCELONA (AP) \u2014 Una flotilla que se dirig\u00eda a Gaza y que hab\u00eda partido de Barcelona con gran expectaci\u00f3n fue obligada a regresar al puerto despu\u00e9s de que una tormenta azotara partes de Espa\u00f1a durante la noche. La Flotilla Global Sumud, compuesta por alrededor de 20 barcos\u2026","rel":"","context":"En \u00abINTERNACIONALES\u00bb","block_context":{"text":"INTERNACIONALES","link":"https:\/\/lasprimeras.com.do\/index.php\/category\/sin-categoria\/internacionales\/"},"img":{"alt_text":"","src":"https:\/\/i0.wp.com\/lasprimeras.com.do\/wp-content\/uploads\/2025\/09\/ayuda.jpg?resize=350%2C200&ssl=1","width":350,"height":200,"srcset":"https:\/\/i0.wp.com\/lasprimeras.com.do\/wp-content\/uploads\/2025\/09\/ayuda.jpg?resize=350%2C200&ssl=1 1x, https:\/\/i0.wp.com\/lasprimeras.com.do\/wp-content\/uploads\/2025\/09\/ayuda.jpg?resize=525%2C300&ssl=1 1.5x, https:\/\/i0.wp.com\/lasprimeras.com.do\/wp-content\/uploads\/2025\/09\/ayuda.jpg?resize=700%2C400&ssl=1 2x"},"classes":[]},{"id":110848,"url":"https:\/\/lasprimeras.com.do\/index.php\/2025\/10\/02\/israel-intercepta-la-mayoria-de-la-flotilla-y-arresta-a-activistas-un-barco-se-para-cerca-de-gaza\/","url_meta":{"origin":100673,"position":4},"title":"Israel intercepta la mayor\u00eda de la flotilla y arresta a activistas. Un barco se para cerca de Gaza","author":"Nelson Feliz","date":"2 de octubre de 2025","format":false,"excerpt":"POR IBRAHIM HAZBOUN and RENATA BRITO JERUSAL\u00c9N (AP) \u2014 Fuerzas de la Marina israel\u00ed abordaron la mayor\u00eda de las embarcaciones y detuvieron a docenas de activistas y a varios legisladores europeos a bordo de una flotilla que intentaba romper el bloqueo israel\u00ed a Gaza el jueves, lo que suscit\u00f3 condenas\u2026","rel":"","context":"En \u00abINTERNACIONALES\u00bb","block_context":{"text":"INTERNACIONALES","link":"https:\/\/lasprimeras.com.do\/index.php\/category\/sin-categoria\/internacionales\/"},"img":{"alt_text":"","src":"https:\/\/i0.wp.com\/lasprimeras.com.do\/wp-content\/uploads\/2025\/10\/barco.jpg?resize=350%2C200&ssl=1","width":350,"height":200,"srcset":"https:\/\/i0.wp.com\/lasprimeras.com.do\/wp-content\/uploads\/2025\/10\/barco.jpg?resize=350%2C200&ssl=1 1x, https:\/\/i0.wp.com\/lasprimeras.com.do\/wp-content\/uploads\/2025\/10\/barco.jpg?resize=525%2C300&ssl=1 1.5x, https:\/\/i0.wp.com\/lasprimeras.com.do\/wp-content\/uploads\/2025\/10\/barco.jpg?resize=700%2C400&ssl=1 2x"},"classes":[]},{"id":64868,"url":"https:\/\/lasprimeras.com.do\/index.php\/2023\/10\/24\/israel-aumenta-los-ataques-contra-gaza-y-2-rehenes-mas-son-liberados\/","url_meta":{"origin":100673,"position":5},"title":"Israel aumenta los ataques contra Gaza y 2 rehenes m\u00e1s son liberados","author":"Nelson Feliz","date":"24 de octubre de 2023","format":false,"excerpt":"La ONU dice que la ayuda enviada hasta ahora es un goteo. POR NAJIB JOBAIN, SAMY MAGDY Y RAVI NESSMAN RAFAH, Franja de Gaza (AP) \u2014 Israel intensific\u00f3 su bombardeo de objetivos en la Franja de Gaza, dijo el ej\u00e9rcito el martes, antes de una esperada invasi\u00f3n terrestre contra militantes\u2026","rel":"","context":"En \u00abSin categor\u00eda\u00bb","block_context":{"text":"Sin categor\u00eda","link":"https:\/\/lasprimeras.com.do\/index.php\/category\/sin-categoria\/"},"img":{"alt_text":"ATAQUES","src":"https:\/\/i0.wp.com\/lasprimeras.com.do\/wp-content\/uploads\/2023\/10\/ATAQUES-1.jpg?resize=350%2C200&ssl=1","width":350,"height":200,"srcset":"https:\/\/i0.wp.com\/lasprimeras.com.do\/wp-content\/uploads\/2023\/10\/ATAQUES-1.jpg?resize=350%2C200&ssl=1 1x, https:\/\/i0.wp.com\/lasprimeras.com.do\/wp-content\/uploads\/2023\/10\/ATAQUES-1.jpg?resize=525%2C300&ssl=1 1.5x, https:\/\/i0.wp.com\/lasprimeras.com.do\/wp-content\/uploads\/2023\/10\/ATAQUES-1.jpg?resize=700%2C400&ssl=1 2x"},"classes":[]}],"jetpack_sharing_enabled":true,"_links":{"self":[{"href":"https:\/\/lasprimeras.com.do\/index.php\/wp-json\/wp\/v2\/posts\/100673","targetHints":{"allow":["GET"]}}],"collection":[{"href":"https:\/\/lasprimeras.com.do\/index.php\/wp-json\/wp\/v2\/posts"}],"about":[{"href":"https:\/\/lasprimeras.com.do\/index.php\/wp-json\/wp\/v2\/types\/post"}],"author":[{"embeddable":true,"href":"https:\/\/lasprimeras.com.do\/index.php\/wp-json\/wp\/v2\/users\/10"}],"replies":[{"embeddable":true,"href":"https:\/\/lasprimeras.com.do\/index.php\/wp-json\/wp\/v2\/comments?post=100673"}],"version-history":[{"count":1,"href":"https:\/\/lasprimeras.com.do\/index.php\/wp-json\/wp\/v2\/posts\/100673\/revisions"}],"predecessor-version":[{"id":100675,"href":"https:\/\/lasprimeras.com.do\/index.php\/wp-json\/wp\/v2\/posts\/100673\/revisions\/100675"}],"wp:featuredmedia":[{"embeddable":true,"href":"https:\/\/lasprimeras.com.do\/index.php\/wp-json\/wp\/v2\/media\/100674"}],"wp:attachment":[{"href":"https:\/\/lasprimeras.com.do\/index.php\/wp-json\/wp\/v2\/media?parent=100673"}],"wp:term":[{"taxonomy":"category","embeddable":true,"href":"https:\/\/lasprimeras.com.do\/index.php\/wp-json\/wp\/v2\/categories?post=100673"},{"taxonomy":"post_tag","embeddable":true,"href":"https:\/\/lasprimeras.com.do\/index.php\/wp-json\/wp\/v2\/tags?post=100673"}],"curies":[{"name":"wp","href":"https:\/\/api.w.org\/{rel}","templated":true}]}}