{"id":100676,"date":"2025-06-10T09:53:49","date_gmt":"2025-06-10T13:53:49","guid":{"rendered":"https:\/\/lasprimeras.com.do\/?p=100676"},"modified":"2025-06-10T09:53:51","modified_gmt":"2025-06-10T13:53:51","slug":"trump-envia-marines-y-mas-miembros-de-la-guardia-nacional-a-los-angeles","status":"publish","type":"post","link":"https:\/\/lasprimeras.com.do\/index.php\/2025\/06\/10\/trump-envia-marines-y-mas-miembros-de-la-guardia-nacional-a-los-angeles\/","title":{"rendered":"Trump env\u00eda marines y m\u00e1s miembros de la Guardia Nacional a Los \u00c1ngeles"},"content":{"rendered":"\n<p>POR LOLITA C. BALDOR, TARA COPP, JASON DEAREN and TIM SULLIVAN<\/p>\n\n\n\n<p>LOS \u00c1NGELES (AP) \u2014 Otros 2.000 efectivos de la Guardia Nacional, as\u00ed como 700 infantes de Marina, se dirig\u00edan a Los \u00c1ngeles tras \u00f3rdenes del presidente Donald Trump el lunes, aumentando una presencia militar que las autoridades locales y el gobernador Gavin Newsom no desean y que, seg\u00fan el jefe de polic\u00eda, crea desaf\u00edos log\u00edsticos para manejar de manera segura las protestas.<\/p>\n\n\n\n<p>Unos primeros 2.000 efectivos de la Guardia desplegados por Trump comenzaron a llegar el domingo, la jornada con m\u00e1s violencia de los tres d\u00edas de protestas impulsadas por la ira ante el endurecimiento de la aplicaci\u00f3n de las leyes migratorias por parte de Trump, que seg\u00fan los cr\u00edticos est\u00e1n separando a las familias migrantes.<\/p>\n\n\n\n<p>Las manifestaciones del lunes fueron mucho menos ruidosas. Miles de personas asistieron pac\u00edficamente a una manifestaci\u00f3n en el Ayuntamiento y cientos protestaron ante un complejo federal que incluye un centro de detenci\u00f3n donde algunos inmigrantes est\u00e1n siendo retenidos tras redadas en lugares de trabajo en toda la ciudad.<\/p>\n\n\n\n<p>Trump ha descrito Los \u00c1ngeles en t\u00e9rminos alarmantes que la alcaldesa Karen Bass y Newsom dicen que est\u00e1n lejos de la verdad. Afirman que est\u00e1 poniendo en riesgo la seguridad p\u00fablica al agregar personal militar, y la polic\u00eda dice que no necesitan la ayuda.<\/p>\n\n\n\n<p>El jefe de polic\u00eda de Los \u00c1ngeles, Jim McDonnell, dijo en un comunicado que confiaba en la capacidad del departamento de polic\u00eda para manejar manifestaciones a gran escala y que la llegada de los marines sin coordinarse con la polic\u00eda supondr\u00eda un \u201cdesaf\u00edo log\u00edstico y operativo significativo\u201d para ellos.<\/p>\n\n\n\n<p>Newsom calific\u00f3 los despliegues como imprudentes y \u201cuna falta de respeto a nuestras tropas\u201d en una publicaci\u00f3n en la red social X.<\/p>\n\n\n\n<p>\u201cEsto no se trata de seguridad p\u00fablica\u201d, dijo Newsom. \u201cSe trata de alimentar el ego de un presidente peligroso\u201d.<\/p>\n\n\n\n<p>Las protestas comenzaron el viernes en el centro de Los \u00c1ngeles despu\u00e9s de que las autoridades federales de inmigraci\u00f3n arrestaran a m\u00e1s de 40 personas en toda la ciudad.<\/p>\n\n\n\n<p>El olor a humo flotaba en el aire del centro el lunes, al d\u00eda siguiente de que las multitudes bloquearan una autopista principal y prendieran fuego a veh\u00edculos aut\u00f3nomos mientras la polic\u00eda respond\u00eda con gases lacrim\u00f3genos, balas de goma y granadas aturdidoras.<\/p>\n\n\n\n<p>Las protestas adicionales contra las redadas de inmigraci\u00f3n continuaron hasta la noche del lunes en otras ciudades, como San Francisco y Santa Ana en California, y Dallas y Austin en Texas.<\/p>\n\n\n\n<p>California se opone a la presencia de tropas federales<br>El fiscal general de California, Rob Bonta, present\u00f3 una demanda sobre el uso de tropas de la Guardia Nacional tras el primer despliegue, diciendo a los periodistas en su anuncio el lunes que Trump hab\u00eda \u201cpisoteado\u201d la soberan\u00eda del estado.<\/p>\n\n\n\n<p>\u201cNo tomamos a la ligera que el presidente abuse de su autoridad y movilice ilegalmente a las tropas de la Guardia Nacional de California\u201d, dijo Bonta.<\/p>\n\n\n\n<p>Pidi\u00f3 una orden judicial que declarara ilegal el uso de la Guardia por parte de Trump y solicit\u00f3 una orden de restricci\u00f3n para detener el despliegue.<\/p>\n\n\n\n<p>Trump dijo el lunes que la ciudad habr\u00eda sido \u201ccompletamente destruida\u201d si no hubiera desplegado a la Guardia.<\/p>\n\n\n\n<p>Funcionarios de Estados Unidos dijeron que las tropas de los marines fueron desplegadas para proteger la propiedad y el personal federal, incluidos los agentes federales de inmigraci\u00f3n.<\/p>\n\n\n\n<p>Un convoy de 10 a 15 autobuses con ventanas tintadas y escoltados por veh\u00edculos de la polic\u00eda del condado sali\u00f3 el lunes por la noche de la base en Twentynine Palms en el desierto al este de Los \u00c1ngeles y se dirigi\u00f3 hacia la ciudad, deteni\u00e9ndose alrededor de la 1 de la ma\u00f1ana en la Estaci\u00f3n de Armas Navales Seal Beach, unos 35 kil\u00f3metros (20 millas) al sur del centro de Los \u00c1ngeles.<\/p>\n\n\n\n<p>A pesar de su presencia, ha habido un contacto limitado hasta ahora entre la Guardia y los manifestantes mientras las fuerzas del orden locales se encargan del control de multitudes.<\/p>\n\n\n\n<p>Las primeras protestas se mantuvieron pac\u00edficas<\/p>\n\n\n\n<p>El lunes, miles de personas inundaron las calles alrededor del Ayuntamiento para una manifestaci\u00f3n sindical antes de una audiencia para el l\u00edder laboral arrestado David Huerta, quien fue liberado unas horas despu\u00e9s con una fianza de 50.000 d\u00f3lares.<\/p>\n\n\n\n<p>El arresto de Huerta el viernes mientras protestaba contra las redadas de inmigraci\u00f3n se ha convertido en un grito de guerra para las personas enojadas por la campa\u00f1a del gobierno contra la inmigraci\u00f3n.<\/p>\n\n\n\n<p>Es el presidente del Sindicato Internacional de Empleados de Servicios de California, que representa a miles de conserjes, agentes de seguridad y otros trabajadores del estado.<\/p>\n\n\n\n<p>Las primeras protestas tuvieron un ambiente tranquilo e incluso alegre en ocasiones, con personas bailando al ritmo de m\u00fasica en vivo y animadas por la liberaci\u00f3n de Huerta.<\/p>\n\n\n\n<p>Los manifestantes se tomaron de las manos frente a una l\u00ednea de agentes de polic\u00eda fuera del centro de detenci\u00f3n federal del centro donde Huerta estaba detenido.<\/p>\n\n\n\n<p>L\u00edderes religiosos se unieron a los manifestantes, trabajando con los organizadores en ocasiones para desescalar momentos de tensi\u00f3n.<\/p>\n\n\n\n<p>Hab\u00eda una fuerte presencia de las fuerzas del orden en las pocas cuadras cuadradas que inclu\u00edan la instalaci\u00f3n de detenci\u00f3n federal, mientras que la mayor\u00eda en la inmensa ciudad de unos cuatro millones de personas continuaba con sus actividades normales en calles pac\u00edficas.<\/p>\n\n\n\n<p>A medida que la multitud se reduc\u00eda, la polic\u00eda comenz\u00f3 a empujar a los manifestantes fuera del \u00e1rea, disparando municiones de control de multitudes mientras la gente coreaba, \u201cProtesta pac\u00edfica\u201d.<\/p>\n\n\n\n<p>Los oficiales se volvieron m\u00e1s agresivos en sus t\u00e1cticas por la noche, avanzando ocasionalmente para arrestar a manifestantes que se acercaban demasiado.<\/p>\n\n\n\n<p>Al menos una docena de personas que permanec\u00edan en el concurrido barrio de Little Tokyo fueron rodeadas por la polic\u00eda y detenidas.<\/p>\n\n\n\n<p>Otras protestas tomaron forma el lunes en todo el condado de Los \u00c1ngeles. Ante un almac\u00e9n de ropa de Los \u00c1ngeles, los familiares de los trabajadores detenidos exigieron en una conferencia de prensa por la ma\u00f1ana que sus seres queridos fueran liberados.<\/p>\n\n\n\n<p>La familia de Jacob Vasquez, de 35 a\u00f1os, quien fue detenido el viernes en el almac\u00e9n donde trabajaba, dijo que a\u00fan no hab\u00edan recibido informaci\u00f3n sobre \u00e9l.<\/p>\n\n\n\n<p>\u201cJacob es un hombre de familia y el \u00fanico sost\u00e9n de su hogar\u201d, dijo Gabriel, el hermano de Vasquez, a la multitud. Pidi\u00f3 que no se usara su apellido, temiendo ser blanco de las autoridades.<\/p>\n\n\n\n<p>Varias docenas de personas fueron arrestadas en protestas durante el fin de semana. Las autoridades dicen que una persona fue detenida el domingo por lanzar una bomba molotov a la polic\u00eda y otra por embestir una motocicleta contra una l\u00ednea de oficiales.<\/p>\n\n\n\n<p>El despliegue de la Guardia es una escalada casi sin precedentes<\/p>\n\n\n\n<p>El despliegue pareci\u00f3 ser la primera vez en d\u00e9cadas que la Guardia Nacional de un estado fue activada sin una solicitud de su gobernador, una escalada significativa contra aquellos que han buscado obstaculizar los esfuerzos de deportaci\u00f3n masiva de la administraci\u00f3n.<\/p>\n\n\n\n<p>La \u00faltima vez que la Guardia Nacional fue activada sin el permiso de un gobernador fue en 1965, cuando el presidente Lyndon B. Johnson envi\u00f3 tropas para proteger una marcha por los derechos civiles en Alabama, seg\u00fan el Brennan Center for Justice.<\/p>\n\n\n\n<p>En una directiva el s\u00e1bado, Trump invoc\u00f3 una disposici\u00f3n legal que le permite desplegar miembros del servicio federal cuando hay \u201cuna rebeli\u00f3n o peligro de una rebeli\u00f3n contra la autoridad del Gobierno de los Estados Unidos\u201d.<\/p>\n","protected":false},"excerpt":{"rendered":"<p>POR LOLITA C. BALDOR, TARA COPP, JASON DEAREN and TIM SULLIVAN LOS \u00c1NGELES (AP) \u2014 Otros 2.000 efectivos de la Guardia Nacional, as\u00ed como 700 infantes de Marina, se dirig\u00edan&hellip;<\/p>\n","protected":false},"author":10,"featured_media":100677,"comment_status":"open","ping_status":"open","sticky":false,"template":"","format":"standard","meta":{"content-type":"","jetpack_post_was_ever_published":false,"_jetpack_newsletter_access":"","_jetpack_dont_email_post_to_subs":false,"_jetpack_newsletter_tier_id":0,"_jetpack_memberships_contains_paywalled_content":false,"_jetpack_memberships_contains_paid_content":false,"footnotes":""},"categories":[16289],"tags":[978,20404,20403,4409,475],"class_list":["post-100676","post","type-post","status-publish","format-standard","has-post-thumbnail","hentry","category-internacionales","tag-donald-trump","tag-envia-marines","tag-guardia-nacional","tag-los-angeles","tag-miembros"],"jetpack_featured_media_url":"https:\/\/lasprimeras.com.do\/wp-content\/uploads\/2025\/06\/california.jpg","jetpack-related-posts":[{"id":110421,"url":"https:\/\/lasprimeras.com.do\/index.php\/2025\/09\/28\/funcionarios-de-oregon-dicen-que-trump-desplegara-a-200-soldados-de-la-guardia-nacional-en-el-estado\/","url_meta":{"origin":100676,"position":0},"title":"Funcionarios de Oregon dicen que Trump desplegar\u00e1 a 200 soldados de la Guardia Nacional en el estado","author":"Nelson Feliz","date":"28 de septiembre de 2025","format":false,"excerpt":"POR CHRIS MEGERIAN and KONSTANTIN TOROPIN WASHINGTON (AP) \u2014 El gobierno federal orden\u00f3 el despliegue de 200 miembros de la Guardia Nacional de Oregon para proteger a agentes de inmigraci\u00f3n e instalaciones gubernamentales, seg\u00fan un memorando del Departamento de Defensa que fue recibido por funcionarios estatales. El despliegue se llevar\u00e1\u2026","rel":"","context":"En \u00abINTERNACIONALES\u00bb","block_context":{"text":"INTERNACIONALES","link":"https:\/\/lasprimeras.com.do\/index.php\/category\/sin-categoria\/internacionales\/"},"img":{"alt_text":"","src":"https:\/\/i0.wp.com\/lasprimeras.com.do\/wp-content\/uploads\/2025\/09\/oregon-1.jpg?resize=350%2C200&ssl=1","width":350,"height":200,"srcset":"https:\/\/i0.wp.com\/lasprimeras.com.do\/wp-content\/uploads\/2025\/09\/oregon-1.jpg?resize=350%2C200&ssl=1 1x, https:\/\/i0.wp.com\/lasprimeras.com.do\/wp-content\/uploads\/2025\/09\/oregon-1.jpg?resize=525%2C300&ssl=1 1.5x, https:\/\/i0.wp.com\/lasprimeras.com.do\/wp-content\/uploads\/2025\/09\/oregon-1.jpg?resize=700%2C400&ssl=1 2x"},"classes":[]},{"id":100716,"url":"https:\/\/lasprimeras.com.do\/index.php\/2025\/06\/11\/la-policia-de-los-angeles-aplica-un-toque-de-queda-ante-protestas-por-redadas-migratorias-de-trump\/","url_meta":{"origin":100676,"position":1},"title":"La polic\u00eda de Los \u00c1ngeles aplica un toque de queda ante protestas por redadas migratorias de Trump","author":"Nelson Feliz","date":"11 de junio de 2025","format":false,"excerpt":"POR JAKE OFFENHARTZ, JAIMIE DING, LOLITA C. BALDOR and TARA COPP LOS \u00c1NGELES (AP) \u2014 La polic\u00eda de Los \u00c1ngeles hizo cumplir con rapidez un toque de queda en el centro de la ciudad la noche del martes, e hizo detenciones momentos despu\u00e9s de que entrara en vigor, mientras desplegaba\u2026","rel":"","context":"En \u00abINTERNACIONALES\u00bb","block_context":{"text":"INTERNACIONALES","link":"https:\/\/lasprimeras.com.do\/index.php\/category\/sin-categoria\/internacionales\/"},"img":{"alt_text":"","src":"https:\/\/i0.wp.com\/lasprimeras.com.do\/wp-content\/uploads\/2025\/06\/toque-de-queda.jpg?resize=350%2C200&ssl=1","width":350,"height":200,"srcset":"https:\/\/i0.wp.com\/lasprimeras.com.do\/wp-content\/uploads\/2025\/06\/toque-de-queda.jpg?resize=350%2C200&ssl=1 1x, https:\/\/i0.wp.com\/lasprimeras.com.do\/wp-content\/uploads\/2025\/06\/toque-de-queda.jpg?resize=525%2C300&ssl=1 1.5x, https:\/\/i0.wp.com\/lasprimeras.com.do\/wp-content\/uploads\/2025\/06\/toque-de-queda.jpg?resize=700%2C400&ssl=1 2x"},"classes":[]},{"id":107989,"url":"https:\/\/lasprimeras.com.do\/index.php\/2025\/09\/02\/juez-dictamina-que-es-ilegal-uso-de-la-guardia-nacional-en-protestas-por-inmigracion-en-los-angeles\/","url_meta":{"origin":100676,"position":2},"title":"Juez dictamina que es ilegal uso de la Guardia Nacional en protestas por inmigraci\u00f3n en Los \u00c1ngeles","author":"Nelson Feliz","date":"2 de septiembre de 2025","format":false,"excerpt":"Por OLGA R. RODRIGUEZ SAN FRANCISCO (AP) \u2014 Un juez federal dictamin\u00f3 el martes que el gobierno de Trump viol\u00f3 la ley federal al utilizar tropas de la Guardia Nacional en medio de operativos de control de inmigraci\u00f3n en el sur de California y las protestas que los acompa\u00f1aron. El\u2026","rel":"","context":"En \u00abINTERNACIONALES\u00bb","block_context":{"text":"INTERNACIONALES","link":"https:\/\/lasprimeras.com.do\/index.php\/category\/sin-categoria\/internacionales\/"},"img":{"alt_text":"","src":"https:\/\/i0.wp.com\/lasprimeras.com.do\/wp-content\/uploads\/2025\/09\/Donald-Trump.jpg?resize=350%2C200&ssl=1","width":350,"height":200,"srcset":"https:\/\/i0.wp.com\/lasprimeras.com.do\/wp-content\/uploads\/2025\/09\/Donald-Trump.jpg?resize=350%2C200&ssl=1 1x, https:\/\/i0.wp.com\/lasprimeras.com.do\/wp-content\/uploads\/2025\/09\/Donald-Trump.jpg?resize=525%2C300&ssl=1 1.5x, https:\/\/i0.wp.com\/lasprimeras.com.do\/wp-content\/uploads\/2025\/09\/Donald-Trump.jpg?resize=700%2C400&ssl=1 2x"},"classes":[]},{"id":114890,"url":"https:\/\/lasprimeras.com.do\/index.php\/2025\/11\/17\/cientos-de-soldados-de-la-guardia-nacional-desplegados-en-portland-y-chicago-regresaran-a-casa\/","url_meta":{"origin":100676,"position":3},"title":"Cientos de soldados de la Guardia Nacional desplegados en Portland y Chicago regresar\u00e1n a casa","author":"Nelson Feliz","date":"17 de noviembre de 2025","format":false,"excerpt":"POR JULIE WATSON Cientos de elementos de la Guardia Nacional desplegados en Chicago y Portland, Oregon, ser\u00e1n enviados de vuelta a casa, y aquellos que se queden se mantendr\u00e1n fuera de las calles en medio de batallas judiciales sobre su misi\u00f3n en territorio nacional ordenada por el gobierno de Donald\u2026","rel":"","context":"En \u00abINTERNACIONALES\u00bb","block_context":{"text":"INTERNACIONALES","link":"https:\/\/lasprimeras.com.do\/index.php\/category\/sin-categoria\/internacionales\/"},"img":{"alt_text":"","src":"https:\/\/i0.wp.com\/lasprimeras.com.do\/wp-content\/uploads\/2025\/11\/Cientos-de-soldados-de-la-Guardia-Nacional.jpg?resize=350%2C200&ssl=1","width":350,"height":200,"srcset":"https:\/\/i0.wp.com\/lasprimeras.com.do\/wp-content\/uploads\/2025\/11\/Cientos-de-soldados-de-la-Guardia-Nacional.jpg?resize=350%2C200&ssl=1 1x, https:\/\/i0.wp.com\/lasprimeras.com.do\/wp-content\/uploads\/2025\/11\/Cientos-de-soldados-de-la-Guardia-Nacional.jpg?resize=525%2C300&ssl=1 1.5x, https:\/\/i0.wp.com\/lasprimeras.com.do\/wp-content\/uploads\/2025\/11\/Cientos-de-soldados-de-la-Guardia-Nacional.jpg?resize=700%2C400&ssl=1 2x"},"classes":[]},{"id":100707,"url":"https:\/\/lasprimeras.com.do\/index.php\/2025\/06\/11\/gobernador-de-california-acusa-a-trump-de-amenazar-democracia-tras-despliegue-federal-en-los-angeles\/","url_meta":{"origin":100676,"position":4},"title":"Gobernador de California acusa a Trump de amenazar democracia tras despliegue federal en Los \u00c1ngeles","author":"Nelson Feliz","date":"11 de junio de 2025","format":false,"excerpt":"POR MICHAEL R. BLOOD LOS \u00c1NGELES (AP) \u2014 El gobernador de California, Gavin Newsom, calific\u00f3 al presidente de Estados Unidos, Donald Trump, de amenaza para el estilo de vida estadounidense, describi\u00f3 la intervenci\u00f3n militar federal en Los \u00c1ngeles como el inicio de un esfuerzo mucho m\u00e1s amplio por parte de\u2026","rel":"","context":"En \u00abINTERNACIONALES\u00bb","block_context":{"text":"INTERNACIONALES","link":"https:\/\/lasprimeras.com.do\/index.php\/category\/sin-categoria\/internacionales\/"},"img":{"alt_text":"","src":"https:\/\/i0.wp.com\/lasprimeras.com.do\/wp-content\/uploads\/2025\/06\/Gavin-Newsom.jpg?resize=350%2C200&ssl=1","width":350,"height":200,"srcset":"https:\/\/i0.wp.com\/lasprimeras.com.do\/wp-content\/uploads\/2025\/06\/Gavin-Newsom.jpg?resize=350%2C200&ssl=1 1x, https:\/\/i0.wp.com\/lasprimeras.com.do\/wp-content\/uploads\/2025\/06\/Gavin-Newsom.jpg?resize=525%2C300&ssl=1 1.5x, https:\/\/i0.wp.com\/lasprimeras.com.do\/wp-content\/uploads\/2025\/06\/Gavin-Newsom.jpg?resize=700%2C400&ssl=1 2x"},"classes":[]},{"id":94081,"url":"https:\/\/lasprimeras.com.do\/index.php\/2025\/02\/25\/trump-afirma-que-putin-no-se-opondria-a-tropas-europeas-en-ucrania-si-hay-un-acuerdo-de-paz\/","url_meta":{"origin":100676,"position":5},"title":"Trump afirma que Putin no se opondr\u00eda a tropas europeas en Ucrania si hay un acuerdo de paz","author":"Nelson Feliz","date":"25 de febrero de 2025","format":false,"excerpt":"El presidente de EE.UU., Donald Trump, dijo este lunes que le pregunt\u00f3 al presidente ruso, Vlad\u00edmir Putin, si tendr\u00eda problemas con tropas europeas en Ucrania El presidente de Estados Unidos, Donald Trump, afirm\u00f3 este lunes que su hom\u00f3logo ruso, Vlad\u00edmir Putin, no se opondr\u00eda a la presencia de fuerzas europeas\u2026","rel":"","context":"En \u00abINTERNACIONALES\u00bb","block_context":{"text":"INTERNACIONALES","link":"https:\/\/lasprimeras.com.do\/index.php\/category\/sin-categoria\/internacionales\/"},"img":{"alt_text":"","src":"https:\/\/i0.wp.com\/lasprimeras.com.do\/wp-content\/uploads\/2025\/02\/Donald-Trump.png?resize=350%2C200&ssl=1","width":350,"height":200,"srcset":"https:\/\/i0.wp.com\/lasprimeras.com.do\/wp-content\/uploads\/2025\/02\/Donald-Trump.png?resize=350%2C200&ssl=1 1x, https:\/\/i0.wp.com\/lasprimeras.com.do\/wp-content\/uploads\/2025\/02\/Donald-Trump.png?resize=525%2C300&ssl=1 1.5x, https:\/\/i0.wp.com\/lasprimeras.com.do\/wp-content\/uploads\/2025\/02\/Donald-Trump.png?resize=700%2C400&ssl=1 2x"},"classes":[]}],"jetpack_sharing_enabled":true,"_links":{"self":[{"href":"https:\/\/lasprimeras.com.do\/index.php\/wp-json\/wp\/v2\/posts\/100676","targetHints":{"allow":["GET"]}}],"collection":[{"href":"https:\/\/lasprimeras.com.do\/index.php\/wp-json\/wp\/v2\/posts"}],"about":[{"href":"https:\/\/lasprimeras.com.do\/index.php\/wp-json\/wp\/v2\/types\/post"}],"author":[{"embeddable":true,"href":"https:\/\/lasprimeras.com.do\/index.php\/wp-json\/wp\/v2\/users\/10"}],"replies":[{"embeddable":true,"href":"https:\/\/lasprimeras.com.do\/index.php\/wp-json\/wp\/v2\/comments?post=100676"}],"version-history":[{"count":1,"href":"https:\/\/lasprimeras.com.do\/index.php\/wp-json\/wp\/v2\/posts\/100676\/revisions"}],"predecessor-version":[{"id":100678,"href":"https:\/\/lasprimeras.com.do\/index.php\/wp-json\/wp\/v2\/posts\/100676\/revisions\/100678"}],"wp:featuredmedia":[{"embeddable":true,"href":"https:\/\/lasprimeras.com.do\/index.php\/wp-json\/wp\/v2\/media\/100677"}],"wp:attachment":[{"href":"https:\/\/lasprimeras.com.do\/index.php\/wp-json\/wp\/v2\/media?parent=100676"}],"wp:term":[{"taxonomy":"category","embeddable":true,"href":"https:\/\/lasprimeras.com.do\/index.php\/wp-json\/wp\/v2\/categories?post=100676"},{"taxonomy":"post_tag","embeddable":true,"href":"https:\/\/lasprimeras.com.do\/index.php\/wp-json\/wp\/v2\/tags?post=100676"}],"curies":[{"name":"wp","href":"https:\/\/api.w.org\/{rel}","templated":true}]}}