{"id":100693,"date":"2025-06-10T23:25:20","date_gmt":"2025-06-11T03:25:20","guid":{"rendered":"https:\/\/lasprimeras.com.do\/?p=100693"},"modified":"2025-06-10T23:25:23","modified_gmt":"2025-06-11T03:25:23","slug":"caasd-y-el-hemocentro-nacional-realizaran-jornada-de-donacion-de-sangre-este-miercoles","status":"publish","type":"post","link":"https:\/\/lasprimeras.com.do\/index.php\/2025\/06\/10\/caasd-y-el-hemocentro-nacional-realizaran-jornada-de-donacion-de-sangre-este-miercoles\/","title":{"rendered":"CAASD y el Hemocentro Nacional realizar\u00e1n jornada de donaci\u00f3n de sangre este mi\u00e9rcoles"},"content":{"rendered":"\n<p><strong>\u201cHoy por ti, ma\u00f1ana por m\u00ed&#8221;, lema que impulsa esta campa\u00f1a solidaria donde colaboradores, familiares y ciudadanos podr\u00e1n donar sangre desde las 8:00 a.m. a 3:00 p.m.<\/strong><\/p>\n\n\n\n<p>La Corporaci\u00f3n del Acueducto y Alcantarillado de Santo Domingo (CAASD), en coordinaci\u00f3n con el Hemocentro Nacional, llevar\u00e1 a cabo este mi\u00e9rcoles una jornada de donaci\u00f3n de sangre en la sede central de la instituci\u00f3n, ubicada en la calle Euclides Morillo, en Arroyo Hondo.<\/p>\n\n\n\n<p>La actividad iniciar\u00e1 a las 8:00 de la ma\u00f1ana y estar\u00e1 abierta hasta las 3:00 de la tarde. Est\u00e1 dirigida a colaboradores de la CAASD, sus familiares y allegados, personal de empresas privadas y ciudadanos interesados en contribuir con esta noble causa.<\/p>\n\n\n\n<p>El objetivo es reunir al menos 100 donantes y obtener igual n\u00famero de pintas de sangre. Esta es la cuarta ocasi\u00f3n en que ambas instituciones trabajan de manera conjunta en una jornada de este tipo, promoviendo el lema \u201cHoy por ti, ma\u00f1ana por m\u00ed\u201d como parte de una campa\u00f1a de concienciaci\u00f3n sobre la importancia de donar sangre para salvar vidas.<\/p>\n\n\n\n<p>En ese sentido, Elianny Hern\u00e1ndez, encargada del Departamento de Relaciones Laborales y Sociales de la Corporaci\u00f3n, explic\u00f3 que la jornada se desarrolla bajo estrictos protocolos m\u00e9dicos. \u201cAntes de donar, el equipo del Hemocentro realizar\u00e1 evaluaciones previas que incluyen toma de presi\u00f3n arterial, muestras de sangre y otros chequeos de salud. Es un proceso seguro, r\u00e1pido y sin riesgos para el donante\u201d, asegur\u00f3.<\/p>\n\n\n\n<p>Asimismo, hizo un llamado a la ciudadan\u00eda para que se sume a la jornada y forme parte de esta causa solidaria. Coment\u00f3, adem\u00e1s, que este a\u00f1o se han propuesto reunir al menos 100 donantes y recolectar 100 pintas de sangre.<\/p>\n\n\n\n<p>Hern\u00e1ndez destac\u00f3 que esta iniciativa, adem\u00e1s de su impacto social, fortalece la cultura de solidaridad dentro de la instituci\u00f3n. \u201cDonar sangre es un gesto altruista que puede marcar la diferencia entre la vida y la muerte de una persona. Invitamos a todos nuestros colaboradores y a la ciudadan\u00eda a sumarse a esta acci\u00f3n solidaria\u201d, expres\u00f3.<\/p>\n\n\n\n<p>El Voluntariado<\/p>\n\n\n\n<p>La jornada es organizada por el Voluntariado de la CAASD, que desde hace cuatro a\u00f1os impulsa programas de responsabilidad social alineados a la misi\u00f3n de la entidad. Este grupo ha realizado jornadas m\u00e9dicas, odontol\u00f3gicas y nutricionales en comunidades vulnerables, as\u00ed como operativos de limpieza de ca\u00f1adas, siembra de \u00e1rboles y campa\u00f1as ambientales como \u201cTapitas por quimio\u201d.<\/p>\n\n\n\n<p>En abril pasado, el Voluntariado tambi\u00e9n se uni\u00f3 al Hemocentro para recolectar sangre en apoyo a los afectados por el derrumbe en la discoteca Jet Set.<\/p>\n","protected":false},"excerpt":{"rendered":"<p>\u201cHoy por ti, ma\u00f1ana por m\u00ed&#8221;, lema que impulsa esta campa\u00f1a solidaria donde colaboradores, familiares y ciudadanos podr\u00e1n donar sangre desde las 8:00 a.m. a 3:00 p.m. La Corporaci\u00f3n del&hellip;<\/p>\n","protected":false},"author":2,"featured_media":53510,"comment_status":"open","ping_status":"open","sticky":false,"template":"","format":"standard","meta":{"content-type":"","jetpack_post_was_ever_published":false,"_jetpack_newsletter_access":"","_jetpack_dont_email_post_to_subs":false,"_jetpack_newsletter_tier_id":0,"_jetpack_memberships_contains_paywalled_content":false,"_jetpack_memberships_contains_paid_content":false,"footnotes":""},"categories":[25,16558],"tags":[697,1271,15921,281,6188],"class_list":["post-100693","post","type-post","status-publish","format-standard","has-post-thumbnail","hentry","category-portada","category-salud","tag-caasd","tag-donacion","tag-hemocentro-nacional","tag-jornada","tag-sangre"],"jetpack_featured_media_url":"https:\/\/lasprimeras.com.do\/wp-content\/uploads\/2023\/06\/caasd.jpg","jetpack-related-posts":[{"id":84833,"url":"https:\/\/lasprimeras.com.do\/index.php\/2024\/06\/16\/caasd-y-hemocentro-nacional-realizan-jornada-de-donacion-de-sangre\/","url_meta":{"origin":100693,"position":0},"title":"CAASD y Hemocentro Nacional realizan jornada de donaci\u00f3n de sangre","author":"Nelson Feliz","date":"16 de junio de 2024","format":false,"excerpt":"La Corporaci\u00f3n del Acueducto y Alcantarillado de Santo Domingo (CAASD) y el Homocentro Nacional llevaron a cabo una jornada de donaci\u00f3n de sangre con el objetivo de concientizar a los colaboradores sobre la importancia de salvar vidas y los impactos positivos que esta acci\u00f3n tiene en la sociedad. El director\u2026","rel":"","context":"En \u00abPORTADA\u00bb","block_context":{"text":"PORTADA","link":"https:\/\/lasprimeras.com.do\/index.php\/category\/portada\/"},"img":{"alt_text":"Homocentro Nacional","src":"https:\/\/i0.wp.com\/lasprimeras.com.do\/wp-content\/uploads\/2024\/06\/Homocentro-Nacional.jpg?resize=350%2C200&ssl=1","width":350,"height":200,"srcset":"https:\/\/i0.wp.com\/lasprimeras.com.do\/wp-content\/uploads\/2024\/06\/Homocentro-Nacional.jpg?resize=350%2C200&ssl=1 1x, https:\/\/i0.wp.com\/lasprimeras.com.do\/wp-content\/uploads\/2024\/06\/Homocentro-Nacional.jpg?resize=525%2C300&ssl=1 1.5x, https:\/\/i0.wp.com\/lasprimeras.com.do\/wp-content\/uploads\/2024\/06\/Homocentro-Nacional.jpg?resize=700%2C400&ssl=1 2x"},"classes":[]},{"id":90082,"url":"https:\/\/lasprimeras.com.do\/index.php\/2024\/10\/13\/escuela-de-bioanalisis-uasd-y-el-hemocentro-nacional-realiza-jornada-de-donacion-de-sangre-en-santiago\/","url_meta":{"origin":100693,"position":1},"title":"Escuela de Bioan\u00e1lisis UASD y el Hemocentro Nacional realiza jornada de donaci\u00f3n de sangre en Santiago","author":"Nelson Feliz","date":"13 de octubre de 2024","format":false,"excerpt":"La Escuela de Bioan\u00e1lisis e Imagenolog\u00eda de la Universidad Aut\u00f3noma de Santo Domingo Recinto Santiago, conjuntamente con el Hemocentro Nacional del Ministerio de Salud P\u00fablica, llev\u00f3 a cabo una jornada de donaci\u00f3n de sangre, en la explanada Edificio Ercilia Pepin (EP), donde funciona la Escuela de Medicina, Bioanalaisis y Enfermer\u00eda.\u2026","rel":"","context":"En \u00abSin categor\u00eda\u00bb","block_context":{"text":"Sin categor\u00eda","link":"https:\/\/lasprimeras.com.do\/index.php\/category\/sin-categoria\/"},"img":{"alt_text":"","src":"https:\/\/i0.wp.com\/lasprimeras.com.do\/wp-content\/uploads\/2024\/10\/sangre.jpg?resize=350%2C200&ssl=1","width":350,"height":200,"srcset":"https:\/\/i0.wp.com\/lasprimeras.com.do\/wp-content\/uploads\/2024\/10\/sangre.jpg?resize=350%2C200&ssl=1 1x, https:\/\/i0.wp.com\/lasprimeras.com.do\/wp-content\/uploads\/2024\/10\/sangre.jpg?resize=525%2C300&ssl=1 1.5x, https:\/\/i0.wp.com\/lasprimeras.com.do\/wp-content\/uploads\/2024\/10\/sangre.jpg?resize=700%2C400&ssl=1 2x"},"classes":[]},{"id":89651,"url":"https:\/\/lasprimeras.com.do\/index.php\/2024\/10\/01\/colaboradores-del-infotep-donan-su-sangre-al-hemocentro-nacional\/","url_meta":{"origin":100693,"position":2},"title":"Colaboradores del INFOTEP donan su sangre al Hemocentro Nacional","author":"Paola Castillo","date":"1 de octubre de 2024","format":false,"excerpt":"Santo Domingo. -El Instituto Nacional de Formaci\u00f3n T\u00e9cnico Profesional (INFOTEP), realiz\u00f3 una significativa jornada de donaci\u00f3n de sangre en colaboraci\u00f3n con el Hemocentro Nacional, donde decenas de sus colaboradores se unieron para contribuir a esta noble causa. La actividad forma parte de las iniciativas de responsabilidad social que el INFOTEP\u2026","rel":"","context":"En \u00abNACIONALES\u00bb","block_context":{"text":"NACIONALES","link":"https:\/\/lasprimeras.com.do\/index.php\/category\/nacionales\/"},"img":{"alt_text":"","src":"https:\/\/i0.wp.com\/lasprimeras.com.do\/wp-content\/uploads\/2024\/10\/WhatsApp-Image-2024-10-01-at-11.09.22-AM.jpeg?resize=350%2C200&ssl=1","width":350,"height":200,"srcset":"https:\/\/i0.wp.com\/lasprimeras.com.do\/wp-content\/uploads\/2024\/10\/WhatsApp-Image-2024-10-01-at-11.09.22-AM.jpeg?resize=350%2C200&ssl=1 1x, https:\/\/i0.wp.com\/lasprimeras.com.do\/wp-content\/uploads\/2024\/10\/WhatsApp-Image-2024-10-01-at-11.09.22-AM.jpeg?resize=525%2C300&ssl=1 1.5x, https:\/\/i0.wp.com\/lasprimeras.com.do\/wp-content\/uploads\/2024\/10\/WhatsApp-Image-2024-10-01-at-11.09.22-AM.jpeg?resize=700%2C400&ssl=1 2x"},"classes":[]},{"id":71349,"url":"https:\/\/lasprimeras.com.do\/index.php\/2023\/12\/19\/hemocentro-nacional-buscara-elevar-la-donacion-voluntaria-de-sangre-a-un-8-en-2024\/","url_meta":{"origin":100693,"position":3},"title":"Hemocentro Nacional buscar\u00e1 elevar la donaci\u00f3n voluntaria de sangre a un 8 % en 2024","author":"Nelson Feliz","date":"19 de diciembre de 2023","format":false,"excerpt":"El director del Hemocentro Nacional, Pedro Sing, indic\u00f3 este lunes que los planes de la instituci\u00f3n para el 2024 incluyen llevar la donaci\u00f3n voluntaria de sangre a un 8 o 10 % por cada mil habitantes, para lo cual se implementar\u00e1n campa\u00f1as a nivel provincial y en las escuelas en\u2026","rel":"","context":"En \u00abSin categor\u00eda\u00bb","block_context":{"text":"Sin categor\u00eda","link":"https:\/\/lasprimeras.com.do\/index.php\/category\/sin-categoria\/"},"img":{"alt_text":"Pedro Sing","src":"https:\/\/i0.wp.com\/lasprimeras.com.do\/wp-content\/uploads\/2023\/12\/Pedro-Sing.jpg?resize=350%2C200&ssl=1","width":350,"height":200,"srcset":"https:\/\/i0.wp.com\/lasprimeras.com.do\/wp-content\/uploads\/2023\/12\/Pedro-Sing.jpg?resize=350%2C200&ssl=1 1x, https:\/\/i0.wp.com\/lasprimeras.com.do\/wp-content\/uploads\/2023\/12\/Pedro-Sing.jpg?resize=525%2C300&ssl=1 1.5x, https:\/\/i0.wp.com\/lasprimeras.com.do\/wp-content\/uploads\/2023\/12\/Pedro-Sing.jpg?resize=700%2C400&ssl=1 2x"},"classes":[]},{"id":113906,"url":"https:\/\/lasprimeras.com.do\/index.php\/2025\/11\/07\/banreservas-y-ars-reserva-renuevan-acuerdo-con-ministerio-de-salud-y-hemocentro-nacional-para-motivar-la-donacion-de-sangre\/","url_meta":{"origin":100693,"position":4},"title":"Banreservas y ARS Reserva renuevan acuerdo con Ministerio de Salud y Hemocentro Nacional para motivar la donaci\u00f3n de sangre","author":"Nelson Feliz","date":"7 de noviembre de 2025","format":false,"excerpt":"El convenio establece el fortalecimiento de la red nacional de donantes y campa\u00f1as educativas. El Banco de Reservas y la Administradora de Riesgos de Salud ARS Reservas renovaron un acuerdo de colaboraci\u00f3n con el Ministerio de Salud P\u00fablica y el Hemocentro Nacional, para promover la donaci\u00f3n voluntaria de sangre en\u2026","rel":"","context":"En \u00abPORTADA\u00bb","block_context":{"text":"PORTADA","link":"https:\/\/lasprimeras.com.do\/index.php\/category\/portada\/"},"img":{"alt_text":"Pedro Jos\u00e9 Sing Ure\u00f1a, director del Hemocentro; V\u00edctor El\u00edas Atallah, ministro de Salud P\u00fablica y Asistencia Social; Leonardo Aguilera Batista, presidente ejecutivo de Banreservas; y Jos\u00e9 Rivera Gabirondo, vicepresidente ejecutivo de ARS Reservas, firman el acuerdo interinstitucional para fomentar la donaci\u00f3n y demanda de sangre en el pa\u00eds.","src":"https:\/\/i0.wp.com\/lasprimeras.com.do\/wp-content\/uploads\/2025\/11\/acuerdo-1.jpg?resize=350%2C200&ssl=1","width":350,"height":200,"srcset":"https:\/\/i0.wp.com\/lasprimeras.com.do\/wp-content\/uploads\/2025\/11\/acuerdo-1.jpg?resize=350%2C200&ssl=1 1x, https:\/\/i0.wp.com\/lasprimeras.com.do\/wp-content\/uploads\/2025\/11\/acuerdo-1.jpg?resize=525%2C300&ssl=1 1.5x, https:\/\/i0.wp.com\/lasprimeras.com.do\/wp-content\/uploads\/2025\/11\/acuerdo-1.jpg?resize=700%2C400&ssl=1 2x"},"classes":[]},{"id":104191,"url":"https:\/\/lasprimeras.com.do\/index.php\/2025\/07\/22\/hemocentro-envia-sangre-a-hospital-dr-toribio-bencosme-tras-el-tragico-accidente-de-jamao\/","url_meta":{"origin":100693,"position":5},"title":"Hemocentro env\u00eda sangre a hospital Dr. Toribio Bencosme tras el tr\u00e1gico accidente de Jamao","author":"Nelson Feliz","date":"22 de julio de 2025","format":false,"excerpt":"El Hemocentro Nacional del Ministerio de Salud P\u00fablica realiz\u00f3 una colecta voluntaria de sangre en la Pontificia Universidad Cat\u00f3lica Madre y Maestra PUCAMAIMA, de Santiago, en la cual obtuvo 131 unidades de sangre, logrando mantener las demandas de hemocomponentes de manera oportuna. En esta acci\u00f3n de colectas permanentes cuenta con\u2026","rel":"","context":"En \u00abSALUD\u00bb","block_context":{"text":"SALUD","link":"https:\/\/lasprimeras.com.do\/index.php\/category\/salud\/"},"img":{"alt_text":"","src":"https:\/\/i0.wp.com\/lasprimeras.com.do\/wp-content\/uploads\/2025\/07\/DONANTES.jpg?resize=350%2C200&ssl=1","width":350,"height":200,"srcset":"https:\/\/i0.wp.com\/lasprimeras.com.do\/wp-content\/uploads\/2025\/07\/DONANTES.jpg?resize=350%2C200&ssl=1 1x, https:\/\/i0.wp.com\/lasprimeras.com.do\/wp-content\/uploads\/2025\/07\/DONANTES.jpg?resize=525%2C300&ssl=1 1.5x, https:\/\/i0.wp.com\/lasprimeras.com.do\/wp-content\/uploads\/2025\/07\/DONANTES.jpg?resize=700%2C400&ssl=1 2x"},"classes":[]}],"jetpack_sharing_enabled":true,"_links":{"self":[{"href":"https:\/\/lasprimeras.com.do\/index.php\/wp-json\/wp\/v2\/posts\/100693","targetHints":{"allow":["GET"]}}],"collection":[{"href":"https:\/\/lasprimeras.com.do\/index.php\/wp-json\/wp\/v2\/posts"}],"about":[{"href":"https:\/\/lasprimeras.com.do\/index.php\/wp-json\/wp\/v2\/types\/post"}],"author":[{"embeddable":true,"href":"https:\/\/lasprimeras.com.do\/index.php\/wp-json\/wp\/v2\/users\/2"}],"replies":[{"embeddable":true,"href":"https:\/\/lasprimeras.com.do\/index.php\/wp-json\/wp\/v2\/comments?post=100693"}],"version-history":[{"count":1,"href":"https:\/\/lasprimeras.com.do\/index.php\/wp-json\/wp\/v2\/posts\/100693\/revisions"}],"predecessor-version":[{"id":100694,"href":"https:\/\/lasprimeras.com.do\/index.php\/wp-json\/wp\/v2\/posts\/100693\/revisions\/100694"}],"wp:featuredmedia":[{"embeddable":true,"href":"https:\/\/lasprimeras.com.do\/index.php\/wp-json\/wp\/v2\/media\/53510"}],"wp:attachment":[{"href":"https:\/\/lasprimeras.com.do\/index.php\/wp-json\/wp\/v2\/media?parent=100693"}],"wp:term":[{"taxonomy":"category","embeddable":true,"href":"https:\/\/lasprimeras.com.do\/index.php\/wp-json\/wp\/v2\/categories?post=100693"},{"taxonomy":"post_tag","embeddable":true,"href":"https:\/\/lasprimeras.com.do\/index.php\/wp-json\/wp\/v2\/tags?post=100693"}],"curies":[{"name":"wp","href":"https:\/\/api.w.org\/{rel}","templated":true}]}}