{"id":100695,"date":"2025-06-10T23:33:58","date_gmt":"2025-06-11T03:33:58","guid":{"rendered":"https:\/\/lasprimeras.com.do\/?p=100695"},"modified":"2025-06-10T23:34:08","modified_gmt":"2025-06-11T03:34:08","slug":"ismael-reyes-y-el-pdi-trazan-su-camino-hacia-el-2028","status":"publish","type":"post","link":"https:\/\/lasprimeras.com.do\/index.php\/2025\/06\/10\/ismael-reyes-y-el-pdi-trazan-su-camino-hacia-el-2028\/","title":{"rendered":"Ismael Reyes y el PDI trazan su camino hacia el 2028"},"content":{"rendered":"\n<p>El Partido Dem\u00f3crata Institucional (PDI) anunci\u00f3 este martes el inicio de una nueva etapa pol\u00edtica que marca su relanzamiento oficial como fuerza nacional, presentando al pa\u00eds su plan de reorganizaci\u00f3n, su hoja de ruta hacia las elecciones de 2028 y una renovada visi\u00f3n para transformar la Rep\u00fablica Dominicana desde la honestidad, el trabajo y el compromiso patri\u00f3tico.<\/p>\n\n\n\n<p>El acto fue encabezado por el presidente del partido, el Dr. Ismael Reyes, quien expres\u00f3 con firmeza y esperanza que el PDI ha regresado con una propuesta distinta, fundamentada en la coherencia, la \u00e9tica y la voluntad de construir una pol\u00edtica que se parezca a lo mejor del pueblo dominicano.<\/p>\n\n\n\n<p>\u201cHoy no estamos aqu\u00ed para repetir lo de siempre. Estamos aqu\u00ed para decirle al pa\u00eds que el PDI ha vuelto. Y esta vez, vamos a vencer. Con equipos, con m\u00e9todo y con visi\u00f3n institucional\u201d, expres\u00f3 Reyes.<\/p>\n\n\n\n<p>Durante su intervenci\u00f3n, el l\u00edder del PDI subray\u00f3 que este relanzamiento no es un acto simb\u00f3lico ni un evento coyuntural, sino una convocatoria abierta y real a todos los dominicanos que construyen pa\u00eds desde distintos espacios y que desean hacerlo tambi\u00e9n desde la pol\u00edtica.<\/p>\n\n\n\n<p>Se\u00f1al\u00f3 que la naci\u00f3n no necesita m\u00e1s improvisaci\u00f3n ni pactos vac\u00edos, sino un liderazgo que elija servir sin ceder sus principios.<\/p>\n\n\n\n<p>El partido present\u00f3 adem\u00e1s su hoja de ruta hacia el proceso electoral del 2028, basada en la reorganizaci\u00f3n territorial del partido a nivel nacional y el fortalecimiento de su presencia en la di\u00e1spora dominicana, consolidando estructuras en Estados Unidos, Europa y otras comunidades del exterior.<\/p>\n\n\n\n<p>Esta etapa de crecimiento institucional estar\u00e1 acompa\u00f1ada por una estrategia de captaci\u00f3n de nuevos liderazgos, formaci\u00f3n pol\u00edtica y alianzas transparentes con sectores sociales comprometidos con el desarrollo.<\/p>\n\n\n\n<p>Uno de los ejes centrales del evento fue la presentaci\u00f3n de diez promesas fundamentales que, seg\u00fan Reyes, \u201cresumen la visi\u00f3n de un PDI transformador y comprometido con la justicia social, la soberan\u00eda y la dignidad nacional\u201d.<\/p>\n\n\n\n<p>Las propuestas abarcan desde una reforma profunda al sistema educativo y de salud, hasta un nuevo modelo econ\u00f3mico que priorice la producci\u00f3n local, la equidad y el empleo digno. Tambi\u00e9n se incluye una firme pol\u00edtica de transparencia, una lucha frontal contra la corrupci\u00f3n, protecci\u00f3n medioambiental, reforma de pensiones y una defensa clara del control migratorio.<\/p>\n\n\n\n<p>Ismael Reyes destac\u00f3 que el PDI conoce el sistema pol\u00edtico dominicano desde dentro, pero ha elegido cambiarlo con dignidad y desde la experiencia.<\/p>\n\n\n\n<p>Asegur\u00f3 que el partido est\u00e1 dispuesto a participar en los pr\u00f3ximos comicios, ya sea en solitario o en alianza con sectores patri\u00f3ticos que compartan su visi\u00f3n.<\/p>\n\n\n\n<p>\u201cLo haremos solos si es necesario, o lo haremos con aliados sinceros. Pero de una forma u otra, vamos a participar y esta vez, vamos a ganar con la fuerza del pueblo y la verdad como gu\u00eda\u201d, afirm\u00f3.<\/p>\n\n\n\n<p>El presidente del partido hizo tambi\u00e9n un llamado especial a quienes a\u00fan creen en la pol\u00edtica con prop\u00f3sito, invitando a j\u00f3venes, independientes, empresarios honestos, l\u00edderes comunitarios, cristianos conscientes y trabajadores a integrarse a este proyecto.<\/p>\n\n\n\n<p>\u201cEste no es un proyecto de siglas, es un proyecto de pa\u00eds. Una invitaci\u00f3n a construir sin mancharse y a levantar la mirada\u201d, expres\u00f3.<\/p>\n\n\n\n<p>Confiado en el respaldo popular y con un mensaje directo a los sectores tradicionales, Reyes cerr\u00f3 su discurso afirmando que el nuevo PDI no representa el pasado, sino la pol\u00edtica que necesita el pa\u00eds que so\u00f1amos.<\/p>\n\n\n\n<p>\u201cQue se incomoden los corruptos, que se inspiren los honestos y que se sumen los valientes. Porque el PDI ha vuelto, y esta vez, es para transformar\u201d, concluy\u00f3.<\/p>\n\n\n\n<p>El relanzamiento del PDI marca el inicio de un recorrido estrat\u00e9gico hacia 2028, sustentado en la institucionalidad, la participaci\u00f3n ciudadana y la convicci\u00f3n de que otra forma de hacer patria es posible.<\/p>\n\n\n\n<p>Con esta apuesta renovada, el partido busca abrir un nuevo cap\u00edtulo en la historia pol\u00edtica de la Rep\u00fablica Dominicana.<\/p>\n","protected":false},"excerpt":{"rendered":"<p>El Partido Dem\u00f3crata Institucional (PDI) anunci\u00f3 este martes el inicio de una nueva etapa pol\u00edtica que marca su relanzamiento oficial como fuerza nacional, presentando al pa\u00eds su plan de reorganizaci\u00f3n,&hellip;<\/p>\n","protected":false},"author":2,"featured_media":100696,"comment_status":"open","ping_status":"open","sticky":false,"template":"","format":"standard","meta":{"content-type":"","jetpack_post_was_ever_published":false,"_jetpack_newsletter_access":"","_jetpack_dont_email_post_to_subs":false,"_jetpack_newsletter_tier_id":0,"_jetpack_memberships_contains_paywalled_content":false,"_jetpack_memberships_contains_paid_content":false,"footnotes":""},"categories":[16559],"tags":[796,797],"class_list":["post-100695","post","type-post","status-publish","format-standard","has-post-thumbnail","hentry","category-politica","tag-ismael-reyes","tag-pdi"],"jetpack_featured_media_url":"https:\/\/lasprimeras.com.do\/wp-content\/uploads\/2025\/06\/Ismael-Reyes.jpg","jetpack-related-posts":[{"id":127741,"url":"https:\/\/lasprimeras.com.do\/index.php\/2026\/04\/15\/pdi-anuncia-candidaturas-para-jovenes-e-independientes-en-2028\/","url_meta":{"origin":100695,"position":0},"title":"PDI anuncia candidaturas para j\u00f3venes e independientes en 2028","author":"Nelson Feliz","date":"15 de abril de 2026","format":false,"excerpt":"El Partido Dem\u00f3crata Institucional (PDI) present\u00f3 un plan de acci\u00f3n de cara a una nueva etapa pol\u00edtica basada en la reorganizaci\u00f3n nacional e internacional de sus estructuras, la formaci\u00f3n sistem\u00e1tica de cuadros y la reserva de candidaturas para independientes y j\u00f3venes de cara a las elecciones de 2028. El presidente\u2026","rel":"","context":"En \u00abPOLITICA\u00bb","block_context":{"text":"POLITICA","link":"https:\/\/lasprimeras.com.do\/index.php\/category\/politica\/"},"img":{"alt_text":"","src":"https:\/\/i0.wp.com\/lasprimeras.com.do\/wp-content\/uploads\/2026\/04\/IMG-20260415-WA0378.jpg?resize=350%2C200&ssl=1","width":350,"height":200,"srcset":"https:\/\/i0.wp.com\/lasprimeras.com.do\/wp-content\/uploads\/2026\/04\/IMG-20260415-WA0378.jpg?resize=350%2C200&ssl=1 1x, https:\/\/i0.wp.com\/lasprimeras.com.do\/wp-content\/uploads\/2026\/04\/IMG-20260415-WA0378.jpg?resize=525%2C300&ssl=1 1.5x, https:\/\/i0.wp.com\/lasprimeras.com.do\/wp-content\/uploads\/2026\/04\/IMG-20260415-WA0378.jpg?resize=700%2C400&ssl=1 2x, https:\/\/i0.wp.com\/lasprimeras.com.do\/wp-content\/uploads\/2026\/04\/IMG-20260415-WA0378.jpg?resize=1050%2C600&ssl=1 3x, https:\/\/i0.wp.com\/lasprimeras.com.do\/wp-content\/uploads\/2026\/04\/IMG-20260415-WA0378.jpg?resize=1400%2C800&ssl=1 4x"},"classes":[]},{"id":49105,"url":"https:\/\/lasprimeras.com.do\/index.php\/2023\/05\/07\/ismael-reyes-pdi-esta-dispuesto-a-unirse-a-la-fp-contra-el-prm\/","url_meta":{"origin":100695,"position":1},"title":"Ismael Reyes: PDI est\u00e1 dispuesto a unirse a la FP contra el PRM","author":"prenxa100","date":"7 de mayo de 2023","format":false,"excerpt":"Santo Domingo.-. El presidente del Partido Dominicano Independiente asegur\u00f3 que estar\u00eda dispuesto a unirse a la Fuerza del Pueblo y ser parte de un frente opositor contra el PRM. Ismael Reyes, dijo que aunque Abel Mart\u00ednez, tiene buena carrera pol\u00edtica, no tiene chance de ganar la presidencia de la Rep\u00fablica\u2026","rel":"","context":"En \u00abPORTADA\u00bb","block_context":{"text":"PORTADA","link":"https:\/\/lasprimeras.com.do\/index.php\/category\/portada\/"},"img":{"alt_text":"","src":"","width":0,"height":0},"classes":[]},{"id":49928,"url":"https:\/\/lasprimeras.com.do\/index.php\/2023\/05\/15\/ismael-reyes-juramenta-a-yomare-polanco-como-nuevo-presidente-federal-del-pdi-en-estados-unidos\/","url_meta":{"origin":100695,"position":2},"title":"Ismael Reyes juramenta a Yomare Polanco como nuevo presidente federal del PDI en Estados Unidos","author":"prenxa100","date":"15 de mayo de 2023","format":false,"excerpt":"Santo Domingo, RD: El presidente del Partido Dem\u00f3crata Institucional(PDI), Ismael Reyes, jurament\u00f3 al exdirigente del Partido de la Liberaci\u00f3n Dominicana (PLD) y varias veces encargado del Sector Externo en Estados Unidos y Canad\u00e1 del partido morado, doctor Yomare Polanco, como Presidente Federal de esa organizaci\u00f3n pol\u00edtica en los Estados Unidos.\u2026","rel":"","context":"En \u00abPORTADA\u00bb","block_context":{"text":"PORTADA","link":"https:\/\/lasprimeras.com.do\/index.php\/category\/portada\/"},"img":{"alt_text":"","src":"","width":0,"height":0},"classes":[]},{"id":63797,"url":"https:\/\/lasprimeras.com.do\/index.php\/2023\/10\/15\/pdi-otorga-poderes-a-su-presidente-para-realizar-alianzas\/","url_meta":{"origin":100695,"position":3},"title":"PDI otorga poderes a su presidente para realizar alianzas","author":"Nelson Feliz","date":"15 de octubre de 2023","format":false,"excerpt":"Critican deterioro de los servicios p\u00fablicos y aumento de la pobreza El Partido Dem\u00f3crata Institucional (PDI) realiz\u00f3 su sexta Convenci\u00f3n Nacional en la cual otorg\u00f3 poderes al presidente de esa organizaci\u00f3n para que pueda hacer alianzas con otras fuerzas pol\u00edticas para llevar candidatos comunes a las elecciones municipales y congresuales\u2026","rel":"","context":"En \u00abSin categor\u00eda\u00bb","block_context":{"text":"Sin categor\u00eda","link":"https:\/\/lasprimeras.com.do\/index.php\/category\/sin-categoria\/"},"img":{"alt_text":"Ismael Reyes","src":"https:\/\/i0.wp.com\/lasprimeras.com.do\/wp-content\/uploads\/2023\/10\/Ismael-Reyes.jpg?resize=350%2C200&ssl=1","width":350,"height":200,"srcset":"https:\/\/i0.wp.com\/lasprimeras.com.do\/wp-content\/uploads\/2023\/10\/Ismael-Reyes.jpg?resize=350%2C200&ssl=1 1x, https:\/\/i0.wp.com\/lasprimeras.com.do\/wp-content\/uploads\/2023\/10\/Ismael-Reyes.jpg?resize=525%2C300&ssl=1 1.5x, https:\/\/i0.wp.com\/lasprimeras.com.do\/wp-content\/uploads\/2023\/10\/Ismael-Reyes.jpg?resize=700%2C400&ssl=1 2x"},"classes":[]},{"id":55742,"url":"https:\/\/lasprimeras.com.do\/index.php\/2023\/07\/24\/ismael-reyes-dice-gobierno-debe-pasar-de-la-palabra-a-la-accion-con-tema-haitiano\/","url_meta":{"origin":100695,"position":4},"title":"Ismael Reyes dice gobierno debe pasar de la palabra a la acci\u00f3n con tema haitiano","author":"Nelson Feliz","date":"24 de julio de 2023","format":false,"excerpt":"El presidente del Partido Dem\u00f3crata Institucional(PDI), Ismael Reyes expres\u00f3 que el gobierno dominicano debe ya de una vez por todas pasar de la palabra a la acci\u00f3n contundente con relaci\u00f3n al tema haitiano antes de que no haya vuelta atr\u00e1s sin nada que hacer. El excandidato presidencial expres\u00f3 que Hait\u00ed\u2026","rel":"","context":"En \u00abPORTADA\u00bb","block_context":{"text":"PORTADA","link":"https:\/\/lasprimeras.com.do\/index.php\/category\/portada\/"},"img":{"alt_text":"Ismael Reyes","src":"https:\/\/i0.wp.com\/lasprimeras.com.do\/wp-content\/uploads\/2023\/07\/Ismael-Reyes.jpg?resize=350%2C200&ssl=1","width":350,"height":200,"srcset":"https:\/\/i0.wp.com\/lasprimeras.com.do\/wp-content\/uploads\/2023\/07\/Ismael-Reyes.jpg?resize=350%2C200&ssl=1 1x, https:\/\/i0.wp.com\/lasprimeras.com.do\/wp-content\/uploads\/2023\/07\/Ismael-Reyes.jpg?resize=525%2C300&ssl=1 1.5x, https:\/\/i0.wp.com\/lasprimeras.com.do\/wp-content\/uploads\/2023\/07\/Ismael-Reyes.jpg?resize=700%2C400&ssl=1 2x"},"classes":[]},{"id":56418,"url":"https:\/\/lasprimeras.com.do\/index.php\/2023\/07\/31\/el-pdi-se-integra-al-frente-opositor-que-lidera-leonel-fernandez\/","url_meta":{"origin":100695,"position":5},"title":"El PDI se integra al Frente Opositor que lidera Leonel Fern\u00e1ndez","author":"Nelson Feliz","date":"31 de julio de 2023","format":false,"excerpt":"\u201cDel retroceso volveremos al progreso\u201d, asegur\u00f3 Leonel Fern\u00e1ndez La Fuerza del Pueblo (FP) y el Partido Dem\u00f3crata Institucional (PDI) firmaron hoy un pacto de alianza, acto que constituye el fortalecimiento y ampliaci\u00f3n del gran Frente Opositor, que se conforma alrededor de la figura de Leonel Fern\u00e1ndez y, que adversar\u00e1 los\u2026","rel":"","context":"En \u00abPORTADA\u00bb","block_context":{"text":"PORTADA","link":"https:\/\/lasprimeras.com.do\/index.php\/category\/portada\/"},"img":{"alt_text":"Ismael Reyes Cruz y Leonel Fernandez","src":"https:\/\/i0.wp.com\/lasprimeras.com.do\/wp-content\/uploads\/2023\/07\/Ismael-Reyes-Cruz.jpg?resize=350%2C200&ssl=1","width":350,"height":200,"srcset":"https:\/\/i0.wp.com\/lasprimeras.com.do\/wp-content\/uploads\/2023\/07\/Ismael-Reyes-Cruz.jpg?resize=350%2C200&ssl=1 1x, https:\/\/i0.wp.com\/lasprimeras.com.do\/wp-content\/uploads\/2023\/07\/Ismael-Reyes-Cruz.jpg?resize=525%2C300&ssl=1 1.5x, https:\/\/i0.wp.com\/lasprimeras.com.do\/wp-content\/uploads\/2023\/07\/Ismael-Reyes-Cruz.jpg?resize=700%2C400&ssl=1 2x"},"classes":[]}],"jetpack_sharing_enabled":true,"_links":{"self":[{"href":"https:\/\/lasprimeras.com.do\/index.php\/wp-json\/wp\/v2\/posts\/100695","targetHints":{"allow":["GET"]}}],"collection":[{"href":"https:\/\/lasprimeras.com.do\/index.php\/wp-json\/wp\/v2\/posts"}],"about":[{"href":"https:\/\/lasprimeras.com.do\/index.php\/wp-json\/wp\/v2\/types\/post"}],"author":[{"embeddable":true,"href":"https:\/\/lasprimeras.com.do\/index.php\/wp-json\/wp\/v2\/users\/2"}],"replies":[{"embeddable":true,"href":"https:\/\/lasprimeras.com.do\/index.php\/wp-json\/wp\/v2\/comments?post=100695"}],"version-history":[{"count":1,"href":"https:\/\/lasprimeras.com.do\/index.php\/wp-json\/wp\/v2\/posts\/100695\/revisions"}],"predecessor-version":[{"id":100697,"href":"https:\/\/lasprimeras.com.do\/index.php\/wp-json\/wp\/v2\/posts\/100695\/revisions\/100697"}],"wp:featuredmedia":[{"embeddable":true,"href":"https:\/\/lasprimeras.com.do\/index.php\/wp-json\/wp\/v2\/media\/100696"}],"wp:attachment":[{"href":"https:\/\/lasprimeras.com.do\/index.php\/wp-json\/wp\/v2\/media?parent=100695"}],"wp:term":[{"taxonomy":"category","embeddable":true,"href":"https:\/\/lasprimeras.com.do\/index.php\/wp-json\/wp\/v2\/categories?post=100695"},{"taxonomy":"post_tag","embeddable":true,"href":"https:\/\/lasprimeras.com.do\/index.php\/wp-json\/wp\/v2\/tags?post=100695"}],"curies":[{"name":"wp","href":"https:\/\/api.w.org\/{rel}","templated":true}]}}