{"id":100698,"date":"2025-06-10T23:42:03","date_gmt":"2025-06-11T03:42:03","guid":{"rendered":"https:\/\/lasprimeras.com.do\/?p=100698"},"modified":"2025-06-10T23:42:05","modified_gmt":"2025-06-11T03:42:05","slug":"carolina-en-la-aird-tenemos-que-replantearnos-como-garantizar-la-seguridad-de-nuestras-industrias","status":"publish","type":"post","link":"https:\/\/lasprimeras.com.do\/index.php\/2025\/06\/10\/carolina-en-la-aird-tenemos-que-replantearnos-como-garantizar-la-seguridad-de-nuestras-industrias\/","title":{"rendered":"Carolina en la AIRD: tenemos que replantearnos c\u00f3mo garantizar la seguridad de nuestras industrias"},"content":{"rendered":"\n<p>La precandidata presidencial del Partido Revolucionario Moderno, Carolina Mej\u00eda plante\u00f3 la necesidad de repensar la pol\u00edtica de seguridad industrial de Rep\u00fablica Dominicana de cara a las amenazas comerciales actuales.<\/p>\n\n\n\n<p>La afirmaci\u00f3n la hizo al reunirse con la directiva de la Asociaci\u00f3n de Industrias de la Rep\u00fablica Dominicana (AIRD), donde present\u00f3 su visi\u00f3n del pa\u00eds y detall\u00f3 el Plan Integrado de Santo Domingo.<\/p>\n\n\n\n<p>\u201cTenemos la necesidad de replantearnos c\u00f3mo garantizamos la seguridad en temas de desarrollo de nuestras industrias y de nuestros mercados\u201d, apunt\u00f3.<\/p>\n\n\n\n<p>Al hacer referencia al cambio en el tema arancelario que se ha vivi\u00f3 en los \u00faltimos meses, asegur\u00f3 que eso \u201cnos obliga a repensar lo que nosotros hacemos como pa\u00eds\u201d.<\/p>\n\n\n\n<p>Carolina hizo \u00e9nfasis en que Rep\u00fablica Dominicana tiene que asegurarse y blindarse ante la nueva situaci\u00f3n que vive el mundo, ya que el paradigma que durante a\u00f1os se impuls\u00f3 a trav\u00e9s de la Organizaci\u00f3n Mundial del Comercio bajo el planteamiento de que a trav\u00e9s del comercio los distintos pa\u00edses se hac\u00edan uno solo, ahora resulta en cambio porque cada uno vuelve a tener una mirada totalmente focalizada de manera individual.<\/p>\n\n\n\n<p>PISD, una visi\u00f3n coordinada para el desarrollo<\/p>\n\n\n\n<p>Al comentar sobre el Plan Integrado de Santo Domingo que se impulsa en coordinaci\u00f3n con la Presidencia, dijo que se basa en los ejes de desarrollo urbano, sostenibilidad y movilidad, con la visi\u00f3n de transformar la capital con una gesti\u00f3n coordinada bajo una visi\u00f3n clara de futuro.<\/p>\n\n\n\n<p>\u201cEste plan es una visi\u00f3n a largo plazo, donde consideramos todas las instituciones del Gobierno central y proyectos que al d\u00eda de hoy conocemos del sector privado, que es necesario que coordinemos acciones y aprovechemos especialmente los recursos econ\u00f3micos, que son escasos, para buscar soluciones\u201d, se\u00f1al\u00f3.<\/p>\n\n\n\n<p>Carolina precis\u00f3 que se trabaja en la integraci\u00f3n de la figura del serenazgo para garantizar que esos nuevos ejes y \u00e1mbitos que se generen , cuenten con condiciones de garant\u00eda y seguridad para esos espacios en t\u00e9rminos de valor.<\/p>\n\n\n\n<p>\u201cEl bienestar se construye con orden, con limpieza y promoviendo seguridad en todos los \u00f3rdenes\u201d, manifest\u00f3 Mej\u00eda.<\/p>\n\n\n\n<p>El presidente de la AIRD, Julio Virgilio Brache, agradeci\u00f3 la exposici\u00f3n que hiciera Carolina Mej\u00eda, y se puso a disposici\u00f3n a trav\u00e9s de la organizaci\u00f3n para trabajar en conjunto.<\/p>\n\n\n\n<p>En ese sentido, Brache reconoci\u00f3 la importancia del esfuerzo p\u00fablico-privado para temas de desarrollo para la naci\u00f3n.<\/p>\n\n\n\n<p>Durante la presentaci\u00f3n estuvieron presentes los miembros de la Directiva Nacional de la AIRD: Anyarlene Berges, Augusto Ram\u00edrez, Jos\u00e9 Luis Venta, Jos\u00e9 Fernando Paliza, Roberto Herrera, Fernando Espinal, Christian Farach, Ricardo Koenig, Patricia Mej\u00eda, Juan Amell, Michel El-Hage y Marisol Vicens.<\/p>\n","protected":false},"excerpt":{"rendered":"<p>La precandidata presidencial del Partido Revolucionario Moderno, Carolina Mej\u00eda plante\u00f3 la necesidad de repensar la pol\u00edtica de seguridad industrial de Rep\u00fablica Dominicana de cara a las amenazas comerciales actuales. La&hellip;<\/p>\n","protected":false},"author":2,"featured_media":100699,"comment_status":"open","ping_status":"open","sticky":false,"template":"","format":"standard","meta":{"content-type":"","jetpack_post_was_ever_published":false,"_jetpack_newsletter_access":"","_jetpack_dont_email_post_to_subs":false,"_jetpack_newsletter_tier_id":0,"_jetpack_memberships_contains_paywalled_content":false,"_jetpack_memberships_contains_paid_content":false,"footnotes":""},"categories":[16559,25],"tags":[2838,187,16319,76],"class_list":["post-100698","post","type-post","status-publish","format-standard","has-post-thumbnail","hentry","category-politica","category-portada","tag-aird","tag-carolina-mejia","tag-industrias","tag-seguridad"],"jetpack_featured_media_url":"https:\/\/lasprimeras.com.do\/wp-content\/uploads\/2025\/06\/Carolina-Mejia.jpg","jetpack-related-posts":[{"id":100115,"url":"https:\/\/lasprimeras.com.do\/index.php\/2025\/06\/01\/aird-destaca-importancia-del-marco-legislativo-para-el-fortalecimiento-industria\/","url_meta":{"origin":100698,"position":0},"title":"AIRD destaca importancia del marco legislativo para el fortalecimiento industria","author":"Nelson Feliz","date":"1 de junio de 2025","format":false,"excerpt":"Durante el encuentro de la AIRD y el presidente del Senado valor\u00f3 el rol del presidente Ricardo de los Santos como ente de di\u00e1logo y consenso. Una delegaci\u00f3n de alto nivel de la Asociaci\u00f3n de Industrias de la Rep\u00fablica Dominicana (AIRD), realiz\u00f3 una visita institucional al presidente del Senado, Ricardo\u2026","rel":"","context":"En \u00abECONOM\u00cdA\u00bb","block_context":{"text":"ECONOM\u00cdA","link":"https:\/\/lasprimeras.com.do\/index.php\/category\/economia\/"},"img":{"alt_text":"","src":"https:\/\/i0.wp.com\/lasprimeras.com.do\/wp-content\/uploads\/2025\/06\/senado.jpg?resize=350%2C200&ssl=1","width":350,"height":200,"srcset":"https:\/\/i0.wp.com\/lasprimeras.com.do\/wp-content\/uploads\/2025\/06\/senado.jpg?resize=350%2C200&ssl=1 1x, https:\/\/i0.wp.com\/lasprimeras.com.do\/wp-content\/uploads\/2025\/06\/senado.jpg?resize=525%2C300&ssl=1 1.5x, https:\/\/i0.wp.com\/lasprimeras.com.do\/wp-content\/uploads\/2025\/06\/senado.jpg?resize=700%2C400&ssl=1 2x"},"classes":[]},{"id":107530,"url":"https:\/\/lasprimeras.com.do\/index.php\/2025\/08\/27\/ministro-de-hacienda-y-economia-dialoga-con-sector-industrial\/","url_meta":{"origin":100698,"position":1},"title":"Ministro de Hacienda y Econom\u00eda dialoga con sector industrial","author":"Nelson Feliz","date":"27 de agosto de 2025","format":false,"excerpt":"Los directivos de la AIRD presentaron los principales desaf\u00edos que inciden en la competitividad de la industria El ministro de Hacienda y Econom\u00eda, Mag\u00edn D\u00edaz, sostuvo una reuni\u00f3n con la directiva nacional de la Asociaci\u00f3n de Industrias de la Rep\u00fablica Dominicana (AIRD), donde afirm\u00f3 la disposici\u00f3n de su gesti\u00f3n de\u2026","rel":"","context":"En \u00abECONOM\u00cdA\u00bb","block_context":{"text":"ECONOM\u00cdA","link":"https:\/\/lasprimeras.com.do\/index.php\/category\/economia\/"},"img":{"alt_text":"","src":"https:\/\/i0.wp.com\/lasprimeras.com.do\/wp-content\/uploads\/2025\/08\/Ministro-de-Hacienda.jpeg?resize=350%2C200&ssl=1","width":350,"height":200,"srcset":"https:\/\/i0.wp.com\/lasprimeras.com.do\/wp-content\/uploads\/2025\/08\/Ministro-de-Hacienda.jpeg?resize=350%2C200&ssl=1 1x, https:\/\/i0.wp.com\/lasprimeras.com.do\/wp-content\/uploads\/2025\/08\/Ministro-de-Hacienda.jpeg?resize=525%2C300&ssl=1 1.5x, https:\/\/i0.wp.com\/lasprimeras.com.do\/wp-content\/uploads\/2025\/08\/Ministro-de-Hacienda.jpeg?resize=700%2C400&ssl=1 2x"},"classes":[]},{"id":100318,"url":"https:\/\/lasprimeras.com.do\/index.php\/2025\/05\/30\/intrant-presenta-avances-del-plan-estrategico-nacional-de-seguridad-vial-2025-2030-en-reunion-en-la-aird\/","url_meta":{"origin":100698,"position":2},"title":"INTRANT presenta avances del Plan Estrat\u00e9gico Nacional de Seguridad Vial 2025-2030 en reuni\u00f3n en la AIRD","author":"Nelson Feliz","date":"30 de mayo de 2025","format":false,"excerpt":"El Instituto Nacional de Tr\u00e1nsito y Transporte Terrestre (Intrant) present\u00f3 este viernes los avances del Plan Estrat\u00e9gico Nacional de Seguridad Vial (PENSV 2025-2030), durante la cuarta reuni\u00f3n del Comit\u00e9 Consultivo de Participaci\u00f3n Social de Movilidad, Transporte Terrestre, Tr\u00e1nsito y Seguridad Vial, celebrada junto a representantes de la Asociaci\u00f3n de Industrias\u2026","rel":"","context":"En \u00abSin categor\u00eda\u00bb","block_context":{"text":"Sin categor\u00eda","link":"https:\/\/lasprimeras.com.do\/index.php\/category\/sin-categoria\/"},"img":{"alt_text":"","src":"https:\/\/i0.wp.com\/lasprimeras.com.do\/wp-content\/uploads\/2025\/06\/INTRANT-1.jpg?resize=350%2C200&ssl=1","width":350,"height":200,"srcset":"https:\/\/i0.wp.com\/lasprimeras.com.do\/wp-content\/uploads\/2025\/06\/INTRANT-1.jpg?resize=350%2C200&ssl=1 1x, https:\/\/i0.wp.com\/lasprimeras.com.do\/wp-content\/uploads\/2025\/06\/INTRANT-1.jpg?resize=525%2C300&ssl=1 1.5x"},"classes":[]},{"id":58815,"url":"https:\/\/lasprimeras.com.do\/index.php\/2023\/08\/28\/aird-hara-programa-de-visitas-a-partidos-politicos-y-la-jce\/","url_meta":{"origin":100698,"position":3},"title":"AIRD har\u00e1 programa de visitas a partidos pol\u00edticos y la JCE","author":"Nelson Feliz","date":"28 de agosto de 2023","format":false,"excerpt":"La Asociaci\u00f3n de Industrias de la Rep\u00fablica Dominicana (AIRD) anunci\u00f3 que desarrollar\u00e1 un programa de visitas a los partidos pol\u00edticos mayoritarios, a los bufetes del Senado y la C\u00e1mara de Diputados, y a la Junta Central Electoral (JCE) de cara a las elecciones de 2024. En un comunicado de prensa,\u2026","rel":"","context":"En \u00abNACIONALES\u00bb","block_context":{"text":"NACIONALES","link":"https:\/\/lasprimeras.com.do\/index.php\/category\/nacionales\/"},"img":{"alt_text":"JCE","src":"https:\/\/i0.wp.com\/lasprimeras.com.do\/wp-content\/uploads\/2023\/07\/JCE.jpg?resize=350%2C200&ssl=1","width":350,"height":200,"srcset":"https:\/\/i0.wp.com\/lasprimeras.com.do\/wp-content\/uploads\/2023\/07\/JCE.jpg?resize=350%2C200&ssl=1 1x, https:\/\/i0.wp.com\/lasprimeras.com.do\/wp-content\/uploads\/2023\/07\/JCE.jpg?resize=525%2C300&ssl=1 1.5x, https:\/\/i0.wp.com\/lasprimeras.com.do\/wp-content\/uploads\/2023\/07\/JCE.jpg?resize=700%2C400&ssl=1 2x"},"classes":[]},{"id":91029,"url":"https:\/\/lasprimeras.com.do\/index.php\/2024\/11\/07\/aird-anuncia-inversion-de-rd87000-millones-para-2025-entrega-galardones-industriales\/","url_meta":{"origin":100698,"position":4},"title":"AIRD anuncia inversi\u00f3n de RD$87,000 millones para 2025; entrega Galardones Industriales","author":"Nelson Feliz","date":"7 de noviembre de 2024","format":false,"excerpt":"Con esta doble iniciativa de inversi\u00f3n y reconocimiento, la AIRD reafirma su compromiso de liderar el desarrollo industrial en la Rep\u00fablica Dominicana, promoviendo un entorno favorable para el crecimiento sostenible y el bienestar de la poblaci\u00f3n La Asociaci\u00f3n de Industrias de la Rep\u00fablica Dominicana (AIRD) revel\u00f3 hoy que las empresas\u2026","rel":"","context":"En \u00abECONOM\u00cdA\u00bb","block_context":{"text":"ECONOM\u00cdA","link":"https:\/\/lasprimeras.com.do\/index.php\/category\/economia\/"},"img":{"alt_text":"","src":"https:\/\/i0.wp.com\/lasprimeras.com.do\/wp-content\/uploads\/2024\/11\/AIRD-1.jpg?resize=350%2C200&ssl=1","width":350,"height":200,"srcset":"https:\/\/i0.wp.com\/lasprimeras.com.do\/wp-content\/uploads\/2024\/11\/AIRD-1.jpg?resize=350%2C200&ssl=1 1x, https:\/\/i0.wp.com\/lasprimeras.com.do\/wp-content\/uploads\/2024\/11\/AIRD-1.jpg?resize=525%2C300&ssl=1 1.5x, https:\/\/i0.wp.com\/lasprimeras.com.do\/wp-content\/uploads\/2024\/11\/AIRD-1.jpg?resize=700%2C400&ssl=1 2x"},"classes":[]},{"id":59602,"url":"https:\/\/lasprimeras.com.do\/index.php\/2023\/09\/05\/directiva-aird-visita-casa-presidencial-pld-se-reune-con-abel-martinez\/","url_meta":{"origin":100698,"position":5},"title":"Directiva AIRD visita Casa Presidencial PLD; se re\u00fane con Abel Mart\u00ednez","author":"Nelson Feliz","date":"5 de septiembre de 2023","format":false,"excerpt":"La directiva de la Asociaci\u00f3n de Industrias de Rep\u00fablica Dominicana (AIRD) visit\u00f3 la Casa Presidencial del Partido de la Liberaci\u00f3n Dominicana (PLD), donde sostuvo una reuni\u00f3n con el candidato presidencial, Abel Mart\u00ednez, y dirigentes de la organizaci\u00f3n pol\u00edtica. En el encuentro, que transcurri\u00f3 en un ambiente de confianza y mucha\u2026","rel":"","context":"En \u00abPORTADA\u00bb","block_context":{"text":"PORTADA","link":"https:\/\/lasprimeras.com.do\/index.php\/category\/portada\/"},"img":{"alt_text":"Directiva AIRD","src":"https:\/\/i0.wp.com\/lasprimeras.com.do\/wp-content\/uploads\/2023\/09\/Directiva-AIRD.jpg?resize=350%2C200&ssl=1","width":350,"height":200,"srcset":"https:\/\/i0.wp.com\/lasprimeras.com.do\/wp-content\/uploads\/2023\/09\/Directiva-AIRD.jpg?resize=350%2C200&ssl=1 1x, https:\/\/i0.wp.com\/lasprimeras.com.do\/wp-content\/uploads\/2023\/09\/Directiva-AIRD.jpg?resize=525%2C300&ssl=1 1.5x, https:\/\/i0.wp.com\/lasprimeras.com.do\/wp-content\/uploads\/2023\/09\/Directiva-AIRD.jpg?resize=700%2C400&ssl=1 2x"},"classes":[]}],"jetpack_sharing_enabled":true,"_links":{"self":[{"href":"https:\/\/lasprimeras.com.do\/index.php\/wp-json\/wp\/v2\/posts\/100698","targetHints":{"allow":["GET"]}}],"collection":[{"href":"https:\/\/lasprimeras.com.do\/index.php\/wp-json\/wp\/v2\/posts"}],"about":[{"href":"https:\/\/lasprimeras.com.do\/index.php\/wp-json\/wp\/v2\/types\/post"}],"author":[{"embeddable":true,"href":"https:\/\/lasprimeras.com.do\/index.php\/wp-json\/wp\/v2\/users\/2"}],"replies":[{"embeddable":true,"href":"https:\/\/lasprimeras.com.do\/index.php\/wp-json\/wp\/v2\/comments?post=100698"}],"version-history":[{"count":1,"href":"https:\/\/lasprimeras.com.do\/index.php\/wp-json\/wp\/v2\/posts\/100698\/revisions"}],"predecessor-version":[{"id":100700,"href":"https:\/\/lasprimeras.com.do\/index.php\/wp-json\/wp\/v2\/posts\/100698\/revisions\/100700"}],"wp:featuredmedia":[{"embeddable":true,"href":"https:\/\/lasprimeras.com.do\/index.php\/wp-json\/wp\/v2\/media\/100699"}],"wp:attachment":[{"href":"https:\/\/lasprimeras.com.do\/index.php\/wp-json\/wp\/v2\/media?parent=100698"}],"wp:term":[{"taxonomy":"category","embeddable":true,"href":"https:\/\/lasprimeras.com.do\/index.php\/wp-json\/wp\/v2\/categories?post=100698"},{"taxonomy":"post_tag","embeddable":true,"href":"https:\/\/lasprimeras.com.do\/index.php\/wp-json\/wp\/v2\/tags?post=100698"}],"curies":[{"name":"wp","href":"https:\/\/api.w.org\/{rel}","templated":true}]}}