{"id":100704,"date":"2025-06-11T07:19:00","date_gmt":"2025-06-11T11:19:00","guid":{"rendered":"https:\/\/lasprimeras.com.do\/?p=100704"},"modified":"2025-06-11T07:19:01","modified_gmt":"2025-06-11T11:19:01","slug":"expresidenta-argentina-fernandez-arremete-contra-jueces-de-corte-suprema-que-ratificaron-su-condena","status":"publish","type":"post","link":"https:\/\/lasprimeras.com.do\/index.php\/2025\/06\/11\/expresidenta-argentina-fernandez-arremete-contra-jueces-de-corte-suprema-que-ratificaron-su-condena\/","title":{"rendered":"Expresidenta argentina Fern\u00e1ndez arremete contra jueces de Corte Suprema que ratificaron su condena"},"content":{"rendered":"\n<p>POR ALMUDENA CALATRAVA and D\u00c9BORA REY<\/p>\n\n\n\n<p>BUENOS AIRES (AP) \u2014 La expresidenta argentina Cristina Fern\u00e1ndez calific\u00f3 de \u201cmonigotes\u201d del poder econ\u00f3mico a los tres jueces de la Corte Suprema que el martes ratificaron la condena en su contra a seis a\u00f1os de prisi\u00f3n e inhabilitaci\u00f3n para ocupar cargos p\u00fablicos por corrupci\u00f3n y que la dejaron a las puertas de un arresto.<\/p>\n\n\n\n<p>Los magistrados rechazaron el recurso de queja presentado por Fern\u00e1ndez (2007-2015) en marzo pidiendo que se revisara la sentencia por el delito de administraci\u00f3n fraudulenta dictada en 2022 por un tribunal federal y luego ratificada por la principal c\u00e1mara penal.<\/p>\n\n\n\n<p>\u201cEste cepo al voto popular no lo propone este triunvirato de impresentables que funge como una ficci\u00f3n de la Corte Suprema. Son tres monigotes que responden a mandos naturales muy por arriba de ellos\u201d, dijo la dirigente del peronismo opositor y principal figura pol\u00edtica de las \u00faltimas dos d\u00e9cadas a sus militantes frente a la sede del Partido Justicialista (peronismo) en la capital.<\/p>\n\n\n\n<p>Con el fallo de la Corte qued\u00f3 vigente la pena de c\u00e1rcel e inhabilitaci\u00f3n, por lo que Fern\u00e1ndez no podr\u00e1 competir en septiembre por una banca en la legislatura de la provincia de Buenos Aires, tal como hab\u00eda anunciado.<\/p>\n\n\n\n<p>Fern\u00e1ndez, de 72 a\u00f1os, tiene ahora un plazo de cinco d\u00edas h\u00e1biles para presentarse ante el tribunal federal que la conden\u00f3 en primera instancia para que se haga efectiva su detenci\u00f3n.<\/p>\n\n\n\n<p>El tribunal federal le pidi\u00f3 a la ministra de Seguridad, Patricia Bullrich, que disponga de un lugar de arresto para la dirigente peronista.<\/p>\n\n\n\n<p>Se espera que la defensa de Fern\u00e1ndez solicite el beneficio de la prisi\u00f3n domiciliaria por ser mayor de 70 a\u00f1os, uno de los atenuantes que contempla la ley.<\/p>\n\n\n\n<p>La tambi\u00e9n exvicepresidenta (2019-2023) se considera v\u00edctima de una persecuci\u00f3n judicial orquestada por sectores conservadores para sacarla del escenario pol\u00edtico.<\/p>\n\n\n\n<p>El abogado Gregorio Dalb\u00f3n, uno de los representantes legales de Fern\u00e1ndez, anunci\u00f3 que \u201cvamos a llevar este caso ante todos los organismos internacionales de derechos humanos: la Comisi\u00f3n y la Corte Interamericana, el Consejo de Derechos Humanos de la ONU y todos los foros multilaterales donde se defienda el Estado de Derecho\u201d.<\/p>\n\n\n\n<p>Minutos antes de que se conociera el fallo, militantes de la corriente de centroizquierda del peronismo que tiene a la exmandataria como referente cortaron los principales accesos a Buenos Aires durante algunas horas.<\/p>\n\n\n\n<p>Otro grupo ingres\u00f3 por la noche en las instalaciones del canal 13 y de la cadena de cable Todos Noticias, ambos pertenecientes al Grupo Clar\u00edn, y destrozaron autos, rompieron vidrios y televisores. No se reportaron heridos.<\/p>\n\n\n\n<p>\u201cSe impone una urgente investigaci\u00f3n y sanci\u00f3n a los responsables. Y requerimos reforzar la protecci\u00f3n y seguridad de los medios de comunicaci\u00f3n y periodistas\u201d, expres\u00f3 la Asociaci\u00f3n de Entidades Period\u00edsticas (ADEPA) en un comunicado.<\/p>\n\n\n\n<p>En paralelo, decenas de partidarios y dirigentes sociales, pol\u00edticos y sindicales manifestaban su apoyo a Fern\u00e1ndez frente a su domicilio en el barrio de Constituci\u00f3n.<\/p>\n\n\n\n<p>El ultraderechista presidente Javier Milei celebr\u00f3 el fallo. \u201cJusticia. Fin\u201d, public\u00f3 en su cuenta de X, antes Twitter. El mandatario agreg\u00f3 que la \u201crep\u00fablica funciona\u201d.<\/p>\n\n\n\n<p>La exvicepresidenta fue condenada hace tres a\u00f1os tras ser hallada culpable de haber cometido un fraude millonario al Estado durante su presidencia mediante la asignaci\u00f3n irregular de fondos estatales a un empresario allegado para la realizaci\u00f3n de obras p\u00fablicas.<\/p>\n\n\n\n<p>La causa judicial, que comenz\u00f3 en 2016, comprob\u00f3 irregularidades en 51 procesos de licitaci\u00f3n p\u00fablica para la construcci\u00f3n de obras viales en la provincia de Santa Cruz entre los a\u00f1os 2003 y 2015, que comprenden la presidencia de N\u00e9stor Kirchner (2003-2007) \u2014difunto marido de Fern\u00e1ndez\u2014 y en los que ella fue mandataria.<\/p>\n\n\n\n<p>Seg\u00fan la justicia, durante esos gobiernos tuvo lugar \u201cuna extraordinaria maniobra fraudulenta\u201d que perjudic\u00f3 los intereses de la administraci\u00f3n p\u00fablica y estim\u00f3 el desfalco en unos 85.000 millones de pesos (algo m\u00e1s de 70 millones de d\u00f3lares, al cambio actual).<\/p>\n\n\n\n<p>Las obras viales licitadas en esa provincia fueron sistem\u00e1ticamente adjudicadas a un grupo de empresas vinculadas al tambi\u00e9n condenado empresario de la construcci\u00f3n L\u00e1zaro B\u00e1ez, cercano al matrimonio Kirchner, con sobreprecios de m\u00e1s del 20%.<\/p>\n\n\n\n<p>La exmandataria tiene por delante un complicado escenario judicial. El 6 de noviembre comenzar\u00e1 a ser juzgada como presunta jefa una asociaci\u00f3n il\u00edcita dedicada al cobro de sobornos a empresarios vinculados con la obra p\u00fablica.<\/p>\n\n\n\n<p>Otro proceso, a\u00fan sin fecha de inicio definida, girar\u00e1 en torno a la firma de un memorando de entendimiento con Ir\u00e1n en 2013.<br>Seg\u00fan la justicia ello habr\u00eda permitido el encubrimiento de los iran\u00edes imputados por la justicia argentina en la causa por el atentado terrorista de 1994 contra una asociaci\u00f3n jud\u00eda en Buenos Aires.<\/p>\n\n\n\n<p>En un tercer caso ser\u00e1 juzgada bajo la acusaci\u00f3n de lavado de activos y asociaci\u00f3n il\u00edcita por un presunto esquema mediante el que empresarios favorecidos con obra p\u00fablica habr\u00edan pagado alquileres de propiedades pertenecientes a la exmandataria y a sus hijos como retorno de las adjudicaciones.<\/p>\n","protected":false},"excerpt":{"rendered":"<p>POR ALMUDENA CALATRAVA and D\u00c9BORA REY BUENOS AIRES (AP) \u2014 La expresidenta argentina Cristina Fern\u00e1ndez calific\u00f3 de \u201cmonigotes\u201d del poder econ\u00f3mico a los tres jueces de la Corte Suprema que&hellip;<\/p>\n","protected":false},"author":10,"featured_media":100705,"comment_status":"open","ping_status":"open","sticky":false,"template":"","format":"standard","meta":{"content-type":"","jetpack_post_was_ever_published":false,"_jetpack_newsletter_access":"","_jetpack_dont_email_post_to_subs":false,"_jetpack_newsletter_tier_id":0,"_jetpack_memberships_contains_paywalled_content":false,"_jetpack_memberships_contains_paid_content":false,"footnotes":""},"categories":[16289],"tags":[3254,20410,417,3207,9741,2633,9574],"class_list":["post-100704","post","type-post","status-publish","format-standard","has-post-thumbnail","hentry","category-internacionales","tag-argentina","tag-arremete-contra-jueces","tag-condena","tag-corte-suprema","tag-cristina-fernandez","tag-expresidenta","tag-ratifican"],"jetpack_featured_media_url":"https:\/\/lasprimeras.com.do\/wp-content\/uploads\/2025\/06\/Cristina-Fernandez.jpg","jetpack-related-posts":[{"id":109183,"url":"https:\/\/lasprimeras.com.do\/index.php\/2025\/09\/15\/leonel-fernandez-fue-ratificado-como-presidente-de-la-fuerza-del-pueblo\/","url_meta":{"origin":100704,"position":0},"title":"Leonel Fern\u00e1ndez fue ratificado como presidente de la Fuerza del Pueblo","author":"Nelson Feliz","date":"15 de septiembre de 2025","format":false,"excerpt":"El expresidente de la Republica, Leonel Fern\u00e1ndez fue ratificado este domingo como presidente de la Fuerza del Pueblo (FP), tras concluir el proceso de elecciones internas para seleccionar a las nuevas autoridades del partido opositor para el per\u00edodo 2025-2029. Junto a Fern\u00e1ndez, tambi\u00e9n fueron confirmados Radham\u00e9s Jim\u00e9nez como vicepresidente, y\u2026","rel":"","context":"En \u00abPOLITICA\u00bb","block_context":{"text":"POLITICA","link":"https:\/\/lasprimeras.com.do\/index.php\/category\/politica\/"},"img":{"alt_text":"Leonel Fern\u00e1ndez","src":"https:\/\/i0.wp.com\/lasprimeras.com.do\/wp-content\/uploads\/2025\/09\/Leonel-Fernandez.jpeg?resize=350%2C200&ssl=1","width":350,"height":200,"srcset":"https:\/\/i0.wp.com\/lasprimeras.com.do\/wp-content\/uploads\/2025\/09\/Leonel-Fernandez.jpeg?resize=350%2C200&ssl=1 1x, https:\/\/i0.wp.com\/lasprimeras.com.do\/wp-content\/uploads\/2025\/09\/Leonel-Fernandez.jpeg?resize=525%2C300&ssl=1 1.5x, https:\/\/i0.wp.com\/lasprimeras.com.do\/wp-content\/uploads\/2025\/09\/Leonel-Fernandez.jpeg?resize=700%2C400&ssl=1 2x"},"classes":[]},{"id":48832,"url":"https:\/\/lasprimeras.com.do\/index.php\/2023\/05\/04\/ratifican-condena-de-20-anos-a-gabriel-villanueva-por-homicidio-de-andreea-celea\/","url_meta":{"origin":100704,"position":1},"title":"Ratifican condena de 20 a\u00f1os a Gabriel Villanueva por homicidio de Andreea Celea","author":"prenxa100","date":"4 de mayo de 2023","format":false,"excerpt":"SANTO DOMINGO.-.La Suprema Corte de Justicia (SCJ) ratific\u00f3 la condena de 20 a\u00f1os de prisi\u00f3n en contra de Gabriel Villanueva por el homicidio de la joven Andreea Celea, la cual le fue impuesta en marzo del 2021 y reafirmada por la Primera Sala de la Corte de Apelaci\u00f3n del Distrito\u2026","rel":"","context":"En \u00abJUSTICIA\u00bb","block_context":{"text":"JUSTICIA","link":"https:\/\/lasprimeras.com.do\/index.php\/category\/justicia\/"},"img":{"alt_text":"","src":"https:\/\/i0.wp.com\/atento.com.do\/wp-content\/uploads\/2023\/05\/mujer-con-lentes-oscuros-e5c792fb.jpg?resize=350%2C200&ssl=1","width":350,"height":200,"srcset":"https:\/\/i0.wp.com\/atento.com.do\/wp-content\/uploads\/2023\/05\/mujer-con-lentes-oscuros-e5c792fb.jpg?resize=350%2C200&ssl=1 1x, https:\/\/i0.wp.com\/atento.com.do\/wp-content\/uploads\/2023\/05\/mujer-con-lentes-oscuros-e5c792fb.jpg?resize=525%2C300&ssl=1 1.5x, https:\/\/i0.wp.com\/atento.com.do\/wp-content\/uploads\/2023\/05\/mujer-con-lentes-oscuros-e5c792fb.jpg?resize=700%2C400&ssl=1 2x"},"classes":[]},{"id":87522,"url":"https:\/\/lasprimeras.com.do\/index.php\/2024\/08\/13\/fp-escoge-a-omar-fernandez-y-tobias-crespo-como-representantes-en-el-cnm\/","url_meta":{"origin":100704,"position":2},"title":"FP escoge a Omar Fern\u00e1ndez y Tob\u00edas Crespo como representantes en el CNM","author":"Nelson Feliz","date":"13 de agosto de 2024","format":false,"excerpt":"El senador Omar Fern\u00e1ndez y el diputado Tob\u00edas Crespo ser\u00e1n los representantes del partido Fuerza del Pueblo (FP) en el Consejo Nacional de la Magistratura (CNM), debido a que esta organizaci\u00f3n pol\u00edtica ostenta la segunda mayor\u00eda en el Senado de la Rep\u00fablica y en la C\u00e1mara de Diputados. La decisi\u00f3n\u2026","rel":"","context":"En \u00abSin categor\u00eda\u00bb","block_context":{"text":"Sin categor\u00eda","link":"https:\/\/lasprimeras.com.do\/index.php\/category\/sin-categoria\/"},"img":{"alt_text":"Omar Fern\u00e1ndez y Tob\u00edas Crespo","src":"https:\/\/i0.wp.com\/lasprimeras.com.do\/wp-content\/uploads\/2024\/08\/Omar-Fernandez-y-Tobias-Crespo.jpeg?resize=350%2C200&ssl=1","width":350,"height":200,"srcset":"https:\/\/i0.wp.com\/lasprimeras.com.do\/wp-content\/uploads\/2024\/08\/Omar-Fernandez-y-Tobias-Crespo.jpeg?resize=350%2C200&ssl=1 1x, https:\/\/i0.wp.com\/lasprimeras.com.do\/wp-content\/uploads\/2024\/08\/Omar-Fernandez-y-Tobias-Crespo.jpeg?resize=525%2C300&ssl=1 1.5x, https:\/\/i0.wp.com\/lasprimeras.com.do\/wp-content\/uploads\/2024\/08\/Omar-Fernandez-y-Tobias-Crespo.jpeg?resize=700%2C400&ssl=1 2x, https:\/\/i0.wp.com\/lasprimeras.com.do\/wp-content\/uploads\/2024\/08\/Omar-Fernandez-y-Tobias-Crespo.jpeg?resize=1050%2C600&ssl=1 3x"},"classes":[]},{"id":85515,"url":"https:\/\/lasprimeras.com.do\/index.php\/2024\/07\/01\/corte-suprema-de-eeuu-falla-que-expresidentes-tienen-amplia-inmunidad-en-caso-relacionado-con-trump\/","url_meta":{"origin":100704,"position":3},"title":"Corte Suprema de EEUU falla que expresidentes tienen amplia inmunidad, en caso relacionado con Trump","author":"Nelson Feliz","date":"1 de julio de 2024","format":false,"excerpt":"BY MARK SHERMAN WASHINGTON (AP) \u2014 La Corte Suprema de Estados Unidos fall\u00f3 el lunes que los expresidentes tienen amplia inmunidad ante la justicia, extendiendo la pr\u00f3rroga en el proceso penal que se le sigue a Donald Trump en Washington por acusaciones de que conspir\u00f3 para anular su derrota en\u2026","rel":"","context":"En \u00abSin categor\u00eda\u00bb","block_context":{"text":"Sin categor\u00eda","link":"https:\/\/lasprimeras.com.do\/index.php\/category\/sin-categoria\/"},"img":{"alt_text":"","src":"https:\/\/i0.wp.com\/lasprimeras.com.do\/wp-content\/uploads\/2024\/07\/trump.jpg?resize=350%2C200&ssl=1","width":350,"height":200,"srcset":"https:\/\/i0.wp.com\/lasprimeras.com.do\/wp-content\/uploads\/2024\/07\/trump.jpg?resize=350%2C200&ssl=1 1x, https:\/\/i0.wp.com\/lasprimeras.com.do\/wp-content\/uploads\/2024\/07\/trump.jpg?resize=525%2C300&ssl=1 1.5x, https:\/\/i0.wp.com\/lasprimeras.com.do\/wp-content\/uploads\/2024\/07\/trump.jpg?resize=700%2C400&ssl=1 2x"},"classes":[]},{"id":118553,"url":"https:\/\/lasprimeras.com.do\/index.php\/2025\/12\/31\/ratifican-condena-de-20-anos-argenis-contreras\/","url_meta":{"origin":100704,"position":4},"title":"Ratifican condena de 20 a\u00f1os Argenis Contreras","author":"Nelson Feliz","date":"31 de diciembre de 2025","format":false,"excerpt":"La Corte de Apelaci\u00f3n del Distrito Nacional ratific\u00f3 la condena de 20 a\u00f1os de prisi\u00f3n contra Argenis Contreras Gonz\u00e1lez por el asesinato del abogado Yuniol Ram\u00edrez Ferreras y por incurrir en extorsi\u00f3n desde la Oficina Metropolitana de Servicios de Autobuses (OMSA). Atendiendo a una solicitud del Ministerio P\u00fablico, la Tercera\u2026","rel":"","context":"En \u00abJUSTICIA\u00bb","block_context":{"text":"JUSTICIA","link":"https:\/\/lasprimeras.com.do\/index.php\/category\/justicia\/"},"img":{"alt_text":"Argenis Contreras","src":"https:\/\/i0.wp.com\/lasprimeras.com.do\/wp-content\/uploads\/2025\/12\/Argenis-Contreras.jpg?resize=350%2C200&ssl=1","width":350,"height":200,"srcset":"https:\/\/i0.wp.com\/lasprimeras.com.do\/wp-content\/uploads\/2025\/12\/Argenis-Contreras.jpg?resize=350%2C200&ssl=1 1x, https:\/\/i0.wp.com\/lasprimeras.com.do\/wp-content\/uploads\/2025\/12\/Argenis-Contreras.jpg?resize=525%2C300&ssl=1 1.5x"},"classes":[]},{"id":104662,"url":"https:\/\/lasprimeras.com.do\/index.php\/2025\/07\/25\/cnm-decide-revisar-reglamento-1-19-sobre-evaluacion-de-desempeno-de-los-jueces-suprema-corte-de-justicia\/","url_meta":{"origin":100704,"position":5},"title":"CNM decide revisar reglamento 1-19 sobre evaluaci\u00f3n de desempe\u00f1o de los jueces Suprema Corte de Justicia","author":"Nelson Feliz","date":"25 de julio de 2025","format":false,"excerpt":"El Consejo Nacional de la Magistratura (CNM) tom\u00f3 este viernes la decisi\u00f3n de revisar el reglamento 1-19 que establece los criterios y el procedimiento para evaluar el desempe\u00f1o de los jueces de la Suprema Corte de Justicia (SCJ), con el objetivo de asegurar la calidad y eficiencia de su trabajo.\u2026","rel":"","context":"En \u00abNACIONALES\u00bb","block_context":{"text":"NACIONALES","link":"https:\/\/lasprimeras.com.do\/index.php\/category\/nacionales\/"},"img":{"alt_text":"","src":"https:\/\/i0.wp.com\/lasprimeras.com.do\/wp-content\/uploads\/2025\/07\/CNM-1.jpg?resize=350%2C200&ssl=1","width":350,"height":200,"srcset":"https:\/\/i0.wp.com\/lasprimeras.com.do\/wp-content\/uploads\/2025\/07\/CNM-1.jpg?resize=350%2C200&ssl=1 1x, https:\/\/i0.wp.com\/lasprimeras.com.do\/wp-content\/uploads\/2025\/07\/CNM-1.jpg?resize=525%2C300&ssl=1 1.5x, https:\/\/i0.wp.com\/lasprimeras.com.do\/wp-content\/uploads\/2025\/07\/CNM-1.jpg?resize=700%2C400&ssl=1 2x"},"classes":[]}],"jetpack_sharing_enabled":true,"_links":{"self":[{"href":"https:\/\/lasprimeras.com.do\/index.php\/wp-json\/wp\/v2\/posts\/100704","targetHints":{"allow":["GET"]}}],"collection":[{"href":"https:\/\/lasprimeras.com.do\/index.php\/wp-json\/wp\/v2\/posts"}],"about":[{"href":"https:\/\/lasprimeras.com.do\/index.php\/wp-json\/wp\/v2\/types\/post"}],"author":[{"embeddable":true,"href":"https:\/\/lasprimeras.com.do\/index.php\/wp-json\/wp\/v2\/users\/10"}],"replies":[{"embeddable":true,"href":"https:\/\/lasprimeras.com.do\/index.php\/wp-json\/wp\/v2\/comments?post=100704"}],"version-history":[{"count":1,"href":"https:\/\/lasprimeras.com.do\/index.php\/wp-json\/wp\/v2\/posts\/100704\/revisions"}],"predecessor-version":[{"id":100706,"href":"https:\/\/lasprimeras.com.do\/index.php\/wp-json\/wp\/v2\/posts\/100704\/revisions\/100706"}],"wp:featuredmedia":[{"embeddable":true,"href":"https:\/\/lasprimeras.com.do\/index.php\/wp-json\/wp\/v2\/media\/100705"}],"wp:attachment":[{"href":"https:\/\/lasprimeras.com.do\/index.php\/wp-json\/wp\/v2\/media?parent=100704"}],"wp:term":[{"taxonomy":"category","embeddable":true,"href":"https:\/\/lasprimeras.com.do\/index.php\/wp-json\/wp\/v2\/categories?post=100704"},{"taxonomy":"post_tag","embeddable":true,"href":"https:\/\/lasprimeras.com.do\/index.php\/wp-json\/wp\/v2\/tags?post=100704"}],"curies":[{"name":"wp","href":"https:\/\/api.w.org\/{rel}","templated":true}]}}