{"id":100707,"date":"2025-06-11T07:28:39","date_gmt":"2025-06-11T11:28:39","guid":{"rendered":"https:\/\/lasprimeras.com.do\/?p=100707"},"modified":"2025-06-11T07:28:41","modified_gmt":"2025-06-11T11:28:41","slug":"gobernador-de-california-acusa-a-trump-de-amenazar-democracia-tras-despliegue-federal-en-los-angeles","status":"publish","type":"post","link":"https:\/\/lasprimeras.com.do\/index.php\/2025\/06\/11\/gobernador-de-california-acusa-a-trump-de-amenazar-democracia-tras-despliegue-federal-en-los-angeles\/","title":{"rendered":"Gobernador de California acusa a Trump de amenazar democracia tras despliegue federal en Los \u00c1ngeles"},"content":{"rendered":"\n<p>POR MICHAEL R. BLOOD<\/p>\n\n\n\n<p>LOS \u00c1NGELES (AP) \u2014 El gobernador de California, Gavin Newsom, calific\u00f3 al presidente de Estados Unidos, Donald Trump, de amenaza para el estilo de vida estadounidense, describi\u00f3 la intervenci\u00f3n militar federal en Los \u00c1ngeles como el inicio de un esfuerzo mucho m\u00e1s amplio por parte de Trump para revertir las normas pol\u00edticas y culturales en el coraz\u00f3n de la democracia de la naci\u00f3n.<\/p>\n\n\n\n<p>En un discurso la noche del martes, el posible candidato dem\u00f3crata a la presidencia en 2028 dijo que la llegada de tropas de la Guardia Nacional y de los infantes de Marina a la ciudad por \u00f3rdenes de Trump no se trataba simplemente de sofocar las protestas que siguieron a una serie de redadas de inmigraci\u00f3n por parte de las autoridades federales.<\/p>\n\n\n\n<p>En cambio, afirm\u00f3 que formaba parte de una \u201cguerra\u201d calculada destinada a desestabilizar los cimientos de la sociedad y concentrar el poder en la Casa Blanca.<\/p>\n\n\n\n<p>\u201cCalifornia puede ser la primera, pero claramente no terminar\u00e1 aqu\u00ed. Otros estados son los siguientes\u201d, advirti\u00f3 un solemne Newsom, sentado frente a las banderas de Estados Unidos y California.<\/p>\n\n\n\n<p>\u201cLa democracia es la siguiente. La democracia est\u00e1 bajo asalto ante nuestros ojos. Este momento que tem\u00edamos ha llegado\u201d.<\/p>\n\n\n\n<p>Como l\u00edder de un estado de amplia mayor\u00eda dem\u00f3crata conocido como el epicentro de la llamada resistencia a Trump, Newsom y el presidente republicano han sido adversarios desde hace mucho tiempo.<\/p>\n\n\n\n<p>Pero el discurso del gobernador, pronunciado en horario de m\u00e1xima audiencia, argument\u00f3 que Trump no solo era una amenaza para la democracia, sino que estaba trabajando activamente para desmantelar salvaguardas que se remontan a la fundaci\u00f3n de la naci\u00f3n.<\/p>\n\n\n\n<p>\u201cHa declarado una guerra. Una guerra contra la cultura, contra la historia, contra la ciencia, contra el conocimiento mismo\u201d, dijo Newsom. \u201cEst\u00e1 deslegitimando a las organizaciones de noticias y est\u00e1 atacando la Primera Enmienda\u201d.<\/p>\n\n\n\n<p>Newsom agreg\u00f3 que Trump est\u00e1 atacando a los bufetes de abogados y al poder judicial, \u201clos cimientos de una sociedad ordenada y civil\u201d.<\/p>\n\n\n\n<p>\u201cEs hora de que todos nos levantemos\u201d, dijo Newsom, instando a que cualquier protesta sea pac\u00edfica. \u201cLo que m\u00e1s desea Donald Trump es su lealtad, su silencio, que sean c\u00f3mplices en este momento. No cedan ante \u00e9l\u201d.<\/p>\n\n\n\n<p>Su discurso se produjo el mismo d\u00eda en que Newsom pidi\u00f3 a un tribunal que detuviera de forma urgente la asistencia militar a los agentes federales de inmigraci\u00f3n. Algunos efectivos de la guardia han empezado a formar un per\u00edmetro de protecci\u00f3n alrededor de los agentes mientras realizaban arrestos.<\/p>\n\n\n\n<p>El juez decidi\u00f3 no dictaminar de inmediato, dando al gobierno de Trump varios d\u00edas para continuar con esas actividades antes de una audiencia el jueves.<\/p>\n\n\n\n<p>Trump ha activado a m\u00e1s de 4.000 miembros de la Guardia Nacional y 700 infantes de Marina a pesar de las objeciones de las autoridades de la ciudad y del estado, aunque a\u00fan no se ha vito a los marines en Los \u00c1ngeles y las tropas de la Guardia han tenido un contacto limitado con los manifestantes.<\/p>\n\n\n\n<p>Originalmente fueron desplegados para proteger edificios federales.<\/p>\n\n\n\n<p>El discurso de Newsom culmin\u00f3 varios d\u00edas de duras declaraciones cruzadas entre Trump y Newsom, en los que el presidente pareci\u00f3 apoyar el arresto de Newsom si in<\/p>\n\n\n\n<p>terfer\u00eda con la aplicaci\u00f3n de la ley de inmigraci\u00f3n federal. \u201cCreo que es genial. A Gavin le gusta la publicidad, pero creo que ser\u00eda algo grandioso\u201d, dijo Trump a los periodistas.<\/p>\n\n\n\n<p>A lo largo de los a\u00f1os, Trump ha amenazado con intervenir en la prolongada crisis de personas sin hogar en California, ha prometido retener la ayuda federal para incendios forestales como palanca pol\u00edtica en una disputa sobre derechos de agua, ha instado a la polic\u00eda a disparar a personas que roban tiendas y ha advertido a los residentes que \u201csus hijos est\u00e1n en peligro\u201d debido a la inmigraci\u00f3n ilegal.<\/p>\n\n\n\n<p>Trump disfruta insultando al gobernador, exalcalde de San Francisco y que est\u00e1 en su segundo mandato, y hace un juego de palabras con su nombre y la palabra \u201cescoria\u201d.<\/p>\n\n\n\n<p>A principios de este a\u00f1o culp\u00f3 al gobernador por los mortales incendios forestales en el sur de California.<\/p>\n\n\n\n<p>Trump ha argumentado que la ciudad corr\u00eda el riesgo de ser invadida por manifestantes violentos, mientras que Newsom y la alcaldesa de Los \u00c1ngeles, Karen Bass, han calificado la intervenci\u00f3n federal como una reacci\u00f3n innecesaria y potencialmente peligrosa.<\/p>\n\n\n\n<p>Las manifestaciones se han concentrado principalmente en el centro de la ciudad.<\/p>\n\n\n\n<p>Las protestas se han extendido a otras ciudades del estado y del pa\u00eds, como Dallas y Austin en Texas, Chicago y la ciudad de Nueva York, donde mil personas se reunieron y se realizaron m\u00faltiples arrestos.<\/p>\n\n\n\n<p>Trump dej\u00f3 abierta la posibilidad de invocar la Ley de Insurrecci\u00f3n, que autoriza al presidente a desplegar fuerzas militares dentro de Estados Unidos para suprimir rebeliones o violencia interna o para hacer cumplir la ley en ciertas situaciones. Es uno de los poderes de emergencia m\u00e1s extremos disponibles para un presidente de Estados Unidos.<\/p>\n\n\n\n<p>\u201cSi hay una insurrecci\u00f3n, ciertamente la invocar\u00eda. Veremos\u201d, dijo desde la Oficina Oval.<\/p>\n","protected":false},"excerpt":{"rendered":"<p>POR MICHAEL R. BLOOD LOS \u00c1NGELES (AP) \u2014 El gobernador de California, Gavin Newsom, calific\u00f3 al presidente de Estados Unidos, Donald Trump, de amenaza para el estilo de vida estadounidense,&hellip;<\/p>\n","protected":false},"author":10,"featured_media":100708,"comment_status":"open","ping_status":"open","sticky":false,"template":"","format":"standard","meta":{"content-type":"","jetpack_post_was_ever_published":false,"_jetpack_newsletter_access":"","_jetpack_dont_email_post_to_subs":false,"_jetpack_newsletter_tier_id":0,"_jetpack_memberships_contains_paywalled_content":false,"_jetpack_memberships_contains_paid_content":false,"footnotes":""},"categories":[16289],"tags":[607,20413,978,20411,20412,4409],"class_list":["post-100707","post","type-post","status-publish","format-standard","has-post-thumbnail","hentry","category-internacionales","tag-democracia","tag-despliegue-federal","tag-donald-trump","tag-gavin-newsom","tag-gobernador-de-california","tag-los-angeles"],"jetpack_featured_media_url":"https:\/\/lasprimeras.com.do\/wp-content\/uploads\/2025\/06\/Gavin-Newsom.jpg","jetpack-related-posts":[{"id":97996,"url":"https:\/\/lasprimeras.com.do\/index.php\/2025\/04\/30\/kamala-harris-planea-un-discurso-criticando-duramente-las-politicas-de-donald-trump\/","url_meta":{"origin":100707,"position":0},"title":"Kamala Harris planea un discurso criticando duramente las pol\u00edticas de Donald Trump","author":"Nelson Feliz","date":"30 de abril de 2025","format":false,"excerpt":"Por MICHAEL R. BLOOD LOS \u00c1NGELES (AP) \u2014 La exvicepresidenta Kamala Harris planea usar un discurso de alto perfil el mi\u00e9rcoles para criticar duramente al presidente Donald Trump en medio de especulaciones sobre si montar\u00e1 otra campa\u00f1a presidencial u optar\u00e1 por postularse para gobernadora de California. Harris hablar\u00e1 en la\u2026","rel":"","context":"En \u00abINTERNACIONALES\u00bb","block_context":{"text":"INTERNACIONALES","link":"https:\/\/lasprimeras.com.do\/index.php\/category\/sin-categoria\/internacionales\/"},"img":{"alt_text":"","src":"https:\/\/i0.wp.com\/lasprimeras.com.do\/wp-content\/uploads\/2025\/04\/Kamala-Harris.jpg?resize=350%2C200&ssl=1","width":350,"height":200,"srcset":"https:\/\/i0.wp.com\/lasprimeras.com.do\/wp-content\/uploads\/2025\/04\/Kamala-Harris.jpg?resize=350%2C200&ssl=1 1x, https:\/\/i0.wp.com\/lasprimeras.com.do\/wp-content\/uploads\/2025\/04\/Kamala-Harris.jpg?resize=525%2C300&ssl=1 1.5x, https:\/\/i0.wp.com\/lasprimeras.com.do\/wp-content\/uploads\/2025\/04\/Kamala-Harris.jpg?resize=700%2C400&ssl=1 2x"},"classes":[]},{"id":54551,"url":"https:\/\/lasprimeras.com.do\/index.php\/2023\/07\/12\/exseguidora-de-charles-manson-queda-en-libertad-condicional-despues-de-53-anos-de-prision\/","url_meta":{"origin":100707,"position":1},"title":"Exseguidora de Charles Manson queda en libertad condicional despu\u00e9s de 53 a\u00f1os de prisi\u00f3n","author":"Nelson Feliz","date":"12 de julio de 2023","format":false,"excerpt":"El gobernador del estado de California, Gavin Newsom, hab\u00eda anunciado que no bloquear\u00eda esta vez la puesta en libertad de Leslie van Houten. Una exseguidora de Charles Manson, Leslie Van Houten, fue liberada de prisi\u00f3n en EE.UU. despu\u00e9s de cumplir 53 a\u00f1os de su condena a cadena perpetua, informa ABC\u2026","rel":"","context":"En \u00abSin categor\u00eda\u00bb","block_context":{"text":"Sin categor\u00eda","link":"https:\/\/lasprimeras.com.do\/index.php\/category\/sin-categoria\/"},"img":{"alt_text":"Leslie Van Houten en un calabozo de Los \u00c1ngeles el 29 de marzo de 1971.","src":"https:\/\/i0.wp.com\/lasprimeras.com.do\/wp-content\/uploads\/2023\/07\/Leslie-Van-Houten.jpg?resize=350%2C200&ssl=1","width":350,"height":200,"srcset":"https:\/\/i0.wp.com\/lasprimeras.com.do\/wp-content\/uploads\/2023\/07\/Leslie-Van-Houten.jpg?resize=350%2C200&ssl=1 1x, https:\/\/i0.wp.com\/lasprimeras.com.do\/wp-content\/uploads\/2023\/07\/Leslie-Van-Houten.jpg?resize=525%2C300&ssl=1 1.5x, https:\/\/i0.wp.com\/lasprimeras.com.do\/wp-content\/uploads\/2023\/07\/Leslie-Van-Houten.jpg?resize=700%2C400&ssl=1 2x, https:\/\/i0.wp.com\/lasprimeras.com.do\/wp-content\/uploads\/2023\/07\/Leslie-Van-Houten.jpg?resize=1050%2C600&ssl=1 3x"},"classes":[]},{"id":61635,"url":"https:\/\/lasprimeras.com.do\/index.php\/2023\/09\/29\/las-estrellas-democratas-en-ascenso-se-unen-en-torno-a-la-reeleccion-de-biden\/","url_meta":{"origin":100707,"position":2},"title":"Las estrellas dem\u00f3cratas en ascenso se unen en torno a la reelecci\u00f3n de Biden","author":"Nelson Feliz","date":"29 de septiembre de 2023","format":false,"excerpt":".Tambi\u00e9n est\u00e1n considerando sus propias ofertas para 2028. POR STEVE PUEBLOS Y WILL WEISSERT WASHINGTON (AP) \u2014 El gobernador dem\u00f3crata de Pensilvania, Josh Shapiro , se dirigir\u00e1 a los votantes de las primarias presidenciales en New Hampshire el s\u00e1bado. La gobernadora de Michigan, Gretchen Whitmer , est\u00e1 trabajando para fortalecer\u2026","rel":"","context":"En \u00abSin categor\u00eda\u00bb","block_context":{"text":"Sin categor\u00eda","link":"https:\/\/lasprimeras.com.do\/index.php\/category\/sin-categoria\/"},"img":{"alt_text":"Joe Biden","src":"https:\/\/i0.wp.com\/lasprimeras.com.do\/wp-content\/uploads\/2023\/09\/Joe-Biden-2.jpg?resize=350%2C200&ssl=1","width":350,"height":200,"srcset":"https:\/\/i0.wp.com\/lasprimeras.com.do\/wp-content\/uploads\/2023\/09\/Joe-Biden-2.jpg?resize=350%2C200&ssl=1 1x, https:\/\/i0.wp.com\/lasprimeras.com.do\/wp-content\/uploads\/2023\/09\/Joe-Biden-2.jpg?resize=525%2C300&ssl=1 1.5x, https:\/\/i0.wp.com\/lasprimeras.com.do\/wp-content\/uploads\/2023\/09\/Joe-Biden-2.jpg?resize=700%2C400&ssl=1 2x"},"classes":[]},{"id":92737,"url":"https:\/\/lasprimeras.com.do\/index.php\/2025\/01\/12\/bomberos-bregan-contra-incendios-de-los-angeles-con-temor-por-fuertes-vientos-previstos\/","url_meta":{"origin":100707,"position":3},"title":"Bomberos bregan contra incendios de Los \u00c1ngeles con temor por fuertes vientos previstos","author":"Nelson Feliz","date":"12 de enero de 2025","format":false,"excerpt":"LOS \u00c1NGELES, EFE. \u2013 Las cuadrillas de bomberos que bregan contra los graves incendios de Los \u00c1ngeles contaron este domingo con la ayuda de favorables condiciones meteorol\u00f3gicas para hacer frente a los fuegos, condiciones que est\u00e1 previsto se recrudezcan a partir del lunes, alertaron las autoridades locales. En rueda de\u2026","rel":"","context":"En \u00abINTERNACIONALES\u00bb","block_context":{"text":"INTERNACIONALES","link":"https:\/\/lasprimeras.com.do\/index.php\/category\/sin-categoria\/internacionales\/"},"img":{"alt_text":"","src":"https:\/\/i0.wp.com\/lasprimeras.com.do\/wp-content\/uploads\/2025\/01\/INCENDIOS.jpg?resize=350%2C200&ssl=1","width":350,"height":200,"srcset":"https:\/\/i0.wp.com\/lasprimeras.com.do\/wp-content\/uploads\/2025\/01\/INCENDIOS.jpg?resize=350%2C200&ssl=1 1x, https:\/\/i0.wp.com\/lasprimeras.com.do\/wp-content\/uploads\/2025\/01\/INCENDIOS.jpg?resize=525%2C300&ssl=1 1.5x"},"classes":[]},{"id":100676,"url":"https:\/\/lasprimeras.com.do\/index.php\/2025\/06\/10\/trump-envia-marines-y-mas-miembros-de-la-guardia-nacional-a-los-angeles\/","url_meta":{"origin":100707,"position":4},"title":"Trump env\u00eda marines y m\u00e1s miembros de la Guardia Nacional a Los \u00c1ngeles","author":"Nelson Feliz","date":"10 de junio de 2025","format":false,"excerpt":"POR LOLITA C. BALDOR, TARA COPP, JASON DEAREN and TIM SULLIVAN LOS \u00c1NGELES (AP) \u2014 Otros 2.000 efectivos de la Guardia Nacional, as\u00ed como 700 infantes de Marina, se dirig\u00edan a Los \u00c1ngeles tras \u00f3rdenes del presidente Donald Trump el lunes, aumentando una presencia militar que las autoridades locales y\u2026","rel":"","context":"En \u00abINTERNACIONALES\u00bb","block_context":{"text":"INTERNACIONALES","link":"https:\/\/lasprimeras.com.do\/index.php\/category\/sin-categoria\/internacionales\/"},"img":{"alt_text":"","src":"https:\/\/i0.wp.com\/lasprimeras.com.do\/wp-content\/uploads\/2025\/06\/california.jpg?resize=350%2C200&ssl=1","width":350,"height":200,"srcset":"https:\/\/i0.wp.com\/lasprimeras.com.do\/wp-content\/uploads\/2025\/06\/california.jpg?resize=350%2C200&ssl=1 1x, https:\/\/i0.wp.com\/lasprimeras.com.do\/wp-content\/uploads\/2025\/06\/california.jpg?resize=525%2C300&ssl=1 1.5x, https:\/\/i0.wp.com\/lasprimeras.com.do\/wp-content\/uploads\/2025\/06\/california.jpg?resize=700%2C400&ssl=1 2x"},"classes":[]},{"id":97145,"url":"https:\/\/lasprimeras.com.do\/index.php\/2025\/04\/16\/trump-participa-en-conversaciones-arancelarias-con-japon\/","url_meta":{"origin":100707,"position":5},"title":"Trump participa en conversaciones arancelarias con Jap\u00f3n","author":"Nelson Feliz","date":"16 de abril de 2025","format":false,"excerpt":"POR DARLENE SUPERVILLE, MARI YAMAGUCHI and JOSH BOAK WASHINGTON (AP) \u2014 El presidente estadounidense, Donald Trump, se involucr\u00f3 directamente el mi\u00e9rcoles en las conversaciones comerciales con funcionarios japoneses, una se\u00f1al de la importancia del tema para Estados Unidos despu\u00e9s de que sus aranceles sacudieran la econom\u00eda y llevaran al gobierno\u2026","rel":"","context":"En \u00abECONOM\u00cdA\u00bb","block_context":{"text":"ECONOM\u00cdA","link":"https:\/\/lasprimeras.com.do\/index.php\/category\/economia\/"},"img":{"alt_text":"Donald Trump","src":"https:\/\/i0.wp.com\/lasprimeras.com.do\/wp-content\/uploads\/2025\/04\/Donald-Trump.jpg?resize=350%2C200&ssl=1","width":350,"height":200,"srcset":"https:\/\/i0.wp.com\/lasprimeras.com.do\/wp-content\/uploads\/2025\/04\/Donald-Trump.jpg?resize=350%2C200&ssl=1 1x, https:\/\/i0.wp.com\/lasprimeras.com.do\/wp-content\/uploads\/2025\/04\/Donald-Trump.jpg?resize=525%2C300&ssl=1 1.5x, https:\/\/i0.wp.com\/lasprimeras.com.do\/wp-content\/uploads\/2025\/04\/Donald-Trump.jpg?resize=700%2C400&ssl=1 2x"},"classes":[]}],"jetpack_sharing_enabled":true,"_links":{"self":[{"href":"https:\/\/lasprimeras.com.do\/index.php\/wp-json\/wp\/v2\/posts\/100707","targetHints":{"allow":["GET"]}}],"collection":[{"href":"https:\/\/lasprimeras.com.do\/index.php\/wp-json\/wp\/v2\/posts"}],"about":[{"href":"https:\/\/lasprimeras.com.do\/index.php\/wp-json\/wp\/v2\/types\/post"}],"author":[{"embeddable":true,"href":"https:\/\/lasprimeras.com.do\/index.php\/wp-json\/wp\/v2\/users\/10"}],"replies":[{"embeddable":true,"href":"https:\/\/lasprimeras.com.do\/index.php\/wp-json\/wp\/v2\/comments?post=100707"}],"version-history":[{"count":1,"href":"https:\/\/lasprimeras.com.do\/index.php\/wp-json\/wp\/v2\/posts\/100707\/revisions"}],"predecessor-version":[{"id":100709,"href":"https:\/\/lasprimeras.com.do\/index.php\/wp-json\/wp\/v2\/posts\/100707\/revisions\/100709"}],"wp:featuredmedia":[{"embeddable":true,"href":"https:\/\/lasprimeras.com.do\/index.php\/wp-json\/wp\/v2\/media\/100708"}],"wp:attachment":[{"href":"https:\/\/lasprimeras.com.do\/index.php\/wp-json\/wp\/v2\/media?parent=100707"}],"wp:term":[{"taxonomy":"category","embeddable":true,"href":"https:\/\/lasprimeras.com.do\/index.php\/wp-json\/wp\/v2\/categories?post=100707"},{"taxonomy":"post_tag","embeddable":true,"href":"https:\/\/lasprimeras.com.do\/index.php\/wp-json\/wp\/v2\/tags?post=100707"}],"curies":[{"name":"wp","href":"https:\/\/api.w.org\/{rel}","templated":true}]}}