{"id":100710,"date":"2025-06-11T07:37:05","date_gmt":"2025-06-11T11:37:05","guid":{"rendered":"https:\/\/lasprimeras.com.do\/?p=100710"},"modified":"2025-06-11T07:37:07","modified_gmt":"2025-06-11T11:37:07","slug":"musk-se-retracta-en-su-disputa-con-trump-y-lamenta-publicaciones-que-fueron-demasiado-lejos","status":"publish","type":"post","link":"https:\/\/lasprimeras.com.do\/index.php\/2025\/06\/11\/musk-se-retracta-en-su-disputa-con-trump-y-lamenta-publicaciones-que-fueron-demasiado-lejos\/","title":{"rendered":"Musk se retracta en su disputa con Trump y lamenta publicaciones que \u201cfueron demasiado lejos\u201d"},"content":{"rendered":"\n<p>WASHINGTON (AP) \u2014 Elon Musk dio un paso atr\u00e1s en su explosiva disputa con el presidente de Estados Unidos, Donald Trump y public\u00f3 un mensaje en X en el que lament\u00f3 algunas de sus publicaciones sobre su antiguo aliado, afirmando que fueron \u201cdemasiado lejos\u201d.<\/p>\n\n\n\n<p>\u201cLamento algunas de mis publicaciones sobre el presidente @realDonaldTrump la semana pasada. Fueron demasiado lejos\u201d, dijo el multimillonario en una publicaci\u00f3n en la madrugada del mi\u00e9rcoles.<\/p>\n\n\n\n<p>La ruptura de Musk con un presidente en cuya elecci\u00f3n gast\u00f3 cientos de millones de d\u00f3lares pareci\u00f3 poner fin a su influencia en la Casa Blanca y gener\u00f3 preocupaciones sobre los efectos en sus empresas.<\/p>\n\n\n\n<p>Como destacado contratista del gobierno, los negocios de Musk podr\u00edan ser especialmente vulnerables a las represalias, y Trump ya ha amenazado con suspender los contratos de Musk.<\/p>\n\n\n\n<p>Musk elimin\u00f3 anteriormente una publicaci\u00f3n en la que afirmaba sin pruebas que el gobierno estaba ocultando informaci\u00f3n sobre la relaci\u00f3n del mandatario republicano con el infame ped\u00f3filo Jeffrey Epstein.<\/p>\n\n\n\n<p>Otras publicaciones que enojaron a Trump, incluidas aquellas en las que Musk calific\u00f3 su proyecto de ley de gastos como una \u201cabominaci\u00f3n\u201d y se atribuy\u00f3 el m\u00e9rito de su victoria electoral, segu\u00edan online.<\/p>\n\n\n\n<p>Trump dijo el domingo a Kristen Welker, de la televisora NBC, que no quiere reparar su relaci\u00f3n y advirti\u00f3 que Musk podr\u00eda enfrentar \u201cserias consecuencias\u201d si intenta ayudar a los dem\u00f3cratas en las pr\u00f3ximas elecciones.<\/p>\n","protected":false},"excerpt":{"rendered":"<p>WASHINGTON (AP) \u2014 Elon Musk dio un paso atr\u00e1s en su explosiva disputa con el presidente de Estados Unidos, Donald Trump y public\u00f3 un mensaje en X en el que&hellip;<\/p>\n","protected":false},"author":10,"featured_media":100711,"comment_status":"open","ping_status":"open","sticky":false,"template":"","format":"standard","meta":{"content-type":"","jetpack_post_was_ever_published":false,"_jetpack_newsletter_access":"","_jetpack_dont_email_post_to_subs":false,"_jetpack_newsletter_tier_id":0,"_jetpack_memberships_contains_paywalled_content":false,"_jetpack_memberships_contains_paid_content":false,"footnotes":""},"categories":[16289],"tags":[20414],"class_list":["post-100710","post","type-post","status-publish","format-standard","has-post-thumbnail","hentry","category-internacionales","tag-elon-musk-se-retracta-en-su-disputa-con-donald-trump"],"jetpack_featured_media_url":"https:\/\/lasprimeras.com.do\/wp-content\/uploads\/2025\/06\/elon.jpg","jetpack-related-posts":[{"id":88333,"url":"https:\/\/lasprimeras.com.do\/index.php\/2024\/08\/26\/donald-trump-vuelve-a-proponer-que-elon-musk-forme-parte-de-su-gabinete\/","url_meta":{"origin":100710,"position":0},"title":"Donald Trump vuelve a proponer que Elon Musk forme parte de su gabinete","author":"Nelson Feliz","date":"26 de agosto de 2024","format":false,"excerpt":"Denisse Marina La carrera por la presidencia de los Estados Unidos est\u00e1 en pleno auge, con movimientos y decisiones que est\u00e1n captando la atenci\u00f3n mundial. Por un lado, Joe Biden ha decidido renunciar a su candidatura, mientras que el Partido Dem\u00f3crata ha seleccionado a Kamala Harris, actual vicepresidenta, como su\u2026","rel":"","context":"En \u00abSin categor\u00eda\u00bb","block_context":{"text":"Sin categor\u00eda","link":"https:\/\/lasprimeras.com.do\/index.php\/category\/sin-categoria\/"},"img":{"alt_text":"Donald Trump vs Elon Musk","src":"https:\/\/i0.wp.com\/lasprimeras.com.do\/wp-content\/uploads\/2024\/08\/Donald-Trump-vs-Elon-Musk.jpg?resize=350%2C200&ssl=1","width":350,"height":200,"srcset":"https:\/\/i0.wp.com\/lasprimeras.com.do\/wp-content\/uploads\/2024\/08\/Donald-Trump-vs-Elon-Musk.jpg?resize=350%2C200&ssl=1 1x, https:\/\/i0.wp.com\/lasprimeras.com.do\/wp-content\/uploads\/2024\/08\/Donald-Trump-vs-Elon-Musk.jpg?resize=525%2C300&ssl=1 1.5x"},"classes":[]},{"id":97733,"url":"https:\/\/lasprimeras.com.do\/index.php\/2025\/04\/27\/a-medida-que-musk-gana-poder-en-washington-su-popularidad-cae-segun-encuesta-de-ap-norc\/","url_meta":{"origin":100710,"position":1},"title":"A medida que Musk gana poder en Washington, su popularidad cae, seg\u00fan encuesta de AP-NORC","author":"Nelson Feliz","date":"27 de abril de 2025","format":false,"excerpt":"POR CHRIS MEGERIAN and AMELIA THOMSON-DEVEAUX LONDRES (AP) \u2014 Elon Musk pas\u00f3 a\u00f1os construyendo su prestigio como un tit\u00e1n de los negocios y visionario tecnol\u00f3gico, desestimando a cr\u00edticos y esc\u00e9pticos para convertirse en la persona m\u00e1s rica del planeta. Sin embargo, a medida que Musk gan\u00f3 poder en Washington en\u2026","rel":"","context":"En \u00abINTERNACIONALES\u00bb","block_context":{"text":"INTERNACIONALES","link":"https:\/\/lasprimeras.com.do\/index.php\/category\/sin-categoria\/internacionales\/"},"img":{"alt_text":"","src":"https:\/\/i0.wp.com\/lasprimeras.com.do\/wp-content\/uploads\/2025\/04\/Elon-Musk.jpg?resize=350%2C200&ssl=1","width":350,"height":200,"srcset":"https:\/\/i0.wp.com\/lasprimeras.com.do\/wp-content\/uploads\/2025\/04\/Elon-Musk.jpg?resize=350%2C200&ssl=1 1x, https:\/\/i0.wp.com\/lasprimeras.com.do\/wp-content\/uploads\/2025\/04\/Elon-Musk.jpg?resize=525%2C300&ssl=1 1.5x"},"classes":[]},{"id":96360,"url":"https:\/\/lasprimeras.com.do\/index.php\/2025\/03\/30\/elon-musk-fusiona-su-empresa-de-inteligencia-artificial-xai-y-x-por-33000-millones-de-dolares\/","url_meta":{"origin":100710,"position":2},"title":"Elon Musk fusiona su empresa de inteligencia artificial xAI y X por 33,000 millones de d\u00f3lares","author":"Nelson Feliz","date":"30 de marzo de 2025","format":false,"excerpt":"Musk anuncia que su empresa de inteligencia artificial xAI adquiri\u00f3 X por USD 33.000 millones. San Francisco, AFP - El viernes el magnate Elon Musk anunci\u00f3 que su start-up de inteligencia artificial xAI adquiri\u00f3 la red social X, tambi\u00e9n de su propiedad, en una \"transacci\u00f3n totalmente en acciones\" que valora\u2026","rel":"","context":"En \u00abECONOM\u00cdA\u00bb","block_context":{"text":"ECONOM\u00cdA","link":"https:\/\/lasprimeras.com.do\/index.php\/category\/economia\/"},"img":{"alt_text":"","src":"https:\/\/i0.wp.com\/lasprimeras.com.do\/wp-content\/uploads\/2025\/03\/Elon-Musk-1.jpg?resize=350%2C200&ssl=1","width":350,"height":200,"srcset":"https:\/\/i0.wp.com\/lasprimeras.com.do\/wp-content\/uploads\/2025\/03\/Elon-Musk-1.jpg?resize=350%2C200&ssl=1 1x, https:\/\/i0.wp.com\/lasprimeras.com.do\/wp-content\/uploads\/2025\/03\/Elon-Musk-1.jpg?resize=525%2C300&ssl=1 1.5x, https:\/\/i0.wp.com\/lasprimeras.com.do\/wp-content\/uploads\/2025\/03\/Elon-Musk-1.jpg?resize=700%2C400&ssl=1 2x"},"classes":[]},{"id":87497,"url":"https:\/\/lasprimeras.com.do\/index.php\/2024\/08\/12\/donald-trump-en-conversacion-con-elon-musk-la-inmigracion-ilegal-me-salvo-la-vida\/","url_meta":{"origin":100710,"position":3},"title":"Donald Trump en conversaci\u00f3n con Elon Musk: \u201cLa inmigraci\u00f3n ilegal me salv\u00f3 la vida\u201d","author":"Nelson Feliz","date":"12 de agosto de 2024","format":false,"excerpt":"Agencia EFE El expresidente estadounidense y candidato electoral republicano Donald Trump (2017-2021) asegur\u00f3 este lunes que la inmigraci\u00f3n ilegal le \u201csalv\u00f3\u201d la vida el d\u00eda de su ataque y brome\u00f3 con que incluso va a dormir con el gr\u00e1fico que mostr\u00f3 al p\u00fablico y que al girar la cabeza le\u2026","rel":"","context":"En \u00abSin categor\u00eda\u00bb","block_context":{"text":"Sin categor\u00eda","link":"https:\/\/lasprimeras.com.do\/index.php\/category\/sin-categoria\/"},"img":{"alt_text":"Donald Trump","src":"https:\/\/i0.wp.com\/lasprimeras.com.do\/wp-content\/uploads\/2024\/08\/Donald-Trump.jpg?resize=350%2C200&ssl=1","width":350,"height":200,"srcset":"https:\/\/i0.wp.com\/lasprimeras.com.do\/wp-content\/uploads\/2024\/08\/Donald-Trump.jpg?resize=350%2C200&ssl=1 1x, https:\/\/i0.wp.com\/lasprimeras.com.do\/wp-content\/uploads\/2024\/08\/Donald-Trump.jpg?resize=525%2C300&ssl=1 1.5x, https:\/\/i0.wp.com\/lasprimeras.com.do\/wp-content\/uploads\/2024\/08\/Donald-Trump.jpg?resize=700%2C400&ssl=1 2x"},"classes":[]},{"id":89809,"url":"https:\/\/lasprimeras.com.do\/index.php\/2024\/10\/05\/musk-afirma-que-solo-trump-puede-preservar-la-democracia-en-estados-unidos\/","url_meta":{"origin":100710,"position":4},"title":"Musk afirma que s\u00f3lo Trump puede &#8220;preservar la democracia en Estados Unidos&#8221;","author":"Nelson Feliz","date":"5 de octubre de 2024","format":false,"excerpt":"MEG KINNARD El multimillonario empresario tecnol\u00f3gico Elon Musk hizo un dram\u00e1tico pron\u00f3stico sobre las pr\u00f3ximas elecciones presidenciales durante una aparici\u00f3n el s\u00e1bado con Donald Trump, afirmando que el candidato republicano es el \u00fanico que podr\u00eda \u201cpreservar la democracia en Estados Unidos\u201d. Musk, el director general de SpaceX y Tesla, quien\u2026","rel":"","context":"En \u00abSin categor\u00eda\u00bb","block_context":{"text":"Sin categor\u00eda","link":"https:\/\/lasprimeras.com.do\/index.php\/category\/sin-categoria\/"},"img":{"alt_text":"De izquierda a derecha: el director general de Tesla y SpaceX, Elon Musk; el candidato presidencial republicano, el expresidente Donald Trump; y el candidato republicano a la vicepresidencia, el senador JD Vance, republicano por Ohio, asisten a un acto de campa\u00f1a en el Butler Farm Show, el s\u00e1bado 5 de octubre de 2024, en Butler, Pensilvania","src":"https:\/\/i0.wp.com\/lasprimeras.com.do\/wp-content\/uploads\/2024\/10\/musk.jpg?resize=350%2C200&ssl=1","width":350,"height":200,"srcset":"https:\/\/i0.wp.com\/lasprimeras.com.do\/wp-content\/uploads\/2024\/10\/musk.jpg?resize=350%2C200&ssl=1 1x, https:\/\/i0.wp.com\/lasprimeras.com.do\/wp-content\/uploads\/2024\/10\/musk.jpg?resize=525%2C300&ssl=1 1.5x"},"classes":[]},{"id":96528,"url":"https:\/\/lasprimeras.com.do\/index.php\/2025\/04\/02\/el-triunfo-democrata-en-la-corte-suprema-de-wisconsin-es-tambien-una-gran-derrota-para-elon-musk\/","url_meta":{"origin":100710,"position":5},"title":"El triunfo dem\u00f3crata en la Corte Suprema de Wisconsin es tambi\u00e9n una gran derrota para Elon Musk","author":"Nelson Feliz","date":"2 de abril de 2025","format":false,"excerpt":"POR NICHOLAS RICCARDI and THOMAS BEAUMONT MADISON, Wisconsin, EE.UU. (AP) \u2014 La jueza Susan Crawford mantuvo el martes la estrecha mayor\u00eda progresista en la Corte Suprema de Wisconsin al derrotar al conservador Brad Schimel, pero de alguna manera el verdadero perdedor de la elecci\u00f3n fue el multimillonario Elon Musk. Musk\u2026","rel":"","context":"En \u00abINTERNACIONALES\u00bb","block_context":{"text":"INTERNACIONALES","link":"https:\/\/lasprimeras.com.do\/index.php\/category\/sin-categoria\/internacionales\/"},"img":{"alt_text":"","src":"https:\/\/i0.wp.com\/lasprimeras.com.do\/wp-content\/uploads\/2025\/04\/Elon-Musk-1.jpg?resize=350%2C200&ssl=1","width":350,"height":200,"srcset":"https:\/\/i0.wp.com\/lasprimeras.com.do\/wp-content\/uploads\/2025\/04\/Elon-Musk-1.jpg?resize=350%2C200&ssl=1 1x, https:\/\/i0.wp.com\/lasprimeras.com.do\/wp-content\/uploads\/2025\/04\/Elon-Musk-1.jpg?resize=525%2C300&ssl=1 1.5x, https:\/\/i0.wp.com\/lasprimeras.com.do\/wp-content\/uploads\/2025\/04\/Elon-Musk-1.jpg?resize=700%2C400&ssl=1 2x"},"classes":[]}],"jetpack_sharing_enabled":true,"_links":{"self":[{"href":"https:\/\/lasprimeras.com.do\/index.php\/wp-json\/wp\/v2\/posts\/100710","targetHints":{"allow":["GET"]}}],"collection":[{"href":"https:\/\/lasprimeras.com.do\/index.php\/wp-json\/wp\/v2\/posts"}],"about":[{"href":"https:\/\/lasprimeras.com.do\/index.php\/wp-json\/wp\/v2\/types\/post"}],"author":[{"embeddable":true,"href":"https:\/\/lasprimeras.com.do\/index.php\/wp-json\/wp\/v2\/users\/10"}],"replies":[{"embeddable":true,"href":"https:\/\/lasprimeras.com.do\/index.php\/wp-json\/wp\/v2\/comments?post=100710"}],"version-history":[{"count":1,"href":"https:\/\/lasprimeras.com.do\/index.php\/wp-json\/wp\/v2\/posts\/100710\/revisions"}],"predecessor-version":[{"id":100712,"href":"https:\/\/lasprimeras.com.do\/index.php\/wp-json\/wp\/v2\/posts\/100710\/revisions\/100712"}],"wp:featuredmedia":[{"embeddable":true,"href":"https:\/\/lasprimeras.com.do\/index.php\/wp-json\/wp\/v2\/media\/100711"}],"wp:attachment":[{"href":"https:\/\/lasprimeras.com.do\/index.php\/wp-json\/wp\/v2\/media?parent=100710"}],"wp:term":[{"taxonomy":"category","embeddable":true,"href":"https:\/\/lasprimeras.com.do\/index.php\/wp-json\/wp\/v2\/categories?post=100710"},{"taxonomy":"post_tag","embeddable":true,"href":"https:\/\/lasprimeras.com.do\/index.php\/wp-json\/wp\/v2\/tags?post=100710"}],"curies":[{"name":"wp","href":"https:\/\/api.w.org\/{rel}","templated":true}]}}