{"id":100716,"date":"2025-06-11T07:54:43","date_gmt":"2025-06-11T11:54:43","guid":{"rendered":"https:\/\/lasprimeras.com.do\/?p=100716"},"modified":"2025-06-11T07:54:45","modified_gmt":"2025-06-11T11:54:45","slug":"la-policia-de-los-angeles-aplica-un-toque-de-queda-ante-protestas-por-redadas-migratorias-de-trump","status":"publish","type":"post","link":"https:\/\/lasprimeras.com.do\/index.php\/2025\/06\/11\/la-policia-de-los-angeles-aplica-un-toque-de-queda-ante-protestas-por-redadas-migratorias-de-trump\/","title":{"rendered":"La polic\u00eda de Los \u00c1ngeles aplica un toque de queda ante protestas por redadas migratorias de Trump"},"content":{"rendered":"\n<p>POR JAKE OFFENHARTZ, JAIMIE DING, LOLITA C. BALDOR and TARA COPP<\/p>\n\n\n\n<p>LOS \u00c1NGELES (AP) \u2014 La polic\u00eda de Los \u00c1ngeles hizo cumplir con rapidez un toque de queda en el centro de la ciudad la noche del martes, e hizo detenciones momentos despu\u00e9s de que entrara en vigor, mientras desplegaba agentes a caballo y utilizaba proyectiles de control de multitudes para dispersar a un grupo de cientos de personas que protestaban contra la represi\u00f3n migratoria del presidente Donald Trump.<\/p>\n\n\n\n<p>Miembros de la Guardia Nacional permanecieron vigilantes detr\u00e1s de escudos de pl\u00e1stico, pero no parecieron participar en los arrestos.<\/p>\n\n\n\n<p>Horas m\u00e1s tarde, muchos de los manifestantes se hab\u00edan dispersado, aunque continuaban enfrentamientos espor\u00e1dicos que fueron mucho m\u00e1s peque\u00f1os que en noches anteriores.<\/p>\n\n\n\n<p>Las autoridades dijeron que el toque de queda era necesario para detener el vandalismo y el robo por parte de agitadores que buscaban causar problemas.<\/p>\n\n\n\n<p>El gobernador, el dem\u00f3crata Gavin Newsom, acus\u00f3 antes a Trump de arrojar una \u201cred de arrastre militar\u201d sobre la segunda ciudad m\u00e1s grande del pa\u00eds con su uso creciente de la Guardia Nacional.<\/p>\n\n\n\n<p>Tambi\u00e9n despleg\u00f3 infantes de Marina, aunque el martes no se les vio en las calles.<\/p>\n\n\n\n<p>Newsom solicit\u00f3 a una corte que detuviera con urgencia la asistencia militar a los agentes federales de inmigraci\u00f3n, despu\u00e9s de que algunos guardias empezaran a proteger a los agentes mientras realizaban arrestos.<\/p>\n\n\n\n<p>Newsom aleg\u00f3 que eso s\u00f3lo aumentar\u00eda las tensiones y promover\u00eda disturbios civiles. El juez fij\u00f3 una audiencia para el jueves, lo que daba al gobierno varios d\u00edas para continuar con esas actividades.<\/p>\n\n\n\n<p>El cambio situaba a las tropas m\u00e1s cerca de participar en operaciones como las deportaciones prometidas por Trump dentro de su campa\u00f1a contra la inmigraci\u00f3n.<\/p>\n\n\n\n<p>La Guardia tiene autoridad para detener temporalmente a personas que ataquen a agentes, pero cualquier arresto finalmente ser\u00eda realizado por las fuerzas del orden.<\/p>\n\n\n\n<p>Trump ha activado a m\u00e1s de 4.000 miembros de la Guardia Nacional y 700 marines a pesar de las objeciones de las autoridades de la ciudad y el estado. Originalmente fueron desplegados para proteger edificios federales.<\/p>\n\n\n\n<p>Las manifestaciones se han extendido a otras ciudades del pa\u00eds, incluidas Dallas y Austin en Texas, Chicago y Nueva York, donde se congreg\u00f3 un millar de personas y se realizaron m\u00faltiples arrestos.<\/p>\n\n\n\n<p>En Texas, donde la polic\u00eda en Austin utiliz\u00f3 irritantes qu\u00edmicos para dispersar a varios cientos de manifestantes el lunes, las tropas de la Guardia Nacional del estado estaban \u201cen espera\u201d en \u00e1reas donde se planean manifestaciones, seg\u00fan dijo el martes por la noche Andrew Mahaleris, portavoz del gobernador republicano Greg Abbott.<\/p>\n\n\n\n<p>Se desplegaron miembros de la Guardia en San Antonio, seg\u00fan el jefe asistente de polic\u00eda Jesse Salame. Dijo que no sab\u00eda cu\u00e1ntos fueron enviados ni detalles sobre el despliegue.<\/p>\n\n\n\n<p>La alcaldesa de Los \u00c1ngeles impone toque de queda<\/p>\n\n\n\n<p>La alcaldesa de Los \u00c1ngeles, Karen Bass, declar\u00f3 una emergencia local en el quinto d\u00eda de protestas y dijo que el toque de queda se extender\u00e1 desde las 8 de la tarde del martes hasta las 6 de la ma\u00f1ana del mi\u00e9rcoles. Dijo que se esperaba que durara varios d\u00edas.<\/p>\n\n\n\n<p>\u201cHemos llegado a un punto de inflexi\u00f3n\u201d despu\u00e9s de que 23 negocios fueran saqueados, dijo Bass durante una conferencia de prensa el martes.<\/p>\n\n\n\n<p>El toque de queda cubre una secci\u00f3n de 2,5 kil\u00f3metros cuadrados (1 milla cuadrada) del centro que incluye el \u00e1rea donde han ocurrido protestas desde el viernes. La ciudad de Los \u00c1ngeles abarca casi 1.290 kil\u00f3metros cuadrados (unas 500 millas cuadradas).<\/p>\n\n\n\n<p>El toque de queda no se aplica a los residentes del \u00e1rea designada, personas sin hogar, medios acreditados o funcionarios de seguridad p\u00fablica y emergencia, seg\u00fan el jefe de polic\u00eda de Los \u00c1ngeles, Jim McDonnell.<\/p>\n\n\n\n<p>McDonnell dijo que el \u201ccomportamiento ilegal y peligroso\u201d hab\u00eda estado escalando desde el s\u00e1bado.<\/p>\n\n\n\n<p>\u201cEl toque de queda es una medida necesaria para proteger vidas y salvaguardar la propiedad despu\u00e9s de varios d\u00edas consecutivos de creciente agitaci\u00f3n en toda la ciudad\u201d, dijo McDonnell.<\/p>\n\n\n\n<p>Trump dice que est\u00e1 dispuesto a aplicar la Ley de Insurrecci\u00f3n<\/p>\n\n\n\n<p>Trump dej\u00f3 abierta la posibilidad de invocar la Ley de Insurrecci\u00f3n, que autoriza al presidente a desplegar fuerzas militares dentro de Estados Unidos para suprimir rebeliones o violencia interna o para hacer cumplir la ley en ciertas situaciones. Es uno de los poderes de emergencia m\u00e1s extremos disponibles para un presidente de Estados Unidos.<\/p>\n\n\n\n<p>\u201cSi hay una insurrecci\u00f3n, ciertamente la invocar\u00eda. Veremos\u201d, dijo desde la Oficina Oval.<\/p>\n\n\n\n<p>M\u00e1s tarde, el presidente llam\u00f3 \u201canimales\u201d y \u201cun enemigo extranjero\u201d a los manifestantes en un discurso en Fort Bragg, que en principio pretend\u00eda conmemorar el 250 aniversario del Ej\u00e9rcito de Estados Unidos.<\/p>\n\n\n\n<p>Trump ha descrito a Los \u00c1ngeles en t\u00e9rminos alarmantes que Bass y Newsom dicen que est\u00e1n totalmente disociados de la realidad.<\/p>\n\n\n\n<p>En un discurso p\u00fablico el martes por la noche, Newsom calific\u00f3 las acciones de Trump como el inicio de un \u201casalto\u201d a la democracia.<\/p>\n\n\n\n<p>\u201cCalifornia puede ser la primera, pero claramente no terminar\u00e1 aqu\u00ed. Otros estados son los siguientes\u201d, dijo.<\/p>\n\n\n\n<p>Newsom pidi\u00f3 a la gente que no incitara a la violencia, aunque les inst\u00f3 a oponerse a las acciones del presidente.<\/p>\n\n\n\n<p>\u201cLo que m\u00e1s desea Donald Trump es su lealtad, su silencio, que sean c\u00f3mplices en este momento. No cedan ante \u00e9l\u201d.<\/p>\n\n\n\n<p>Las protestas comenzaron el viernes despu\u00e9s de que redadas federales de inmigraci\u00f3n arrestaran a docenas de trabajadores en Los \u00c1ngeles.<\/p>\n\n\n\n<p>Los manifestantes bloquearon una autopista principal y prendieron fuego a autos durante el fin de semana, y la polic\u00eda respondi\u00f3 con gases lacrim\u00f3genos, balas de goma y granadas aturdidoras.<\/p>\n\n\n\n<p>Las manifestaciones se han concentrado principalmente en el centro de la ciudad de cuatro millones de habitantes.<\/p>\n\n\n\n<p>Miles de personas se reunieron de forma pac\u00edfica frente al Ayuntamiento y cientos m\u00e1s protestaron frente a un complejo federal que incluye un centro de detenci\u00f3n donde algunos inmigrantes est\u00e1n detenidos tras redadas en lugares de trabajo.<\/p>\n\n\n\n<p>A pesar de las protestas, las redadas migratorias han continuado en todo el condado. Autoridades de la ciudad y grupos comunitarios reportaron actividad del ICE en bibliotecas, lavaderos de autos y establecimientos Home Depot.<br>Las graduaciones escolares en Los \u00c1ngeles han aumentado la seguridad por temor a acciones de ICE y algunas han ofrecido a los padres la opci\u00f3n de verlas por Zoom.<\/p>\n\n\n\n<p>McDonnell dijo que la polic\u00eda hab\u00eda realizado 197 arrestos el martes, incluidos 67 que fueron detenidos por ocupar ilegalmente parte de la autopista 101.<\/p>\n\n\n\n<p>Varios negocios fueron saqueados el lunes, aunque las autoridades no dijeron si el saqueo estaba relacionado con las protestas.<\/p>\n\n\n\n<p>La gran mayor\u00eda de los arrestos han sido por no dispersarse, aunque hubo otros por agresi\u00f3n con un arma mortal, saqueo, vandalismo e intento de asesinato por lanzar una bomba molotov. Siete agentes de polic\u00eda resultaron heridos, y al menos dos fueron llevados a un hospital y dados de alta.<\/p>\n\n\n\n<p>El secretario de Defensa, Pete Hegseth, sugiri\u00f3 el martes que el uso de tropas dentro de Estados Unidos continuar\u00e1 expandi\u00e9ndose.<\/p>\n\n\n\n<p>El Pent\u00e1gono dijo que desplegar la Guardia Nacional y los marines cuesta 134 millones de d\u00f3lares.<\/p>\n","protected":false},"excerpt":{"rendered":"<p>POR JAKE OFFENHARTZ, JAIMIE DING, LOLITA C. BALDOR and TARA COPP LOS \u00c1NGELES (AP) \u2014 La polic\u00eda de Los \u00c1ngeles hizo cumplir con rapidez un toque de queda en el&hellip;<\/p>\n","protected":false},"author":10,"featured_media":100717,"comment_status":"open","ping_status":"open","sticky":false,"template":"","format":"standard","meta":{"content-type":"","jetpack_post_was_ever_published":false,"_jetpack_newsletter_access":"","_jetpack_dont_email_post_to_subs":false,"_jetpack_newsletter_tier_id":0,"_jetpack_memberships_contains_paywalled_content":false,"_jetpack_memberships_contains_paid_content":false,"footnotes":""},"categories":[16289],"tags":[978,20417,3767,20416,20415],"class_list":["post-100716","post","type-post","status-publish","format-standard","has-post-thumbnail","hentry","category-internacionales","tag-donald-trump","tag-policia-de-los-angeles","tag-protestas","tag-redadas-migratorias","tag-toque-de-queda"],"jetpack_featured_media_url":"https:\/\/lasprimeras.com.do\/wp-content\/uploads\/2025\/06\/toque-de-queda.jpg","jetpack-related-posts":[{"id":100799,"url":"https:\/\/lasprimeras.com.do\/index.php\/2025\/06\/12\/alcaldes-del-area-de-la-exigen-al-gobierno-de-eeuu-poner-fin-a-redadas-migratorias\/","url_meta":{"origin":100716,"position":0},"title":"Alcaldes del \u00e1rea de LA exigen al gobierno de EEUU poner fin a redadas migratorias","author":"Nelson Feliz","date":"12 de junio de 2025","format":false,"excerpt":"POR CHRISTOPHER WEBER, AMY TAXIN, JAKE OFFENHARTZ and JOHN SEEWER LOS \u00c1NGELES (AP) \u2014 Decenas de alcaldes de toda la regi\u00f3n de Los \u00c1ngeles se unieron el mi\u00e9rcoles para exigir que el gobierno del presidente Donald Trump ponga fin a las redadas de inmigraci\u00f3n intensificadas que han sembrado miedo en\u2026","rel":"","context":"En \u00abINTERNACIONALES\u00bb","block_context":{"text":"INTERNACIONALES","link":"https:\/\/lasprimeras.com.do\/index.php\/category\/sin-categoria\/internacionales\/"},"img":{"alt_text":"","src":"https:\/\/i0.wp.com\/lasprimeras.com.do\/wp-content\/uploads\/2025\/06\/Alcaldes-de-Los-Angeles.jpg?resize=350%2C200&ssl=1","width":350,"height":200,"srcset":"https:\/\/i0.wp.com\/lasprimeras.com.do\/wp-content\/uploads\/2025\/06\/Alcaldes-de-Los-Angeles.jpg?resize=350%2C200&ssl=1 1x, https:\/\/i0.wp.com\/lasprimeras.com.do\/wp-content\/uploads\/2025\/06\/Alcaldes-de-Los-Angeles.jpg?resize=525%2C300&ssl=1 1.5x, https:\/\/i0.wp.com\/lasprimeras.com.do\/wp-content\/uploads\/2025\/06\/Alcaldes-de-Los-Angeles.jpg?resize=700%2C400&ssl=1 2x"},"classes":[]},{"id":101099,"url":"https:\/\/lasprimeras.com.do\/index.php\/2025\/06\/16\/pese-a-las-protestas-trump-ordena-al-ice-ampliar-deportaciones-en-ciudades-con-gobierno-democrata\/","url_meta":{"origin":100716,"position":1},"title":"Pese a las protestas, Trump ordena al ICE ampliar deportaciones en ciudades con gobierno dem\u00f3crata","author":"Nelson Feliz","date":"16 de junio de 2025","format":false,"excerpt":"POR AAMER MADHANI WASHINGTON (AP) \u2014 El presidente estadounidense, Donald Trump, orden\u00f3 el domingo a funcionarios federales de inmigraci\u00f3n que den prioridad a las deportaciones en ciudades gobernadas por dem\u00f3cratas, despu\u00e9s de que surgieran grandes protestas en Los \u00c1ngeles y otras ciudades de gran tama\u00f1o contra las pol\u00edticas migratorias de\u2026","rel":"","context":"En \u00abINTERNACIONALES\u00bb","block_context":{"text":"INTERNACIONALES","link":"https:\/\/lasprimeras.com.do\/index.php\/category\/sin-categoria\/internacionales\/"},"img":{"alt_text":"","src":"https:\/\/i0.wp.com\/lasprimeras.com.do\/wp-content\/uploads\/2025\/06\/Donald-Trump-1.jpg?resize=350%2C200&ssl=1","width":350,"height":200,"srcset":"https:\/\/i0.wp.com\/lasprimeras.com.do\/wp-content\/uploads\/2025\/06\/Donald-Trump-1.jpg?resize=350%2C200&ssl=1 1x, https:\/\/i0.wp.com\/lasprimeras.com.do\/wp-content\/uploads\/2025\/06\/Donald-Trump-1.jpg?resize=525%2C300&ssl=1 1.5x, https:\/\/i0.wp.com\/lasprimeras.com.do\/wp-content\/uploads\/2025\/06\/Donald-Trump-1.jpg?resize=700%2C400&ssl=1 2x"},"classes":[]},{"id":94351,"url":"https:\/\/lasprimeras.com.do\/index.php\/2025\/02\/28\/decenas-de-personas-protestan-en-puerto-rico-contra-arrestos-de-migrantes-por-parte-de-ice\/","url_meta":{"origin":100716,"position":2},"title":"Decenas de personas protestan en Puerto Rico contra arrestos de migrantes por parte de ICE","author":"Nelson Feliz","date":"28 de febrero de 2025","format":false,"excerpt":"Los grupos promueven \"El apag\u00f3n econ\u00f3mico de 24 horas\" programado para este viernes, 28 de febrero San Juan,EFE \u2013 Decenas de personas se concentraron la tarde de este jueves en el Viejo San Juan, distrito hist\u00f3rico de la capital puertorrique\u00f1a, para protestar en contra de la pol\u00edtica migratoria del presidente\u2026","rel":"","context":"En \u00abINTERNACIONALES\u00bb","block_context":{"text":"INTERNACIONALES","link":"https:\/\/lasprimeras.com.do\/index.php\/category\/sin-categoria\/internacionales\/"},"img":{"alt_text":"","src":"https:\/\/i0.wp.com\/lasprimeras.com.do\/wp-content\/uploads\/2025\/02\/protesta.png?resize=350%2C200&ssl=1","width":350,"height":200,"srcset":"https:\/\/i0.wp.com\/lasprimeras.com.do\/wp-content\/uploads\/2025\/02\/protesta.png?resize=350%2C200&ssl=1 1x, https:\/\/i0.wp.com\/lasprimeras.com.do\/wp-content\/uploads\/2025\/02\/protesta.png?resize=525%2C300&ssl=1 1.5x, https:\/\/i0.wp.com\/lasprimeras.com.do\/wp-content\/uploads\/2025\/02\/protesta.png?resize=700%2C400&ssl=1 2x"},"classes":[]},{"id":58758,"url":"https:\/\/lasprimeras.com.do\/index.php\/2023\/08\/28\/protesta-frente-a-la-mansion-del-alcalde-de-nueva-york-debido-a-la-crisis-migratoria\/","url_meta":{"origin":100716,"position":3},"title":"Protesta frente a la mansi\u00f3n del alcalde de Nueva York debido a la crisis migratoria","author":"Nelson Feliz","date":"28 de agosto de 2023","format":false,"excerpt":"\"La frontera no es segura. Es un caos total\", opin\u00f3 Sliwa, fundador de la patrulla ciudadana de los \u00c1ngeles Guardianes. AGENCIA EFE Decenas de personas fueron este domingo a protestar frente a Gracie Mansion, la residencia del alcalde de Nueva York, el dem\u00f3crata Eric Adams, para quejarse sobre la crisis\u2026","rel":"","context":"En \u00abSin categor\u00eda\u00bb","block_context":{"text":"Sin categor\u00eda","link":"https:\/\/lasprimeras.com.do\/index.php\/category\/sin-categoria\/"},"img":{"alt_text":"Protesta frente a la mansi\u00f3n del alcalde de Nueva York debido a la crisis migratoriaEFE","src":"https:\/\/i0.wp.com\/lasprimeras.com.do\/wp-content\/uploads\/2023\/08\/protesta.jpeg?resize=350%2C200&ssl=1","width":350,"height":200,"srcset":"https:\/\/i0.wp.com\/lasprimeras.com.do\/wp-content\/uploads\/2023\/08\/protesta.jpeg?resize=350%2C200&ssl=1 1x, https:\/\/i0.wp.com\/lasprimeras.com.do\/wp-content\/uploads\/2023\/08\/protesta.jpeg?resize=525%2C300&ssl=1 1.5x, https:\/\/i0.wp.com\/lasprimeras.com.do\/wp-content\/uploads\/2023\/08\/protesta.jpeg?resize=700%2C400&ssl=1 2x"},"classes":[]},{"id":100676,"url":"https:\/\/lasprimeras.com.do\/index.php\/2025\/06\/10\/trump-envia-marines-y-mas-miembros-de-la-guardia-nacional-a-los-angeles\/","url_meta":{"origin":100716,"position":4},"title":"Trump env\u00eda marines y m\u00e1s miembros de la Guardia Nacional a Los \u00c1ngeles","author":"Nelson Feliz","date":"10 de junio de 2025","format":false,"excerpt":"POR LOLITA C. BALDOR, TARA COPP, JASON DEAREN and TIM SULLIVAN LOS \u00c1NGELES (AP) \u2014 Otros 2.000 efectivos de la Guardia Nacional, as\u00ed como 700 infantes de Marina, se dirig\u00edan a Los \u00c1ngeles tras \u00f3rdenes del presidente Donald Trump el lunes, aumentando una presencia militar que las autoridades locales y\u2026","rel":"","context":"En \u00abINTERNACIONALES\u00bb","block_context":{"text":"INTERNACIONALES","link":"https:\/\/lasprimeras.com.do\/index.php\/category\/sin-categoria\/internacionales\/"},"img":{"alt_text":"","src":"https:\/\/i0.wp.com\/lasprimeras.com.do\/wp-content\/uploads\/2025\/06\/california.jpg?resize=350%2C200&ssl=1","width":350,"height":200,"srcset":"https:\/\/i0.wp.com\/lasprimeras.com.do\/wp-content\/uploads\/2025\/06\/california.jpg?resize=350%2C200&ssl=1 1x, https:\/\/i0.wp.com\/lasprimeras.com.do\/wp-content\/uploads\/2025\/06\/california.jpg?resize=525%2C300&ssl=1 1.5x, https:\/\/i0.wp.com\/lasprimeras.com.do\/wp-content\/uploads\/2025\/06\/california.jpg?resize=700%2C400&ssl=1 2x"},"classes":[]},{"id":97452,"url":"https:\/\/lasprimeras.com.do\/index.php\/2025\/04\/21\/dominicanos-alto-manhattan-se-unen-a-protesta-nacional-contra-politica-presidente-trump\/","url_meta":{"origin":100716,"position":5},"title":"Dominicanos Alto Manhattan se unen a protesta nacional contra pol\u00edtica presidente Trump","author":"Nelson Feliz","date":"21 de abril de 2025","format":false,"excerpt":"https:\/\/www.youtube.com\/watch?v=CVTHxvTs_DQ Por Ram\u00f3n Mercedes NUEVA YORK.- M\u00e1s de 300 dominicanos pertenecientes a diversas organizaciones agrupadas en la Coalici\u00f3n por la Defensa de los Inmigrantes en esta ciudad marcharon pac\u00edficamente la tarde de este s\u00e1bado en el Alto Manhattan para unirse a m\u00e1s de 200 protestas realizadas en diferentes lugares de\u2026","rel":"","context":"En \u00abINTERNACIONALES\u00bb","block_context":{"text":"INTERNACIONALES","link":"https:\/\/lasprimeras.com.do\/index.php\/category\/sin-categoria\/internacionales\/"},"img":{"alt_text":"Dominicanos Alto Manhattan se unen a protesta nacional contra pol\u00edtica presidente Trump","src":"https:\/\/i0.wp.com\/lasprimeras.com.do\/wp-content\/uploads\/2025\/04\/WhatsApp-Image-2025-04-21-at-5.16.10-AM.jpeg?resize=350%2C200&ssl=1","width":350,"height":200,"srcset":"https:\/\/i0.wp.com\/lasprimeras.com.do\/wp-content\/uploads\/2025\/04\/WhatsApp-Image-2025-04-21-at-5.16.10-AM.jpeg?resize=350%2C200&ssl=1 1x, https:\/\/i0.wp.com\/lasprimeras.com.do\/wp-content\/uploads\/2025\/04\/WhatsApp-Image-2025-04-21-at-5.16.10-AM.jpeg?resize=525%2C300&ssl=1 1.5x, https:\/\/i0.wp.com\/lasprimeras.com.do\/wp-content\/uploads\/2025\/04\/WhatsApp-Image-2025-04-21-at-5.16.10-AM.jpeg?resize=700%2C400&ssl=1 2x"},"classes":[]}],"jetpack_sharing_enabled":true,"_links":{"self":[{"href":"https:\/\/lasprimeras.com.do\/index.php\/wp-json\/wp\/v2\/posts\/100716","targetHints":{"allow":["GET"]}}],"collection":[{"href":"https:\/\/lasprimeras.com.do\/index.php\/wp-json\/wp\/v2\/posts"}],"about":[{"href":"https:\/\/lasprimeras.com.do\/index.php\/wp-json\/wp\/v2\/types\/post"}],"author":[{"embeddable":true,"href":"https:\/\/lasprimeras.com.do\/index.php\/wp-json\/wp\/v2\/users\/10"}],"replies":[{"embeddable":true,"href":"https:\/\/lasprimeras.com.do\/index.php\/wp-json\/wp\/v2\/comments?post=100716"}],"version-history":[{"count":1,"href":"https:\/\/lasprimeras.com.do\/index.php\/wp-json\/wp\/v2\/posts\/100716\/revisions"}],"predecessor-version":[{"id":100718,"href":"https:\/\/lasprimeras.com.do\/index.php\/wp-json\/wp\/v2\/posts\/100716\/revisions\/100718"}],"wp:featuredmedia":[{"embeddable":true,"href":"https:\/\/lasprimeras.com.do\/index.php\/wp-json\/wp\/v2\/media\/100717"}],"wp:attachment":[{"href":"https:\/\/lasprimeras.com.do\/index.php\/wp-json\/wp\/v2\/media?parent=100716"}],"wp:term":[{"taxonomy":"category","embeddable":true,"href":"https:\/\/lasprimeras.com.do\/index.php\/wp-json\/wp\/v2\/categories?post=100716"},{"taxonomy":"post_tag","embeddable":true,"href":"https:\/\/lasprimeras.com.do\/index.php\/wp-json\/wp\/v2\/tags?post=100716"}],"curies":[{"name":"wp","href":"https:\/\/api.w.org\/{rel}","templated":true}]}}