{"id":100719,"date":"2025-06-11T08:16:59","date_gmt":"2025-06-11T12:16:59","guid":{"rendered":"https:\/\/lasprimeras.com.do\/?p=100719"},"modified":"2025-06-11T08:17:01","modified_gmt":"2025-06-11T12:17:01","slug":"grupo-de-derechos-advierte-de-lazos-entre-marcas-globales-y-trabajo-forzado-en-minerales-de-china","status":"publish","type":"post","link":"https:\/\/lasprimeras.com.do\/index.php\/2025\/06\/11\/grupo-de-derechos-advierte-de-lazos-entre-marcas-globales-y-trabajo-forzado-en-minerales-de-china\/","title":{"rendered":"Grupo de derechos advierte de lazos entre marcas globales y trabajo forzado en minerales de China"},"content":{"rendered":"\n<p>LONDRES (AP) \u2014 Varias marcas globales se encuentran entre docenas de empresas en riesgo de utilizar trabajo forzado a trav\u00e9s de sus cadenas de suministro chinas porque emplean minerales cr\u00edticos o compran productos basados en minerales provenientes de la regi\u00f3n de Xinjiang, en el extremo occidental de China, dijo el mi\u00e9rcoles un grupo internacional de derechos.<\/p>\n\n\n\n<p>El informe de Global Rights Compliance, con sede en Holanda, afirma que empresas como Avon, Walmart, Nescaf\u00e9, Coca-Cola y el proveedor de pinturas Sherwin-Williams pueden estar vinculadas al titanio proveniente de Xinjiang, donde grupos de derechos alegan que el gobierno chino lleva a cabo pr\u00e1cticas laborales coercitivas dirigidas principalmente a los uigures musulmanes y otras minor\u00edas t\u00farquicas.<\/p>\n\n\n\n<p>El informe encontr\u00f3 77 proveedores chinos en las industrias de titanio, litio, berilio y magnesio operando en Xinjiang. Se\u00f1al\u00f3 que los proveedores est\u00e1n en riesgo de participar en los \u201cprogramas de transferencia laboral\u201d del gobierno chino, en los cuales los uigures son obligados a trabajar en f\u00e1bricas como parte de una campa\u00f1a de asimilaci\u00f3n y detenci\u00f3n masiva que lleva a\u00f1os en marcha.<\/p>\n\n\n\n<p>Pinturas comerciales, termos y componentes para las industrias aeroespacial, automotriz y de defensa se encuentran entre los productos vendidos internacionalmente que pueden rastrear sus cadenas de suministro a minerales de Xinjiang, seg\u00fan el informe. Indic\u00f3 que las empresas deben revisar sus cadenas de suministro.<\/p>\n\n\n\n<p>\u201cLa miner\u00eda y el procesamiento de minerales en (Xinjiang) dependen en parte de los programas de trabajo forzado del estado para los uigures y otros pueblos t\u00farquicas en la regi\u00f3n\u201d, dijo el informe.<\/p>\n\n\n\n<p>El reporte se present\u00f3 mientras China y Estados Unidos, las dos econom\u00edas m\u00e1s grandes del mundo, anunciaban un acuerdo marco para retomar sus negociaciones comerciales despu\u00e9s de una serie de disputas que amenazaron con descarrilarlas.<\/p>\n\n\n\n<p>Las dos partes concluyeron el martes dos d\u00edas de conversaciones en Londres que parecieron centrarse en encontrar una manera de resolver disputas sobre exportaciones de minerales y tecnolog\u00eda que hab\u00edan sacudido una fr\u00e1gil tregua comercial alcanzada en Ginebra el mes pasado.<\/p>\n\n\n\n<p>Cuando se le pregunt\u00f3 por el reporte, el Ministerio chino de Exteriores dijo que \u201cnunca se ha trasladado a nadie a la fuerza en Xinjiang bajo programas de trabajo\u201d.<\/p>\n\n\n\n<p>\u201cLa llamada acusaci\u00f3n de trabajo forzado en la regi\u00f3n de Xinjiang de China no es m\u00e1s que una mentira inventada por ciertas fuerzas antiChina. Instamos a la organizaci\u00f3n relevante a dejar de interferir en los asuntos internos de China y socavar la prosperidad y estabilidad de Xinjiang bajo el pretexto de los derechos humanos\u201d, dijo el mi\u00e9rcoles el portavoz del ministerio Lin Jian.<\/p>\n\n\n\n<p>Las empresas mencionadas no hicieron comentarios de inmediato sobre el informe.<\/p>\n\n\n\n<p>Un reporte de la ONU de 2022 encontr\u00f3 que China podr\u00eda haber cometido cr\u00edmenes de lesa humanidad en Xinjiang, donde se estima que m\u00e1s de un mill\u00f3n de uigures han sido detenidos arbitrariamente como parte de medidas que seg\u00fan el gobierno chino pretend\u00edan combatir el terrorismo y el separatismo.<\/p>\n\n\n\n<p>El gobierno chino ha rechazado las afirmaciones de la ONU y ha defendido sus acciones en Xinjiang como una lucha contra el terrorismo y para garantizar la estabilidad.<\/p>\n\n\n\n<p>En 2021, el entonces presidente de Estados Unidos, Joe Biden, firm\u00f3 una ley para bloquear las importaciones de la regi\u00f3n de Xinjiang a menos que las empresas puedan demostrar que los art\u00edculos fueron fabricados sin trabajo forzado.<\/p>\n\n\n\n<p>La ley inicialmente se dirigi\u00f3 a productos solares, tomates, algod\u00f3n y ropa, pero el gobierno de Estados Unidos recientemente agreg\u00f3 nuevos sectores para su aplicaci\u00f3n, incluidos el aluminio y los productos del mar.<\/p>\n\n\n\n<p>Muchas de las principales corporaciones de minerales de China han invertido en la exploraci\u00f3n y miner\u00eda de litio, un componente clave para las bater\u00edas de veh\u00edculos el\u00e9ctricos, en Xinjiang, dijo Global Rights Compliance.<\/p>\n\n\n\n<p>Xinjiang tambi\u00e9n es la principal fuente de berilio de China, un mineral utilizado para la industria aeroespacial, de defensa y telecomunicaciones, seg\u00fan su informe.<\/p>\n\n\n\n<p>Un informe reciente de la Agencia Internacional de Energ\u00eda se\u00f1al\u00f3 que las fuentes mundiales de minerales cr\u00edticos est\u00e1n cada vez m\u00e1s concentradas en unos pocos pa\u00edses, notablemente China, que tambi\u00e9n es una base l\u00edder de refiner\u00edas y procesamiento de litio, cobalto, grafito y otros minerales.<\/p>\n","protected":false},"excerpt":{"rendered":"<p>LONDRES (AP) \u2014 Varias marcas globales se encuentran entre docenas de empresas en riesgo de utilizar trabajo forzado a trav\u00e9s de sus cadenas de suministro chinas porque emplean minerales cr\u00edticos&hellip;<\/p>\n","protected":false},"author":10,"featured_media":100720,"comment_status":"open","ping_status":"open","sticky":false,"template":"","format":"standard","meta":{"content-type":"","jetpack_post_was_ever_published":false,"_jetpack_newsletter_access":"","_jetpack_dont_email_post_to_subs":false,"_jetpack_newsletter_tier_id":0,"_jetpack_memberships_contains_paywalled_content":false,"_jetpack_memberships_contains_paid_content":false,"footnotes":""},"categories":[16289],"tags":[583,20419,3746,20418,17529,20420],"class_list":["post-100719","post","type-post","status-publish","format-standard","has-post-thumbnail","hentry","category-internacionales","tag-china","tag-grupo-de-derechos","tag-lazos","tag-marcas-globales","tag-minerales","tag-trabajo-forzado"],"jetpack_featured_media_url":"https:\/\/lasprimeras.com.do\/wp-content\/uploads\/2025\/06\/China-2.jpg","jetpack-related-posts":[{"id":111481,"url":"https:\/\/lasprimeras.com.do\/index.php\/2025\/10\/09\/china-anuncia-mas-controles-sobre-exportaciones-de-tierras-raras-y-tecnologia\/","url_meta":{"origin":100719,"position":0},"title":"China anuncia m\u00e1s controles sobre exportaciones de tierras raras y tecnolog\u00eda","author":"Nelson Feliz","date":"9 de octubre de 2025","format":false,"excerpt":"POR CHAN HO-HIM HONG KONG (AP) \u2014 China anunci\u00f3 el jueves nuevas restricciones a las exportaciones de tierras raras y tecnolog\u00edas relacionadas, ampliando los controles sobre el uso de estos elementos cr\u00edticos para muchos productos antes de una reuni\u00f3n a finales de este mes entre el presidente de Estados Unidos,\u2026","rel":"","context":"En \u00abTECNOL\u00d3GIA\u00bb","block_context":{"text":"TECNOL\u00d3GIA","link":"https:\/\/lasprimeras.com.do\/index.php\/category\/tecnologia\/"},"img":{"alt_text":"","src":"https:\/\/i0.wp.com\/lasprimeras.com.do\/wp-content\/uploads\/2025\/10\/tierras-raras.jpg?resize=350%2C200&ssl=1","width":350,"height":200,"srcset":"https:\/\/i0.wp.com\/lasprimeras.com.do\/wp-content\/uploads\/2025\/10\/tierras-raras.jpg?resize=350%2C200&ssl=1 1x, https:\/\/i0.wp.com\/lasprimeras.com.do\/wp-content\/uploads\/2025\/10\/tierras-raras.jpg?resize=525%2C300&ssl=1 1.5x, https:\/\/i0.wp.com\/lasprimeras.com.do\/wp-content\/uploads\/2025\/10\/tierras-raras.jpg?resize=700%2C400&ssl=1 2x"},"classes":[]},{"id":95107,"url":"https:\/\/lasprimeras.com.do\/index.php\/2025\/03\/10\/que-hace-de-groenlandia-un-premio-estrategico-en-un-momento-de-creciente-tension-y-por-que-ahora\/","url_meta":{"origin":100719,"position":1},"title":"\u00bfQu\u00e9 hace de Groenlandia un premio estrat\u00e9gico en un momento de creciente tensi\u00f3n? \u00bfY por qu\u00e9 ahora?","author":"Nelson Feliz","date":"10 de marzo de 2025","format":false,"excerpt":"POR DANICA KIRKA NUUK, Groenlandia (AP) \u2014 Cuando el presidente de Estados Unidos, Donald Trump, sugiri\u00f3 por primera vez comprar Groenlandia en 2019, la gente pens\u00f3 que era s\u00f3lo una broma. Nadie se r\u00ede ahora. El inter\u00e9s de Trump en Groenlandia, reafirmado con vigor poco despu\u00e9s de su regreso a\u2026","rel":"","context":"En \u00abINTERNACIONALES\u00bb","block_context":{"text":"INTERNACIONALES","link":"https:\/\/lasprimeras.com.do\/index.php\/category\/sin-categoria\/internacionales\/"},"img":{"alt_text":"","src":"https:\/\/i0.wp.com\/lasprimeras.com.do\/wp-content\/uploads\/2025\/03\/Groenlandia.png?resize=350%2C200&ssl=1","width":350,"height":200,"srcset":"https:\/\/i0.wp.com\/lasprimeras.com.do\/wp-content\/uploads\/2025\/03\/Groenlandia.png?resize=350%2C200&ssl=1 1x, https:\/\/i0.wp.com\/lasprimeras.com.do\/wp-content\/uploads\/2025\/03\/Groenlandia.png?resize=525%2C300&ssl=1 1.5x, https:\/\/i0.wp.com\/lasprimeras.com.do\/wp-content\/uploads\/2025\/03\/Groenlandia.png?resize=700%2C400&ssl=1 2x"},"classes":[]},{"id":107959,"url":"https:\/\/lasprimeras.com.do\/index.php\/2025\/09\/02\/xi-jinping-y-vladimir-putin-reafirman-sus-lazos-de-viejos-amigos-ante-desafios-de-eeuu\/","url_meta":{"origin":100719,"position":2},"title":"Xi Jinping y Vlad\u00edmir Putin reafirman sus lazos de \u201cviejos amigos\u201d ante desaf\u00edos de EEUU","author":"Nelson Feliz","date":"2 de septiembre de 2025","format":false,"excerpt":"BEIJING (AP) \u2014 El l\u00edder chino, Xi Jinping, dio la bienvenida al presidente ruso, Vlad\u00edmir Putin, como un \u201cviejo amigo\u201d al comenzar una serie de reuniones el martes, en un momento en que sus pa\u00edses enfrentan desaf\u00edos tanto comunes como diferentes por parte de Estados Unidos. Las relaciones entre China\u2026","rel":"","context":"En \u00abINTERNACIONALES\u00bb","block_context":{"text":"INTERNACIONALES","link":"https:\/\/lasprimeras.com.do\/index.php\/category\/sin-categoria\/internacionales\/"},"img":{"alt_text":"","src":"https:\/\/i0.wp.com\/lasprimeras.com.do\/wp-content\/uploads\/2025\/09\/Xi-Jinping-Vladimir-Putin-y-Narendra-Modi.jpg?resize=350%2C200&ssl=1","width":350,"height":200,"srcset":"https:\/\/i0.wp.com\/lasprimeras.com.do\/wp-content\/uploads\/2025\/09\/Xi-Jinping-Vladimir-Putin-y-Narendra-Modi.jpg?resize=350%2C200&ssl=1 1x, https:\/\/i0.wp.com\/lasprimeras.com.do\/wp-content\/uploads\/2025\/09\/Xi-Jinping-Vladimir-Putin-y-Narendra-Modi.jpg?resize=525%2C300&ssl=1 1.5x, https:\/\/i0.wp.com\/lasprimeras.com.do\/wp-content\/uploads\/2025\/09\/Xi-Jinping-Vladimir-Putin-y-Narendra-Modi.jpg?resize=700%2C400&ssl=1 2x"},"classes":[]},{"id":74352,"url":"https:\/\/lasprimeras.com.do\/index.php\/2024\/01\/22\/fuerte-terremoto-de-magnitud-71-sacude-el-remoto-oeste-de-china-dicen-medios-estatales\/","url_meta":{"origin":100719,"position":3},"title":"Fuerte terremoto de magnitud 7,1 sacude el remoto oeste de China, dicen medios estatales","author":"Nelson Feliz","date":"22 de enero de 2024","format":false,"excerpt":"BEIJING (AP) \u2014 Un terremoto de magnitud 7,1 sacudi\u00f3 una parte remota de la regi\u00f3n occidental china de Xinjiang la madrugada del martes, derribando l\u00edneas el\u00e9ctricas, destruyendo al menos dos casas y obligando a las autoridades a suspender trenes, informaron medios estatales. La agencia de noticias Xinhua cit\u00f3 al Centro\u2026","rel":"","context":"En \u00abSin categor\u00eda\u00bb","block_context":{"text":"Sin categor\u00eda","link":"https:\/\/lasprimeras.com.do\/index.php\/category\/sin-categoria\/"},"img":{"alt_text":"SISMO","src":"https:\/\/i0.wp.com\/lasprimeras.com.do\/wp-content\/uploads\/2024\/01\/SISMO-1.jpg?resize=350%2C200&ssl=1","width":350,"height":200,"srcset":"https:\/\/i0.wp.com\/lasprimeras.com.do\/wp-content\/uploads\/2024\/01\/SISMO-1.jpg?resize=350%2C200&ssl=1 1x, https:\/\/i0.wp.com\/lasprimeras.com.do\/wp-content\/uploads\/2024\/01\/SISMO-1.jpg?resize=525%2C300&ssl=1 1.5x, https:\/\/i0.wp.com\/lasprimeras.com.do\/wp-content\/uploads\/2024\/01\/SISMO-1.jpg?resize=700%2C400&ssl=1 2x"},"classes":[]},{"id":121486,"url":"https:\/\/lasprimeras.com.do\/index.php\/2026\/02\/04\/argentina-anuncia-un-acuerdo-con-ee-uu-sobre-minerales-criticos\/","url_meta":{"origin":100719,"position":4},"title":"Argentina anuncia un acuerdo con EE.UU. sobre minerales cr\u00edticos","author":"Nelson Feliz","date":"4 de febrero de 2026","format":false,"excerpt":"Ambos gobiernos firmaron en Washington un instrumento para fortalecer el suministro y procesamiento de minerales estrat\u00e9gicos, con foco en atraer inversiones, asegurar cadenas de valor y potenciar sectores como el litio y el cobre. Argentina, RT.-. El Ministerio de Relaciones Exteriores argentino inform\u00f3 que se firm\u00f3 en Washington, EE.UU., un\u2026","rel":"","context":"En \u00abINTERNACIONALES\u00bb","block_context":{"text":"INTERNACIONALES","link":"https:\/\/lasprimeras.com.do\/index.php\/category\/sin-categoria\/internacionales\/"},"img":{"alt_text":"El ministro de Relaciones Exteriores argentino, Pablo Quirno, junto al subsecretario de Estado de EE.UU., Christopher Landau, en Washington DC.","src":"https:\/\/i0.wp.com\/lasprimeras.com.do\/wp-content\/uploads\/2026\/02\/Pablo-Quirno-y-Christopher-Landau.jpg?resize=350%2C200&ssl=1","width":350,"height":200,"srcset":"https:\/\/i0.wp.com\/lasprimeras.com.do\/wp-content\/uploads\/2026\/02\/Pablo-Quirno-y-Christopher-Landau.jpg?resize=350%2C200&ssl=1 1x, https:\/\/i0.wp.com\/lasprimeras.com.do\/wp-content\/uploads\/2026\/02\/Pablo-Quirno-y-Christopher-Landau.jpg?resize=525%2C300&ssl=1 1.5x, https:\/\/i0.wp.com\/lasprimeras.com.do\/wp-content\/uploads\/2026\/02\/Pablo-Quirno-y-Christopher-Landau.jpg?resize=700%2C400&ssl=1 2x"},"classes":[]},{"id":91351,"url":"https:\/\/lasprimeras.com.do\/index.php\/2024\/11\/18\/sheinbaum-y-petro-refuerzan-los-lazos-bilaterales-entre-mexico-y-colombia-en-el-g20\/","url_meta":{"origin":100719,"position":5},"title":"Sheinbaum y Petro refuerzan los lazos bilaterales entre M\u00e9xico y Colombia en el G20","author":"Nelson Feliz","date":"18 de noviembre de 2024","format":false,"excerpt":"R\u00edo de Janeiro, (EFE).- La presidenta de M\u00e9xico, Claudia Sheinbaum, sostuvo este lunes una reuni\u00f3n bilateral con su hom\u00f3logo colombiano, Gustavo Petro, en el marco de la Cumbre de L\u00edderes del G20, celebrada en Brasil. Este encuentro representa la segunda reuni\u00f3n bilateral entre ambos mandatarios desde que Sheinbaum asumi\u00f3 la\u2026","rel":"","context":"En \u00abINTERNACIONALES\u00bb","block_context":{"text":"INTERNACIONALES","link":"https:\/\/lasprimeras.com.do\/index.php\/category\/sin-categoria\/internacionales\/"},"img":{"alt_text":"Claudia Sheinbaum y Gustavo Petro","src":"https:\/\/i0.wp.com\/lasprimeras.com.do\/wp-content\/uploads\/2024\/11\/Claudia-Sheinbaum-y-Gustavo-Petro.jpg?resize=350%2C200&ssl=1","width":350,"height":200,"srcset":"https:\/\/i0.wp.com\/lasprimeras.com.do\/wp-content\/uploads\/2024\/11\/Claudia-Sheinbaum-y-Gustavo-Petro.jpg?resize=350%2C200&ssl=1 1x, https:\/\/i0.wp.com\/lasprimeras.com.do\/wp-content\/uploads\/2024\/11\/Claudia-Sheinbaum-y-Gustavo-Petro.jpg?resize=525%2C300&ssl=1 1.5x, https:\/\/i0.wp.com\/lasprimeras.com.do\/wp-content\/uploads\/2024\/11\/Claudia-Sheinbaum-y-Gustavo-Petro.jpg?resize=700%2C400&ssl=1 2x"},"classes":[]}],"jetpack_sharing_enabled":true,"_links":{"self":[{"href":"https:\/\/lasprimeras.com.do\/index.php\/wp-json\/wp\/v2\/posts\/100719","targetHints":{"allow":["GET"]}}],"collection":[{"href":"https:\/\/lasprimeras.com.do\/index.php\/wp-json\/wp\/v2\/posts"}],"about":[{"href":"https:\/\/lasprimeras.com.do\/index.php\/wp-json\/wp\/v2\/types\/post"}],"author":[{"embeddable":true,"href":"https:\/\/lasprimeras.com.do\/index.php\/wp-json\/wp\/v2\/users\/10"}],"replies":[{"embeddable":true,"href":"https:\/\/lasprimeras.com.do\/index.php\/wp-json\/wp\/v2\/comments?post=100719"}],"version-history":[{"count":1,"href":"https:\/\/lasprimeras.com.do\/index.php\/wp-json\/wp\/v2\/posts\/100719\/revisions"}],"predecessor-version":[{"id":100721,"href":"https:\/\/lasprimeras.com.do\/index.php\/wp-json\/wp\/v2\/posts\/100719\/revisions\/100721"}],"wp:featuredmedia":[{"embeddable":true,"href":"https:\/\/lasprimeras.com.do\/index.php\/wp-json\/wp\/v2\/media\/100720"}],"wp:attachment":[{"href":"https:\/\/lasprimeras.com.do\/index.php\/wp-json\/wp\/v2\/media?parent=100719"}],"wp:term":[{"taxonomy":"category","embeddable":true,"href":"https:\/\/lasprimeras.com.do\/index.php\/wp-json\/wp\/v2\/categories?post=100719"},{"taxonomy":"post_tag","embeddable":true,"href":"https:\/\/lasprimeras.com.do\/index.php\/wp-json\/wp\/v2\/tags?post=100719"}],"curies":[{"name":"wp","href":"https:\/\/api.w.org\/{rel}","templated":true}]}}