{"id":100722,"date":"2025-06-11T08:31:48","date_gmt":"2025-06-11T12:31:48","guid":{"rendered":"https:\/\/lasprimeras.com.do\/?p=100722"},"modified":"2025-06-11T08:31:50","modified_gmt":"2025-06-11T12:31:50","slug":"musk-afirma-que-servicio-de-robotaxis-de-tesla-en-austin-se-lanzara-tentativamente-el-22-de-junio","status":"publish","type":"post","link":"https:\/\/lasprimeras.com.do\/index.php\/2025\/06\/11\/musk-afirma-que-servicio-de-robotaxis-de-tesla-en-austin-se-lanzara-tentativamente-el-22-de-junio\/","title":{"rendered":"Musk afirma que servicio de robotaxis de Tesla en Austin se lanzar\u00e1 \u201ctentativamente\u201d el 22 de junio"},"content":{"rendered":"\n<p>AUSTIN, Texas, EE.UU. (AP) \u2014 Elon Musk afirm\u00f3 que el servicio de robotaxis de Tesla est\u00e1 \u201ctentativamente\u201d programado para comenzar a operar en Austin, Texas, el 22 de junio.<\/p>\n\n\n\n<p>En una publicaci\u00f3n en su red social X, Musk escribi\u00f3 que la fecha podr\u00eda cambiar porque Tesla est\u00e1 \u201csiendo s\u00faper paranoico con la seguridad\u201d.<\/p>\n\n\n\n<p>Inversores, analistas de Wall Street y entusiastas de Tesla han anticipado el lanzamiento de los taxis sin conductor desde que Musk anunci\u00f3 a principios de este a\u00f1o que el servicio se lanzar\u00eda en Austin en alg\u00fan momento de junio.<\/p>\n\n\n\n<p>El mes pasado, Musk dijo a CNBC que los taxis ser\u00e1n monitoreados de forma remota al principio y \u201cgeolocalizados\u201d a ciertas \u00e1reas de la ciudad consideradas las m\u00e1s seguras para navegar.<\/p>\n\n\n\n<p>Expres\u00f3 que esperaba operar inicialmente unos 10 taxis, aumentar ese n\u00famero r\u00e1pidamente y comenzar a ofrecer el servicio en Los \u00c1ngeles, San Antonio, San Francisco y otras ciudades.<\/p>\n\n\n\n<p>Musk ha estado prometiendo veh\u00edculos totalmente aut\u00f3nomos y autoconducidos para \u201cel pr\u00f3ximo a\u00f1o\u201d durante una d\u00e9cada, pero ahora la presi\u00f3n est\u00e1 presente ya que Tesla realmente comienza a operar un servicio de taxi aut\u00f3nomo.<\/p>\n\n\n\n<p>Las ventas de veh\u00edculos el\u00e9ctricos de Tesla han disminuido debido a la creciente competencia, la reestructuraci\u00f3n de su veh\u00edculo m\u00e1s popular, el Model Y, y las repercusiones del giro de Musk hacia la pol\u00edtica.<\/p>\n\n\n\n<p>El lanzamiento en Austin tambi\u00e9n se produce despu\u00e9s de que Musk tuviera un enfrentamiento p\u00fablico con el presidente Donald Trump por el proyecto de ley fiscal del gobierno estadounidense.<\/p>\n\n\n\n<p>Algunos analistas han expresado su preocupaci\u00f3n de que Trump podr\u00eda tomar represalias alentando a los reguladores federales de seguridad a intervenir ante cualquier se\u00f1al de problema para los robotaxis.<\/p>\n","protected":false},"excerpt":{"rendered":"<p>AUSTIN, Texas, EE.UU. (AP) \u2014 Elon Musk afirm\u00f3 que el servicio de robotaxis de Tesla est\u00e1 \u201ctentativamente\u201d programado para comenzar a operar en Austin, Texas, el 22 de junio. En&hellip;<\/p>\n","protected":false},"author":10,"featured_media":100723,"comment_status":"open","ping_status":"open","sticky":false,"template":"","format":"standard","meta":{"content-type":"","jetpack_post_was_ever_published":false,"_jetpack_newsletter_access":"","_jetpack_dont_email_post_to_subs":false,"_jetpack_newsletter_tier_id":0,"_jetpack_memberships_contains_paywalled_content":false,"_jetpack_memberships_contains_paid_content":false,"footnotes":""},"categories":[16289],"tags":[20423,20422,1721,20421],"class_list":["post-100722","post","type-post","status-publish","format-standard","has-post-thumbnail","hentry","category-internacionales","tag-22-de-junio","tag-austin","tag-elon-musk","tag-robotaxis-de-tesla"],"jetpack_featured_media_url":"https:\/\/lasprimeras.com.do\/wp-content\/uploads\/2025\/06\/robotaxis-de-Tesla.jpg","jetpack-related-posts":[{"id":95192,"url":"https:\/\/lasprimeras.com.do\/index.php\/2025\/03\/11\/las-acciones-de-tesla-caen-mas-del-15-ante-las-dudas-por-su-rendimiento-y-por-elon-musk\/","url_meta":{"origin":100722,"position":0},"title":"Las acciones de Tesla caen m\u00e1s del 15 %, ante las dudas por su rendimiento y por Elon Musk","author":"Nelson Feliz","date":"11 de marzo de 2025","format":false,"excerpt":"Las p\u00e9rdidas de ayer son las peores en los mercados burs\u00e1tiles del fabricante de veh\u00edculos el\u00e9ctricos desde septiembre de 2020 Nueva York, EFE- Las acciones de Tesla perdieron este lunes un 15,4 % de su valor al cerrar en 222,15 d\u00f3lares cada una, ante las dudas sobre el rendimiento de\u2026","rel":"","context":"En \u00abECONOM\u00cdA\u00bb","block_context":{"text":"ECONOM\u00cdA","link":"https:\/\/lasprimeras.com.do\/index.php\/category\/economia\/"},"img":{"alt_text":"","src":"https:\/\/i0.wp.com\/lasprimeras.com.do\/wp-content\/uploads\/2025\/03\/tesla-cybertruck.jpg?resize=350%2C200&ssl=1","width":350,"height":200,"srcset":"https:\/\/i0.wp.com\/lasprimeras.com.do\/wp-content\/uploads\/2025\/03\/tesla-cybertruck.jpg?resize=350%2C200&ssl=1 1x, https:\/\/i0.wp.com\/lasprimeras.com.do\/wp-content\/uploads\/2025\/03\/tesla-cybertruck.jpg?resize=525%2C300&ssl=1 1.5x, https:\/\/i0.wp.com\/lasprimeras.com.do\/wp-content\/uploads\/2025\/03\/tesla-cybertruck.jpg?resize=700%2C400&ssl=1 2x"},"classes":[]},{"id":95332,"url":"https:\/\/lasprimeras.com.do\/index.php\/2025\/03\/12\/trump-anuncia-actos-de-violencia-contra-vehiculos-de-tesla-seran-catalogados-como-terrorismo\/","url_meta":{"origin":100722,"position":1},"title":"Trump anuncia actos de violencia contra veh\u00edculos de Tesla ser\u00e1n catalogados como terrorismo","author":"Nelson Feliz","date":"12 de marzo de 2025","format":false,"excerpt":"El presidente de Estados Unidos, Donald Trump, anunci\u00f3 que los recientes actos de violencia contra concesionarios y veh\u00edculos de Tesla ser\u00e1n catalogados como terrorismo dom\u00e9stico. La declaraci\u00f3n se produjo mientras el mandatario mostraba su respaldo al director ejecutivo del fabricante de autos el\u00e9ctricos, Elon Musk, al seleccionar un nuevo autom\u00f3vil\u2026","rel":"","context":"En \u00abINTERNACIONALES\u00bb","block_context":{"text":"INTERNACIONALES","link":"https:\/\/lasprimeras.com.do\/index.php\/category\/sin-categoria\/internacionales\/"},"img":{"alt_text":"","src":"https:\/\/i0.wp.com\/lasprimeras.com.do\/wp-content\/uploads\/2025\/03\/trump.png?resize=350%2C200&ssl=1","width":350,"height":200,"srcset":"https:\/\/i0.wp.com\/lasprimeras.com.do\/wp-content\/uploads\/2025\/03\/trump.png?resize=350%2C200&ssl=1 1x, https:\/\/i0.wp.com\/lasprimeras.com.do\/wp-content\/uploads\/2025\/03\/trump.png?resize=525%2C300&ssl=1 1.5x"},"classes":[]},{"id":99772,"url":"https:\/\/lasprimeras.com.do\/index.php\/2025\/05\/27\/las-ventas-mensuales-de-tesla-en-europa-caen-a-la-mitad\/","url_meta":{"origin":100722,"position":2},"title":"Las ventas mensuales de Tesla en Europa caen a la mitad","author":"Nelson Feliz","date":"27 de mayo de 2025","format":false,"excerpt":"Un reflejo del profundo rechazo a Musk. LONDRES (AP) \u2014 Las ventas de Tesla en toda Europa se desplomaron a la mitad el mes pasado, a pesar de que el crecimiento en el mercado de autos el\u00e9ctricos aceler\u00f3 su ritmo, seg\u00fan datos publicados el martes. Las cifras son la \u00faltima\u2026","rel":"","context":"En \u00abECONOM\u00cdA\u00bb","block_context":{"text":"ECONOM\u00cdA","link":"https:\/\/lasprimeras.com.do\/index.php\/category\/economia\/"},"img":{"alt_text":"","src":"https:\/\/i0.wp.com\/lasprimeras.com.do\/wp-content\/uploads\/2025\/05\/tesla.jpg?resize=350%2C200&ssl=1","width":350,"height":200,"srcset":"https:\/\/i0.wp.com\/lasprimeras.com.do\/wp-content\/uploads\/2025\/05\/tesla.jpg?resize=350%2C200&ssl=1 1x, https:\/\/i0.wp.com\/lasprimeras.com.do\/wp-content\/uploads\/2025\/05\/tesla.jpg?resize=525%2C300&ssl=1 1.5x, https:\/\/i0.wp.com\/lasprimeras.com.do\/wp-content\/uploads\/2025\/05\/tesla.jpg?resize=700%2C400&ssl=1 2x"},"classes":[]},{"id":81651,"url":"https:\/\/lasprimeras.com.do\/index.php\/2024\/04\/23\/tesla-se-queda-corto-en-reporte-1t-pero-acciones-suben-que-esta-pasando\/","url_meta":{"origin":100722,"position":3},"title":"Tesla se queda corto en reporte 1T, pero acciones suben: \u00bfQu\u00e9 est\u00e1 pasando?","author":"Nelson Feliz","date":"23 de abril de 2024","format":false,"excerpt":"Tesla (NASDAQ:TSLA), la empresa pionera de los veh\u00edculos el\u00e9ctricos aut\u00f3nomos encabezada por Elon Musk, report\u00f3 este martes ingresos por 21,300 millones de d\u00f3lares, y un Beneficio por Acci\u00f3n de 0.45 d\u00f3lares, por debajo de los pron\u00f3sticos, sin embargo sus acciones registraron un incremento superior al 6% en las operaciones posteriores\u2026","rel":"","context":"En \u00abECONOM\u00cdA\u00bb","block_context":{"text":"ECONOM\u00cdA","link":"https:\/\/lasprimeras.com.do\/index.php\/category\/economia\/"},"img":{"alt_text":"Tesla","src":"https:\/\/i0.wp.com\/lasprimeras.com.do\/wp-content\/uploads\/2024\/04\/Tesla.jpg?resize=350%2C200&ssl=1","width":350,"height":200,"srcset":"https:\/\/i0.wp.com\/lasprimeras.com.do\/wp-content\/uploads\/2024\/04\/Tesla.jpg?resize=350%2C200&ssl=1 1x, https:\/\/i0.wp.com\/lasprimeras.com.do\/wp-content\/uploads\/2024\/04\/Tesla.jpg?resize=525%2C300&ssl=1 1.5x, https:\/\/i0.wp.com\/lasprimeras.com.do\/wp-content\/uploads\/2024\/04\/Tesla.jpg?resize=700%2C400&ssl=1 2x"},"classes":[]},{"id":90613,"url":"https:\/\/lasprimeras.com.do\/index.php\/2024\/10\/26\/elon-musk-trabajo-ilegalmente-en-ee-uu-al-inicio-de-su-carrera-segun-the-washington-post\/","url_meta":{"origin":100722,"position":4},"title":"Elon Musk trabaj\u00f3 ilegalmente en EE.UU. al inicio de su carrera, seg\u00fan The Washington Post","author":"Nelson Feliz","date":"26 de octubre de 2024","format":false,"excerpt":"Washington, (EFE).- Elon Musk, propietario de SpaceX, Tesla y X, trabaj\u00f3 de forma ilegal en Estados Unidos al inicio de su carrera empresarial tras abandonar un programa de estudios de posgrado en California, seg\u00fan antiguos socios, documentos judiciales y archivos empresariales obtenidos por The Washington Post. La revelaci\u00f3n es relevante\u2026","rel":"","context":"En \u00abSin categor\u00eda\u00bb","block_context":{"text":"Sin categor\u00eda","link":"https:\/\/lasprimeras.com.do\/index.php\/category\/sin-categoria\/"},"img":{"alt_text":"Elon Musk","src":"https:\/\/i0.wp.com\/lasprimeras.com.do\/wp-content\/uploads\/2024\/10\/Elon-Musk-1.jpg?resize=350%2C200&ssl=1","width":350,"height":200,"srcset":"https:\/\/i0.wp.com\/lasprimeras.com.do\/wp-content\/uploads\/2024\/10\/Elon-Musk-1.jpg?resize=350%2C200&ssl=1 1x, https:\/\/i0.wp.com\/lasprimeras.com.do\/wp-content\/uploads\/2024\/10\/Elon-Musk-1.jpg?resize=525%2C300&ssl=1 1.5x, https:\/\/i0.wp.com\/lasprimeras.com.do\/wp-content\/uploads\/2024\/10\/Elon-Musk-1.jpg?resize=700%2C400&ssl=1 2x"},"classes":[]},{"id":59944,"url":"https:\/\/lasprimeras.com.do\/index.php\/2023\/09\/08\/el-asesor-de-zelenski-afirma-que-elon-musk-esta-cometiendo-y-fomentando-el-mal\/","url_meta":{"origin":100722,"position":5},"title":"El asesor de Zelenski afirma que Elon Musk est\u00e1 &#8220;cometiendo y fomentando el mal&#8221;","author":"Nelson Feliz","date":"8 de septiembre de 2023","format":false,"excerpt":"La acusaci\u00f3n surge poco despu\u00e9s que el multimillonario revelara que impidi\u00f3 un ataque ucraniano con drones contra la flota rusa del mar Negro al no activar Starlink en las cercan\u00edas de Crimea el a\u00f1o pasado. El asesor del jefe de la Oficina Presidencial de Ucrania, Mija\u00edl Podoliak, arremeti\u00f3 contra el\u2026","rel":"","context":"En \u00abSin categor\u00eda\u00bb","block_context":{"text":"Sin categor\u00eda","link":"https:\/\/lasprimeras.com.do\/index.php\/category\/sin-categoria\/"},"img":{"alt_text":"Elon Musk asiste a una conferencia en Par\u00eds, Francia, el 16 de junio de 2023 Chesnot \/ Gettyimages.ru","src":"https:\/\/i0.wp.com\/lasprimeras.com.do\/wp-content\/uploads\/2023\/09\/Elon-Musk.jpg?resize=350%2C200&ssl=1","width":350,"height":200,"srcset":"https:\/\/i0.wp.com\/lasprimeras.com.do\/wp-content\/uploads\/2023\/09\/Elon-Musk.jpg?resize=350%2C200&ssl=1 1x, https:\/\/i0.wp.com\/lasprimeras.com.do\/wp-content\/uploads\/2023\/09\/Elon-Musk.jpg?resize=525%2C300&ssl=1 1.5x, https:\/\/i0.wp.com\/lasprimeras.com.do\/wp-content\/uploads\/2023\/09\/Elon-Musk.jpg?resize=700%2C400&ssl=1 2x"},"classes":[]}],"jetpack_sharing_enabled":true,"_links":{"self":[{"href":"https:\/\/lasprimeras.com.do\/index.php\/wp-json\/wp\/v2\/posts\/100722","targetHints":{"allow":["GET"]}}],"collection":[{"href":"https:\/\/lasprimeras.com.do\/index.php\/wp-json\/wp\/v2\/posts"}],"about":[{"href":"https:\/\/lasprimeras.com.do\/index.php\/wp-json\/wp\/v2\/types\/post"}],"author":[{"embeddable":true,"href":"https:\/\/lasprimeras.com.do\/index.php\/wp-json\/wp\/v2\/users\/10"}],"replies":[{"embeddable":true,"href":"https:\/\/lasprimeras.com.do\/index.php\/wp-json\/wp\/v2\/comments?post=100722"}],"version-history":[{"count":1,"href":"https:\/\/lasprimeras.com.do\/index.php\/wp-json\/wp\/v2\/posts\/100722\/revisions"}],"predecessor-version":[{"id":100724,"href":"https:\/\/lasprimeras.com.do\/index.php\/wp-json\/wp\/v2\/posts\/100722\/revisions\/100724"}],"wp:featuredmedia":[{"embeddable":true,"href":"https:\/\/lasprimeras.com.do\/index.php\/wp-json\/wp\/v2\/media\/100723"}],"wp:attachment":[{"href":"https:\/\/lasprimeras.com.do\/index.php\/wp-json\/wp\/v2\/media?parent=100722"}],"wp:term":[{"taxonomy":"category","embeddable":true,"href":"https:\/\/lasprimeras.com.do\/index.php\/wp-json\/wp\/v2\/categories?post=100722"},{"taxonomy":"post_tag","embeddable":true,"href":"https:\/\/lasprimeras.com.do\/index.php\/wp-json\/wp\/v2\/tags?post=100722"}],"curies":[{"name":"wp","href":"https:\/\/api.w.org\/{rel}","templated":true}]}}