{"id":100725,"date":"2025-06-11T09:17:38","date_gmt":"2025-06-11T13:17:38","guid":{"rendered":"https:\/\/lasprimeras.com.do\/?p=100725"},"modified":"2025-06-11T09:17:39","modified_gmt":"2025-06-11T13:17:39","slug":"fedomu-y-onaprep-buscan-insertar-internos-a-labores-comunitarias","status":"publish","type":"post","link":"https:\/\/lasprimeras.com.do\/index.php\/2025\/06\/11\/fedomu-y-onaprep-buscan-insertar-internos-a-labores-comunitarias\/","title":{"rendered":"Fedomu y Onaprep buscan insertar internos a labores comunitarias"},"content":{"rendered":"\n<p>La Federaci\u00f3n Dominicana de Municipios (Fedomu) y la Oficina Nacional de Apoyo a la Reforma Penitenciaria (Onaprep) firmaron un acuerdo de colaboraci\u00f3n con el inter\u00e9s de facilitar a los privados de libertad insertarse en labores comunitarias de los gobiernos locales.<\/p>\n\n\n\n<p>El convenio, que fue suscrito por el presidente de Fedomu y alcalde de Saman\u00e1, Nelson N\u00fa\u00f1ez, y el director general de Onaprep, Roberto Santana, establece priorizar \u00e1reas de intervenci\u00f3n como el mantenimiento, guarda diurna de parques, la limpieza urbana, la reforestaci\u00f3n de r\u00edos, costas y playas, la protecci\u00f3n de cuencas hidrogr\u00e1ficas, afluentes de agua y ca\u00f1adas.<\/p>\n\n\n\n<p>En sus palabras, N\u00fa\u00f1ez destac\u00f3 la trascendencia del convenio, se\u00f1alando que esta iniciativa viene de la mano del alcalde del municipio de Guerra, C\u00e9sar Rojas, a quien agradece por tomar en cuenta a los internos para que \u00e9stos se inserten en las comunidades colaborando en las diferentes labores que realizan los gobiernos locales.<\/p>\n\n\n\n<p>\u201cSin lugar a duda este es uno de los acuerdos m\u00e1s importantes que durante los \u00faltimos a\u00f1os Fedomu ha firmado, ya que esto viene a dar un apoyo oportuno a los ayuntamientos, porque podemos logra que diez o quince presos puedan, con ese servicio social, mejorar una ca\u00f1ada, colaborar con la pintura, construcci\u00f3n de mercado y parques, con los bacheos y hasta con la recogida de los residuos s\u00f3lidos\u201d, se\u00f1al\u00f3.<\/p>\n\n\n\n<p>De su lado, Roberto Santana explic\u00f3 que, aunque este es un convenio que tendr\u00e1 jurisdicci\u00f3n en el Gran Santo Domingo, se est\u00e1 buscando la forma para que llegue a todos los municipios en donde hay c\u00e1rceles.<\/p>\n\n\n\n<p>Record\u00f3 que la Oficina Penitenciaria la cre\u00f3 el Gobierno para dar apoyo al sistema carcelario, debido a que en ese mismo sistema se han venido generando una cantidad de problemas que est\u00e1n comprometiendo la seguridad ciudadana y la tranquilidad del pa\u00eds, \u201cespecialmente con m\u00faltiples acontecimientos que se vienen dando en muchas de nuestras c\u00e1rceles\u201d.<\/p>\n\n\n\n<p>Mediante el acuerdo se identificar\u00e1n las \u00e1reas de inter\u00e9s prioritarias donde esta colaboraci\u00f3n pueda generar mayor impacto comunitario, ambiental y social, iniciativas orientadas a tener comunidades m\u00e1s limpias y seguras.<\/p>\n\n\n\n<p>Tambi\u00e9n, avanzar hacia una econom\u00eda circular local, donde los centros penitenciarios adquieran insumos de sus propios territorios y, a su vez, los productos generados por los internos puedan ser adquiridos por las comunidades, fortaleciendo el desarrollo econ\u00f3mico y la reinserci\u00f3n.<\/p>\n\n\n\n<p>Se establece que ambas partes acuerdan crear un programa de intercambio, como medio de reinserci\u00f3n de los internos a la sociedad con actividades sociales, culturales y deportivas.<\/p>\n\n\n\n<p>En tal sentido, Fedomu se compromete a gestionar a trav\u00e9s de los ayuntamientos las aportaciones requeridas para cubrir los costos de la alimentaci\u00f3n y el transporte para los internos durante la jornada.<\/p>\n\n\n\n<p>Los ayuntamientos se comprometen a colocar polic\u00edas municipales en los operativos para brindar custodia y seguridad a los internos durante el tiempo que estos est\u00e9n desempe\u00f1ando sus labores.<\/p>\n\n\n\n<p>Onaprep y Fedomu podr\u00e1n, de com\u00fan acuerdo, gestionar para incorporar a su marco de acci\u00f3n la cooperaci\u00f3n de otras entidades p\u00fablicas y\/o privados, as\u00ed como organismos internacionales que consideren importantes para la consecuci\u00f3n de los objetivos.<\/p>\n\n\n\n<p>Se instruye que Fedomu apoyar\u00e1 a la Onaprep en asesor\u00eda, colaboraci\u00f3n de supervisi\u00f3n, as\u00ed como en apoyo de verificaci\u00f3n de proyectos que se deriven de la naturaleza del esp\u00edritu esencial por el cual se firma el presente acuerdo.<\/p>\n","protected":false},"excerpt":{"rendered":"<p>La Federaci\u00f3n Dominicana de Municipios (Fedomu) y la Oficina Nacional de Apoyo a la Reforma Penitenciaria (Onaprep) firmaron un acuerdo de colaboraci\u00f3n con el inter\u00e9s de facilitar a los privados&hellip;<\/p>\n","protected":false},"author":10,"featured_media":100726,"comment_status":"open","ping_status":"open","sticky":false,"template":"","format":"standard","meta":{"content-type":"","jetpack_post_was_ever_published":false,"_jetpack_newsletter_access":"","_jetpack_dont_email_post_to_subs":false,"_jetpack_newsletter_tier_id":0,"_jetpack_memberships_contains_paywalled_content":false,"_jetpack_memberships_contains_paid_content":false,"footnotes":""},"categories":[35,25],"tags":[1035,4000,20424,1785,17925,12698,820],"class_list":["post-100725","post","type-post","status-publish","format-standard","has-post-thumbnail","hentry","category-nacionales","category-portada","tag-fedomu","tag-internos","tag-labores-comunitarias","tag-oficina","tag-onaprep","tag-penitenciaria","tag-reforma"],"jetpack_featured_media_url":"https:\/\/lasprimeras.com.do\/wp-content\/uploads\/2025\/06\/fedomu-1.jpg","jetpack-related-posts":[{"id":105665,"url":"https:\/\/lasprimeras.com.do\/index.php\/2025\/08\/05\/defensa-publica-y-onaprep-firman-convenio-a-favor-de-los-derechos-de-los-privados-de-libertad\/","url_meta":{"origin":100725,"position":0},"title":"Defensa P\u00fablica y ONAPREP firman convenio a favor de los derechos de los privados de libertad","author":"Nelson Feliz","date":"5 de agosto de 2025","format":false,"excerpt":"La Oficina Nacional de Defensa P\u00fablica (ONDP) y la Oficina Nacional de Apoyo a la Reforma Penitenciaria (ONAPREP) suscribieron un convenio de colaboraci\u00f3n interinstitucional, con el objetivo de trabajar de manera conjunta en la defensa de los derechos fundamentales y la mejora de las condiciones de vida de las personas\u2026","rel":"","context":"En \u00abNACIONALES\u00bb","block_context":{"text":"NACIONALES","link":"https:\/\/lasprimeras.com.do\/index.php\/category\/nacionales\/"},"img":{"alt_text":"","src":"https:\/\/i0.wp.com\/lasprimeras.com.do\/wp-content\/uploads\/2025\/08\/acuerdo.jpg?resize=350%2C200&ssl=1","width":350,"height":200,"srcset":"https:\/\/i0.wp.com\/lasprimeras.com.do\/wp-content\/uploads\/2025\/08\/acuerdo.jpg?resize=350%2C200&ssl=1 1x, https:\/\/i0.wp.com\/lasprimeras.com.do\/wp-content\/uploads\/2025\/08\/acuerdo.jpg?resize=525%2C300&ssl=1 1.5x, https:\/\/i0.wp.com\/lasprimeras.com.do\/wp-content\/uploads\/2025\/08\/acuerdo.jpg?resize=700%2C400&ssl=1 2x"},"classes":[]},{"id":94921,"url":"https:\/\/lasprimeras.com.do\/index.php\/2025\/03\/07\/defensa-publica-y-onaprep-avanzan-acciones-para-mejorar-condiciones-de-personas-privadas-de-libertad\/","url_meta":{"origin":100725,"position":1},"title":"Defensa P\u00fablica y ONAPREP avanzan acciones para mejorar condiciones de personas privadas de libertad","author":"Nelson Feliz","date":"7 de marzo de 2025","format":false,"excerpt":"El director de la Oficina Nacional de Defensa P\u00fablica (ONDP), Rodolfo Valent\u00edn Santos, sostuvo un encuentro de trabajo con el director de la Oficina Nacional de Apoyo a la Reforma Penitenciaria (ONAPREP), Roberto Santana, con el prop\u00f3sito de dar seguimiento a las acciones conjuntas dirigidas a mejorar las condiciones de\u2026","rel":"","context":"En \u00abNACIONALES\u00bb","block_context":{"text":"NACIONALES","link":"https:\/\/lasprimeras.com.do\/index.php\/category\/nacionales\/"},"img":{"alt_text":"Rodolfo Valent\u00edn Santos","src":"https:\/\/i0.wp.com\/lasprimeras.com.do\/wp-content\/uploads\/2025\/03\/Rodolfo-Valentin-Santos.jpg?resize=350%2C200&ssl=1","width":350,"height":200,"srcset":"https:\/\/i0.wp.com\/lasprimeras.com.do\/wp-content\/uploads\/2025\/03\/Rodolfo-Valentin-Santos.jpg?resize=350%2C200&ssl=1 1x, https:\/\/i0.wp.com\/lasprimeras.com.do\/wp-content\/uploads\/2025\/03\/Rodolfo-Valentin-Santos.jpg?resize=525%2C300&ssl=1 1.5x"},"classes":[]},{"id":113329,"url":"https:\/\/lasprimeras.com.do\/index.php\/2025\/10\/31\/defensa-publica-reafirma-compromiso-con-la-transformacion-del-sistema-penitenciario-dominicano\/","url_meta":{"origin":100725,"position":2},"title":"Defensa P\u00fablica reafirma compromiso con la transformaci\u00f3n del sistema penitenciario dominicano","author":"Nelson Feliz","date":"31 de octubre de 2025","format":false,"excerpt":"La Oficina Nacional de Defensa P\u00fablica particip\u00f3 en la firma de acuerdos estrat\u00e9gicos junto a la Oficina Nacional de Apoyo a la Reforma Penitenciaria (Onaprep) y m\u00e1s de 40 instituciones p\u00fablicas, privadas y de la sociedad civil; en un acto encabezado por el presidente de la Rep\u00fablica Luis Abinader en\u2026","rel":"","context":"En \u00abNACIONALES\u00bb","block_context":{"text":"NACIONALES","link":"https:\/\/lasprimeras.com.do\/index.php\/category\/nacionales\/"},"img":{"alt_text":"Oficina Nacional de Defensa P\u00fablica","src":"https:\/\/i0.wp.com\/lasprimeras.com.do\/wp-content\/uploads\/2025\/10\/Oficina-Nacional-de-Defensa-Publica-1.jpg?resize=350%2C200&ssl=1","width":350,"height":200,"srcset":"https:\/\/i0.wp.com\/lasprimeras.com.do\/wp-content\/uploads\/2025\/10\/Oficina-Nacional-de-Defensa-Publica-1.jpg?resize=350%2C200&ssl=1 1x, https:\/\/i0.wp.com\/lasprimeras.com.do\/wp-content\/uploads\/2025\/10\/Oficina-Nacional-de-Defensa-Publica-1.jpg?resize=525%2C300&ssl=1 1.5x, https:\/\/i0.wp.com\/lasprimeras.com.do\/wp-content\/uploads\/2025\/10\/Oficina-Nacional-de-Defensa-Publica-1.jpg?resize=700%2C400&ssl=1 2x"},"classes":[]},{"id":104999,"url":"https:\/\/lasprimeras.com.do\/index.php\/2025\/07\/29\/fedomu-y-colegio-de-abogados-capacitaran-juristas-de-los-ayuntamientos\/","url_meta":{"origin":100725,"position":3},"title":"Fedomu y Colegio de Abogados capacitar\u00e1n juristas de los ayuntamientos","author":"Nelson Feliz","date":"29 de julio de 2025","format":false,"excerpt":"Ambas entidades firman acuerdo de colaboraci\u00f3n. La Federaci\u00f3n Dominicana de Municipios (Fedomu) y el Colegio de Abogados de la Rep\u00fablica Dominicana (CARD) desarrollar\u00e1n talleres de capacitaci\u00f3n t\u00e9cnica jur\u00eddica en las 10 regionales de municipios para los abogados de los ayuntamientos que sean previamente seleccionados por los alcaldes. Durante la firma\u2026","rel":"","context":"En \u00abNACIONALES\u00bb","block_context":{"text":"NACIONALES","link":"https:\/\/lasprimeras.com.do\/index.php\/category\/nacionales\/"},"img":{"alt_text":"","src":"https:\/\/i0.wp.com\/lasprimeras.com.do\/wp-content\/uploads\/2025\/07\/fedomu-1.jpg?resize=350%2C200&ssl=1","width":350,"height":200,"srcset":"https:\/\/i0.wp.com\/lasprimeras.com.do\/wp-content\/uploads\/2025\/07\/fedomu-1.jpg?resize=350%2C200&ssl=1 1x, https:\/\/i0.wp.com\/lasprimeras.com.do\/wp-content\/uploads\/2025\/07\/fedomu-1.jpg?resize=525%2C300&ssl=1 1.5x, https:\/\/i0.wp.com\/lasprimeras.com.do\/wp-content\/uploads\/2025\/07\/fedomu-1.jpg?resize=700%2C400&ssl=1 2x"},"classes":[]},{"id":92678,"url":"https:\/\/lasprimeras.com.do\/index.php\/2025\/01\/10\/el-sistema-penitenciario-debe-ser-sacado-de-la-procuraduria-asegura-roberto-santana\/","url_meta":{"origin":100725,"position":4},"title":"El sistema Penitenciario debe ser sacado de la Procuradur\u00eda, asegura Roberto Santana","author":"Nelson Feliz","date":"10 de enero de 2025","format":false,"excerpt":"El director de la Oficina Nacional de Apoyo a la Reforma Penitenciaria (ONAPREP), doctor Roberto Santana, destac\u00f3 avances importantes en la implementaci\u00f3n del nuevo modelo penitenciario en el pa\u00eds. Adem\u00e1s, subray\u00f3 la necesidad de desvincular el sistema penitenciario de la Procuradur\u00eda General de la Rep\u00fablica, proponiendo su gesti\u00f3n a trav\u00e9s\u2026","rel":"","context":"En \u00abNACIONALES\u00bb","block_context":{"text":"NACIONALES","link":"https:\/\/lasprimeras.com.do\/index.php\/category\/nacionales\/"},"img":{"alt_text":"","src":"https:\/\/i0.wp.com\/lasprimeras.com.do\/wp-content\/uploads\/2025\/01\/Roberto-Santana.jpg?resize=350%2C200&ssl=1","width":350,"height":200,"srcset":"https:\/\/i0.wp.com\/lasprimeras.com.do\/wp-content\/uploads\/2025\/01\/Roberto-Santana.jpg?resize=350%2C200&ssl=1 1x, https:\/\/i0.wp.com\/lasprimeras.com.do\/wp-content\/uploads\/2025\/01\/Roberto-Santana.jpg?resize=525%2C300&ssl=1 1.5x, https:\/\/i0.wp.com\/lasprimeras.com.do\/wp-content\/uploads\/2025\/01\/Roberto-Santana.jpg?resize=700%2C400&ssl=1 2x"},"classes":[]},{"id":95987,"url":"https:\/\/lasprimeras.com.do\/index.php\/2025\/03\/23\/privados-de-libertad-cultivaran-sus-propios-alimentos\/","url_meta":{"origin":100725,"position":5},"title":"Privados de libertad cultivar\u00e1n sus propios alimentos","author":"Nelson Feliz","date":"23 de marzo de 2025","format":false,"excerpt":"En un paso innovador hacia la reinserci\u00f3n social, los internos del Centro de Correcci\u00f3n y Rehabilitaci\u00f3n Las Parras, ubicado en el municipio de Guerra, iniciar\u00e1n un ambicioso programa de producci\u00f3n agropecuaria en cinco millones de metros cuadrados de terrenos disponibles en las inmediaciones del recinto penitenciario. El proyecto, impulsado por\u2026","rel":"","context":"En \u00abJUSTICIA\u00bb","block_context":{"text":"JUSTICIA","link":"https:\/\/lasprimeras.com.do\/index.php\/category\/justicia\/"},"img":{"alt_text":"","src":"https:\/\/i0.wp.com\/lasprimeras.com.do\/wp-content\/uploads\/2025\/03\/Las-Parras.jpeg?resize=350%2C200&ssl=1","width":350,"height":200,"srcset":"https:\/\/i0.wp.com\/lasprimeras.com.do\/wp-content\/uploads\/2025\/03\/Las-Parras.jpeg?resize=350%2C200&ssl=1 1x, https:\/\/i0.wp.com\/lasprimeras.com.do\/wp-content\/uploads\/2025\/03\/Las-Parras.jpeg?resize=525%2C300&ssl=1 1.5x, https:\/\/i0.wp.com\/lasprimeras.com.do\/wp-content\/uploads\/2025\/03\/Las-Parras.jpeg?resize=700%2C400&ssl=1 2x"},"classes":[]}],"jetpack_sharing_enabled":true,"_links":{"self":[{"href":"https:\/\/lasprimeras.com.do\/index.php\/wp-json\/wp\/v2\/posts\/100725","targetHints":{"allow":["GET"]}}],"collection":[{"href":"https:\/\/lasprimeras.com.do\/index.php\/wp-json\/wp\/v2\/posts"}],"about":[{"href":"https:\/\/lasprimeras.com.do\/index.php\/wp-json\/wp\/v2\/types\/post"}],"author":[{"embeddable":true,"href":"https:\/\/lasprimeras.com.do\/index.php\/wp-json\/wp\/v2\/users\/10"}],"replies":[{"embeddable":true,"href":"https:\/\/lasprimeras.com.do\/index.php\/wp-json\/wp\/v2\/comments?post=100725"}],"version-history":[{"count":1,"href":"https:\/\/lasprimeras.com.do\/index.php\/wp-json\/wp\/v2\/posts\/100725\/revisions"}],"predecessor-version":[{"id":100727,"href":"https:\/\/lasprimeras.com.do\/index.php\/wp-json\/wp\/v2\/posts\/100725\/revisions\/100727"}],"wp:featuredmedia":[{"embeddable":true,"href":"https:\/\/lasprimeras.com.do\/index.php\/wp-json\/wp\/v2\/media\/100726"}],"wp:attachment":[{"href":"https:\/\/lasprimeras.com.do\/index.php\/wp-json\/wp\/v2\/media?parent=100725"}],"wp:term":[{"taxonomy":"category","embeddable":true,"href":"https:\/\/lasprimeras.com.do\/index.php\/wp-json\/wp\/v2\/categories?post=100725"},{"taxonomy":"post_tag","embeddable":true,"href":"https:\/\/lasprimeras.com.do\/index.php\/wp-json\/wp\/v2\/tags?post=100725"}],"curies":[{"name":"wp","href":"https:\/\/api.w.org\/{rel}","templated":true}]}}