{"id":100728,"date":"2025-06-11T09:31:19","date_gmt":"2025-06-11T13:31:19","guid":{"rendered":"https:\/\/lasprimeras.com.do\/?p=100728"},"modified":"2025-06-11T09:31:21","modified_gmt":"2025-06-11T13:31:21","slug":"intrant-y-dgcp-presentan-comision-de-veeduria-para-licitacion-del-sistema-de-licencias-de-conducir","status":"publish","type":"post","link":"https:\/\/lasprimeras.com.do\/index.php\/2025\/06\/11\/intrant-y-dgcp-presentan-comision-de-veeduria-para-licitacion-del-sistema-de-licencias-de-conducir\/","title":{"rendered":"INTRANT y DGCP presentan Comisi\u00f3n de Veedur\u00eda para Licitaci\u00f3n del Sistema de Licencias de Conducir"},"content":{"rendered":"\n<p>El Instituto Nacional de Tr\u00e1nsito y Transporte Terrestre (Intrant), junto a la Direcci\u00f3n General de Contrataciones P\u00fablicas (DGCP), dej\u00f3 formalmente instalada la Comisi\u00f3n de Veedur\u00eda de la Sociedad Civil, que tendr\u00e1 la responsabilidad de supervisar de forma activa y transparente el proceso de licitaci\u00f3n p\u00fablica nacional INTRANT-CCC-LPN-2025-0001.<\/p>\n\n\n\n<p>Este proceso corresponde a la contrataci\u00f3n del \u201cServicio para la Instalaci\u00f3n y Operaci\u00f3n de un Sistema Integral de Emisi\u00f3n de Licencias de Conducir Veh\u00edculos de Motor\u201d, una transformaci\u00f3n clave para modernizar y garantizar un servicio m\u00e1s eficiente, accesible y seguro para todos los ciudadanos.<\/p>\n\n\n\n<p>La presentaci\u00f3n de la Comisi\u00f3n se llev\u00f3 a cabo en las instalaciones de la Universidad INTEC, en un acto encabezado por autoridades del Intrant y la DGCP, junto a reconocidos representantes de la sociedad civil, en un ambiente de apertura, di\u00e1logo y compromiso con la institucionalidad.<\/p>\n\n\n\n<p>Durante el acto, el director general de Contrataciones P\u00fablicas, Carlos Pimentel, hizo un llamado a actuar con responsabilidad, rigor t\u00e9cnico y apego a la ley, subrayando el compromiso de la DGCP de acompa\u00f1ar al Intrant en cada etapa del proceso para garantizar una contrataci\u00f3n justa, transparente y de alto est\u00e1ndar.<\/p>\n\n\n\n<p>\u201cEste es un momento clave para seguir fortaleciendo la institucionalidad en la gesti\u00f3n p\u00fablica. Desde la DGCP respaldamos firmemente esta iniciativa que abre las puertas a la veedur\u00eda ciudadana, como una expresi\u00f3n concreta del derecho que tiene la sociedad a participar y fiscalizar\u201d, expres\u00f3 Pimentel.<\/p>\n\n\n\n<p>El director ejecutivo del Intrant, Milton Morrison, destac\u00f3 que esta iniciativa responde a un firme compromiso con la \u00e9tica y transparencia institucional.<\/p>\n\n\n\n<p>\u201cEstamos sentando un precedente para todo el sistema de tr\u00e1nsito y transporte. La participaci\u00f3n activa de la sociedad civil en este proceso no solo fortalece la transparencia, sino que eleva el est\u00e1ndar de lo que los ciudadanos deben esperar de sus instituciones p\u00fablicas,\u201d expres\u00f3 Morrison.<\/p>\n\n\n\n<p>La Comisi\u00f3n de Veedur\u00eda tendr\u00e1 acceso total a cada fase del proceso, desde la evaluaci\u00f3n t\u00e9cnica y econ\u00f3mica de las propuestas hasta la adjudicaci\u00f3n final. Su rol ser\u00e1 emitir observaciones y recomendaciones que refuercen la integridad del proceso y fortalezcan la confianza ciudadana en la gesti\u00f3n p\u00fablica.<\/p>\n\n\n\n<p>Est\u00e1 integrada por destacados profesionales de la Universidad Nacional Pedro Henr\u00edquez Ure\u00f1a (UNPHU); la Universidad INTEC, C\u00e9sar P\u00e9rez, soci\u00f3logo y urbanista; y Fausto Rosario Adames, periodista y director de peri\u00f3dico Acento.<\/p>\n\n\n\n<p>Comisi\u00f3n de Veedur\u00eda de la Sociedad Civil<\/p>\n\n\n\n<p>Esta iniciativa marca un hito hist\u00f3rico en la contrataci\u00f3n p\u00fablica del sector transporte, al incorporar de forma activa la veedur\u00eda ciudadana en un proceso de alta relevancia nacional.<br>Se trata de un modelo alineado con las mejores pr\u00e1cticas internacionales en transparencia y participaci\u00f3n social.<\/p>\n\n\n\n<p>Todo el proceso de licitaci\u00f3n ser\u00e1 transmitido en tiempo real a trav\u00e9s de los canales oficiales de la instituci\u00f3n, garantizando el acceso p\u00fablico a cada etapa, incluida la prueba de concepto.<br>Este ejercicio de apertura responde al compromiso institucional de que la ciudadan\u00eda sea testigo directo del desarrollo y la toma de decisiones.<\/p>\n\n\n\n<p>Adem\u00e1s, el nuevo sistema no generar\u00e1 costos para el Estado dominicano, ya que ser\u00e1 financiado por los usuarios sin que esto implique ning\u00fan aumento en las tasas actuales. Este modelo asegura sostenibilidad financiera sin afectar el bolsillo de los ciudadanos.<\/p>\n\n\n\n<p>El proceso tambi\u00e9n contempla una ampliaci\u00f3n significativa de la cobertura nacional, pasando de 14 a 32 provincias, y la expansi\u00f3n de los servicios en el exterior, aumentando de 5 a 9 ciudades, entre ellas Puerto Rico, Nueva Jersey, Boston y Barcelona, garantizando mayor acceso a los dominicanos en el extranjero.<\/p>\n\n\n\n<p>Con esta acci\u00f3n, el Intrant reafirma su compromiso con una gesti\u00f3n p\u00fablica moderna, transparente y centrada en el ciudadano, impulsando reformas estructurales que impactan directamente en la calidad del servicio y en la confianza de la poblaci\u00f3n.<\/p>\n","protected":false},"excerpt":{"rendered":"<p>El Instituto Nacional de Tr\u00e1nsito y Transporte Terrestre (Intrant), junto a la Direcci\u00f3n General de Contrataciones P\u00fablicas (DGCP), dej\u00f3 formalmente instalada la Comisi\u00f3n de Veedur\u00eda de la Sociedad Civil, que&hellip;<\/p>\n","protected":false},"author":10,"featured_media":100729,"comment_status":"open","ping_status":"open","sticky":false,"template":"","format":"standard","meta":{"content-type":"","jetpack_post_was_ever_published":false,"_jetpack_newsletter_access":"","_jetpack_dont_email_post_to_subs":false,"_jetpack_newsletter_tier_id":0,"_jetpack_memberships_contains_paywalled_content":false,"_jetpack_memberships_contains_paid_content":false,"footnotes":""},"categories":[39,25],"tags":[20425,2247,349,16223,9209,532],"class_list":["post-100728","post","type-post","status-publish","format-standard","has-post-thumbnail","hentry","category-economia","category-portada","tag-comision-de-veeduria","tag-dgcp","tag-intrant","tag-licencias-de-conducir","tag-licitacion","tag-sistema"],"jetpack_featured_media_url":"https:\/\/lasprimeras.com.do\/wp-content\/uploads\/2025\/06\/Carlos-Pimentel.jpg","jetpack-related-posts":[{"id":112928,"url":"https:\/\/lasprimeras.com.do\/index.php\/2025\/10\/28\/carlos-pimentel-y-veedores-validan-transparencia-en-licitacion-del-nuevo-sistema-de-licencias-de-conducir-del-intrant\/","url_meta":{"origin":100728,"position":0},"title":"Carlos Pimentel y Veedores validan transparencia en licitaci\u00f3n del nuevo sistema de licencias de conducir del INTRANT","author":"Nelson Feliz","date":"28 de octubre de 2025","format":false,"excerpt":"La Direcci\u00f3n General de Contrataciones P\u00fablicas y la Comisi\u00f3n de Veedores resaltaron que el proceso garantiza la soberan\u00eda tecnol\u00f3gica del Estado y la confianza ciudadana en la gesti\u00f3n p\u00fablica. La Direcci\u00f3n General de Contrataciones P\u00fablicas (DGCP), el Consejo de Direcci\u00f3n del INTRANT (CODINTRANT), y la Comisi\u00f3n de Veedores, avalaron la\u2026","rel":"","context":"En \u00abECONOM\u00cdA\u00bb","block_context":{"text":"ECONOM\u00cdA","link":"https:\/\/lasprimeras.com.do\/index.php\/category\/economia\/"},"img":{"alt_text":"","src":"https:\/\/i0.wp.com\/lasprimeras.com.do\/wp-content\/uploads\/2025\/10\/INTRANT-4.jpg?resize=350%2C200&ssl=1","width":350,"height":200,"srcset":"https:\/\/i0.wp.com\/lasprimeras.com.do\/wp-content\/uploads\/2025\/10\/INTRANT-4.jpg?resize=350%2C200&ssl=1 1x, https:\/\/i0.wp.com\/lasprimeras.com.do\/wp-content\/uploads\/2025\/10\/INTRANT-4.jpg?resize=525%2C300&ssl=1 1.5x, https:\/\/i0.wp.com\/lasprimeras.com.do\/wp-content\/uploads\/2025\/10\/INTRANT-4.jpg?resize=700%2C400&ssl=1 2x"},"classes":[]},{"id":97844,"url":"https:\/\/lasprimeras.com.do\/index.php\/2025\/04\/28\/intrant-anuncia-licitacion-de-las-licencias-de-conducir\/","url_meta":{"origin":100728,"position":1},"title":"INTRANT anuncia licitaci\u00f3n de las licencias de conducir","author":"Nelson Feliz","date":"28 de abril de 2025","format":false,"excerpt":"INTRANT aclara que el Estado dominicano no invertir\u00e1 ni un centavo en la licitaci\u00f3n de las licencias.\u00a0 El monto que sale en la publicaci\u00f3n es una proyecci\u00f3n del ingreso que se obtiene por parte del pago de los servicios de licencias que hacen quienes la solicitan. Poner el monto total\u2026","rel":"","context":"En \u00abECONOM\u00cdA\u00bb","block_context":{"text":"ECONOM\u00cdA","link":"https:\/\/lasprimeras.com.do\/index.php\/category\/economia\/"},"img":{"alt_text":"","src":"https:\/\/i0.wp.com\/lasprimeras.com.do\/wp-content\/uploads\/2025\/04\/licencias.jpg?resize=350%2C200&ssl=1","width":350,"height":200,"srcset":"https:\/\/i0.wp.com\/lasprimeras.com.do\/wp-content\/uploads\/2025\/04\/licencias.jpg?resize=350%2C200&ssl=1 1x, https:\/\/i0.wp.com\/lasprimeras.com.do\/wp-content\/uploads\/2025\/04\/licencias.jpg?resize=525%2C300&ssl=1 1.5x"},"classes":[]},{"id":104524,"url":"https:\/\/lasprimeras.com.do\/index.php\/2025\/07\/24\/dkolor-ha-realizado-12-intentos-para-detener-la-licitacion-de-licencias\/","url_meta":{"origin":100728,"position":2},"title":"DKOLOR ha realizado 12 intentos para detener la licitaci\u00f3n de licencias","author":"Nelson Feliz","date":"24 de julio de 2025","format":false,"excerpt":"La empresa DKOLOR, S.R.L. ha intentado en doce ocasiones frenar el proceso de licitaci\u00f3n p\u00fablica correspondiente al \u201cServicio para la instalaci\u00f3n y operaci\u00f3n de un sistema integral de emisi\u00f3n de licencias de conducir para veh\u00edculos de motor\u201d, llevado a cabo por el Instituto Nacional de Tr\u00e1nsito y Transporte Terrestre (INTRANT).\u2026","rel":"","context":"En \u00abECONOM\u00cdA\u00bb","block_context":{"text":"ECONOM\u00cdA","link":"https:\/\/lasprimeras.com.do\/index.php\/category\/economia\/"},"img":{"alt_text":"","src":"https:\/\/i0.wp.com\/lasprimeras.com.do\/wp-content\/uploads\/2025\/07\/WhatsApp-Image-2025-07-24-at-7.11.20-PM.jpeg?resize=350%2C200&ssl=1","width":350,"height":200,"srcset":"https:\/\/i0.wp.com\/lasprimeras.com.do\/wp-content\/uploads\/2025\/07\/WhatsApp-Image-2025-07-24-at-7.11.20-PM.jpeg?resize=350%2C200&ssl=1 1x, https:\/\/i0.wp.com\/lasprimeras.com.do\/wp-content\/uploads\/2025\/07\/WhatsApp-Image-2025-07-24-at-7.11.20-PM.jpeg?resize=525%2C300&ssl=1 1.5x, https:\/\/i0.wp.com\/lasprimeras.com.do\/wp-content\/uploads\/2025\/07\/WhatsApp-Image-2025-07-24-at-7.11.20-PM.jpeg?resize=700%2C400&ssl=1 2x"},"classes":[]},{"id":111886,"url":"https:\/\/lasprimeras.com.do\/index.php\/2025\/10\/15\/intrant-asegura-el-estado-tendra-control-del-software-y-datos-del-sistema-de-licencias\/","url_meta":{"origin":100728,"position":3},"title":"INTRANT asegura el Estado tendr\u00e1 control del software y datos del sistema de licencias","author":"Nelson Feliz","date":"15 de octubre de 2025","format":false,"excerpt":"Aclara que dentro del consorcio ganador de la licitaci\u00f3n no hay empresa haitiana. El Instituto Nacional de Tr\u00e1nsito y Transporte Terrestre (Intrant) anunci\u00f3 que, por primera vez en la historia del pa\u00eds, el Estado dominicano tendr\u00e1 control total del software y del c\u00f3digo fuente del sistema de licencias de conducir,\u2026","rel":"","context":"En \u00abNACIONALES\u00bb","block_context":{"text":"NACIONALES","link":"https:\/\/lasprimeras.com.do\/index.php\/category\/nacionales\/"},"img":{"alt_text":"","src":"https:\/\/i0.wp.com\/lasprimeras.com.do\/wp-content\/uploads\/2025\/10\/INTRANT-3.jpg?resize=350%2C200&ssl=1","width":350,"height":200,"srcset":"https:\/\/i0.wp.com\/lasprimeras.com.do\/wp-content\/uploads\/2025\/10\/INTRANT-3.jpg?resize=350%2C200&ssl=1 1x, https:\/\/i0.wp.com\/lasprimeras.com.do\/wp-content\/uploads\/2025\/10\/INTRANT-3.jpg?resize=525%2C300&ssl=1 1.5x, https:\/\/i0.wp.com\/lasprimeras.com.do\/wp-content\/uploads\/2025\/10\/INTRANT-3.jpg?resize=700%2C400&ssl=1 2x"},"classes":[]},{"id":111431,"url":"https:\/\/lasprimeras.com.do\/index.php\/2025\/10\/08\/adocco-denuncia-irregularidades-en-el-proceso-de-licitacion-licencias-del-intrant\/","url_meta":{"origin":100728,"position":4},"title":"ADOCCO denuncia irregularidades en el proceso de licitaci\u00f3n licencias del INTRANT","author":"Nelson Feliz","date":"8 de octubre de 2025","format":false,"excerpt":"Imputa al ingeniero MILTON TE\u00d3FILO MORRISON MARTINEZ de confabulaci\u00f3n con el CONSORCIO MOBILITY ID para defraudar al Estado La Alianza Dominicana Contra la Corrupci\u00f3n (ADOCCO) denuncia por ante la PEPCA los peligros que acechan a la Rep\u00fablica Dominicana al estar toda la data de los dominicanos y dominicanas de las\u2026","rel":"","context":"En \u00abECONOM\u00cdA\u00bb","block_context":{"text":"ECONOM\u00cdA","link":"https:\/\/lasprimeras.com.do\/index.php\/category\/economia\/"},"img":{"alt_text":"Julio C\u00e9sar de la Rosa Tiburcio","src":"https:\/\/i0.wp.com\/lasprimeras.com.do\/wp-content\/uploads\/2025\/03\/Julio-Cesar-de-la-Rosa-Tiburcio.jpg?resize=350%2C200&ssl=1","width":350,"height":200,"srcset":"https:\/\/i0.wp.com\/lasprimeras.com.do\/wp-content\/uploads\/2025\/03\/Julio-Cesar-de-la-Rosa-Tiburcio.jpg?resize=350%2C200&ssl=1 1x, https:\/\/i0.wp.com\/lasprimeras.com.do\/wp-content\/uploads\/2025\/03\/Julio-Cesar-de-la-Rosa-Tiburcio.jpg?resize=525%2C300&ssl=1 1.5x, https:\/\/i0.wp.com\/lasprimeras.com.do\/wp-content\/uploads\/2025\/03\/Julio-Cesar-de-la-Rosa-Tiburcio.jpg?resize=700%2C400&ssl=1 2x"},"classes":[]},{"id":111294,"url":"https:\/\/lasprimeras.com.do\/index.php\/2025\/10\/07\/intrant-presenta-nuevo-sistema-de-emision-y-renovacion-de-licencias-de-conducir-en-rd\/","url_meta":{"origin":100728,"position":5},"title":"Intrant presenta nuevo sistema de emisi\u00f3n y renovaci\u00f3n de licencias de conducir en RD","author":"Nelson Feliz","date":"7 de octubre de 2025","format":false,"excerpt":"Nuevo sistema de licencias de conducir garantiza m\u00e1s seguridad, cobertura y beneficios para los ciudadanos y el Estado. El Instituto Nacional de Tr\u00e1nsito y Transporte Terrestre (Intrant) present\u00f3 los beneficios del nuevo sistema de emisi\u00f3n y renovaci\u00f3n de licencias de conducir en la Rep\u00fablica Dominicana, un modelo que fortalece la\u2026","rel":"","context":"En \u00abNACIONALES\u00bb","block_context":{"text":"NACIONALES","link":"https:\/\/lasprimeras.com.do\/index.php\/category\/nacionales\/"},"img":{"alt_text":"Milton Morrison","src":"https:\/\/i0.wp.com\/lasprimeras.com.do\/wp-content\/uploads\/2025\/10\/Milton-Morrison.jpg?resize=350%2C200&ssl=1","width":350,"height":200,"srcset":"https:\/\/i0.wp.com\/lasprimeras.com.do\/wp-content\/uploads\/2025\/10\/Milton-Morrison.jpg?resize=350%2C200&ssl=1 1x, https:\/\/i0.wp.com\/lasprimeras.com.do\/wp-content\/uploads\/2025\/10\/Milton-Morrison.jpg?resize=525%2C300&ssl=1 1.5x, https:\/\/i0.wp.com\/lasprimeras.com.do\/wp-content\/uploads\/2025\/10\/Milton-Morrison.jpg?resize=700%2C400&ssl=1 2x"},"classes":[]}],"jetpack_sharing_enabled":true,"_links":{"self":[{"href":"https:\/\/lasprimeras.com.do\/index.php\/wp-json\/wp\/v2\/posts\/100728","targetHints":{"allow":["GET"]}}],"collection":[{"href":"https:\/\/lasprimeras.com.do\/index.php\/wp-json\/wp\/v2\/posts"}],"about":[{"href":"https:\/\/lasprimeras.com.do\/index.php\/wp-json\/wp\/v2\/types\/post"}],"author":[{"embeddable":true,"href":"https:\/\/lasprimeras.com.do\/index.php\/wp-json\/wp\/v2\/users\/10"}],"replies":[{"embeddable":true,"href":"https:\/\/lasprimeras.com.do\/index.php\/wp-json\/wp\/v2\/comments?post=100728"}],"version-history":[{"count":1,"href":"https:\/\/lasprimeras.com.do\/index.php\/wp-json\/wp\/v2\/posts\/100728\/revisions"}],"predecessor-version":[{"id":100730,"href":"https:\/\/lasprimeras.com.do\/index.php\/wp-json\/wp\/v2\/posts\/100728\/revisions\/100730"}],"wp:featuredmedia":[{"embeddable":true,"href":"https:\/\/lasprimeras.com.do\/index.php\/wp-json\/wp\/v2\/media\/100729"}],"wp:attachment":[{"href":"https:\/\/lasprimeras.com.do\/index.php\/wp-json\/wp\/v2\/media?parent=100728"}],"wp:term":[{"taxonomy":"category","embeddable":true,"href":"https:\/\/lasprimeras.com.do\/index.php\/wp-json\/wp\/v2\/categories?post=100728"},{"taxonomy":"post_tag","embeddable":true,"href":"https:\/\/lasprimeras.com.do\/index.php\/wp-json\/wp\/v2\/tags?post=100728"}],"curies":[{"name":"wp","href":"https:\/\/api.w.org\/{rel}","templated":true}]}}