{"id":100731,"date":"2025-06-11T10:12:17","date_gmt":"2025-06-11T14:12:17","guid":{"rendered":"https:\/\/lasprimeras.com.do\/?p=100731"},"modified":"2025-06-11T10:12:18","modified_gmt":"2025-06-11T14:12:18","slug":"centrales-sindicales-rd-reconocen-al-presidente-abinader-en-la-oit","status":"publish","type":"post","link":"https:\/\/lasprimeras.com.do\/index.php\/2025\/06\/11\/centrales-sindicales-rd-reconocen-al-presidente-abinader-en-la-oit\/","title":{"rendered":"Centrales Sindicales RD reconocen al presidente Abinader en la OIT"},"content":{"rendered":"\n<p><strong>\u00b7-CNTD, CASC y CNUS destacan respaldo del mandatario al di\u00e1logo social, salarios dignos y seguridad social en Rep\u00fablica Dominicana<\/strong><\/p>\n\n\n\n<p><strong>Ginebra, Suiza. \u2013 <\/strong>En el marco de su participaci\u00f3n en el Foro Anual de la Coalici\u00f3n Mundial para la Justicia Social y la 113\u00aa Conferencia Internacional del Trabajo, organizada por la Organizaci\u00f3n Internacional del Trabajo (OIT), el presidente de la Rep\u00fablica Dominicana, Luis Abinader Corona, fue objeto de un reconocimiento por parte de las principales centrales sindicales del pa\u00eds, en un acto celebrado en la sede de dicho organismo en Ginebra.<\/p>\n\n\n\n<p>La Confederaci\u00f3n Nacional de Trabajadores Dominicanos (CNTD), la Confederaci\u00f3n Aut\u00f3noma Sindical Clasista (CASC) y la Confederaci\u00f3n Nacional de la Unidad Sindical (CNUS) entregaron al mandatario una placa en la que expresan su gratitud por el \u201crespaldo firme, constante y decidido de su gobierno a los derechos, la dignidad y el bienestar de la clase trabajadora dominicana\u201d.<\/p>\n\n\n\n<p>El discurso central fue pronunciado por Jacobo Ramos, presidente de la CNTD y diputado del Congreso Nacional, quien expres\u00f3 que \u201cen los cinco a\u00f1os al frente de su gobierno, el presidente Abinader ha demostrado con hechos, ser un mandatario cercano y solidario con el movimiento sindical dominicano\u201d.<\/p>\n\n\n\n<p>Durante su intervenci\u00f3n, Ramos destac\u00f3 varios de los logros alcanzados en materia laboral durante la actual gesti\u00f3n, como el impulso a los salarios decentes, la defensa de la cesant\u00eda laboral en la discusi\u00f3n del nuevo C\u00f3digo de Trabajo y la ampliaci\u00f3n de la cobertura del sistema de seguridad social, que actualmente protege al 97% de la poblaci\u00f3n dominicana.<\/p>\n\n\n\n<p>\u201cAl recibirle en la casa mundial de los trabajadores y trabajadoras, le expresamos nuestra satisfacci\u00f3n por su presencia, al tiempo que le exhortamos a que su obra de gobierno siempre vaya encaminada a favor de la mayor\u00eda de los dominicanos y las dominicanas\u201d, agreg\u00f3 Ramos, en presencia de Rafael \u201cPepe\u201d Abreu, presidente de la CNUS, y Gabriel del R\u00edo, presidente de la CASC.<\/p>\n\n\n\n<p>En el acto de reconocimiento estuvieron presentes la Primera Dama de la Rep\u00fablica, Raquel Arbaje de Abinader, el ministro de Trabajo, Eddie Olivares, as\u00ed como representantes del sector empleador, destac\u00e1ndose la participaci\u00f3n de Laura Izquierdo, presidenta de la Junta Directiva de la Confederaci\u00f3n Patronal de la Rep\u00fablica Dominicana (COPARDOM), y Mario Pujols, vicepresidente ejecutivo de la Asociaci\u00f3n de Industrias de la Rep\u00fablica Dominicana (AIRD).<\/p>\n\n\n\n<p>Este reconocimiento cobra a\u00fan m\u00e1s relevancia al ser entregado en el seno de la Organizaci\u00f3n Internacional del Trabajo (OIT), organismo tripartito de las Naciones Unidas que re\u00fane a gobiernos, empleadores y trabajadores de 187 pa\u00edses miembros, y en el cual la Rep\u00fablica Dominicana es miembro fundador, con 26 convenios internacionales suscritos.<\/p>\n\n\n\n<p>La participaci\u00f3n del presidente Abinader en este foro internacional refuerza el compromiso de su gobierno con la justicia social, el fortalecimiento del di\u00e1logo tripartito y la promoci\u00f3n de un modelo de desarrollo centrado en el ser humano.<\/p>\n","protected":false},"excerpt":{"rendered":"<p>\u00b7-CNTD, CASC y CNUS destacan respaldo del mandatario al di\u00e1logo social, salarios dignos y seguridad social en Rep\u00fablica Dominicana Ginebra, Suiza. \u2013 En el marco de su participaci\u00f3n en el&hellip;<\/p>\n","protected":false},"author":10,"featured_media":100732,"comment_status":"open","ping_status":"open","sticky":false,"template":"","format":"standard","meta":{"content-type":"","jetpack_post_was_ever_published":false,"_jetpack_newsletter_access":"","_jetpack_dont_email_post_to_subs":false,"_jetpack_newsletter_tier_id":0,"_jetpack_memberships_contains_paywalled_content":false,"_jetpack_memberships_contains_paid_content":false,"footnotes":""},"categories":[16289,25],"tags":[20426,67,8220],"class_list":["post-100731","post","type-post","status-publish","format-standard","has-post-thumbnail","hentry","category-internacionales","category-portada","tag-centrales-sindicales-rd","tag-luis-abinader","tag-oit"],"jetpack_featured_media_url":"https:\/\/lasprimeras.com.do\/wp-content\/uploads\/2025\/06\/Luis-Abinader-4.jpg","jetpack-related-posts":[{"id":100529,"url":"https:\/\/lasprimeras.com.do\/index.php\/2025\/06\/08\/luis-abinader-pronunciara-discurso-en-la-conferencia-internacional-del-trabajo\/","url_meta":{"origin":100731,"position":0},"title":"Luis Abinader pronunciar\u00e1 discurso en la Conferencia Internacional del Trabajo","author":"Nelson Feliz","date":"8 de junio de 2025","format":false,"excerpt":"Las centrales sindicales le har\u00e1n un reconocimiento en la OIT por el \u00e9xito del di\u00e1logo tripartito, los aumentos salariales y la paz laboral alcanzada durante su mandato El presidente, Luis Abinader, pronunciar\u00e1 un discurso en el Foro Anual de la Coalici\u00f3n Mundial para la Justicia Social, en la sesi\u00f3n de\u2026","rel":"","context":"En \u00abNACIONALES\u00bb","block_context":{"text":"NACIONALES","link":"https:\/\/lasprimeras.com.do\/index.php\/category\/nacionales\/"},"img":{"alt_text":"","src":"https:\/\/i0.wp.com\/lasprimeras.com.do\/wp-content\/uploads\/2025\/06\/ABINADER-00.jpg?resize=350%2C200&ssl=1","width":350,"height":200,"srcset":"https:\/\/i0.wp.com\/lasprimeras.com.do\/wp-content\/uploads\/2025\/06\/ABINADER-00.jpg?resize=350%2C200&ssl=1 1x, https:\/\/i0.wp.com\/lasprimeras.com.do\/wp-content\/uploads\/2025\/06\/ABINADER-00.jpg?resize=525%2C300&ssl=1 1.5x, https:\/\/i0.wp.com\/lasprimeras.com.do\/wp-content\/uploads\/2025\/06\/ABINADER-00.jpg?resize=700%2C400&ssl=1 2x"},"classes":[]},{"id":108285,"url":"https:\/\/lasprimeras.com.do\/index.php\/2025\/09\/04\/centrales-sindicales-anuncian-plan-de-movilizacion-en-defensa-de-la-cesantia-laboral\/","url_meta":{"origin":100731,"position":1},"title":"Centrales Sindicales anuncian plan de movilizaci\u00f3n en defensa de la cesant\u00eda laboral","author":"Nelson Feliz","date":"4 de septiembre de 2025","format":false,"excerpt":"\u00b7 CNTD, CNUS y CASC llaman a vigilia frente al Congreso el 10 de septiembre. Las centrales sindicales Confederaci\u00f3n Nacional de Trabajadores Dominicanos (CNTD), Confederaci\u00f3n Aut\u00f3noma Sindical Clasista (CASC) y la Confederaci\u00f3n Nacional de Unidad Sindical (CNUS), encabezadas por sus presidentes Jacobo Ramos, Gabriel del R\u00edo, respectivamente, rechazaron de manera\u2026","rel":"","context":"En \u00abECONOM\u00cdA\u00bb","block_context":{"text":"ECONOM\u00cdA","link":"https:\/\/lasprimeras.com.do\/index.php\/category\/economia\/"},"img":{"alt_text":"","src":"https:\/\/i0.wp.com\/lasprimeras.com.do\/wp-content\/uploads\/2025\/09\/centrales.jpg?resize=350%2C200&ssl=1","width":350,"height":200,"srcset":"https:\/\/i0.wp.com\/lasprimeras.com.do\/wp-content\/uploads\/2025\/09\/centrales.jpg?resize=350%2C200&ssl=1 1x, https:\/\/i0.wp.com\/lasprimeras.com.do\/wp-content\/uploads\/2025\/09\/centrales.jpg?resize=525%2C300&ssl=1 1.5x, https:\/\/i0.wp.com\/lasprimeras.com.do\/wp-content\/uploads\/2025\/09\/centrales.jpg?resize=700%2C400&ssl=1 2x"},"classes":[]},{"id":48519,"url":"https:\/\/lasprimeras.com.do\/index.php\/2023\/05\/01\/trabajadores-reclaman-un-nuevo-contrato-social-como-garantia-de-sus-derechos\/","url_meta":{"origin":100731,"position":2},"title":"Trabajadores reclaman un nuevo contrato social como garant\u00eda de sus derechos","author":"prenxa100","date":"1 de mayo de 2023","format":false,"excerpt":"Santo Domingo. - \u00a0Con un llamado a que en el pa\u00eds se establezca un nuevo contrato social que garantice mejores condiciones de vida para las y los trabajadores, el ejercicio pleno de la libertad sindical, la negociaci\u00f3n colectiva y el di\u00e1logo social, las centrales sindicales conmemoraron el D\u00eda Internacional del\u2026","rel":"","context":"En \u00abNACIONALES\u00bb","block_context":{"text":"NACIONALES","link":"https:\/\/lasprimeras.com.do\/index.php\/category\/nacionales\/"},"img":{"alt_text":"","src":"","width":0,"height":0},"classes":[]},{"id":113782,"url":"https:\/\/lasprimeras.com.do\/index.php\/2025\/11\/05\/centrales-sindicales-advierten-que-la-indexacion-salarial-no-puede-depender-de-la-revision-de-los-programas-sociales\/","url_meta":{"origin":100731,"position":3},"title":"Centrales sindicales advierten que la indexaci\u00f3n salarial no puede depender de la revisi\u00f3n de los programas sociales","author":"Nelson Feliz","date":"5 de noviembre de 2025","format":false,"excerpt":"\u2022CNTD, CNUS y CASC recalcan que los subsidios son esenciales para los sectores m\u00e1s vulnerables y reclaman una reforma fiscal integral y progresiva La Confederaci\u00f3n Nacional de Trabajadores Dominicanos (CNTD), Confederaci\u00f3n Nacional de Unidad Sindical (CNUS) y la Confederaci\u00f3n Aut\u00f3noma Sindical Clasista (CASC), advirtieron que la aplicaci\u00f3n de la indexaci\u00f3n\u2026","rel":"","context":"En \u00abECONOM\u00cdA\u00bb","block_context":{"text":"ECONOM\u00cdA","link":"https:\/\/lasprimeras.com.do\/index.php\/category\/economia\/"},"img":{"alt_text":"","src":"https:\/\/i0.wp.com\/lasprimeras.com.do\/wp-content\/uploads\/2025\/11\/Centrales-sindicales.jpeg?resize=350%2C200&ssl=1","width":350,"height":200,"srcset":"https:\/\/i0.wp.com\/lasprimeras.com.do\/wp-content\/uploads\/2025\/11\/Centrales-sindicales.jpeg?resize=350%2C200&ssl=1 1x, https:\/\/i0.wp.com\/lasprimeras.com.do\/wp-content\/uploads\/2025\/11\/Centrales-sindicales.jpeg?resize=525%2C300&ssl=1 1.5x, https:\/\/i0.wp.com\/lasprimeras.com.do\/wp-content\/uploads\/2025\/11\/Centrales-sindicales.jpeg?resize=700%2C400&ssl=1 2x"},"classes":[]},{"id":102552,"url":"https:\/\/lasprimeras.com.do\/index.php\/2025\/07\/05\/cnus-proclama-total-respaldo-a-politica-migratoria-del-presidente-abinader\/","url_meta":{"origin":100731,"position":4},"title":"CNUS proclama total respaldo a pol\u00edtica migratoria del presidente Abinader","author":"Nelson Feliz","date":"5 de julio de 2025","format":false,"excerpt":"Resalta acciones del jefe de Estado en favor de los trabajadores dominicanos La Confederaci\u00f3n Nacional de Unidad Sindical (CNUS) proclam\u00f3 su total respaldo a la pol\u00edtica migratoria que ejecuta el presidente Luis Abinader para controlar la presencia de personas con estatus migratorio irregular en la Rep\u00fablica Dominicana. Al pronunciar el\u2026","rel":"","context":"En \u00abNACIONALES\u00bb","block_context":{"text":"NACIONALES","link":"https:\/\/lasprimeras.com.do\/index.php\/category\/nacionales\/"},"img":{"alt_text":"","src":"https:\/\/i0.wp.com\/lasprimeras.com.do\/wp-content\/uploads\/2025\/07\/Luis-Abinader-2.jpg?resize=350%2C200&ssl=1","width":350,"height":200,"srcset":"https:\/\/i0.wp.com\/lasprimeras.com.do\/wp-content\/uploads\/2025\/07\/Luis-Abinader-2.jpg?resize=350%2C200&ssl=1 1x, https:\/\/i0.wp.com\/lasprimeras.com.do\/wp-content\/uploads\/2025\/07\/Luis-Abinader-2.jpg?resize=525%2C300&ssl=1 1.5x, https:\/\/i0.wp.com\/lasprimeras.com.do\/wp-content\/uploads\/2025\/07\/Luis-Abinader-2.jpg?resize=700%2C400&ssl=1 2x"},"classes":[]},{"id":98172,"url":"https:\/\/lasprimeras.com.do\/index.php\/2025\/05\/01\/rafael-santos-reconoce-el-legado-de-los-lideres-sindicales\/","url_meta":{"origin":100731,"position":5},"title":"Rafael Santos reconoce el legado de los l\u00edderes sindicales","author":"Nelson Feliz","date":"1 de mayo de 2025","format":false,"excerpt":"El evento reuni\u00f3 autoridades, sindicalistas y sociedad civil para rendir homenaje a los pioneros del movimiento obrero. El director general del Instituto Nacional de Formaci\u00f3n T\u00e9cnico Profesional (INFOTEP), Rafael Santos Bad\u00eda, rindi\u00f3 homenaje a los hombres y mujeres que fundaron el movimiento sindical en la Rep\u00fablica Dominicana, destacando su valiosa\u2026","rel":"","context":"En \u00abNACIONALES\u00bb","block_context":{"text":"NACIONALES","link":"https:\/\/lasprimeras.com.do\/index.php\/category\/nacionales\/"},"img":{"alt_text":"","src":"https:\/\/i0.wp.com\/lasprimeras.com.do\/wp-content\/uploads\/2025\/05\/Rafael-Santos-Badia.jpg?resize=350%2C200&ssl=1","width":350,"height":200,"srcset":"https:\/\/i0.wp.com\/lasprimeras.com.do\/wp-content\/uploads\/2025\/05\/Rafael-Santos-Badia.jpg?resize=350%2C200&ssl=1 1x, https:\/\/i0.wp.com\/lasprimeras.com.do\/wp-content\/uploads\/2025\/05\/Rafael-Santos-Badia.jpg?resize=525%2C300&ssl=1 1.5x"},"classes":[]}],"jetpack_sharing_enabled":true,"_links":{"self":[{"href":"https:\/\/lasprimeras.com.do\/index.php\/wp-json\/wp\/v2\/posts\/100731","targetHints":{"allow":["GET"]}}],"collection":[{"href":"https:\/\/lasprimeras.com.do\/index.php\/wp-json\/wp\/v2\/posts"}],"about":[{"href":"https:\/\/lasprimeras.com.do\/index.php\/wp-json\/wp\/v2\/types\/post"}],"author":[{"embeddable":true,"href":"https:\/\/lasprimeras.com.do\/index.php\/wp-json\/wp\/v2\/users\/10"}],"replies":[{"embeddable":true,"href":"https:\/\/lasprimeras.com.do\/index.php\/wp-json\/wp\/v2\/comments?post=100731"}],"version-history":[{"count":1,"href":"https:\/\/lasprimeras.com.do\/index.php\/wp-json\/wp\/v2\/posts\/100731\/revisions"}],"predecessor-version":[{"id":100733,"href":"https:\/\/lasprimeras.com.do\/index.php\/wp-json\/wp\/v2\/posts\/100731\/revisions\/100733"}],"wp:featuredmedia":[{"embeddable":true,"href":"https:\/\/lasprimeras.com.do\/index.php\/wp-json\/wp\/v2\/media\/100732"}],"wp:attachment":[{"href":"https:\/\/lasprimeras.com.do\/index.php\/wp-json\/wp\/v2\/media?parent=100731"}],"wp:term":[{"taxonomy":"category","embeddable":true,"href":"https:\/\/lasprimeras.com.do\/index.php\/wp-json\/wp\/v2\/categories?post=100731"},{"taxonomy":"post_tag","embeddable":true,"href":"https:\/\/lasprimeras.com.do\/index.php\/wp-json\/wp\/v2\/tags?post=100731"}],"curies":[{"name":"wp","href":"https:\/\/api.w.org\/{rel}","templated":true}]}}