{"id":100746,"date":"2025-06-11T11:55:38","date_gmt":"2025-06-11T15:55:38","guid":{"rendered":"https:\/\/lasprimeras.com.do\/?p=100746"},"modified":"2025-06-11T11:55:40","modified_gmt":"2025-06-11T15:55:40","slug":"erd-intercepta-dos-grupos-de-migrantes-indocumentados-en-dajabon-y-montecristi","status":"publish","type":"post","link":"https:\/\/lasprimeras.com.do\/index.php\/2025\/06\/11\/erd-intercepta-dos-grupos-de-migrantes-indocumentados-en-dajabon-y-montecristi\/","title":{"rendered":"ERD intercepta dos grupos de migrantes indocumentados en Dajab\u00f3n y Montecristi"},"content":{"rendered":"\n<p>Los extranjeros indocumentados fueron detenidos en distintos operativos realizados en las comunidades Santa Mar\u00eda y Aminilla.<\/p>\n\n\n\n<p>Miembros del Ej\u00e9rcito de Rep\u00fablica Dominicana,detuvieron 35 migrantes indocumentados, mediante operativos realizados en diferentes localidades de las provincias Montecristi y Dajab\u00f3n.<\/p>\n\n\n\n<p>Un grupo de 26 nacionales haitianos en condici\u00f3n migratoria irregular fue interceptado por miembros del ERD apostados para servicio en el Destacamento Santa Mar\u00eda.<\/p>\n\n\n\n<p>Los extranjeros indocumentados, entre ellos (20) hombres, (04) mujeres y (02) menores de edad, fueron trasladados hacia la Fortaleza San Fernando en Montecristi.<\/p>\n\n\n\n<p>Otros 09 indocumentados fueron apresados por patrullas del ERD en Dajab\u00f3n<\/p>\n\n\n\n<p>En la comunidad Aminilla de Dajab\u00f3n, una patrulla del Ej\u00e9rcito detuvo a 09 nacionales haitianos con estatus migratorio irregular, de los cuales figuran 07 hombres y 02 mujeres, quienes intentaban evadir la vigilancia militar de la zona.<\/p>\n\n\n\n<p>Ambos grupos de extranjeros indocumentados detenidos en Dajab\u00f3n y Montecristi ser\u00e1n entregados a la Direcci\u00f3n General de Migraci\u00f3n para el proceso de repatriaci\u00f3n.<\/p>\n","protected":false},"excerpt":{"rendered":"<p>Los extranjeros indocumentados fueron detenidos en distintos operativos realizados en las comunidades Santa Mar\u00eda y Aminilla. Miembros del Ej\u00e9rcito de Rep\u00fablica Dominicana,detuvieron 35 migrantes indocumentados, mediante operativos realizados en diferentes&hellip;<\/p>\n","protected":false},"author":10,"featured_media":100747,"comment_status":"open","ping_status":"open","sticky":false,"template":"","format":"standard","meta":{"content-type":"","jetpack_post_was_ever_published":false,"_jetpack_newsletter_access":"","_jetpack_dont_email_post_to_subs":false,"_jetpack_newsletter_tier_id":0,"_jetpack_memberships_contains_paywalled_content":false,"_jetpack_memberships_contains_paid_content":false,"footnotes":""},"categories":[3057],"tags":[1814,73,20431,2312,907,2022],"class_list":["post-100746","post","type-post","status-publish","format-standard","has-post-thumbnail","hentry","category-militares","tag-dajabon","tag-ejercito","tag-grupos","tag-indocumentados","tag-migrantes","tag-montecristi"],"jetpack_featured_media_url":"https:\/\/lasprimeras.com.do\/wp-content\/uploads\/2025\/06\/ejercito-1.jpg","jetpack-related-posts":[{"id":102456,"url":"https:\/\/lasprimeras.com.do\/index.php\/2025\/07\/04\/apresan-35-haitianos-indocumentados-en-zonas-rurales-de-montecristi-y-dajabon\/","url_meta":{"origin":100746,"position":0},"title":"Apresan 35 haitianos indocumentados en zonas rurales de Montecristi y Dajab\u00f3n","author":"Nelson Feliz","date":"4 de julio de 2025","format":false,"excerpt":"Patrullas de la 4ta. Brigada de Infanter\u00eda, del Ej\u00e9rcito de Rep\u00fablica Dominicana detuvieron a 35 nacionales haitianos indocumentados en zonas rurales de las provincias Montecristi y Dajab\u00f3n. En una parcela en el municipio Hatillo Palma de Montecristi, 10 nacionales haitianos indocumentados que se escond\u00edan en la oscuridad de la noche\u2026","rel":"","context":"En \u00abMILITARES\u00bb","block_context":{"text":"MILITARES","link":"https:\/\/lasprimeras.com.do\/index.php\/category\/militares\/"},"img":{"alt_text":"","src":"https:\/\/i0.wp.com\/lasprimeras.com.do\/wp-content\/uploads\/2025\/07\/Patrullas-del-Ejercito-1.jpg?resize=350%2C200&ssl=1","width":350,"height":200,"srcset":"https:\/\/i0.wp.com\/lasprimeras.com.do\/wp-content\/uploads\/2025\/07\/Patrullas-del-Ejercito-1.jpg?resize=350%2C200&ssl=1 1x, https:\/\/i0.wp.com\/lasprimeras.com.do\/wp-content\/uploads\/2025\/07\/Patrullas-del-Ejercito-1.jpg?resize=525%2C300&ssl=1 1.5x, https:\/\/i0.wp.com\/lasprimeras.com.do\/wp-content\/uploads\/2025\/07\/Patrullas-del-Ejercito-1.jpg?resize=700%2C400&ssl=1 2x"},"classes":[]},{"id":100538,"url":"https:\/\/lasprimeras.com.do\/index.php\/2025\/06\/08\/detienen-otro-grupo-de-indocumentados-en-motocicletas-en-montecristi-y-dajabon\/","url_meta":{"origin":100746,"position":1},"title":"Detienen otro grupo de indocumentados en motocicletas en Montecristi y Dajab\u00f3n","author":"Nelson Feliz","date":"8 de junio de 2025","format":false,"excerpt":"Tambi\u00e9n fueron detenidos otros extranjeros tratando de evadir un puesto de chequeo en Montecristi El Ej\u00e9rcito de Rep\u00fablica Dominicana, detuvo a un grupo de indocumentados que se trasladaban en motocicletas, en Montecristi y Dajab\u00f3n. Los miembros del ERD destacados para servicio en el destacamento de Mang\u00e1, en Montecristi, interceptaron una\u2026","rel":"","context":"En \u00abMILITARES\u00bb","block_context":{"text":"MILITARES","link":"https:\/\/lasprimeras.com.do\/index.php\/category\/militares\/"},"img":{"alt_text":"","src":"https:\/\/i0.wp.com\/lasprimeras.com.do\/wp-content\/uploads\/2025\/06\/HAITIANOS-1.jpg?resize=350%2C200&ssl=1","width":350,"height":200,"srcset":"https:\/\/i0.wp.com\/lasprimeras.com.do\/wp-content\/uploads\/2025\/06\/HAITIANOS-1.jpg?resize=350%2C200&ssl=1 1x, https:\/\/i0.wp.com\/lasprimeras.com.do\/wp-content\/uploads\/2025\/06\/HAITIANOS-1.jpg?resize=525%2C300&ssl=1 1.5x, https:\/\/i0.wp.com\/lasprimeras.com.do\/wp-content\/uploads\/2025\/06\/HAITIANOS-1.jpg?resize=700%2C400&ssl=1 2x"},"classes":[]},{"id":103225,"url":"https:\/\/lasprimeras.com.do\/index.php\/2025\/07\/13\/detienen-a-55-haitianos-en-situacion-migratoria-en-montecristi-y-dajabon\/","url_meta":{"origin":100746,"position":2},"title":"Detienen a 55 haitianos en situaci\u00f3n migratoria en Montecristi y Dajab\u00f3n","author":"Nelson Feliz","date":"13 de julio de 2025","format":false,"excerpt":"El Ej\u00e9rcito de la Rep\u00fablica Dominicana (ERD) inform\u00f3 este domingo que detuvo a 55 haitianos en condici\u00f3n migratoria irregular durante operativos separados en las provincias de Montecristi y Dajab\u00f3n. Indic\u00f3 que, durante labores de patrullaje en el municipio Las Matas de Santa Cruz, provincia Montecristi, fueron interceptadas dos motocicletas, una\u2026","rel":"","context":"En \u00abMILITARES\u00bb","block_context":{"text":"MILITARES","link":"https:\/\/lasprimeras.com.do\/index.php\/category\/militares\/"},"img":{"alt_text":"","src":"https:\/\/i0.wp.com\/lasprimeras.com.do\/wp-content\/uploads\/2025\/07\/detenidos.jpg?resize=350%2C200&ssl=1","width":350,"height":200,"srcset":"https:\/\/i0.wp.com\/lasprimeras.com.do\/wp-content\/uploads\/2025\/07\/detenidos.jpg?resize=350%2C200&ssl=1 1x, https:\/\/i0.wp.com\/lasprimeras.com.do\/wp-content\/uploads\/2025\/07\/detenidos.jpg?resize=525%2C300&ssl=1 1.5x, https:\/\/i0.wp.com\/lasprimeras.com.do\/wp-content\/uploads\/2025\/07\/detenidos.jpg?resize=700%2C400&ssl=1 2x"},"classes":[]},{"id":93787,"url":"https:\/\/lasprimeras.com.do\/index.php\/2025\/02\/20\/ejercito-detiene-6-personas-por-trafico-ilegal-de-haitianos\/","url_meta":{"origin":100746,"position":3},"title":"Ej\u00e9rcito detiene 6 personas por tr\u00e1fico ilegal de haitianos","author":"Nelson Feliz","date":"20 de febrero de 2025","format":false,"excerpt":"El Ej\u00e9rcito de la Rep\u00fablica Dominicana (ERD) detuvo a cinco dominicanos y un haitiano en operativos de interdicci\u00f3n realizados en Dajab\u00f3n, Santiago Rodr\u00edguez, Montecristi, Valverde y San Juan de la Maguana, cuando transportaban decenas de indocumentados en distintos veh\u00edculos. En el puesto de chequeo militar Las Caobas, provincia Santiago Rodr\u00edguez,\u2026","rel":"","context":"En \u00abMILITARES\u00bb","block_context":{"text":"MILITARES","link":"https:\/\/lasprimeras.com.do\/index.php\/category\/militares\/"},"img":{"alt_text":"","src":"https:\/\/i0.wp.com\/lasprimeras.com.do\/wp-content\/uploads\/2025\/02\/presos.png?resize=350%2C200&ssl=1","width":350,"height":200,"srcset":"https:\/\/i0.wp.com\/lasprimeras.com.do\/wp-content\/uploads\/2025\/02\/presos.png?resize=350%2C200&ssl=1 1x, https:\/\/i0.wp.com\/lasprimeras.com.do\/wp-content\/uploads\/2025\/02\/presos.png?resize=525%2C300&ssl=1 1.5x, https:\/\/i0.wp.com\/lasprimeras.com.do\/wp-content\/uploads\/2025\/02\/presos.png?resize=700%2C400&ssl=1 2x"},"classes":[]},{"id":111594,"url":"https:\/\/lasprimeras.com.do\/index.php\/2025\/10\/10\/ejercito-detiene-vehiculo-que-transportaba-haitianos-indocumentados-en-dajabon\/","url_meta":{"origin":100746,"position":4},"title":"Ej\u00e9rcito detiene veh\u00edculo que transportaba haitianos indocumentados en Dajab\u00f3n","author":"Nelson Feliz","date":"10 de octubre de 2025","format":false,"excerpt":"El veh\u00edculo fue perseguido con drones desde el aire e interceptado por patrullas terrestres del ERD. El Ej\u00e9rcito de Rep\u00fablica Dominicana (ERD), detuvo un veh\u00edculo que transportaba a nueve (9) nacionales haitianos en condici\u00f3n migratoria irregular, durante un operativo perseguido con drones realizado en el centro de la ciudad de\u2026","rel":"","context":"En \u00abMILITARES\u00bb","block_context":{"text":"MILITARES","link":"https:\/\/lasprimeras.com.do\/index.php\/category\/militares\/"},"img":{"alt_text":"","src":"https:\/\/i0.wp.com\/lasprimeras.com.do\/wp-content\/uploads\/2025\/10\/ERD-2.jpg?resize=350%2C200&ssl=1","width":350,"height":200,"srcset":"https:\/\/i0.wp.com\/lasprimeras.com.do\/wp-content\/uploads\/2025\/10\/ERD-2.jpg?resize=350%2C200&ssl=1 1x, https:\/\/i0.wp.com\/lasprimeras.com.do\/wp-content\/uploads\/2025\/10\/ERD-2.jpg?resize=525%2C300&ssl=1 1.5x, https:\/\/i0.wp.com\/lasprimeras.com.do\/wp-content\/uploads\/2025\/10\/ERD-2.jpg?resize=700%2C400&ssl=1 2x"},"classes":[]},{"id":95666,"url":"https:\/\/lasprimeras.com.do\/index.php\/2025\/03\/17\/arrestan-dos-dominicanos-ocultaban-indocumentados-en-maletero-de-autobus-en-san-juan-de-la-maguana\/","url_meta":{"origin":100746,"position":5},"title":"Arrestan dos dominicanos ocultaban indocumentados en maletero de autob\u00fas en San Juan de la Maguana","author":"Nelson Feliz","date":"17 de marzo de 2025","format":false,"excerpt":"Otros nacionales haitianos fueron interceptados en operativos realizados durante el fin de semana en diferentes comunidades fronterizas. Dos hombres fueron detenidos por miembros del Ej\u00e9rcito de Rep\u00fablica Dominicana cuando transportaban a 04 nacionales haitianos en condici\u00f3n migratoria irregular, ocultos en el compartimento de equipaje y la parte trasera de los\u2026","rel":"","context":"En \u00abMILITARES\u00bb","block_context":{"text":"MILITARES","link":"https:\/\/lasprimeras.com.do\/index.php\/category\/militares\/"},"img":{"alt_text":"","src":"https:\/\/i0.wp.com\/lasprimeras.com.do\/wp-content\/uploads\/2025\/03\/indocumentados.jpg?resize=350%2C200&ssl=1","width":350,"height":200,"srcset":"https:\/\/i0.wp.com\/lasprimeras.com.do\/wp-content\/uploads\/2025\/03\/indocumentados.jpg?resize=350%2C200&ssl=1 1x, https:\/\/i0.wp.com\/lasprimeras.com.do\/wp-content\/uploads\/2025\/03\/indocumentados.jpg?resize=525%2C300&ssl=1 1.5x, https:\/\/i0.wp.com\/lasprimeras.com.do\/wp-content\/uploads\/2025\/03\/indocumentados.jpg?resize=700%2C400&ssl=1 2x"},"classes":[]}],"jetpack_sharing_enabled":true,"_links":{"self":[{"href":"https:\/\/lasprimeras.com.do\/index.php\/wp-json\/wp\/v2\/posts\/100746","targetHints":{"allow":["GET"]}}],"collection":[{"href":"https:\/\/lasprimeras.com.do\/index.php\/wp-json\/wp\/v2\/posts"}],"about":[{"href":"https:\/\/lasprimeras.com.do\/index.php\/wp-json\/wp\/v2\/types\/post"}],"author":[{"embeddable":true,"href":"https:\/\/lasprimeras.com.do\/index.php\/wp-json\/wp\/v2\/users\/10"}],"replies":[{"embeddable":true,"href":"https:\/\/lasprimeras.com.do\/index.php\/wp-json\/wp\/v2\/comments?post=100746"}],"version-history":[{"count":1,"href":"https:\/\/lasprimeras.com.do\/index.php\/wp-json\/wp\/v2\/posts\/100746\/revisions"}],"predecessor-version":[{"id":100748,"href":"https:\/\/lasprimeras.com.do\/index.php\/wp-json\/wp\/v2\/posts\/100746\/revisions\/100748"}],"wp:featuredmedia":[{"embeddable":true,"href":"https:\/\/lasprimeras.com.do\/index.php\/wp-json\/wp\/v2\/media\/100747"}],"wp:attachment":[{"href":"https:\/\/lasprimeras.com.do\/index.php\/wp-json\/wp\/v2\/media?parent=100746"}],"wp:term":[{"taxonomy":"category","embeddable":true,"href":"https:\/\/lasprimeras.com.do\/index.php\/wp-json\/wp\/v2\/categories?post=100746"},{"taxonomy":"post_tag","embeddable":true,"href":"https:\/\/lasprimeras.com.do\/index.php\/wp-json\/wp\/v2\/tags?post=100746"}],"curies":[{"name":"wp","href":"https:\/\/api.w.org\/{rel}","templated":true}]}}