{"id":100749,"date":"2025-06-11T12:05:24","date_gmt":"2025-06-11T16:05:24","guid":{"rendered":"https:\/\/lasprimeras.com.do\/?p=100749"},"modified":"2025-06-11T12:05:26","modified_gmt":"2025-06-11T16:05:26","slug":"apresan-hombre-acusado-de-retener-camion-y-dinero-entregados-para-reparacion-en-barahona","status":"publish","type":"post","link":"https:\/\/lasprimeras.com.do\/index.php\/2025\/06\/11\/apresan-hombre-acusado-de-retener-camion-y-dinero-entregados-para-reparacion-en-barahona\/","title":{"rendered":"Apresan hombre acusado de retener cami\u00f3n y dinero entregados para reparaci\u00f3n en Barahona"},"content":{"rendered":"\n<p>Miembros de la Subdirecci\u00f3n de Investigaci\u00f3n Regional Sur de la Polic\u00eda Nacional apresaron mediante orden judicial a un hombre quien era activamente buscado por su presunta vinculaci\u00f3n en un caso de abuso de confianza, tras retener por m\u00e1s de dos a\u00f1os un cami\u00f3n y dinero entregados para reparaci\u00f3n.<\/p>\n\n\n\n<p>Se trata de Eliesel Miguel Plata (a) &#8220;A\u00e9reo Plata&#8221;, de 32 a\u00f1os, cuyo arresto fue realizado en cumplimiento a la orden de arresto No. 2025-AJ0033151, emitida por las autoridades judiciales competentes.<\/p>\n\n\n\n<p>Seg\u00fan la denuncia interpuesta por un ciudadano, el imputado recibi\u00f3 de su parte un cami\u00f3n marca Daihatsu, color rojo, en perfectas condiciones de funcionamiento, junto a un pago inicial de RD$27,000.00 pesos, como adelanto de un trabajo de reparaci\u00f3n cuyo costo total ser\u00eda de RD$50,000.00.<\/p>\n\n\n\n<p>Desde entonces, y pese a m\u00faltiples reclamos, el acusado no ha cumplido con la entrega del veh\u00edculo ni con los trabajos acordados, ofreciendo excusas y fechas incumplidas.<\/p>\n\n\n\n<p>El detenido ser\u00e1 puesto a disposici\u00f3n del Ministerio P\u00fablico, para los fines legales correspondientes.<\/p>\n","protected":false},"excerpt":{"rendered":"<p>Miembros de la Subdirecci\u00f3n de Investigaci\u00f3n Regional Sur de la Polic\u00eda Nacional apresaron mediante orden judicial a un hombre quien era activamente buscado por su presunta vinculaci\u00f3n en un caso&hellip;<\/p>\n","protected":false},"author":10,"featured_media":100750,"comment_status":"open","ping_status":"open","sticky":false,"template":"","format":"standard","meta":{"content-type":"","jetpack_post_was_ever_published":false,"_jetpack_newsletter_access":"","_jetpack_dont_email_post_to_subs":false,"_jetpack_newsletter_tier_id":0,"_jetpack_memberships_contains_paywalled_content":false,"_jetpack_memberships_contains_paid_content":false,"footnotes":""},"categories":[3057],"tags":[265,2916,4027,46,1281,166,20432],"class_list":["post-100749","post","type-post","status-publish","format-standard","has-post-thumbnail","hentry","category-militares","tag-barahona","tag-camion","tag-dinero","tag-hombre","tag-preso","tag-reparacion","tag-retener"],"jetpack_featured_media_url":"https:\/\/lasprimeras.com.do\/wp-content\/uploads\/2025\/06\/preso.jpg","jetpack-related-posts":[{"id":66529,"url":"https:\/\/lasprimeras.com.do\/index.php\/2023\/11\/07\/apresan-tres-personas-recupera-camion-sustraido-en-santo-domingo\/","url_meta":{"origin":100749,"position":0},"title":"Apresan tres personas, recupera cami\u00f3n sustra\u00eddo en Santo Domingo","author":"Nelson Feliz","date":"7 de noviembre de 2023","format":false,"excerpt":"-Adem\u00e1s fueron recuperadas, cuatro motocicletas con numeraci\u00f3n ilegible. -Retiene productos alimenticios. Por Martin Restituyo Miembros del Departamento de Investigaci\u00f3n (DICRIM), pertenecientes a la Direcci\u00f3n Regional Sur, en compa\u00f1\u00eda del Ministerio P\u00fablico, realizaron un allanamiento en el barrio Enriquillo, de la provincia de Barahona, donde tres personas resultaron detenidas, un cami\u00f3n\u2026","rel":"","context":"En \u00abMILITARES\u00bb","block_context":{"text":"MILITARES","link":"https:\/\/lasprimeras.com.do\/index.php\/category\/militares\/"},"img":{"alt_text":"recupera","src":"https:\/\/i0.wp.com\/lasprimeras.com.do\/wp-content\/uploads\/2023\/11\/recupera.jpg?resize=350%2C200&ssl=1","width":350,"height":200},"classes":[]},{"id":61584,"url":"https:\/\/lasprimeras.com.do\/index.php\/2023\/09\/28\/apresan-dos-hombres-en-barahona-buscados-por-estafa-en-santo-domingo\/","url_meta":{"origin":100749,"position":1},"title":"Apresan dos hombres en Barahona buscados por estafa en Santo Domingo","author":"Nelson Feliz","date":"28 de septiembre de 2023","format":false,"excerpt":"Mediante allanamiento ocupan sustancias narc\u00f3ticas y dinero en efectivo. Por Mart\u00edn Restituyo Miembros del Departamento de Investigaci\u00f3n (DICRIM), adscritos a la Direcci\u00f3n Regional Sur, apresar\u00f3n en el municipio de Vicente Noble, provincia de Barahona, a dos hombres que estaban siendo buscados en la ciudad de Santo Domingo por el agentes\u2026","rel":"","context":"En \u00abMILITARES\u00bb","block_context":{"text":"MILITARES","link":"https:\/\/lasprimeras.com.do\/index.php\/category\/militares\/"},"img":{"alt_text":"","src":"https:\/\/i0.wp.com\/lasprimeras.com.do\/wp-content\/uploads\/2023\/09\/Drogas-1-1.jpg?resize=350%2C200&ssl=1","width":350,"height":200,"srcset":"https:\/\/i0.wp.com\/lasprimeras.com.do\/wp-content\/uploads\/2023\/09\/Drogas-1-1.jpg?resize=350%2C200&ssl=1 1x, https:\/\/i0.wp.com\/lasprimeras.com.do\/wp-content\/uploads\/2023\/09\/Drogas-1-1.jpg?resize=525%2C300&ssl=1 1.5x, https:\/\/i0.wp.com\/lasprimeras.com.do\/wp-content\/uploads\/2023\/09\/Drogas-1-1.jpg?resize=700%2C400&ssl=1 2x"},"classes":[]},{"id":49607,"url":"https:\/\/lasprimeras.com.do\/index.php\/2023\/05\/12\/apresan-hombre-acusado-de-abuso-sexual-en-barahona\/","url_meta":{"origin":100749,"position":2},"title":"Apresan hombre acusado de abuso sexual en Barahona","author":"prenxa100","date":"12 de mayo de 2023","format":false,"excerpt":"Barahona.-. Agentes policiales de Investigaci\u00f3n (Dicrim) y de Prevenci\u00f3n, adscritos a la Direcci\u00f3n Regional Sur, con sede en la provincia de Barahona, en coordinaci\u00f3n con la Unidad de Atenci\u00f3n Integral a V\u00edctimas de Violencia de G\u00e9nero e Intrafamiliar y Delito sexual, apresaron un hombre acusado de abuso sexual contra un\u2026","rel":"","context":"En \u00abNACIONALES\u00bb","block_context":{"text":"NACIONALES","link":"https:\/\/lasprimeras.com.do\/index.php\/category\/nacionales\/"},"img":{"alt_text":"","src":"","width":0,"height":0},"classes":[]},{"id":79296,"url":"https:\/\/lasprimeras.com.do\/index.php\/2024\/03\/25\/policia-apresa-en-barahona-a-hombre-captado-en-video-con-pistola-en-mano-amenazando-a-otro\/","url_meta":{"origin":100749,"position":3},"title":"Polic\u00eda apresa en Barahona a hombre captado en video con pistola en mano amenazando a otro","author":"BIMARY DE JES\u00daS Matos","date":"25 de marzo de 2024","format":false,"excerpt":"Martin Restituyo Santo Domingo.-Agentes policiales, pertenecientes a la Direcci\u00f3n Central de Investigaci\u00f3n (DICRIM), apresaron un hombre que fue hecho viral en las redes sociales al ser captado en video portando un arma de fuego y retando de manera agresiva a otro a que saliera de una vivienda en la que\u2026","rel":"","context":"En \u00abNACIONALES\u00bb","block_context":{"text":"NACIONALES","link":"https:\/\/lasprimeras.com.do\/index.php\/category\/nacionales\/"},"img":{"alt_text":"","src":"https:\/\/i0.wp.com\/lasprimeras.com.do\/wp-content\/uploads\/2024\/03\/IMG-20240325-WA0023.jpg?resize=350%2C200&ssl=1","width":350,"height":200,"srcset":"https:\/\/i0.wp.com\/lasprimeras.com.do\/wp-content\/uploads\/2024\/03\/IMG-20240325-WA0023.jpg?resize=350%2C200&ssl=1 1x, https:\/\/i0.wp.com\/lasprimeras.com.do\/wp-content\/uploads\/2024\/03\/IMG-20240325-WA0023.jpg?resize=525%2C300&ssl=1 1.5x, https:\/\/i0.wp.com\/lasprimeras.com.do\/wp-content\/uploads\/2024\/03\/IMG-20240325-WA0023.jpg?resize=700%2C400&ssl=1 2x"},"classes":[]},{"id":76351,"url":"https:\/\/lasprimeras.com.do\/index.php\/2024\/02\/09\/apresan-pareja-por-explotacion-laboral-infantil-en-puerto-plata\/","url_meta":{"origin":100749,"position":4},"title":"Apresan pareja por explotaci\u00f3n laboral infantil en Puerto Plata","author":"Nelson Feliz","date":"9 de febrero de 2024","format":false,"excerpt":"Agentes del Departamento de Investigaci\u00f3n de Trata y Tr\u00e1fico de Personas, en coordinaci\u00f3n con personal de la Direcci\u00f3n Central de Polic\u00eda de Turismo (POLITUR) y la Fiscal\u00eda de Ni\u00f1os, Ni\u00f1as y Adolescentes, apresaron a un hombre y una mujer por explotaci\u00f3n laboral de menores de edad en Sos\u00faa-Puerto Plata. De\u2026","rel":"","context":"En \u00abMILITARES\u00bb","block_context":{"text":"MILITARES","link":"https:\/\/lasprimeras.com.do\/index.php\/category\/militares\/"},"img":{"alt_text":"DNCD","src":"https:\/\/i0.wp.com\/lasprimeras.com.do\/wp-content\/uploads\/2023\/08\/preso-1-1.jpg?resize=350%2C200&ssl=1","width":350,"height":200,"srcset":"https:\/\/i0.wp.com\/lasprimeras.com.do\/wp-content\/uploads\/2023\/08\/preso-1-1.jpg?resize=350%2C200&ssl=1 1x, https:\/\/i0.wp.com\/lasprimeras.com.do\/wp-content\/uploads\/2023\/08\/preso-1-1.jpg?resize=525%2C300&ssl=1 1.5x, https:\/\/i0.wp.com\/lasprimeras.com.do\/wp-content\/uploads\/2023\/08\/preso-1-1.jpg?resize=700%2C400&ssl=1 2x"},"classes":[]},{"id":102713,"url":"https:\/\/lasprimeras.com.do\/index.php\/2025\/07\/07\/ejercito-envia-ante-el-mp450-personas-por-trafico-de-indocumentados-y-contrabando\/","url_meta":{"origin":100749,"position":5},"title":"Ej\u00e9rcito env\u00eda ante el MP,450 personas por tr\u00e1fico de indocumentados y contrabando","author":"Nelson Feliz","date":"7 de julio de 2025","format":false,"excerpt":"Tambi\u00e9n detiene 99,070 inmigrantes indocumentados y retiene 1,343 veh\u00edculos durante el per\u00edodo comprendido entre enero y junio del presente a\u00f1o. El Ej\u00e9rcito de Rep\u00fablica Dominicana ha puesto a disposici\u00f3n del Ministerio P\u00fablico por diferentes delitos a 450 personas, detenido a 99,070 inmigrantes indocumentados y ha retenido 1,343 veh\u00edculos, durante el\u2026","rel":"","context":"En \u00abMILITARES\u00bb","block_context":{"text":"MILITARES","link":"https:\/\/lasprimeras.com.do\/index.php\/category\/militares\/"},"img":{"alt_text":"","src":"https:\/\/i0.wp.com\/lasprimeras.com.do\/wp-content\/uploads\/2025\/07\/ejr.jpg?resize=350%2C200&ssl=1","width":350,"height":200,"srcset":"https:\/\/i0.wp.com\/lasprimeras.com.do\/wp-content\/uploads\/2025\/07\/ejr.jpg?resize=350%2C200&ssl=1 1x, https:\/\/i0.wp.com\/lasprimeras.com.do\/wp-content\/uploads\/2025\/07\/ejr.jpg?resize=525%2C300&ssl=1 1.5x, https:\/\/i0.wp.com\/lasprimeras.com.do\/wp-content\/uploads\/2025\/07\/ejr.jpg?resize=700%2C400&ssl=1 2x"},"classes":[]}],"jetpack_sharing_enabled":true,"_links":{"self":[{"href":"https:\/\/lasprimeras.com.do\/index.php\/wp-json\/wp\/v2\/posts\/100749","targetHints":{"allow":["GET"]}}],"collection":[{"href":"https:\/\/lasprimeras.com.do\/index.php\/wp-json\/wp\/v2\/posts"}],"about":[{"href":"https:\/\/lasprimeras.com.do\/index.php\/wp-json\/wp\/v2\/types\/post"}],"author":[{"embeddable":true,"href":"https:\/\/lasprimeras.com.do\/index.php\/wp-json\/wp\/v2\/users\/10"}],"replies":[{"embeddable":true,"href":"https:\/\/lasprimeras.com.do\/index.php\/wp-json\/wp\/v2\/comments?post=100749"}],"version-history":[{"count":1,"href":"https:\/\/lasprimeras.com.do\/index.php\/wp-json\/wp\/v2\/posts\/100749\/revisions"}],"predecessor-version":[{"id":100751,"href":"https:\/\/lasprimeras.com.do\/index.php\/wp-json\/wp\/v2\/posts\/100749\/revisions\/100751"}],"wp:featuredmedia":[{"embeddable":true,"href":"https:\/\/lasprimeras.com.do\/index.php\/wp-json\/wp\/v2\/media\/100750"}],"wp:attachment":[{"href":"https:\/\/lasprimeras.com.do\/index.php\/wp-json\/wp\/v2\/media?parent=100749"}],"wp:term":[{"taxonomy":"category","embeddable":true,"href":"https:\/\/lasprimeras.com.do\/index.php\/wp-json\/wp\/v2\/categories?post=100749"},{"taxonomy":"post_tag","embeddable":true,"href":"https:\/\/lasprimeras.com.do\/index.php\/wp-json\/wp\/v2\/tags?post=100749"}],"curies":[{"name":"wp","href":"https:\/\/api.w.org\/{rel}","templated":true}]}}