{"id":100752,"date":"2025-06-11T12:17:56","date_gmt":"2025-06-11T16:17:56","guid":{"rendered":"https:\/\/lasprimeras.com.do\/?p=100752"},"modified":"2025-06-11T12:17:57","modified_gmt":"2025-06-11T16:17:57","slug":"julio-almonte-el-turismo-se-posiciona-en-las-gestiones-del-pld","status":"publish","type":"post","link":"https:\/\/lasprimeras.com.do\/index.php\/2025\/06\/11\/julio-almonte-el-turismo-se-posiciona-en-las-gestiones-del-pld\/","title":{"rendered":"Julio Almonte: El turismo se posiciona en las gestiones del PLD"},"content":{"rendered":"\n<p><strong>El turismo tiene que adoptar iniciativas para recuperar destinos en los que ha perdido visitantes, alerta Julio Almonte, coordinador de Comisi\u00f3n de Turismo del PLD.<\/strong><\/p>\n\n\n\n<p>El titular de la Comisi\u00f3n de Turismo del Partido de la Liberaci\u00f3n Dominicana (PLD), Julio Almonte, alert\u00f3 sobre el riesgo para la econom\u00eda que representa la tendencia cada vez m\u00e1s creciente de la reducci\u00f3n de la llegada de turistas procedentes de destinos importantes como Europa, Canad\u00e1 y Estados Unidos.<\/p>\n\n\n\n<p>Durante la exposici\u00f3n titulada \u00abImpulso al turismo dominicano: aportes gestiones del PLD (2012-2019)\u00bb, realizada en la Casa Nacional Reinaldo Pared P\u00e9rez, Almonte neg\u00f3 que la reducci\u00f3n del flujo tur\u00edstico de esos destinos se deba a conflictos regionales, atribuy\u00e9ndolo a la ausencia de promoci\u00f3n en esos pa\u00edses, entre otros factores.<\/p>\n\n\n\n<p>Manifest\u00f3 que, sugiriendo realizar una campa\u00f1a de promoci\u00f3n masiva y agresiva en los mercados que el pa\u00eds necesita.<\/p>\n\n\n\n<p>\u00abSe\u00f1or ministro de Turismo, no es posible que el destino de Puerto Plata tenga un a\u00f1o con el telef\u00e9rico cerrado. Debemos decir, se\u00f1or ministro, \u00bfd\u00f3nde est\u00e1 la autopista del \u00c1mbar que se prometi\u00f3 hace tres a\u00f1os?\u00bb, cuestion\u00f3.<\/p>\n\n\n\n<p>Asever\u00f3 que los destinos sin obras no pueden dar buen servicio. \u201cNosotros tenemos que trabajar, no es solamente decir cu\u00e1ntos turistas est\u00e1n llegando, tenemos que hacer la inversi\u00f3n p\u00fablica que merece cada destino tur\u00edstico\u00bb, dijo Julio Almonte en un conversatorio con miembros y dirigentes del PLD organizado por el Secretariado de Pol\u00edticas P\u00fablicas y la Comisi\u00f3n de Turismo.<\/p>\n\n\n\n<p>En su exposici\u00f3n Almonte explic\u00f3 que el turismo del pa\u00eds logr\u00f3 posicionarse gracias a los trabajos que por a\u00f1os hizo esa organizaci\u00f3n pol\u00edtica cuando dirigi\u00f3 los destinos nacionales.<\/p>\n\n\n\n<p>\u00abDurante la gesti\u00f3n del PLD es que el pa\u00eds logr\u00f3 posicionarse como l\u00edder absoluto en el Caribe y Centroam\u00e9rica con las llegadas de turistas e ingresos por turismo\u00bb, afirm\u00f3.<\/p>\n\n\n\n<p>Destac\u00f3 que ya para el 2019 llegaban al pa\u00eds 6.4 millones de turistas y que el ingreso por turismo ascend\u00eda a 7.4 mil millones de d\u00f3lares.<\/p>\n\n\n\n<p>Agreg\u00f3: \u00abHoy d\u00eda tenemos turismo de crucero con el apoyo que dej\u00f3 el Partido de la Liberaci\u00f3n Dominicana, tenemos turismo a\u00e9reo por el apoyo que dej\u00f3 el Partido de la Liberaci\u00f3n Dominicana con la continuidad que le ha dado el presente gobierno\u00bb.<\/p>\n\n\n\n<p>Manifest\u00f3 que se debe trabajar para recuperar los mercados de Estados Unidos, Espa\u00f1a, Canad\u00e1 y Francia que, seg\u00fan dijo, han ca\u00eddo.<\/p>\n\n\n\n<p>Consider\u00f3 que para terminar el a\u00f1o con un crecimiento de un 5 % es necesario que se tomen las medidas y las acciones para poder realizar las campa\u00f1as de promoci\u00f3n, de publicidad y de marketing que se necesitan en ciertos destinos tur\u00edsticos. \u00abT\u00fa no puedes dejar un destino solo, porque tenemos mucha competencia internacional\u00bb, expres\u00f3.<\/p>\n\n\n\n<p>Reiter\u00f3 que la Comisi\u00f3n de Turismo del PLD se pone a la disposici\u00f3n del Ministerio de Turismo y del Estado, todos sus t\u00e9cnicos para trabajar en equipo.<\/p>\n\n\n\n<p>A la exposici\u00f3n asistieron los miembros del Comit\u00e9 Pol\u00edtico del PLD, Walter Musa, Diego Aquino, Alejandro Mont\u00e1s, H\u00e9ctor Olivo, Ram\u00f3n de la Rosa y Zoraima Cuello vicepresidenta del PLD, as\u00ed como miembros del Comit\u00e9 Central y titulares de Secretar\u00edas.<\/p>\n\n\n\n<p>La ponencia, que se apoy\u00f3 en gr\u00e1ficos y estad\u00edsticas, le sigui\u00f3 un turno de sugerencias y preguntas que fueron contestadas por Julio Almonte, ex viceministro de Turismo.<\/p>\n","protected":false},"excerpt":{"rendered":"<p>El turismo tiene que adoptar iniciativas para recuperar destinos en los que ha perdido visitantes, alerta Julio Almonte, coordinador de Comisi\u00f3n de Turismo del PLD. El titular de la Comisi\u00f3n&hellip;<\/p>\n","protected":false},"author":10,"featured_media":100753,"comment_status":"open","ping_status":"open","sticky":false,"template":"","format":"standard","meta":{"content-type":"","jetpack_post_was_ever_published":false,"_jetpack_newsletter_access":"","_jetpack_dont_email_post_to_subs":false,"_jetpack_newsletter_tier_id":0,"_jetpack_memberships_contains_paywalled_content":false,"_jetpack_memberships_contains_paid_content":false,"footnotes":""},"categories":[25,376],"tags":[3169,98,1486,20433,20434,3384,375],"class_list":["post-100752","post","type-post","status-publish","format-standard","has-post-thumbnail","hentry","category-portada","category-turismo","tag-canada-3","tag-estados-unidos","tag-europa","tag-gestiones-del-pld","tag-julio-almonte","tag-se-posiciona","tag-turismo"],"jetpack_featured_media_url":"https:\/\/lasprimeras.com.do\/wp-content\/uploads\/2025\/06\/Julio-Almonte.jpg","jetpack-related-posts":[{"id":120430,"url":"https:\/\/lasprimeras.com.do\/index.php\/2026\/01\/23\/julio-almonte-nina-la-prioridad-es-continuar-fortaleciendo-el-turismo-dominicano\/","url_meta":{"origin":100752,"position":0},"title":"Julio Almonte Nina: \u201cLa prioridad es continuar fortaleciendo el turismo dominicano\u201d","author":"Nelson Feliz","date":"23 de enero de 2026","format":false,"excerpt":"En materia tur\u00edstica se compite hacia afuera y se construye hacia adentro. El titular de la Comisi\u00f3n de Turismo del Partido de la Liberaci\u00f3n Dominicana (PLD), Julio Almonte Nina, hizo un llamado a todos los sectores pol\u00edticos, sociales y econ\u00f3micos del pa\u00eds a asumir el turismo como una responsabilidad colectiva\u2026","rel":"","context":"En \u00abPORTADA\u00bb","block_context":{"text":"PORTADA","link":"https:\/\/lasprimeras.com.do\/index.php\/category\/portada\/"},"img":{"alt_text":"Julio Almonte Nina","src":"https:\/\/i0.wp.com\/lasprimeras.com.do\/wp-content\/uploads\/2026\/01\/Julio-Almonte-Nina.jpg?resize=350%2C200&ssl=1","width":350,"height":200,"srcset":"https:\/\/i0.wp.com\/lasprimeras.com.do\/wp-content\/uploads\/2026\/01\/Julio-Almonte-Nina.jpg?resize=350%2C200&ssl=1 1x, https:\/\/i0.wp.com\/lasprimeras.com.do\/wp-content\/uploads\/2026\/01\/Julio-Almonte-Nina.jpg?resize=525%2C300&ssl=1 1.5x, https:\/\/i0.wp.com\/lasprimeras.com.do\/wp-content\/uploads\/2026\/01\/Julio-Almonte-Nina.jpg?resize=700%2C400&ssl=1 2x"},"classes":[]},{"id":124980,"url":"https:\/\/lasprimeras.com.do\/index.php\/2026\/03\/18\/julio-almonte-el-transito-asfixia-el-turismo-en-puerto-plata\/","url_meta":{"origin":100752,"position":1},"title":"Julio Almonte: El tr\u00e1nsito asfixia el turismo en Puerto Plata","author":"Nelson Feliz","date":"18 de marzo de 2026","format":false,"excerpt":"El titular de la Comisi\u00f3n de Turismo del Partido de la Liberaci\u00f3n Dominicana, Julio Almonte, demand\u00f3 del Ayuntamiento de Puerto Plata y del Instituto Nacional de Tr\u00e1nsito y Transporte Terrestre (INTRANT) trabajar en la soluci\u00f3n del tr\u00e1nsito, antes de que sea demasiado tarde con relaci\u00f3n a los turistas y cruceristas\u2026","rel":"","context":"En \u00abPOLITICA\u00bb","block_context":{"text":"POLITICA","link":"https:\/\/lasprimeras.com.do\/index.php\/category\/politica\/"},"img":{"alt_text":"Julio Almonte","src":"https:\/\/i0.wp.com\/lasprimeras.com.do\/wp-content\/uploads\/2026\/03\/Julio-Almonte.jpg?resize=350%2C200&ssl=1","width":350,"height":200,"srcset":"https:\/\/i0.wp.com\/lasprimeras.com.do\/wp-content\/uploads\/2026\/03\/Julio-Almonte.jpg?resize=350%2C200&ssl=1 1x, https:\/\/i0.wp.com\/lasprimeras.com.do\/wp-content\/uploads\/2026\/03\/Julio-Almonte.jpg?resize=525%2C300&ssl=1 1.5x, https:\/\/i0.wp.com\/lasprimeras.com.do\/wp-content\/uploads\/2026\/03\/Julio-Almonte.jpg?resize=700%2C400&ssl=1 2x"},"classes":[]},{"id":86950,"url":"https:\/\/lasprimeras.com.do\/index.php\/2024\/08\/04\/proyectan-a-puerto-plata-como-destino-turistico-en-ny-y-canada\/","url_meta":{"origin":100752,"position":2},"title":"Proyectan a Puerto Plata como destino tur\u00edstico en NY y Canad\u00e1","author":"Nelson Feliz","date":"4 de agosto de 2024","format":false,"excerpt":"Por: Aquiles Rojas NUEVA YORK. - El Comit\u00e9 de Puertoplate\u00f1os en New York y C\u00e1nada INC y el Proyecto Entre Mujeres Te Veas, realizaron un encuentro en esta ciudad denominado noche cultural dedicada a la \u201cNovia del Atl\u00e1ntico\u201d, titulada: \u201cPuerto Plata entre la Monta\u00f1a y el Mar: Turismo, Educaci\u00f3n y\u2026","rel":"","context":"En \u00abTURISMO\u00bb","block_context":{"text":"TURISMO","link":"https:\/\/lasprimeras.com.do\/index.php\/category\/turismo\/"},"img":{"alt_text":"puertosplate\u00f1os","src":"https:\/\/i0.wp.com\/lasprimeras.com.do\/wp-content\/uploads\/2024\/08\/puertosplatenos.jpg?resize=350%2C200&ssl=1","width":350,"height":200,"srcset":"https:\/\/i0.wp.com\/lasprimeras.com.do\/wp-content\/uploads\/2024\/08\/puertosplatenos.jpg?resize=350%2C200&ssl=1 1x, https:\/\/i0.wp.com\/lasprimeras.com.do\/wp-content\/uploads\/2024\/08\/puertosplatenos.jpg?resize=525%2C300&ssl=1 1.5x, https:\/\/i0.wp.com\/lasprimeras.com.do\/wp-content\/uploads\/2024\/08\/puertosplatenos.jpg?resize=700%2C400&ssl=1 2x"},"classes":[]},{"id":100983,"url":"https:\/\/lasprimeras.com.do\/index.php\/2025\/06\/14\/regidores-del-pld-reiteran-compromiso-con-la-seguridad-vida-y-bienestar-de-santiago\/","url_meta":{"origin":100752,"position":3},"title":"Regidores del PLD reiteran compromiso con la seguridad, vida y bienestar de Santiago","author":"Nelson Feliz","date":"14 de junio de 2025","format":false,"excerpt":"El Bloque de Regidores del PLD en Santiago exige la paralizaci\u00f3n y demolici\u00f3n de la construcci\u00f3n pr\u00f3xima a la avenida Estrella Sadhal\u00e1. Desde el lugar donde ocurri\u00f3 el colapso parcial de una estructura en la avenida Estrella Sadhal\u00e1, antigua planta embotelladora de Coca-Cola, en Santiago de los Caballeros, el Bloque\u2026","rel":"","context":"En \u00abPOLITICA\u00bb","block_context":{"text":"POLITICA","link":"https:\/\/lasprimeras.com.do\/index.php\/category\/politica\/"},"img":{"alt_text":"","src":"https:\/\/i0.wp.com\/lasprimeras.com.do\/wp-content\/uploads\/2025\/06\/REGIDORES-STGO.jpg?resize=350%2C200&ssl=1","width":350,"height":200,"srcset":"https:\/\/i0.wp.com\/lasprimeras.com.do\/wp-content\/uploads\/2025\/06\/REGIDORES-STGO.jpg?resize=350%2C200&ssl=1 1x, https:\/\/i0.wp.com\/lasprimeras.com.do\/wp-content\/uploads\/2025\/06\/REGIDORES-STGO.jpg?resize=525%2C300&ssl=1 1.5x, https:\/\/i0.wp.com\/lasprimeras.com.do\/wp-content\/uploads\/2025\/06\/REGIDORES-STGO.jpg?resize=700%2C400&ssl=1 2x"},"classes":[]},{"id":100925,"url":"https:\/\/lasprimeras.com.do\/index.php\/2025\/06\/13\/iniciara-en-nyc-dominican-taste-festival-2025\/","url_meta":{"origin":100752,"position":4},"title":"Iniciar\u00e1 en NYC Dominican Taste Festival 2025","author":"Nelson Feliz","date":"13 de junio de 2025","format":false,"excerpt":"Por Ram\u00f3n Mercedes NUEVA YORK.- Con una rueda de prensa en el restaurant Casa del Mar, en El Bronx, iniciar\u00e1 el pr\u00f3ximo 23 de junio las actividades del Dominican Taste Festival 2025, la plataforma comercial, tur\u00edstica y de emprendedores dominicanos en Estados Unidos. El evento, que dirige Elida Almonte, muestra\u2026","rel":"","context":"En \u00abENTRETENIMIENTO\u00bb","block_context":{"text":"ENTRETENIMIENTO","link":"https:\/\/lasprimeras.com.do\/index.php\/category\/entretenimiento\/"},"img":{"alt_text":"","src":"https:\/\/i0.wp.com\/lasprimeras.com.do\/wp-content\/uploads\/2025\/06\/WhatsApp-Image-2025-06-13-at-6.29.48-AM.jpeg?resize=350%2C200&ssl=1","width":350,"height":200,"srcset":"https:\/\/i0.wp.com\/lasprimeras.com.do\/wp-content\/uploads\/2025\/06\/WhatsApp-Image-2025-06-13-at-6.29.48-AM.jpeg?resize=350%2C200&ssl=1 1x, https:\/\/i0.wp.com\/lasprimeras.com.do\/wp-content\/uploads\/2025\/06\/WhatsApp-Image-2025-06-13-at-6.29.48-AM.jpeg?resize=525%2C300&ssl=1 1.5x"},"classes":[]},{"id":106061,"url":"https:\/\/lasprimeras.com.do\/index.php\/2025\/08\/10\/infotep-impulsara-formacion-especializada-para-el-desarrollo-turistico-de-punta-bergantin-y-montellano\/","url_meta":{"origin":100752,"position":5},"title":"INFOTEP impulsar\u00e1 formaci\u00f3n especializada para el desarrollo tur\u00edstico de Punta Bergant\u00edn y Montellano","author":"Nelson Feliz","date":"10 de agosto de 2025","format":false,"excerpt":"El Instituto Nacional de Formaci\u00f3n T\u00e9cnico Profesional (INFOTEP) anunci\u00f3, junto al Fideicomiso Punta Bergant\u00edn, la construcci\u00f3n de dos centros de formaci\u00f3n, uno especializado en hoteler\u00eda y otro en el municipio de Villa Montellano, como parte de su compromiso de capacitar el capital humano que demandar\u00e1 el desarrollo tur\u00edstico de la\u2026","rel":"","context":"En \u00abTURISMO\u00bb","block_context":{"text":"TURISMO","link":"https:\/\/lasprimeras.com.do\/index.php\/category\/turismo\/"},"img":{"alt_text":"","src":"https:\/\/i0.wp.com\/lasprimeras.com.do\/wp-content\/uploads\/2025\/08\/infotep-1-1.jpg?resize=350%2C200&ssl=1","width":350,"height":200,"srcset":"https:\/\/i0.wp.com\/lasprimeras.com.do\/wp-content\/uploads\/2025\/08\/infotep-1-1.jpg?resize=350%2C200&ssl=1 1x, https:\/\/i0.wp.com\/lasprimeras.com.do\/wp-content\/uploads\/2025\/08\/infotep-1-1.jpg?resize=525%2C300&ssl=1 1.5x, https:\/\/i0.wp.com\/lasprimeras.com.do\/wp-content\/uploads\/2025\/08\/infotep-1-1.jpg?resize=700%2C400&ssl=1 2x"},"classes":[]}],"jetpack_sharing_enabled":true,"_links":{"self":[{"href":"https:\/\/lasprimeras.com.do\/index.php\/wp-json\/wp\/v2\/posts\/100752","targetHints":{"allow":["GET"]}}],"collection":[{"href":"https:\/\/lasprimeras.com.do\/index.php\/wp-json\/wp\/v2\/posts"}],"about":[{"href":"https:\/\/lasprimeras.com.do\/index.php\/wp-json\/wp\/v2\/types\/post"}],"author":[{"embeddable":true,"href":"https:\/\/lasprimeras.com.do\/index.php\/wp-json\/wp\/v2\/users\/10"}],"replies":[{"embeddable":true,"href":"https:\/\/lasprimeras.com.do\/index.php\/wp-json\/wp\/v2\/comments?post=100752"}],"version-history":[{"count":1,"href":"https:\/\/lasprimeras.com.do\/index.php\/wp-json\/wp\/v2\/posts\/100752\/revisions"}],"predecessor-version":[{"id":100754,"href":"https:\/\/lasprimeras.com.do\/index.php\/wp-json\/wp\/v2\/posts\/100752\/revisions\/100754"}],"wp:featuredmedia":[{"embeddable":true,"href":"https:\/\/lasprimeras.com.do\/index.php\/wp-json\/wp\/v2\/media\/100753"}],"wp:attachment":[{"href":"https:\/\/lasprimeras.com.do\/index.php\/wp-json\/wp\/v2\/media?parent=100752"}],"wp:term":[{"taxonomy":"category","embeddable":true,"href":"https:\/\/lasprimeras.com.do\/index.php\/wp-json\/wp\/v2\/categories?post=100752"},{"taxonomy":"post_tag","embeddable":true,"href":"https:\/\/lasprimeras.com.do\/index.php\/wp-json\/wp\/v2\/tags?post=100752"}],"curies":[{"name":"wp","href":"https:\/\/api.w.org\/{rel}","templated":true}]}}