{"id":100832,"date":"2025-06-12T11:41:02","date_gmt":"2025-06-12T15:41:02","guid":{"rendered":"https:\/\/lasprimeras.com.do\/?p=100832"},"modified":"2025-06-12T11:41:03","modified_gmt":"2025-06-12T15:41:03","slug":"pn-y-mp-ocupan-siete-armas-de-fuego-cargadores-y-municiones-en-moca","status":"publish","type":"post","link":"https:\/\/lasprimeras.com.do\/index.php\/2025\/06\/12\/pn-y-mp-ocupan-siete-armas-de-fuego-cargadores-y-municiones-en-moca\/","title":{"rendered":"PN y MP ocupan siete armas de fuego, cargadores y municiones en Moca"},"content":{"rendered":"\n<p><strong>-Un hombre de 62 a\u00f1os resulta detenido durante el allanamiento.<\/strong><\/p>\n\n\n\n<p>La Polic\u00eda Nacional, en coordinaci\u00f3n con el Ministerio P\u00fablico, ocup\u00f3 un total de siete armas de fuego (un fusil, dos escopetas y cuatro pistolas), adem\u00e1s de m\u00faltiples cargadores, municiones y otras evidencias, durante un allanamiento realizado en una residencia del distrito municipal Joba Arriba, municipio Gaspar Hern\u00e1ndez, provincia Espaillat.<\/p>\n\n\n\n<p>El operativo fue realizado mediante la orden judicial No. 598-1-2025-SAUT-00153, en la vivienda del ciudadano Aquiles Arias Flete, de 62 a\u00f1os, quien result\u00f3 detenido.<\/p>\n\n\n\n<p>En la habitaci\u00f3n principal de la residencia se ocup\u00f3 un (01) fusil marca Rock River, modelo R15, calibre 5.56mm, con su cargador y 20 c\u00e1psulas, junto a cuatro cargadores adicionales y 30 c\u00e1psulas del mismo calibre; dos escopetas calibre 12mm; cuatro pistolas: una Glock, modelo 17, calibre 9mm; una Remington, calibre .45mm; una Bersa, calibre 9mm (con licencia vencida a nombre del allanado); y una pistola sin especificar en el reporte.<\/p>\n\n\n\n<p>Tambi\u00e9n fueron ocupados: una canana para pistola calibre .45mm, un porta cargador doble, dos piezas secondary plug para pistola .45mm, 12 cartuchos calibre 12mm, 14 c\u00e1psulas calibre 9mm, una caja para pistola, un ca\u00f1\u00f3n de pistola calibre .45mm y un DVR.<\/p>\n\n\n\n<p>Las evidencias fueron enviadas a la Polic\u00eda Cient\u00edfica para an\u00e1lisis bal\u00edstico y, posteriormente, ser\u00e1n puestas a disposici\u00f3n del Ministerio P\u00fablico para los fines legales correspondientes.<\/p>\n","protected":false},"excerpt":{"rendered":"<p>-Un hombre de 62 a\u00f1os resulta detenido durante el allanamiento. La Polic\u00eda Nacional, en coordinaci\u00f3n con el Ministerio P\u00fablico, ocup\u00f3 un total de siete armas de fuego (un fusil, dos&hellip;<\/p>\n","protected":false},"author":10,"featured_media":100833,"comment_status":"open","ping_status":"open","sticky":false,"template":"","format":"standard","meta":{"content-type":"","jetpack_post_was_ever_published":false,"_jetpack_newsletter_access":"","_jetpack_dont_email_post_to_subs":false,"_jetpack_newsletter_tier_id":0,"_jetpack_memberships_contains_paywalled_content":false,"_jetpack_memberships_contains_paid_content":false,"footnotes":""},"categories":[3057],"tags":[1662,5429,2030,1968,1249,477],"class_list":["post-100832","post","type-post","status-publish","format-standard","has-post-thumbnail","hentry","category-militares","tag-armas-de-fuego","tag-cargadores","tag-moca","tag-mp","tag-municiones","tag-pn"],"jetpack_featured_media_url":"https:\/\/lasprimeras.com.do\/wp-content\/uploads\/2025\/06\/dos.jpg","jetpack-related-posts":[{"id":127176,"url":"https:\/\/lasprimeras.com.do\/index.php\/2026\/04\/09\/ocupan-cinco-armas-de-fuego-y-mas-de-200-municiones-en-allanamiento-en-barahona\/","url_meta":{"origin":100832,"position":0},"title":"Ocupan cinco armas de fuego y m\u00e1s de 200 municiones en allanamiento en Barahona","author":"Nelson Feliz","date":"9 de abril de 2026","format":false,"excerpt":"Miembros de la Polic\u00eda Nacional junto al Ministerio P\u00fablico ocuparon cinco armas de fuego, dos fusiles, dos sub-ametralladoras tipo UZI, un revolver, adem\u00e1s de 200 municiones de distintos calibres en un allanamiento en el centro de Barahona. El operativo, ejecutado mediante la orden judicial No. 2026-AJ0027418, estuvo a cargo de\u2026","rel":"","context":"En \u00abMILITARES\u00bb","block_context":{"text":"MILITARES","link":"https:\/\/lasprimeras.com.do\/index.php\/category\/militares\/"},"img":{"alt_text":"","src":"https:\/\/i0.wp.com\/lasprimeras.com.do\/wp-content\/uploads\/2026\/04\/1003950663.jpg?resize=350%2C200&ssl=1","width":350,"height":200},"classes":[]},{"id":82645,"url":"https:\/\/lasprimeras.com.do\/index.php\/2024\/05\/06\/policia-mp-y-aduanas-ocupan-cinco-armas-de-fuego-y-mas-de-200-municiones-procedentes-del-exterior\/","url_meta":{"origin":100832,"position":1},"title":"Polic\u00eda, MP y Aduanas ocupan cinco armas de fuego y m\u00e1s de 200 municiones procedentes del exterior","author":"BIMARY DE JES\u00daS Matos","date":"6 de mayo de 2024","format":false,"excerpt":"Agentes policiales, adscritos a la Divisi\u00f3n Especial de Investigaci\u00f3n de Delitos Transnacionales (DEIDET), junto a la Direcci\u00f3n General de Aduanas (DGA), bajo la coordinaci\u00f3n de la Fiscal\u00eda de Puerto Plata, realizaron operativos simult\u00e1neos en los municipios Santo Domingo Este y Ban\u00ed, donde lograron ocupar cinco pistolas, 250 municiones, seis cargadores\u2026","rel":"","context":"En \u00abNACIONALES\u00bb","block_context":{"text":"NACIONALES","link":"https:\/\/lasprimeras.com.do\/index.php\/category\/nacionales\/"},"img":{"alt_text":"","src":"https:\/\/i0.wp.com\/lasprimeras.com.do\/wp-content\/uploads\/2024\/05\/WhatsApp-Image-2024-05-06-at-12.01.56-PM.jpeg?resize=350%2C200&ssl=1","width":350,"height":200},"classes":[]},{"id":88460,"url":"https:\/\/lasprimeras.com.do\/index.php\/2024\/08\/28\/pn-ocupa-yipeta-miles-de-municiones-mira-telescopica-y-otros-efectos-en-arroyo-hondo\/","url_meta":{"origin":100832,"position":2},"title":"PN ocupa yipeta, miles de municiones, mira telesc\u00f3pica y otros efectos en Arroyo Hondo","author":"Nelson Feliz","date":"28 de agosto de 2024","format":false,"excerpt":"-Dos personas resultan detenidas mediante orden de arresto para ser investigadas por este hallazgo. Agentes policiales de la Divisi\u00f3n Especial de Investigaci\u00f3n de Delitos Transnacionales (DEIDET), de la Direcci\u00f3n Central de Investigaci\u00f3n (DICRIM) en coordinaci\u00f3n con la Direcci\u00f3n General de Aduanas (DGA) y el Ministerio P\u00fablico, lograron ocupar 4,636 c\u00e1psulas\u2026","rel":"","context":"En \u00abMILITARES\u00bb","block_context":{"text":"MILITARES","link":"https:\/\/lasprimeras.com.do\/index.php\/category\/militares\/"},"img":{"alt_text":"dolares","src":"https:\/\/i0.wp.com\/lasprimeras.com.do\/wp-content\/uploads\/2024\/08\/dolares.jpg?resize=350%2C200&ssl=1","width":350,"height":200,"srcset":"https:\/\/i0.wp.com\/lasprimeras.com.do\/wp-content\/uploads\/2024\/08\/dolares.jpg?resize=350%2C200&ssl=1 1x, https:\/\/i0.wp.com\/lasprimeras.com.do\/wp-content\/uploads\/2024\/08\/dolares.jpg?resize=525%2C300&ssl=1 1.5x, https:\/\/i0.wp.com\/lasprimeras.com.do\/wp-content\/uploads\/2024\/08\/dolares.jpg?resize=700%2C400&ssl=1 2x"},"classes":[]},{"id":114414,"url":"https:\/\/lasprimeras.com.do\/index.php\/2025\/11\/13\/dintel-ocupa-armas-de-fuego-municiones-y-otros-objetos-ilicitos-durante-allanamientos-en-la-vega\/","url_meta":{"origin":100832,"position":3},"title":"DINTEL ocupa armas de fuego, municiones y otros objetos il\u00edcitos durante allanamientos en La Vega","author":"Nelson Feliz","date":"13 de noviembre de 2025","format":false,"excerpt":"Agentes de la Subdirecci\u00f3n Regional de Inteligencia (DINTEL) de la Polic\u00eda Nacional, en coordinaci\u00f3n con el Ministerio P\u00fablico, realizaron varios allanamientos en distintos sectores de la provincia La Vega, logrando la ocupaci\u00f3n de armas de fuego, municiones y diversos objetos sin documentaci\u00f3n legal, como parte de las acciones de inteligencia\u2026","rel":"","context":"En \u00abMILITARES\u00bb","block_context":{"text":"MILITARES","link":"https:\/\/lasprimeras.com.do\/index.php\/category\/militares\/"},"img":{"alt_text":"","src":"https:\/\/i0.wp.com\/lasprimeras.com.do\/wp-content\/uploads\/2025\/11\/DINTEL.jpg?resize=350%2C200&ssl=1","width":350,"height":200,"srcset":"https:\/\/i0.wp.com\/lasprimeras.com.do\/wp-content\/uploads\/2025\/11\/DINTEL.jpg?resize=350%2C200&ssl=1 1x, https:\/\/i0.wp.com\/lasprimeras.com.do\/wp-content\/uploads\/2025\/11\/DINTEL.jpg?resize=525%2C300&ssl=1 1.5x, https:\/\/i0.wp.com\/lasprimeras.com.do\/wp-content\/uploads\/2025\/11\/DINTEL.jpg?resize=700%2C400&ssl=1 2x"},"classes":[]},{"id":96023,"url":"https:\/\/lasprimeras.com.do\/index.php\/2025\/03\/24\/desmantelan-en-bani-red-de-trafico-de-armas-con-vinculos-internacionales\/","url_meta":{"origin":100832,"position":4},"title":"Desmantelan en Ban\u00ed red de tr\u00e1fico de armas con v\u00ednculos internacionales","author":"Nelson Feliz","date":"24 de marzo de 2025","format":false,"excerpt":"-Ocupan 11 pistolas, seis fusiles, municiones, entre otras evidencias. -Apresan a dos hombres y persiguen a otros tres vinculados al grupo delictivo. La Direcci\u00f3n Central de Inteligencia (DINTEL) de la Polic\u00eda Nacional, en coordinaci\u00f3n con el Ministerio P\u00fablico, desmantel\u00f3 una organizaci\u00f3n criminal dedicada al tr\u00e1fico internacional de armas, con base\u2026","rel":"","context":"En \u00abMILITARES\u00bb","block_context":{"text":"MILITARES","link":"https:\/\/lasprimeras.com.do\/index.php\/category\/militares\/"},"img":{"alt_text":"","src":"https:\/\/i0.wp.com\/lasprimeras.com.do\/wp-content\/uploads\/2025\/03\/FOTOS.jpg?resize=350%2C200&ssl=1","width":350,"height":200},"classes":[]},{"id":76984,"url":"https:\/\/lasprimeras.com.do\/index.php\/2024\/02\/16\/autoridades-policiales-aduanas-y-del-mp-ocupan-12-pistolas-municiones-y-otros-pertrechos-en-navarrete-y-sfm\/","url_meta":{"origin":100832,"position":5},"title":"Autoridades policiales, Aduanas y del MP ocupan 12 pistolas, municiones y otros pertrechos en Navarrete y SFM","author":"BIMARY DE JES\u00daS Matos","date":"16 de febrero de 2024","format":false,"excerpt":"Martin Restituyo SFM.-Los agentes de la Polic\u00eda Nacional, adscritos a la Divisi\u00f3n Especial de Investigaci\u00f3n de Delitos Transnacionales (DEIDET), la Direcci\u00f3n General de Aduanas (DGA), junto a miembros de la Direcci\u00f3n de Inteligencia del Estado Mayor (J2), ocuparon cinco pistolas que llegaron al pa\u00eds desde la ciudad de Miami, y\u2026","rel":"","context":"En \u00abPORTADA\u00bb","block_context":{"text":"PORTADA","link":"https:\/\/lasprimeras.com.do\/index.php\/category\/portada\/"},"img":{"alt_text":"","src":"https:\/\/i0.wp.com\/lasprimeras.com.do\/wp-content\/uploads\/2024\/02\/IMG-20240216-WA0069.jpg?resize=350%2C200&ssl=1","width":350,"height":200},"classes":[]}],"jetpack_sharing_enabled":true,"_links":{"self":[{"href":"https:\/\/lasprimeras.com.do\/index.php\/wp-json\/wp\/v2\/posts\/100832","targetHints":{"allow":["GET"]}}],"collection":[{"href":"https:\/\/lasprimeras.com.do\/index.php\/wp-json\/wp\/v2\/posts"}],"about":[{"href":"https:\/\/lasprimeras.com.do\/index.php\/wp-json\/wp\/v2\/types\/post"}],"author":[{"embeddable":true,"href":"https:\/\/lasprimeras.com.do\/index.php\/wp-json\/wp\/v2\/users\/10"}],"replies":[{"embeddable":true,"href":"https:\/\/lasprimeras.com.do\/index.php\/wp-json\/wp\/v2\/comments?post=100832"}],"version-history":[{"count":1,"href":"https:\/\/lasprimeras.com.do\/index.php\/wp-json\/wp\/v2\/posts\/100832\/revisions"}],"predecessor-version":[{"id":100834,"href":"https:\/\/lasprimeras.com.do\/index.php\/wp-json\/wp\/v2\/posts\/100832\/revisions\/100834"}],"wp:featuredmedia":[{"embeddable":true,"href":"https:\/\/lasprimeras.com.do\/index.php\/wp-json\/wp\/v2\/media\/100833"}],"wp:attachment":[{"href":"https:\/\/lasprimeras.com.do\/index.php\/wp-json\/wp\/v2\/media?parent=100832"}],"wp:term":[{"taxonomy":"category","embeddable":true,"href":"https:\/\/lasprimeras.com.do\/index.php\/wp-json\/wp\/v2\/categories?post=100832"},{"taxonomy":"post_tag","embeddable":true,"href":"https:\/\/lasprimeras.com.do\/index.php\/wp-json\/wp\/v2\/tags?post=100832"}],"curies":[{"name":"wp","href":"https:\/\/api.w.org\/{rel}","templated":true}]}}