{"id":100886,"date":"2025-06-12T08:45:08","date_gmt":"2025-06-12T12:45:08","guid":{"rendered":"https:\/\/lasprimeras.com.do\/?p=100886"},"modified":"2025-06-13T08:51:39","modified_gmt":"2025-06-13T12:51:39","slug":"mide-supervisa-ampliacion-y-automatizacion-de-la-industria-militar-dominicana-en-bonao","status":"publish","type":"post","link":"https:\/\/lasprimeras.com.do\/index.php\/2025\/06\/12\/mide-supervisa-ampliacion-y-automatizacion-de-la-industria-militar-dominicana-en-bonao\/","title":{"rendered":"MIDE supervisa ampliaci\u00f3n y automatizaci\u00f3n de la Industria Militar Dominicana en Bonao"},"content":{"rendered":"\n<p>El ministro de Defensa, teniente general Carlos Antonio Fern\u00e1ndez Onofre, realiz\u00f3 una visita de supervisi\u00f3n a la planta textil de la Industria Militar Dominicana, ubicada en el municipio de Bonao, con el objetivo de constatar los avances en el proceso de ampliaci\u00f3n y automatizaci\u00f3n de esta importante instalaci\u00f3n.<\/p>\n\n\n\n<p>Durante el recorrido, el alto mando militar estuvo acompa\u00f1ado por el director general del Centro de Desarrollo y Competitividad Industrial (Proindustria), se\u00f1or Luis Cruz, con quien evalu\u00f3 los trabajos en marcha orientados a incrementar en m\u00e1s de un 125 % la capacidad de producci\u00f3n de tejidos.<\/p>\n\n\n\n<p>Este ambicioso objetivo forma parte del plan estrat\u00e9gico de fortalecimiento de la industria militar nacional, impulsado con esfuerzo y dedicaci\u00f3n por un equipo comprometido de t\u00e9cnicos y operarios dominicanos.<\/p>\n\n\n\n<p>El ministro Fern\u00e1ndez Onofre explic\u00f3 que estas acciones se realizan en cumplimiento de las instrucciones del excelent\u00edsimo se\u00f1or presidente de la Rep\u00fablica, Luis Abinader, con miras a robustecer la capacidad productiva del Estado y promover una gesti\u00f3n p\u00fablica m\u00e1s eficiente.<\/p>\n\n\n\n<p>\u201cEste tipo de iniciativas nos permite ofrecer una mayor cantidad de productos textiles a un menor costo, lo que se traduce en una optimizaci\u00f3n del gasto p\u00fablico en la adquisici\u00f3n de uniformes y otros insumos, tanto para nuestras Fuerzas Armadas como para otras instituciones del Estado que requieren estos productos\u201d, afirm\u00f3 el titular del MIDE.<\/p>\n\n\n\n<p>La Industria Militar Dominicana ha venido desarrollando una pol\u00edtica de modernizaci\u00f3n continua, enfocada en satisfacer la demanda institucional con altos est\u00e1ndares de calidad y eficiencia, a la vez que promueve el desarrollo econ\u00f3mico y la generaci\u00f3n de empleos en la regi\u00f3n.<\/p>\n\n\n\n<p>Con esta visita, el Ministerio de Defensa reafirma su compromiso con el fortalecimiento de las capacidades operativas de la industria militar, en consonancia con la visi\u00f3n estrat\u00e9gica de soberan\u00eda, autosuficiencia y eficiencia promovida por el Gobierno dominicano.<\/p>\n","protected":false},"excerpt":{"rendered":"<p>El ministro de Defensa, teniente general Carlos Antonio Fern\u00e1ndez Onofre, realiz\u00f3 una visita de supervisi\u00f3n a la planta textil de la Industria Militar Dominicana, ubicada en el municipio de Bonao,&hellip;<\/p>\n","protected":false},"author":10,"featured_media":100887,"comment_status":"open","ping_status":"open","sticky":false,"template":"","format":"standard","meta":{"content-type":"","jetpack_post_was_ever_published":false,"_jetpack_newsletter_access":"","_jetpack_dont_email_post_to_subs":false,"_jetpack_newsletter_tier_id":0,"_jetpack_memberships_contains_paywalled_content":false,"_jetpack_memberships_contains_paid_content":false,"footnotes":""},"categories":[3057],"tags":[1565,17243,899,20499,1789,20500,451],"class_list":["post-100886","post","type-post","status-publish","format-standard","has-post-thumbnail","hentry","category-militares","tag-ampliacion","tag-automatizacion","tag-bonao","tag-industria-militar-dominicana","tag-ministro-de-defensa","tag-planta-textil","tag-supervisa"],"jetpack_featured_media_url":"https:\/\/lasprimeras.com.do\/wp-content\/uploads\/2025\/06\/MIDE.jpg","jetpack-related-posts":[{"id":106322,"url":"https:\/\/lasprimeras.com.do\/index.php\/2025\/08\/13\/mide-entrega-primera-partida-de-ambulancias-ensambladas-por-la-industria-militar-dominicana\/","url_meta":{"origin":100886,"position":0},"title":"MIDE entrega primera partida de ambulancias ensambladas por la Industria Militar Dominicana","author":"Nelson Feliz","date":"13 de agosto de 2025","format":false,"excerpt":"Cuatro meses y doce d\u00edas despu\u00e9s de la inauguraci\u00f3n de la moderna planta de ensamblaje de veh\u00edculos de la Industria Militar Dominicana, el Ministerio de Defensa hizo entrega de la primera partida de ambulancias producidas en estas instalaciones, marcando un hito en la autosuficiencia tecnol\u00f3gica y productiva del pa\u00eds. El\u2026","rel":"","context":"En \u00abMILITARES\u00bb","block_context":{"text":"MILITARES","link":"https:\/\/lasprimeras.com.do\/index.php\/category\/militares\/"},"img":{"alt_text":"","src":"https:\/\/i0.wp.com\/lasprimeras.com.do\/wp-content\/uploads\/2025\/08\/ambulancias-1.jpg?resize=350%2C200&ssl=1","width":350,"height":200,"srcset":"https:\/\/i0.wp.com\/lasprimeras.com.do\/wp-content\/uploads\/2025\/08\/ambulancias-1.jpg?resize=350%2C200&ssl=1 1x, https:\/\/i0.wp.com\/lasprimeras.com.do\/wp-content\/uploads\/2025\/08\/ambulancias-1.jpg?resize=525%2C300&ssl=1 1.5x, https:\/\/i0.wp.com\/lasprimeras.com.do\/wp-content\/uploads\/2025\/08\/ambulancias-1.jpg?resize=700%2C400&ssl=1 2x"},"classes":[]},{"id":119678,"url":"https:\/\/lasprimeras.com.do\/index.php\/2026\/01\/15\/ministro-de-defensa-presenta-el-primer-vehiculo-militar-blindado-ensamblado-por-la-industria-militar-dominicana\/","url_meta":{"origin":100886,"position":1},"title":"Ministro de Defensa presenta el primer veh\u00edculo militar blindado ensamblado por la &#8220;Industria Militar Dominicana&#8221;","author":"Nelson Feliz","date":"15 de enero de 2026","format":false,"excerpt":"El ministro de Defensa, teniente general Carlos Antonio Fern\u00e1ndez Onofre, present\u00f3 oficialmente el primer veh\u00edculo militar blindado ensamblado por la Industria Militar Dominicana, marcando un hito en el fortalecimiento de las capacidades operativas, industriales y estrat\u00e9gicas de las Fuerzas Armadas de la Rep\u00fablica Dominicana. El mandatario estuvo acompa\u00f1ado por el\u2026","rel":"","context":"En \u00abNACIONALES\u00bb","block_context":{"text":"NACIONALES","link":"https:\/\/lasprimeras.com.do\/index.php\/category\/nacionales\/"},"img":{"alt_text":"","src":"https:\/\/i0.wp.com\/lasprimeras.com.do\/wp-content\/uploads\/2026\/01\/MIDE-1.jpg?resize=350%2C200&ssl=1","width":350,"height":200,"srcset":"https:\/\/i0.wp.com\/lasprimeras.com.do\/wp-content\/uploads\/2026\/01\/MIDE-1.jpg?resize=350%2C200&ssl=1 1x, https:\/\/i0.wp.com\/lasprimeras.com.do\/wp-content\/uploads\/2026\/01\/MIDE-1.jpg?resize=525%2C300&ssl=1 1.5x, https:\/\/i0.wp.com\/lasprimeras.com.do\/wp-content\/uploads\/2026\/01\/MIDE-1.jpg?resize=700%2C400&ssl=1 2x"},"classes":[]},{"id":112147,"url":"https:\/\/lasprimeras.com.do\/index.php\/2025\/10\/17\/mide-entrega-cuatro-ambulancias-al-cesac-para-fortalecer-la-seguridad-aeroportuaria\/","url_meta":{"origin":100886,"position":2},"title":"MIDE entrega cuatro ambulancias al CESAC para fortalecer la seguridad aeroportuaria","author":"Nelson Feliz","date":"17 de octubre de 2025","format":false,"excerpt":"El Ministerio de Defensa (MIDE), a trav\u00e9s de la Industria Militar Dominicana (IMDOM) entrega de cuatro modernas ambulancias todo terreno al Cuerpo Especializado en Seguridad Aeroportuaria y de la Aviaci\u00f3n Civil (CESAC), con el objetivo de reforzar las capacidades de respuesta ante emergencias m\u00e9dicas en los principales aeropuertos del pa\u00eds.\u2026","rel":"","context":"En \u00abMILITARES\u00bb","block_context":{"text":"MILITARES","link":"https:\/\/lasprimeras.com.do\/index.php\/category\/militares\/"},"img":{"alt_text":"","src":"https:\/\/i0.wp.com\/lasprimeras.com.do\/wp-content\/uploads\/2025\/10\/MIDE-1-1.jpg?resize=350%2C200&ssl=1","width":350,"height":200,"srcset":"https:\/\/i0.wp.com\/lasprimeras.com.do\/wp-content\/uploads\/2025\/10\/MIDE-1-1.jpg?resize=350%2C200&ssl=1 1x, https:\/\/i0.wp.com\/lasprimeras.com.do\/wp-content\/uploads\/2025\/10\/MIDE-1-1.jpg?resize=525%2C300&ssl=1 1.5x, https:\/\/i0.wp.com\/lasprimeras.com.do\/wp-content\/uploads\/2025\/10\/MIDE-1-1.jpg?resize=700%2C400&ssl=1 2x"},"classes":[]},{"id":50293,"url":"https:\/\/lasprimeras.com.do\/index.php\/2023\/05\/18\/ministro-de-defensa-diaz-morfa-se-reune-con-alto-mando-militar-de-espana\/","url_meta":{"origin":100886,"position":3},"title":"Ministro de Defensa D\u00edaz Morfa se re\u00fane con alto mando militar de Espa\u00f1a","author":"prenxa100","date":"18 de mayo de 2023","format":false,"excerpt":"Eval\u00faan posibilidades para adquirir y renovar equipos de FFAA dominicanas MADRID, ESPA\u00d1A.- El ministro de Defensa dominicano teniente general Carlos Luciano D\u00edaz Morfa, ERD, y el liderazgo militar de esta naci\u00f3n europea, sostuvieron una serie de reuniones en las cuales, dialogaron sobre la posibilidad de adquirir productos y servicios vinculados\u2026","rel":"","context":"En \u00abSin categor\u00eda\u00bb","block_context":{"text":"Sin categor\u00eda","link":"https:\/\/lasprimeras.com.do\/index.php\/category\/sin-categoria\/"},"img":{"alt_text":"","src":"","width":0,"height":0},"classes":[]},{"id":82186,"url":"https:\/\/lasprimeras.com.do\/index.php\/2024\/04\/29\/abinader-llama-a-perremeistas-a-consumar-en-votos-la-simpatia-que-reflejan-las-encuestas\/","url_meta":{"origin":100886,"position":4},"title":"Abinader llama a perreme\u00edstas a consumar en votos la simpat\u00eda que reflejan las encuestas","author":"Nelson Feliz","date":"29 de abril de 2024","format":false,"excerpt":"Guido G\u00f3mez Mazara, expresa que el 19 de mayo el PRM ganar\u00e1 en primera vuelta y le dar\u00e1 a la oposici\u00f3n una pela de calz\u00f3n quitado. El candidato presidencial por el Partido Revolucionario Moderno (PRM), Luis Abinader, pronunci\u00f3 un en\u00e9rgico discurso en un acto celebrado en el Club de los\u2026","rel":"","context":"En \u00abPORTADA\u00bb","block_context":{"text":"PORTADA","link":"https:\/\/lasprimeras.com.do\/index.php\/category\/portada\/"},"img":{"alt_text":"Luis Abinader","src":"https:\/\/i0.wp.com\/lasprimeras.com.do\/wp-content\/uploads\/2024\/04\/Luis-Abinader-4.jpg?resize=350%2C200&ssl=1","width":350,"height":200,"srcset":"https:\/\/i0.wp.com\/lasprimeras.com.do\/wp-content\/uploads\/2024\/04\/Luis-Abinader-4.jpg?resize=350%2C200&ssl=1 1x, https:\/\/i0.wp.com\/lasprimeras.com.do\/wp-content\/uploads\/2024\/04\/Luis-Abinader-4.jpg?resize=525%2C300&ssl=1 1.5x"},"classes":[]},{"id":98128,"url":"https:\/\/lasprimeras.com.do\/index.php\/2025\/05\/01\/abinader-inaugura-primera-fase-de-la-planta-de-ensamblaje-de-vehiculos-en-san-cristobal\/","url_meta":{"origin":100886,"position":5},"title":"Abinader inaugura primera fase de la planta de ensamblaje de veh\u00edculos en San Crist\u00f3bal","author":"Nelson Feliz","date":"1 de mayo de 2025","format":false,"excerpt":"Ministro de Defensa destaca que cada unidad ensamblada representa un ahorro superior al 25% respecto a su adquisici\u00f3n y que est\u00e1 industria generar\u00e1 m\u00e1s de 400 empleos. El presidente de la Rep\u00fablica, Luis Abinader, inaugur\u00f3 este jueves la primera fase de una moderna planta de ensamblaje de veh\u00edculos, que marca\u2026","rel":"","context":"En \u00abNACIONALES\u00bb","block_context":{"text":"NACIONALES","link":"https:\/\/lasprimeras.com.do\/index.php\/category\/nacionales\/"},"img":{"alt_text":"","src":"https:\/\/i0.wp.com\/lasprimeras.com.do\/wp-content\/uploads\/2025\/05\/abi-2.jpg?resize=350%2C200&ssl=1","width":350,"height":200,"srcset":"https:\/\/i0.wp.com\/lasprimeras.com.do\/wp-content\/uploads\/2025\/05\/abi-2.jpg?resize=350%2C200&ssl=1 1x, https:\/\/i0.wp.com\/lasprimeras.com.do\/wp-content\/uploads\/2025\/05\/abi-2.jpg?resize=525%2C300&ssl=1 1.5x"},"classes":[]}],"jetpack_sharing_enabled":true,"_links":{"self":[{"href":"https:\/\/lasprimeras.com.do\/index.php\/wp-json\/wp\/v2\/posts\/100886","targetHints":{"allow":["GET"]}}],"collection":[{"href":"https:\/\/lasprimeras.com.do\/index.php\/wp-json\/wp\/v2\/posts"}],"about":[{"href":"https:\/\/lasprimeras.com.do\/index.php\/wp-json\/wp\/v2\/types\/post"}],"author":[{"embeddable":true,"href":"https:\/\/lasprimeras.com.do\/index.php\/wp-json\/wp\/v2\/users\/10"}],"replies":[{"embeddable":true,"href":"https:\/\/lasprimeras.com.do\/index.php\/wp-json\/wp\/v2\/comments?post=100886"}],"version-history":[{"count":1,"href":"https:\/\/lasprimeras.com.do\/index.php\/wp-json\/wp\/v2\/posts\/100886\/revisions"}],"predecessor-version":[{"id":100888,"href":"https:\/\/lasprimeras.com.do\/index.php\/wp-json\/wp\/v2\/posts\/100886\/revisions\/100888"}],"wp:featuredmedia":[{"embeddable":true,"href":"https:\/\/lasprimeras.com.do\/index.php\/wp-json\/wp\/v2\/media\/100887"}],"wp:attachment":[{"href":"https:\/\/lasprimeras.com.do\/index.php\/wp-json\/wp\/v2\/media?parent=100886"}],"wp:term":[{"taxonomy":"category","embeddable":true,"href":"https:\/\/lasprimeras.com.do\/index.php\/wp-json\/wp\/v2\/categories?post=100886"},{"taxonomy":"post_tag","embeddable":true,"href":"https:\/\/lasprimeras.com.do\/index.php\/wp-json\/wp\/v2\/tags?post=100886"}],"curies":[{"name":"wp","href":"https:\/\/api.w.org\/{rel}","templated":true}]}}