{"id":100892,"date":"2025-06-13T09:27:35","date_gmt":"2025-06-13T13:27:35","guid":{"rendered":"https:\/\/lasprimeras.com.do\/?p=100892"},"modified":"2025-06-13T09:27:37","modified_gmt":"2025-06-13T13:27:37","slug":"retirada-de-cientos-de-reses-ilegales-en-amazonia-provoca-protestas-y-divide-a-residentes","status":"publish","type":"post","link":"https:\/\/lasprimeras.com.do\/index.php\/2025\/06\/13\/retirada-de-cientos-de-reses-ilegales-en-amazonia-provoca-protestas-y-divide-a-residentes\/","title":{"rendered":"Retirada de cientos de reses ilegales en Amazon\u00eda provoca protestas y divide a residentes"},"content":{"rendered":"\n<p>POR FABIANO MAISONNAVE<\/p>\n\n\n\n<p>BRASILIA (AP) \u2014 La retirada de cientos de cabezas de ganado criadas de forma ilegal en terrenos p\u00fablicos destinados a uso forestal sostenible en la Amazon\u00eda brasile\u00f1a ha provocado protestas y dividido a los residentes, algunos de los cuales quieren preservar la extracci\u00f3n de caucho y la recolecci\u00f3n de nueces de Brasil, mientras que otros abogan por consolidar la ganader\u00eda.<\/p>\n\n\n\n<p>La operaci\u00f3n de retirada comenz\u00f3 la semana pasada en una de las unidades de conservaci\u00f3n amaz\u00f3nica m\u00e1s conocida del pa\u00eds, la reserva extractiva Chico Mendes, bautizada en honor del famoso recolector de caucho y ambientalista asesinado en 1988.<\/p>\n\n\n\n<p>Agentes federales, polic\u00edas y funcionarios militares incautaron alrededor de 400 cabezas de ganado de dos agricultores que no hab\u00edan cumplido las \u00f3rdenes judiciales de desalojo. Las redadas seguir\u00e1n en las pr\u00f3ximas semanas.<\/p>\n\n\n\n<p>Pero decenas de residentes de la reserva protestaron contra la iniciativa y trataron de levantar bloqueo en la ciudad de Xapuri para evitar la retirada del ganado.<\/p>\n\n\n\n<p>El primer cami\u00f3n, que transportaba 20 animales, tuvo que tomar una ruta alternativa para la confrontaci\u00f3n.<\/p>\n\n\n\n<p>La protesta, que cont\u00f3 con el apoyo de pol\u00edticos locales, tuvo un potente simbolismo porque Xapuri es la ciudad donde Mendes fue asesinado.<\/p>\n\n\n\n<p>Tambi\u00e9n supuso un claro contraste con la d\u00e9cada de 1980, cuando los recolectores de caucho luchaban contra los ganaderos.<\/p>\n\n\n\n<p>La retirada del ganado se llev\u00f3 a cabo en respuesta a un aumento del 56% en la deforestaci\u00f3n durante los primeros cinco meses de 2025, frente al mismo per\u00edodo del a\u00f1o pasado.<\/p>\n\n\n\n<p>El \u00e1rea despejada es casi cinco veces el tama\u00f1o de Central Park, en la ciudad de Nueva York. En la reserva hay alrededor de 140.000 cabezas de ganado.<\/p>\n\n\n\n<p>\u201cLa vigilancia ha identificado que los delitos medioambientales se deben principalmente a la ganader\u00eda a gran escala, que es ilegal porque viola las normas del \u00e1rea protegida\u201d, explic\u00f3 el Instituto Chico Mendes para la Conservaci\u00f3n de la Biodiversidad, conocido como ICMBio, en un comunicado.<\/p>\n\n\n\n<p>La de Chico Mendes es una de varias reservas extractivas de la Amazon\u00eda donde las comunidades forestales pueden llevar a cabo actividades extractivas de bajo impacto con protecciones contra los promotores inmobiliarios.<\/p>\n\n\n\n<p>Las normas limitan la deforestaci\u00f3n a la ganader\u00eda y la agricultura a peque\u00f1a escala, y la venta de tierras est\u00e1 prohibida. Aun as\u00ed, es la unidad de conservaci\u00f3n federal m\u00e1s deforestada de Brasil.<\/p>\n\n\n\n<p>\u201cTrabajando para encontrar una soluci\u00f3n\u201d<\/p>\n\n\n\n<p>Los problemas actuales empeoraron durante el mandato de cuatro a\u00f1os del presidente ultraderechista Jair Bolsonaro, que finaliz\u00f3 en 2022, cuando se dispar\u00f3 la deforestaci\u00f3n en la reserva.<\/p>\n\n\n\n<p>Bolsonaro relaj\u00f3 las protecciones ambientales y afirm\u00f3 que la Amazon\u00eda ten\u00eda demasiadas zonas protegidas. Algunos residentes de Chico Mendes comenzaron a vender ilegalmente sus parcelas a agricultores, que esperaban que al final la transacci\u00f3n se legalizase.<\/p>\n\n\n\n<p>La fuerte reacci\u00f3n contra la operaci\u00f3n llev\u00f3 a la creaci\u00f3n de un grupo de WhatsApp con alrededor de 1.000 miembros en el que algunos emitieron amenazas contra Raimundo Mendes de Barros, primo y heredero pol\u00edtico de Chico Mendes, quien se opone a la expansi\u00f3n del ganader\u00eda.<\/p>\n\n\n\n<p>Pero organizaciones hist\u00f3ricas aplaudieron la retirada de los animales y el Consejo Nacional de Poblaciones Extractivistas emiti\u00f3 incluso un comunicado a favor del operativo.<\/p>\n\n\n\n<p>Cleisson Monteiro, presidente de la Asociaci\u00f3n de Residentes y Productores de la Reserva Extractiva Chico Mendes en Xapuri, respald\u00f3 las protestas contra la salida del ganado.<\/p>\n\n\n\n<p>Se\u00f1al\u00f3 que, aunque hay que abordar la deforestaci\u00f3n, los agentes federales provocaron ira y miedo entre las familias que no cumplen con todas las normas de la reserva.<\/p>\n\n\n\n<p>La zona donde comenz\u00f3 la operaci\u00f3n, conocida como Seringal Nova Esperan\u00e7a, \u201cya no tiene un perfil de recolectores de caucho\u201d, apunt\u00f3 Monteiro.<\/p>\n\n\n\n<p>\u201cQuienes viven all\u00ed tienen un estilo de vida diferente. Se dedican a la agricultura familiar a peque\u00f1a escala, con algo de ganader\u00eda para tener carne y l\u00e1cteos\u201d.<\/p>\n\n\n\n<p>Seg\u00fan Monteiro, unas 140 familias viven en Nova Esperan\u00e7a \u2014incluida la suya\u2014, todas con diferentes grados de incumplimiento de las reglas de la reserva. Aunque solo se actu\u00f3 contra dos personas, indic\u00f3 que preocupa que la operaci\u00f3n pueda afectar a otras familias.<\/p>\n\n\n\n<p>\u201cEl ICMBio no deber\u00eda haber actuado en este momento porque estamos trabajando para encontrar una soluci\u00f3n\u201d, manifest\u00f3.<\/p>\n\n\n\n<p>\u201cEl bosque no puede competir\u201d<\/p>\n\n\n\n<p>De las alrededor de 4.000 familias que viven en la reserva, unas 900 producen caucho para una empresa francesa de calzado, Veja. El proyecto ha tenido \u00e9xito, pero la demanda no es suficiente para absorber todo el potencial productivo de la reserva.<\/p>\n\n\n\n<p>Jeffrey Hoelle, un profesor de antropolog\u00eda en la Universidad de California, Santa B\u00e1rbara, que ha estudiado la zona durante dos d\u00e9cadas, dijo que la ganader\u00eda ha sido m\u00e1s lucrativa para los residentes que los medios tradicionales de recolecci\u00f3n de caucho y nueces.<\/p>\n\n\n\n<p>\u201cHace veinte a\u00f1os, los recolectores de caucho estaban empezando a criar ganado. Y en las \u00faltimas dos d\u00e9cadas, se ha vuelto cada vez m\u00e1s popular\u201d, apunt\u00f3 Hoelle.<\/p>\n\n\n\n<p>\u201cCon el tiempo, simplemente se ha vuelto m\u00e1s aceptable. Pero, en esencia, el bosque no puede competir en t\u00e9rminos de valor econ\u00f3mico con el ganado. La medida en que el caucho y las nueces de Brasil pueden proporcionar un sustento es realmente limitada en comparaci\u00f3n con el ganado, para el cual, desafortunadamente, hay que talar el bosque y plantar pasto\u201d.<\/p>\n","protected":false},"excerpt":{"rendered":"<p>POR FABIANO MAISONNAVE BRASILIA (AP) \u2014 La retirada de cientos de cabezas de ganado criadas de forma ilegal en terrenos p\u00fablicos destinados a uso forestal sostenible en la Amazon\u00eda brasile\u00f1a&hellip;<\/p>\n","protected":false},"author":10,"featured_media":100893,"comment_status":"open","ping_status":"open","sticky":false,"template":"","format":"standard","meta":{"content-type":"","jetpack_post_was_ever_published":false,"_jetpack_newsletter_access":"","_jetpack_dont_email_post_to_subs":false,"_jetpack_newsletter_tier_id":0,"_jetpack_memberships_contains_paywalled_content":false,"_jetpack_memberships_contains_paid_content":false,"footnotes":""},"categories":[16289],"tags":[5457,92,3767,20503,2436,16187],"class_list":["post-100892","post","type-post","status-publish","format-standard","has-post-thumbnail","hentry","category-internacionales","tag-amazonia","tag-ilegales","tag-protestas","tag-reses","tag-residentes","tag-retirada"],"jetpack_featured_media_url":"https:\/\/lasprimeras.com.do\/wp-content\/uploads\/2025\/06\/AMAZONIA.jpg","jetpack-related-posts":[{"id":113550,"url":"https:\/\/lasprimeras.com.do\/index.php\/2025\/11\/03\/brasil-desmantela-cientos-de-dragas-ilegales-en-una-importante-ofensiva-contra-la-mineria-en-la-amazonia\/","url_meta":{"origin":100892,"position":0},"title":"Brasil desmantela cientos de dragas ilegales en una importante ofensiva contra la miner\u00eda en la Amazon\u00eda","author":"Nelson Feliz","date":"3 de noviembre de 2025","format":false,"excerpt":"Por Steven Grattan BOGOT\u00c1, Colombia (AP) \u2014 La polic\u00eda brasile\u00f1a, con el apoyo de la Interpol, destruy\u00f3 cientos de dragas utilizadas en la miner\u00eda ilegal de oro a lo largo del r\u00edo Madeira, en una de las mayores operaciones coordinadas hasta la fecha contra las redes criminales que operan en\u2026","rel":"","context":"En \u00abINTERNACIONALES\u00bb","block_context":{"text":"INTERNACIONALES","link":"https:\/\/lasprimeras.com.do\/index.php\/category\/sin-categoria\/internacionales\/"},"img":{"alt_text":"","src":"https:\/\/i0.wp.com\/lasprimeras.com.do\/wp-content\/uploads\/2025\/11\/AMAZONIA.webp?resize=350%2C200&ssl=1","width":350,"height":200,"srcset":"https:\/\/i0.wp.com\/lasprimeras.com.do\/wp-content\/uploads\/2025\/11\/AMAZONIA.webp?resize=350%2C200&ssl=1 1x, https:\/\/i0.wp.com\/lasprimeras.com.do\/wp-content\/uploads\/2025\/11\/AMAZONIA.webp?resize=525%2C300&ssl=1 1.5x, https:\/\/i0.wp.com\/lasprimeras.com.do\/wp-content\/uploads\/2025\/11\/AMAZONIA.webp?resize=700%2C400&ssl=1 2x"},"classes":[]},{"id":56056,"url":"https:\/\/lasprimeras.com.do\/index.php\/2023\/07\/27\/los-municipios-de-la-amazonia-que-mas-desforestan-son-los-de-peor-desarrollo-social\/","url_meta":{"origin":100892,"position":1},"title":"Los municipios de la Amazon\u00eda que m\u00e1s desforestan son los de peor desarrollo social","author":"Nelson Feliz","date":"27 de julio de 2023","format":false,"excerpt":"Los municipios brasile\u00f1os en la Amazon\u00eda que m\u00e1s devastaron la mayor selva tropical del mundo en los \u00faltimos tres a\u00f1os destacan entre los que cuentan con peor \u00edndice de desarrollo social, seg\u00fan un estudio divulgado este jueves por la organizaci\u00f3n no gubernamental Imazon. \"Los municipios amaz\u00f3nicos con las mayores tasas\u2026","rel":"","context":"En \u00abSin categor\u00eda\u00bb","block_context":{"text":"Sin categor\u00eda","link":"https:\/\/lasprimeras.com.do\/index.php\/category\/sin-categoria\/"},"img":{"alt_text":"","src":"https:\/\/i0.wp.com\/lasprimeras.com.do\/wp-content\/uploads\/2023\/07\/Amazonia.jpg?resize=350%2C200&ssl=1","width":350,"height":200,"srcset":"https:\/\/i0.wp.com\/lasprimeras.com.do\/wp-content\/uploads\/2023\/07\/Amazonia.jpg?resize=350%2C200&ssl=1 1x, https:\/\/i0.wp.com\/lasprimeras.com.do\/wp-content\/uploads\/2023\/07\/Amazonia.jpg?resize=525%2C300&ssl=1 1.5x, https:\/\/i0.wp.com\/lasprimeras.com.do\/wp-content\/uploads\/2023\/07\/Amazonia.jpg?resize=700%2C400&ssl=1 2x"},"classes":[]},{"id":85583,"url":"https:\/\/lasprimeras.com.do\/index.php\/2024\/07\/03\/migrantes-hacen-una-pausa-en-la-amazonia-ahora-que-llegar-a-estados-unidos-es-mas-complicado\/","url_meta":{"origin":100892,"position":2},"title":"Migrantes hacen una pausa en la Amazon\u00eda ahora que llegar a Estados Unidos es m\u00e1s complicado","author":"Nelson Feliz","date":"3 de julio de 2024","format":false,"excerpt":"BY MAURICIO SAVARESE ASSIS BRASIL, Brasil (AP) \u2014 Docenas de migrantes duermen en un refugio de madera de seis habitaciones infestado de mosquitos en la Amazon\u00eda brasile\u00f1a, con sus sue\u00f1os de una vida mejor en Estados Unidos en suspenso debido a las nuevas normas de asilo del presidente Joe Biden.\u2026","rel":"","context":"En \u00abSin categor\u00eda\u00bb","block_context":{"text":"Sin categor\u00eda","link":"https:\/\/lasprimeras.com.do\/index.php\/category\/sin-categoria\/"},"img":{"alt_text":"","src":"https:\/\/i0.wp.com\/lasprimeras.com.do\/wp-content\/uploads\/2024\/07\/migrantes.jpg?resize=350%2C200&ssl=1","width":350,"height":200,"srcset":"https:\/\/i0.wp.com\/lasprimeras.com.do\/wp-content\/uploads\/2024\/07\/migrantes.jpg?resize=350%2C200&ssl=1 1x, https:\/\/i0.wp.com\/lasprimeras.com.do\/wp-content\/uploads\/2024\/07\/migrantes.jpg?resize=525%2C300&ssl=1 1.5x, https:\/\/i0.wp.com\/lasprimeras.com.do\/wp-content\/uploads\/2024\/07\/migrantes.jpg?resize=700%2C400&ssl=1 2x"},"classes":[]},{"id":49537,"url":"https:\/\/lasprimeras.com.do\/index.php\/2023\/05\/11\/diputados-de-la-fp-pld-prd-se-retiran-de-la-sesion-en-forma-de-protesta-por-resolucion-de-la-jce\/","url_meta":{"origin":100892,"position":3},"title":"Diputados de la FP, PLD, PRD se retiran de la sesi\u00f3n en forma de protesta por resoluci\u00f3n de la JCE","author":"prenxa100","date":"11 de mayo de 2023","format":false,"excerpt":"Santo Domingo, D.N.- El bloque de diputados del partido Fuerza del Pueblo, en conjunto con otros bloques de oposici\u00f3n se retiraron este jueves de la sesi\u00f3n de la C\u00e1mara Baja en se\u00f1al de protesta por la resoluci\u00f3n emitida por la Junta Central Electoral (JCE) que establece reservas de un 20%\u2026","rel":"","context":"En \u00abPORTADA\u00bb","block_context":{"text":"PORTADA","link":"https:\/\/lasprimeras.com.do\/index.php\/category\/portada\/"},"img":{"alt_text":"","src":"https:\/\/i0.wp.com\/img.youtube.com\/vi\/-WkwTGpZFKI\/0.jpg?resize=350%2C200","width":350,"height":200},"classes":[]},{"id":110734,"url":"https:\/\/lasprimeras.com.do\/index.php\/2025\/10\/01\/cientificos-advierten-debilitamiento-de-los-rios-voladores-podria-llevar-a-la-amazonia-a-un-punto-critico\/","url_meta":{"origin":100892,"position":4},"title":"Cient\u00edficos advierten debilitamiento de los &#8220;r\u00edos voladores&#8221; podr\u00eda llevar a la Amazonia a un punto cr\u00edtico","author":"Nelson Feliz","date":"1 de octubre de 2025","format":false,"excerpt":"Por Steven Grattan BOGOT\u00c1, Colombia (AP) \u2014 Las sequ\u00edas han marchitado los cultivos en Per\u00fa, los incendios han arrasado la Amazon\u00eda y las represas hidroel\u00e9ctricas en Ecuador han tenido dificultades para mantener el suministro el\u00e9ctrico mientras los r\u00edos se secan. Los cient\u00edficos afirman que la causa podr\u00eda estar en las\u2026","rel":"","context":"En \u00abMEDIO AMBIENTE\u00bb","block_context":{"text":"MEDIO AMBIENTE","link":"https:\/\/lasprimeras.com.do\/index.php\/category\/medio-ambiente\/"},"img":{"alt_text":"r\u00edos voladores","src":"https:\/\/i0.wp.com\/lasprimeras.com.do\/wp-content\/uploads\/2025\/10\/rios-voladores.jpg?resize=350%2C200&ssl=1","width":350,"height":200,"srcset":"https:\/\/i0.wp.com\/lasprimeras.com.do\/wp-content\/uploads\/2025\/10\/rios-voladores.jpg?resize=350%2C200&ssl=1 1x, https:\/\/i0.wp.com\/lasprimeras.com.do\/wp-content\/uploads\/2025\/10\/rios-voladores.jpg?resize=525%2C300&ssl=1 1.5x, https:\/\/i0.wp.com\/lasprimeras.com.do\/wp-content\/uploads\/2025\/10\/rios-voladores.jpg?resize=700%2C400&ssl=1 2x"},"classes":[]},{"id":82531,"url":"https:\/\/lasprimeras.com.do\/index.php\/2024\/05\/05\/25-arrestados-en-la-universidad-de-virginia-despues-de-un-enfrentamiento-policial\/","url_meta":{"origin":100892,"position":5},"title":"25 arrestados en la Universidad de Virginia despu\u00e9s de un enfrentamiento policial","author":"Esteffany Vargas","date":"5 de mayo de 2024","format":false,"excerpt":"POR PHILIP MARCELO Y DENISE LAVOIE Virginia, AP.-. Veinticinco personas fueron arrestadas el s\u00e1bado por invadir la Universidad de Virginia despu\u00e9s de que la polic\u00eda se enfrentara con manifestantes pro palestinos que se negaron a retirar las tiendas de campa\u00f1a del campus, y los manifestantes en la Universidad de Michigan\u2026","rel":"","context":"En \u00abSin categor\u00eda\u00bb","block_context":{"text":"Sin categor\u00eda","link":"https:\/\/lasprimeras.com.do\/index.php\/category\/sin-categoria\/"},"img":{"alt_text":"","src":"https:\/\/i0.wp.com\/lasprimeras.com.do\/wp-content\/uploads\/2024\/05\/Virginia-Palestinos.jpg?resize=350%2C200&ssl=1","width":350,"height":200,"srcset":"https:\/\/i0.wp.com\/lasprimeras.com.do\/wp-content\/uploads\/2024\/05\/Virginia-Palestinos.jpg?resize=350%2C200&ssl=1 1x, https:\/\/i0.wp.com\/lasprimeras.com.do\/wp-content\/uploads\/2024\/05\/Virginia-Palestinos.jpg?resize=525%2C300&ssl=1 1.5x, https:\/\/i0.wp.com\/lasprimeras.com.do\/wp-content\/uploads\/2024\/05\/Virginia-Palestinos.jpg?resize=700%2C400&ssl=1 2x"},"classes":[]}],"jetpack_sharing_enabled":true,"_links":{"self":[{"href":"https:\/\/lasprimeras.com.do\/index.php\/wp-json\/wp\/v2\/posts\/100892","targetHints":{"allow":["GET"]}}],"collection":[{"href":"https:\/\/lasprimeras.com.do\/index.php\/wp-json\/wp\/v2\/posts"}],"about":[{"href":"https:\/\/lasprimeras.com.do\/index.php\/wp-json\/wp\/v2\/types\/post"}],"author":[{"embeddable":true,"href":"https:\/\/lasprimeras.com.do\/index.php\/wp-json\/wp\/v2\/users\/10"}],"replies":[{"embeddable":true,"href":"https:\/\/lasprimeras.com.do\/index.php\/wp-json\/wp\/v2\/comments?post=100892"}],"version-history":[{"count":1,"href":"https:\/\/lasprimeras.com.do\/index.php\/wp-json\/wp\/v2\/posts\/100892\/revisions"}],"predecessor-version":[{"id":100894,"href":"https:\/\/lasprimeras.com.do\/index.php\/wp-json\/wp\/v2\/posts\/100892\/revisions\/100894"}],"wp:featuredmedia":[{"embeddable":true,"href":"https:\/\/lasprimeras.com.do\/index.php\/wp-json\/wp\/v2\/media\/100893"}],"wp:attachment":[{"href":"https:\/\/lasprimeras.com.do\/index.php\/wp-json\/wp\/v2\/media?parent=100892"}],"wp:term":[{"taxonomy":"category","embeddable":true,"href":"https:\/\/lasprimeras.com.do\/index.php\/wp-json\/wp\/v2\/categories?post=100892"},{"taxonomy":"post_tag","embeddable":true,"href":"https:\/\/lasprimeras.com.do\/index.php\/wp-json\/wp\/v2\/tags?post=100892"}],"curies":[{"name":"wp","href":"https:\/\/api.w.org\/{rel}","templated":true}]}}