{"id":100895,"date":"2025-06-13T09:37:01","date_gmt":"2025-06-13T13:37:01","guid":{"rendered":"https:\/\/lasprimeras.com.do\/?p=100895"},"modified":"2025-06-13T09:37:03","modified_gmt":"2025-06-13T13:37:03","slug":"investigadores-buscan-pruebas-y-mas-victimas-en-el-lugar-del-accidente-de-air-india","status":"publish","type":"post","link":"https:\/\/lasprimeras.com.do\/index.php\/2025\/06\/13\/investigadores-buscan-pruebas-y-mas-victimas-en-el-lugar-del-accidente-de-air-india\/","title":{"rendered":"Investigadores buscan pruebas y m\u00e1s v\u00edctimas en el lugar del accidente de Air India"},"content":{"rendered":"\n<p>POR RAJESH ROY, SHONAL GANGULY and AIJAZ HUSSAIN<\/p>\n\n\n\n<p>AHMEDABAD, India (AP) \u2014 Investigadores registraban el viernes el escenario de uno de los peores desastres a\u00e9reos en la historia de India y el primer ministro, Narendra Modi, visit\u00f3 al \u00fanico pasajero que sobrevivi\u00f3 al accidente de un vuelo de Air India, un d\u00eda despu\u00e9s de que el avi\u00f3n cayera del cielo matando a 241 personas a bordo y a varias m\u00e1s en tierra.<\/p>\n\n\n\n<p>El Boeing 787, que se dirig\u00eda a Londres, choc\u00f3 contra un edificio que albergaba la residencia de una facultad de medicina cuando se precipit\u00f3 sobre una zona residencial de la ciudad de Ahmedabad, en el noroeste del pa\u00eds, minutos despu\u00e9s de despegar el jueves.<\/p>\n\n\n\n<p>Las autoridades realizaban pruebas de ADN para identificar los cad\u00e1veres, que estaban en su mayor\u00eda carbonizados e irreconocibles.<\/p>\n\n\n\n<p>Se espera que en el registro en el lugar del siniestro aparezcan m\u00e1s v\u00edctimas. Por el momento no hay informaci\u00f3n acerca de la recuperaci\u00f3n de las llamadas \u201ccajas negras\u201d \u2014dos dispositivos que color naranja brillante registran los datos de vuelo y las voces en cabina.<\/p>\n\n\n\n<p>El impacto del avi\u00f3n contra el inmueble provoc\u00f3 un incendio y se cobr\u00f3 la vida de varios universitarios en la capital de Gujarat, el estado natal de Modi.<\/p>\n\n\n\n<p>\u201cTodos estamos devastados por la tragedia a\u00e9rea en Ahmedabad. La p\u00e9rdida de tantas vidas de manera tan repentina y desgarradora es indescriptible\u201d, dijo Modi en redes sociales despu\u00e9s de visitar el lugar.<\/p>\n\n\n\n<p>\u201cEntendemos su dolor y sabemos que el vac\u00edo que dejan se sentir\u00e1 durante a\u00f1os\u201d.<\/p>\n\n\n\n<p>Por otra parte, el aeropuerto internacional de Phuket, en el sur de Tailandia, dijo el viernes que recibi\u00f3 un reporte de que un piloto del vuelo AI 379 de Air India, que se dirig\u00eda a Nueva Delhi, encontr\u00f3 un mensaje de amenaza de bomba poco despu\u00e9s del despegue.<\/p>\n\n\n\n<p>El avi\u00f3n solicit\u00f3 un aterrizaje de emergencia de regreso a Phuket y los 156 pasajeros fueron evacuados antes de que las autoridades comenzaran a inspeccionar el avi\u00f3n, dijo el aeropuerto. Los resultados del registro no fueron anunciados de inmediato.<\/p>\n\n\n\n<p>Modi visita al \u00fanico sobreviviente<\/p>\n\n\n\n<p>Seg\u00fan las im\u00e1genes emitidas por televisi\u00f3n, el sobreviviente se reuni\u00f3 con Modi en el hospital p\u00fablico donde estaba siendo tratado por quemaduras y otras lesiones.<\/p>\n\n\n\n<p>Vishwashkumar Ramesh cont\u00f3 a la televisora estatal india que todav\u00eda no pod\u00eda creer que est\u00e9 vivo. Seg\u00fan relat\u00f3, el avi\u00f3n pareci\u00f3 quedarse trabado inmediatamente despu\u00e9s del despegue. Luego, las luces se encendieron, y justo despu\u00e9s aceler\u00f3, pero parec\u00eda incapaz de ganar altura antes de estrellarse.<\/p>\n\n\n\n<p>Dijo que el lado del avi\u00f3n donde iba sentado cay\u00f3 sobre la planta baja de un edificio y tuvo espacio para escapar despu\u00e9s de que la puerta se rompiera. Se desabroch\u00f3 el cintur\u00f3n de seguridad y se oblig\u00f3 a salir del aparato.<\/p>\n\n\n\n<p>\u201cCuando abr\u00ed los ojos, me di cuenta de que estaba vivo\u201d, manifest\u00f3.<\/p>\n\n\n\n<p>Investigaci\u00f3n la causa e identifican a v\u00edctimas<\/p>\n\n\n\n<p>La Oficina de Investigaci\u00f3n de Accidentes de Aeronaves de India est\u00e1 llevando a cabo las pesquisas, y se espera que entre los funcionarios estadounidenses que colaboren haya miembros de la Junta Nacional de Seguridad en el Transporte, la Administraci\u00f3n Federal de Aviaci\u00f3n, Boeing y General Electric.<\/p>\n\n\n\n<p>Los m\u00e9dicos realizaban pruebas de ADN para identificar a los fallecidos, dijo Akshay Dongardiv, presidente de la Federaci\u00f3n Nacional de Asociaciones M\u00e9dicas.<\/p>\n\n\n\n<p>Mientras, las afligidas familias se congregaban en el exterior del hospital de Ahmedabad el viernes.<\/p>\n\n\n\n<p>Dos doctores del centro indicaron que los cad\u00e1veres de cuatro estudiantes de medicina muertos en tierra fueron entregados a sus familias. En el hospital hab\u00eda unos 30 estudiantes ingresados, de los cuales al menos cuatro estaban en estado cr\u00edtico, agregaron.<\/p>\n\n\n\n<p>Modi tiene previsto reunirse con altos funcionarios m\u00e1s tarde el viernes. Durante su estancia en el hospital, visit\u00f3 tambi\u00e9n a algunos de los heridos.<\/p>\n\n\n\n<p>El avi\u00f3n de Air India accidentado el jueves era Boeing 787 de 12 a\u00f1os. Otros modelos de Boeing han sufrido problemas de seguridad \u00faltimamente.<\/p>\n\n\n\n<p>Seg\u00fan los expertos, actualmente hay alrededor de 1.200 aviones 787 Dreamliner en todo el mundo, y este fue el primer accidente letal en 16 a\u00f1os.<\/p>\n\n\n\n<p>El conglomerado indio Tata Sons asumi\u00f3 el control de Air India en 2022, en el regreso de la endeudada aerol\u00ednea nacional a manos privadas despu\u00e9s de d\u00e9cadas de control gubernamental.<\/p>\n\n\n\n<p>Desde la adquisici\u00f3n, Air India ha encargado cientos de nuevos aviones, redise\u00f1\u00f3 su marca e imagen y absorbi\u00f3 aerol\u00edneas m\u00e1s peque\u00f1as en las que Tata ten\u00eda participaciones.<\/p>\n\n\n\n<p>Relatos de testigos describen los da\u00f1os<\/p>\n\n\n\n<p>Los residentes que viven en las inmediaciones, que fueron de los primeros en acudir al lugar y ayudar en el rescate, describieron la magnitud de los da\u00f1os como algo nunca visto.<\/p>\n\n\n\n<p>\u201cAl principio, no pod\u00eda entender nada, solo hab\u00eda humo por todas partes. Pod\u00edamos ver algunas partes peque\u00f1as (del avi\u00f3n) ardiendo\u201d, cont\u00f3 Indrajeet Singh Solanki.<\/p>\n\n\n\n<p>Seg\u00fan Solanki, \u00e9l y muchos otros ayudaron a los heridos y los trasladaron a hospitales. \u201cSolo ten\u00edamos un objetivo: salvar vidas sin importar lo que pase\u201d, dijo.<\/p>\n\n\n\n<p>La tragedia lo ha dejado conmocionado. \u201cSer\u00e1 dif\u00edcil dormir al menos durante los pr\u00f3ximos d\u00edas\u201d, declar\u00f3.<\/p>\n","protected":false},"excerpt":{"rendered":"<p>POR RAJESH ROY, SHONAL GANGULY and AIJAZ HUSSAIN AHMEDABAD, India (AP) \u2014 Investigadores registraban el viernes el escenario de uno de los peores desastres a\u00e9reos en la historia de India&hellip;<\/p>\n","protected":false},"author":10,"featured_media":100896,"comment_status":"open","ping_status":"open","sticky":false,"template":"","format":"standard","meta":{"content-type":"","jetpack_post_was_ever_published":false,"_jetpack_newsletter_access":"","_jetpack_dont_email_post_to_subs":false,"_jetpack_newsletter_tier_id":0,"_jetpack_memberships_contains_paywalled_content":false,"_jetpack_memberships_contains_paid_content":false,"footnotes":""},"categories":[16289],"tags":[2211,20447,20504,16885,2269,2034],"class_list":["post-100895","post","type-post","status-publish","format-standard","has-post-thumbnail","hentry","category-internacionales","tag-accidente","tag-air-india","tag-el-boeing-787","tag-investigadores","tag-pruebas","tag-victimas"],"jetpack_featured_media_url":"https:\/\/lasprimeras.com.do\/wp-content\/uploads\/2025\/06\/BOING-787.jpg","jetpack-related-posts":[{"id":104141,"url":"https:\/\/lasprimeras.com.do\/index.php\/2025\/07\/22\/air-india-no-encuentra-problemas-en-el-mecanismo-de-control-de-combustible-en-su-flota-de-boeing\/","url_meta":{"origin":100895,"position":0},"title":"Air India no encuentra problemas en el mecanismo de control de combustible en su flota de Boeing","author":"Nelson Feliz","date":"22 de julio de 2025","format":false,"excerpt":"POR RAJESH ROY NUEVA DELHI (AP) \u2014 Air India dijo el martes que hab\u00eda completado inspecciones preventivas en el mecanismo de bloqueo de los interruptores de control de combustible para ciertos aviones Boeing, sin encontrar \u201cning\u00fan problema\u201d. El anuncio se produjo d\u00edas despu\u00e9s de que una investigaci\u00f3n preliminar sobre el\u2026","rel":"","context":"En \u00abINTERNACIONALES\u00bb","block_context":{"text":"INTERNACIONALES","link":"https:\/\/lasprimeras.com.do\/index.php\/category\/sin-categoria\/internacionales\/"},"img":{"alt_text":"","src":"https:\/\/i0.wp.com\/lasprimeras.com.do\/wp-content\/uploads\/2025\/07\/Air-India.jpg?resize=350%2C200&ssl=1","width":350,"height":200,"srcset":"https:\/\/i0.wp.com\/lasprimeras.com.do\/wp-content\/uploads\/2025\/07\/Air-India.jpg?resize=350%2C200&ssl=1 1x, https:\/\/i0.wp.com\/lasprimeras.com.do\/wp-content\/uploads\/2025\/07\/Air-India.jpg?resize=525%2C300&ssl=1 1.5x, https:\/\/i0.wp.com\/lasprimeras.com.do\/wp-content\/uploads\/2025\/07\/Air-India.jpg?resize=700%2C400&ssl=1 2x"},"classes":[]},{"id":100781,"url":"https:\/\/lasprimeras.com.do\/index.php\/2025\/06\/12\/se-estrello-en-india-avion-en-que-viajaban-mas-de-240-personas\/","url_meta":{"origin":100895,"position":1},"title":"Se estrell\u00f3 en India avi\u00f3n en que viajaban m\u00e1s de 240 personas","author":"Nelson Feliz","date":"12 de junio de 2025","format":false,"excerpt":"Nueva Delhi, (EFE).- M\u00e1s de 240 personas iban a bordo del Boeing 787 de la compa\u00f1\u00eda Air India que se estrell\u00f3 este jueves por la tarde en el exterior del per\u00edmetro del aeropuerto de Ahmedabad, en el oeste de la India, confirm\u00f3 la autoridad de aviaci\u00f3n civil de la India.\u2026","rel":"","context":"En \u00abINTERNACIONALES\u00bb","block_context":{"text":"INTERNACIONALES","link":"https:\/\/lasprimeras.com.do\/index.php\/category\/sin-categoria\/internacionales\/"},"img":{"alt_text":"","src":"https:\/\/i0.wp.com\/lasprimeras.com.do\/wp-content\/uploads\/2025\/06\/Avion.jpg?resize=350%2C200&ssl=1","width":350,"height":200,"srcset":"https:\/\/i0.wp.com\/lasprimeras.com.do\/wp-content\/uploads\/2025\/06\/Avion.jpg?resize=350%2C200&ssl=1 1x, https:\/\/i0.wp.com\/lasprimeras.com.do\/wp-content\/uploads\/2025\/06\/Avion.jpg?resize=525%2C300&ssl=1 1.5x, https:\/\/i0.wp.com\/lasprimeras.com.do\/wp-content\/uploads\/2025\/06\/Avion.jpg?resize=700%2C400&ssl=1 2x"},"classes":[]},{"id":92140,"url":"https:\/\/lasprimeras.com.do\/index.php\/2024\/12\/29\/identifican-a-140-de-las-179-victimas-del-accidente-de-jeju-air-en-corea-del-sur\/","url_meta":{"origin":100895,"position":2},"title":"Identifican a 140 de las 179 victimas del accidente de Jeju Air en Corea del Sur","author":"Nelson Feliz","date":"29 de diciembre de 2024","format":false,"excerpt":"Las pertenencias de las v\u00edctimas se est\u00e1n recogiendo de la pista y la zona se conservar\u00e1 intacta a la espera de que las autoridades investiguen la causa exacta del accidente. Se\u00fal,EFE - Las autoridades surcoreanas anunciaron este lunes que han identificado a 140 de las 179 v\u00edctimas que perdieron la\u2026","rel":"","context":"En \u00abINTERNACIONALES\u00bb","block_context":{"text":"INTERNACIONALES","link":"https:\/\/lasprimeras.com.do\/index.php\/category\/sin-categoria\/internacionales\/"},"img":{"alt_text":"","src":"https:\/\/i0.wp.com\/lasprimeras.com.do\/wp-content\/uploads\/2024\/12\/Accidente-aereo.png?resize=350%2C200&ssl=1","width":350,"height":200,"srcset":"https:\/\/i0.wp.com\/lasprimeras.com.do\/wp-content\/uploads\/2024\/12\/Accidente-aereo.png?resize=350%2C200&ssl=1 1x, https:\/\/i0.wp.com\/lasprimeras.com.do\/wp-content\/uploads\/2024\/12\/Accidente-aereo.png?resize=525%2C300&ssl=1 1.5x, https:\/\/i0.wp.com\/lasprimeras.com.do\/wp-content\/uploads\/2024\/12\/Accidente-aereo.png?resize=700%2C400&ssl=1 2x"},"classes":[]},{"id":101111,"url":"https:\/\/lasprimeras.com.do\/index.php\/2025\/06\/16\/un-avion-cayo-en-una-residencia-de-medicos-en-india\/","url_meta":{"origin":100895,"position":3},"title":"Un avi\u00f3n cay\u00f3 en una residencia de m\u00e9dicos en India","author":"Nelson Feliz","date":"16 de junio de 2025","format":false,"excerpt":"-Los sobrevivientes atendieron a los heridos. POR SHONAL GANGULY, AIJAZ HUSSAIN and PIYUSH NAGPAL AHMEDABAD, India (AP) \u2014 Navin Chaudhary acababa de empezar a comer cuando un fuerte estruendo lo sobresalt\u00f3. Se dio la vuelta para ver un enorme incendio apoder\u00e1ndose del \u00e1rea de comedor donde \u00e9l y otros m\u00e9dicos\u2026","rel":"","context":"En \u00abINTERNACIONALES\u00bb","block_context":{"text":"INTERNACIONALES","link":"https:\/\/lasprimeras.com.do\/index.php\/category\/sin-categoria\/internacionales\/"},"img":{"alt_text":"","src":"https:\/\/i0.wp.com\/lasprimeras.com.do\/wp-content\/uploads\/2025\/06\/heridos.jpg?resize=350%2C200&ssl=1","width":350,"height":200,"srcset":"https:\/\/i0.wp.com\/lasprimeras.com.do\/wp-content\/uploads\/2025\/06\/heridos.jpg?resize=350%2C200&ssl=1 1x, https:\/\/i0.wp.com\/lasprimeras.com.do\/wp-content\/uploads\/2025\/06\/heridos.jpg?resize=525%2C300&ssl=1 1.5x, https:\/\/i0.wp.com\/lasprimeras.com.do\/wp-content\/uploads\/2025\/06\/heridos.jpg?resize=700%2C400&ssl=1 2x"},"classes":[]},{"id":51296,"url":"https:\/\/lasprimeras.com.do\/index.php\/2023\/05\/30\/accidente-de-bus-deja-10-muertos-y-55-heridos-en-cachemira-india\/","url_meta":{"origin":100895,"position":4},"title":"Accidente de bus deja 10 muertos y 55 heridos en Cachemira india","author":"prenxa100","date":"30 de mayo de 2023","format":false,"excerpt":"SRINAGAR, India, AP.-. Al menos 10 personas fallecieron el martes y otras 55 resultaron heridas cuando un autob\u00fas que llevaba a peregrinos hind\u00faes a un santuario en la zona de Cachemira controlada por India cay\u00f3 desde un puente de la autopista a un desfiladero en el Himalaya, dijo la polic\u00eda.\u2026","rel":"","context":"En \u00abSin categor\u00eda\u00bb","block_context":{"text":"Sin categor\u00eda","link":"https:\/\/lasprimeras.com.do\/index.php\/category\/sin-categoria\/"},"img":{"alt_text":"","src":"","width":0,"height":0},"classes":[]},{"id":73226,"url":"https:\/\/lasprimeras.com.do\/index.php\/2024\/01\/07\/alerta-con-los-boeing-737-max-9-es-seguro-volar-en-uno-que-companias-usan-este-avion\/","url_meta":{"origin":100895,"position":5},"title":"Alerta con los Boeing 737 Max 9: \u00bfEs seguro volar en uno? \u00bfQu\u00e9 compa\u00f1\u00edas usan este avi\u00f3n?","author":"Nelson Feliz","date":"7 de enero de 2024","format":false,"excerpt":"Resolvemos las principales dudas tras la alerta con el modelo de avi\u00f3n despu\u00e9s de que una aeronave de Alaska Airlines tuviese que aterrizar de emergencia. Los aviones Boeing 737 Max 9 est\u00e1n en el punto de mira despu\u00e9s de que este s\u00e1bado una aeronave de Alaska Airlines tuviese que aterrizar\u2026","rel":"","context":"En \u00abSin categor\u00eda\u00bb","block_context":{"text":"Sin categor\u00eda","link":"https:\/\/lasprimeras.com.do\/index.php\/category\/sin-categoria\/"},"img":{"alt_text":"Boeing 737 Max 9","src":"https:\/\/i0.wp.com\/lasprimeras.com.do\/wp-content\/uploads\/2024\/01\/Boeing-737-Max-9.jpg?resize=350%2C200&ssl=1","width":350,"height":200,"srcset":"https:\/\/i0.wp.com\/lasprimeras.com.do\/wp-content\/uploads\/2024\/01\/Boeing-737-Max-9.jpg?resize=350%2C200&ssl=1 1x, https:\/\/i0.wp.com\/lasprimeras.com.do\/wp-content\/uploads\/2024\/01\/Boeing-737-Max-9.jpg?resize=525%2C300&ssl=1 1.5x, https:\/\/i0.wp.com\/lasprimeras.com.do\/wp-content\/uploads\/2024\/01\/Boeing-737-Max-9.jpg?resize=700%2C400&ssl=1 2x"},"classes":[]}],"jetpack_sharing_enabled":true,"_links":{"self":[{"href":"https:\/\/lasprimeras.com.do\/index.php\/wp-json\/wp\/v2\/posts\/100895","targetHints":{"allow":["GET"]}}],"collection":[{"href":"https:\/\/lasprimeras.com.do\/index.php\/wp-json\/wp\/v2\/posts"}],"about":[{"href":"https:\/\/lasprimeras.com.do\/index.php\/wp-json\/wp\/v2\/types\/post"}],"author":[{"embeddable":true,"href":"https:\/\/lasprimeras.com.do\/index.php\/wp-json\/wp\/v2\/users\/10"}],"replies":[{"embeddable":true,"href":"https:\/\/lasprimeras.com.do\/index.php\/wp-json\/wp\/v2\/comments?post=100895"}],"version-history":[{"count":1,"href":"https:\/\/lasprimeras.com.do\/index.php\/wp-json\/wp\/v2\/posts\/100895\/revisions"}],"predecessor-version":[{"id":100897,"href":"https:\/\/lasprimeras.com.do\/index.php\/wp-json\/wp\/v2\/posts\/100895\/revisions\/100897"}],"wp:featuredmedia":[{"embeddable":true,"href":"https:\/\/lasprimeras.com.do\/index.php\/wp-json\/wp\/v2\/media\/100896"}],"wp:attachment":[{"href":"https:\/\/lasprimeras.com.do\/index.php\/wp-json\/wp\/v2\/media?parent=100895"}],"wp:term":[{"taxonomy":"category","embeddable":true,"href":"https:\/\/lasprimeras.com.do\/index.php\/wp-json\/wp\/v2\/categories?post=100895"},{"taxonomy":"post_tag","embeddable":true,"href":"https:\/\/lasprimeras.com.do\/index.php\/wp-json\/wp\/v2\/tags?post=100895"}],"curies":[{"name":"wp","href":"https:\/\/api.w.org\/{rel}","templated":true}]}}