{"id":100901,"date":"2025-06-13T09:50:53","date_gmt":"2025-06-13T13:50:53","guid":{"rendered":"https:\/\/lasprimeras.com.do\/?p=100901"},"modified":"2025-06-13T09:50:55","modified_gmt":"2025-06-13T13:50:55","slug":"sismos-danan-monasterios-centenarios-en-una-comunidad-religiosa-aislada-en-grecia","status":"publish","type":"post","link":"https:\/\/lasprimeras.com.do\/index.php\/2025\/06\/13\/sismos-danan-monasterios-centenarios-en-una-comunidad-religiosa-aislada-en-grecia\/","title":{"rendered":"Sismos da\u00f1an monasterios centenarios en una comunidad religiosa aislada en Grecia"},"content":{"rendered":"\n<p>SAL\u00d3NICA, Grecia (AP) \u2014 Monasterios centenarios sufrieron da\u00f1os debido a la serie de terremotos que sacuden una comunidad mon\u00e1stica aislada en el norte de Grecia, dijeron las autoridades el viernes.<\/p>\n\n\n\n<p>Un sismo de magnitud 5,3 remeci\u00f3 la pen\u00ednsula del Monte Athos el 7 de junio, seguido de una serie de temblores tanto submarinos como terrestres que continuaron hasta el viernes.<\/p>\n\n\n\n<p>Los movimientos tel\u00faricos causaron \u201cgraves grietas\u201d en la c\u00fapula del monasterio de Xenofonte, que fue construido a finales del siglo X, y da\u00f1aron frescos religiosos en ese y otros emplazamientos, report\u00f3 el Ministerio de Cultura.<\/p>\n\n\n\n<p>El Monte Athos es uno de los lugares religiosos m\u00e1s importantes para los cristianos ortodoxos y es conocido tambi\u00e9n como la Monta\u00f1a Sagrada. Es una rep\u00fablica mon\u00e1stica semiaut\u00f3noma que alberga 20 monasterios ortodoxos.<\/p>\n\n\n\n<p>La comunidad autogobernada a\u00fan observa estrictas tradiciones bajo la soberan\u00eda griega, incluyendo la prohibici\u00f3n total de la entrada de mujeres al territorio.<\/p>\n\n\n\n<p>\u201cSomos plenamente conscientes de la inmensa importancia arqueol\u00f3gica, hist\u00f3rica y espiritual del Monte Athos, y nos estamos asegurando de que todos los da\u00f1os se reparen de acuerdo con est\u00e1ndares cient\u00edficos y \u00e9ticos\u201d, manifest\u00f3 la ministra de Cultura, Lina Mendoni.<\/p>\n\n\n\n<p>Las labores de restauraci\u00f3n, que incluyen el refuerzo de las estructuras y la reparaci\u00f3n de obras de arte, se ampliar\u00e1n y acelerar\u00e1n, a\u00f1adi\u00f3 Mendoni.<\/p>\n\n\n\n<p>Se espera una evaluaci\u00f3n m\u00e1s detallada de los da\u00f1os la pr\u00f3xima semana, inform\u00f3 el Ministerio de Cultura.<\/p>\n","protected":false},"excerpt":{"rendered":"<p>SAL\u00d3NICA, Grecia (AP) \u2014 Monasterios centenarios sufrieron da\u00f1os debido a la serie de terremotos que sacuden una comunidad mon\u00e1stica aislada en el norte de Grecia, dijeron las autoridades el viernes.&hellip;<\/p>\n","protected":false},"author":10,"featured_media":100902,"comment_status":"open","ping_status":"open","sticky":false,"template":"","format":"standard","meta":{"content-type":"","jetpack_post_was_ever_published":false,"_jetpack_newsletter_access":"","_jetpack_dont_email_post_to_subs":false,"_jetpack_newsletter_tier_id":0,"_jetpack_memberships_contains_paywalled_content":false,"_jetpack_memberships_contains_paid_content":false,"footnotes":""},"categories":[16289],"tags":[20510,20508,20509,16655,20507,2282],"class_list":["post-100901","post","type-post","status-publish","format-standard","has-post-thumbnail","hentry","category-internacionales","tag-aislada","tag-centenarios","tag-comunidad-religiosa","tag-grecia","tag-monasterios","tag-sismos"],"jetpack_featured_media_url":"https:\/\/lasprimeras.com.do\/wp-content\/uploads\/2025\/06\/SISMOS.jpg","jetpack-related-posts":[{"id":106473,"url":"https:\/\/lasprimeras.com.do\/index.php\/2025\/08\/15\/espana-portugal-y-grecia-luchan-contra-incendios-forestales-en-plena-ola-de-calor\/","url_meta":{"origin":100901,"position":0},"title":"Espa\u00f1a, Portugal y Grecia luchan contra incendios forestales en plena ola de calor","author":"Nelson Feliz","date":"15 de agosto de 2025","format":false,"excerpt":"POR SUMAN NAISHADHAM MADRID (AP) \u2014 Bomberos en Espa\u00f1a, Portugal y Grecia segu\u00edan combatiendo los incendios forestales activos el viernes en una jornada festiva en los tres pa\u00edses, mientras las persistentes condiciones de calor y sequ\u00eda complicaban los esfuerzos para contener las llamas. En Espa\u00f1a, donde se espera que las\u2026","rel":"","context":"En \u00abINTERNACIONALES\u00bb","block_context":{"text":"INTERNACIONALES","link":"https:\/\/lasprimeras.com.do\/index.php\/category\/sin-categoria\/internacionales\/"},"img":{"alt_text":"","src":"https:\/\/i0.wp.com\/lasprimeras.com.do\/wp-content\/uploads\/2025\/08\/incendios-forestales.jpg?resize=350%2C200&ssl=1","width":350,"height":200,"srcset":"https:\/\/i0.wp.com\/lasprimeras.com.do\/wp-content\/uploads\/2025\/08\/incendios-forestales.jpg?resize=350%2C200&ssl=1 1x, https:\/\/i0.wp.com\/lasprimeras.com.do\/wp-content\/uploads\/2025\/08\/incendios-forestales.jpg?resize=525%2C300&ssl=1 1.5x, https:\/\/i0.wp.com\/lasprimeras.com.do\/wp-content\/uploads\/2025\/08\/incendios-forestales.jpg?resize=700%2C400&ssl=1 2x"},"classes":[]},{"id":96351,"url":"https:\/\/lasprimeras.com.do\/index.php\/2025\/03\/30\/onu-dice-20-millones-personas-fueron-afectadas-por-terremoto\/","url_meta":{"origin":100901,"position":1},"title":"ONU dice 20 millones personas fueron afectadas por terremoto","author":"Nelson Feliz","date":"30 de marzo de 2025","format":false,"excerpt":"Bangkok .- Cerca de 20 millones de personas en Birmania (Myanmar) resultaron afectadas de distintas maneras por el devastador terremoto de magnitud 7,7 que se registr\u00f3 el viernes y que ha causado m\u00e1s de 1.600 muertos y miles de edificaciones colapsadas, seg\u00fan un reporte de la Organizaci\u00f3n de Naciones Unidas\u2026","rel":"","context":"En \u00abINTERNACIONALES\u00bb","block_context":{"text":"INTERNACIONALES","link":"https:\/\/lasprimeras.com.do\/index.php\/category\/sin-categoria\/internacionales\/"},"img":{"alt_text":"","src":"https:\/\/i0.wp.com\/lasprimeras.com.do\/wp-content\/uploads\/2025\/03\/Rescatistas-Birmania.jpg?resize=350%2C200&ssl=1","width":350,"height":200,"srcset":"https:\/\/i0.wp.com\/lasprimeras.com.do\/wp-content\/uploads\/2025\/03\/Rescatistas-Birmania.jpg?resize=350%2C200&ssl=1 1x, https:\/\/i0.wp.com\/lasprimeras.com.do\/wp-content\/uploads\/2025\/03\/Rescatistas-Birmania.jpg?resize=525%2C300&ssl=1 1.5x, https:\/\/i0.wp.com\/lasprimeras.com.do\/wp-content\/uploads\/2025\/03\/Rescatistas-Birmania.jpg?resize=700%2C400&ssl=1 2x"},"classes":[]},{"id":80392,"url":"https:\/\/lasprimeras.com.do\/index.php\/2024\/04\/08\/piden-agua-al-presidente-abinader-en-el-hipodromo-v-centenario\/","url_meta":{"origin":100901,"position":2},"title":"Piden agua al presidente Abinader en el Hip\u00f3dromo V Centenario","author":"BIMARY DE JES\u00daS Matos","date":"8 de abril de 2024","format":false,"excerpt":"Santo Domingo.-Comunitarios del residencial Invi-Dorex,\u00a0 en el Hip\u00f3dromo V Centenario,\u00a0 del municipio Santo Domingo Este solicitaron la intervenci\u00f3n del presidente de la Rep\u00fablica Dominicana,\u00a0 Luis Abinader,\u00a0 para que las autoridades de la Corporaci\u00f3n de Acueductos y Alcantarillados de Santo Domingo (CAASD), env\u00ede el agua al sector.\u00a0 Los comunitarios organizados en\u2026","rel":"","context":"En \u00abNACIONALES\u00bb","block_context":{"text":"NACIONALES","link":"https:\/\/lasprimeras.com.do\/index.php\/category\/nacionales\/"},"img":{"alt_text":"","src":"https:\/\/i0.wp.com\/lasprimeras.com.do\/wp-content\/uploads\/2024\/04\/WhatsApp-Image-2024-04-08-at-7.28.04-AM.jpeg?resize=350%2C200&ssl=1","width":350,"height":200,"srcset":"https:\/\/i0.wp.com\/lasprimeras.com.do\/wp-content\/uploads\/2024\/04\/WhatsApp-Image-2024-04-08-at-7.28.04-AM.jpeg?resize=350%2C200&ssl=1 1x, https:\/\/i0.wp.com\/lasprimeras.com.do\/wp-content\/uploads\/2024\/04\/WhatsApp-Image-2024-04-08-at-7.28.04-AM.jpeg?resize=525%2C300&ssl=1 1.5x"},"classes":[]},{"id":96411,"url":"https:\/\/lasprimeras.com.do\/index.php\/2025\/03\/31\/las-muertes-por-el-devastador-sismo-en-myanmar-superan-las-1-700-personas\/","url_meta":{"origin":100901,"position":3},"title":"Las muertes por el devastador sismo en Myanmar superan las 1.700 personas","author":"Nelson Feliz","date":"31 de marzo de 2025","format":false,"excerpt":"POR DAVID RISING BANGKOK (AP) \u2014 El n\u00famero de muertos por el terremoto que golpe\u00f3 a Myanmar aument\u00f3 a m\u00e1s de 1.700 despu\u00e9s de que se recuperaran m\u00e1s cuerpos de entre los escombros, inform\u00f3 el gobierno militar del pa\u00eds el lunes. El portavoz del gobierno, el mayor general Zaw Min\u2026","rel":"","context":"En \u00abINTERNACIONALES\u00bb","block_context":{"text":"INTERNACIONALES","link":"https:\/\/lasprimeras.com.do\/index.php\/category\/sin-categoria\/internacionales\/"},"img":{"alt_text":"","src":"https:\/\/i0.wp.com\/lasprimeras.com.do\/wp-content\/uploads\/2025\/03\/terre.jpg?resize=350%2C200&ssl=1","width":350,"height":200,"srcset":"https:\/\/i0.wp.com\/lasprimeras.com.do\/wp-content\/uploads\/2025\/03\/terre.jpg?resize=350%2C200&ssl=1 1x, https:\/\/i0.wp.com\/lasprimeras.com.do\/wp-content\/uploads\/2025\/03\/terre.jpg?resize=525%2C300&ssl=1 1.5x, https:\/\/i0.wp.com\/lasprimeras.com.do\/wp-content\/uploads\/2025\/03\/terre.jpg?resize=700%2C400&ssl=1 2x"},"classes":[]},{"id":80212,"url":"https:\/\/lasprimeras.com.do\/index.php\/2024\/04\/05\/sismo-sacudio-este-viernes-partes-de-nueva-york-y-nueva-jersey\/","url_meta":{"origin":100901,"position":4},"title":"Sismo sacudio este viernes partes de Nueva York y Nueva Jersey","author":"BIMARY DE JES\u00daS Matos","date":"5 de abril de 2024","format":false,"excerpt":"NUEVA YORK.- Un sismo sacudi\u00f3 la ma\u00f1ana de este viernes partes de Nueva York y Nueva Jersey. Aun se desconoce la magnitud y el epicentro del temblor. Hasta el momento no hay reporte de v\u00edctimas ni da\u00f1os.","rel":"","context":"En \u00abSin categor\u00eda\u00bb","block_context":{"text":"Sin categor\u00eda","link":"https:\/\/lasprimeras.com.do\/index.php\/category\/sin-categoria\/"},"img":{"alt_text":"","src":"https:\/\/i0.wp.com\/lasprimeras.com.do\/wp-content\/uploads\/2024\/04\/vaxd9esu.png?resize=350%2C200&ssl=1","width":350,"height":200,"srcset":"https:\/\/i0.wp.com\/lasprimeras.com.do\/wp-content\/uploads\/2024\/04\/vaxd9esu.png?resize=350%2C200&ssl=1 1x, https:\/\/i0.wp.com\/lasprimeras.com.do\/wp-content\/uploads\/2024\/04\/vaxd9esu.png?resize=525%2C300&ssl=1 1.5x, https:\/\/i0.wp.com\/lasprimeras.com.do\/wp-content\/uploads\/2024\/04\/vaxd9esu.png?resize=700%2C400&ssl=1 2x"},"classes":[]},{"id":107859,"url":"https:\/\/lasprimeras.com.do\/index.php\/2025\/09\/01\/la-madrugada-de-este-lunes-se-registra-un-sismo-de-4-6-al-norte-de-bayaguana\/","url_meta":{"origin":100901,"position":5},"title":"La madrugada de este lunes se registra un sismo de 4.6 al norte de Bayaguana","author":"Nelson Feliz","date":"1 de septiembre de 2025","format":false,"excerpt":"El evento se produjo a las 5:27 de la ma\u00f1ana con epicentro a 14 kil\u00f3metros de Bayaguana, Monte Plata. Un temblor de tierra de magnitud 4.6 en la escala de Richter se registr\u00f3 a las 5:27 de la ma\u00f1ana de este lunes 1 de septiembre, con epicentro localizado a 14\u2026","rel":"","context":"En \u00abNACIONALES\u00bb","block_context":{"text":"NACIONALES","link":"https:\/\/lasprimeras.com.do\/index.php\/category\/nacionales\/"},"img":{"alt_text":"","src":"https:\/\/i0.wp.com\/lasprimeras.com.do\/wp-content\/uploads\/2025\/09\/mapa.jpg?resize=350%2C200&ssl=1","width":350,"height":200,"srcset":"https:\/\/i0.wp.com\/lasprimeras.com.do\/wp-content\/uploads\/2025\/09\/mapa.jpg?resize=350%2C200&ssl=1 1x, https:\/\/i0.wp.com\/lasprimeras.com.do\/wp-content\/uploads\/2025\/09\/mapa.jpg?resize=525%2C300&ssl=1 1.5x, https:\/\/i0.wp.com\/lasprimeras.com.do\/wp-content\/uploads\/2025\/09\/mapa.jpg?resize=700%2C400&ssl=1 2x"},"classes":[]}],"jetpack_sharing_enabled":true,"_links":{"self":[{"href":"https:\/\/lasprimeras.com.do\/index.php\/wp-json\/wp\/v2\/posts\/100901","targetHints":{"allow":["GET"]}}],"collection":[{"href":"https:\/\/lasprimeras.com.do\/index.php\/wp-json\/wp\/v2\/posts"}],"about":[{"href":"https:\/\/lasprimeras.com.do\/index.php\/wp-json\/wp\/v2\/types\/post"}],"author":[{"embeddable":true,"href":"https:\/\/lasprimeras.com.do\/index.php\/wp-json\/wp\/v2\/users\/10"}],"replies":[{"embeddable":true,"href":"https:\/\/lasprimeras.com.do\/index.php\/wp-json\/wp\/v2\/comments?post=100901"}],"version-history":[{"count":1,"href":"https:\/\/lasprimeras.com.do\/index.php\/wp-json\/wp\/v2\/posts\/100901\/revisions"}],"predecessor-version":[{"id":100903,"href":"https:\/\/lasprimeras.com.do\/index.php\/wp-json\/wp\/v2\/posts\/100901\/revisions\/100903"}],"wp:featuredmedia":[{"embeddable":true,"href":"https:\/\/lasprimeras.com.do\/index.php\/wp-json\/wp\/v2\/media\/100902"}],"wp:attachment":[{"href":"https:\/\/lasprimeras.com.do\/index.php\/wp-json\/wp\/v2\/media?parent=100901"}],"wp:term":[{"taxonomy":"category","embeddable":true,"href":"https:\/\/lasprimeras.com.do\/index.php\/wp-json\/wp\/v2\/categories?post=100901"},{"taxonomy":"post_tag","embeddable":true,"href":"https:\/\/lasprimeras.com.do\/index.php\/wp-json\/wp\/v2\/tags?post=100901"}],"curies":[{"name":"wp","href":"https:\/\/api.w.org\/{rel}","templated":true}]}}