{"id":100928,"date":"2025-06-13T12:00:34","date_gmt":"2025-06-13T16:00:34","guid":{"rendered":"https:\/\/lasprimeras.com.do\/?p=100928"},"modified":"2025-06-13T12:00:36","modified_gmt":"2025-06-13T16:00:36","slug":"autoridades-nyc-destruyen-mas-de-200-ciclomotores-ilegales","status":"publish","type":"post","link":"https:\/\/lasprimeras.com.do\/index.php\/2025\/06\/13\/autoridades-nyc-destruyen-mas-de-200-ciclomotores-ilegales\/","title":{"rendered":"Autoridades NYC destruyen m\u00e1s de 200 ciclomotores ilegales"},"content":{"rendered":"\n<p><strong>NYPD dice pandillas aumentan en Harlem.<\/strong><\/p>\n\n\n\n<p>Por Ram\u00f3n Mercedes<\/p>\n\n\n\n<p>NUEVA YORK.- Las autoridades de esta ciudad destruyeron m\u00e1s de 200 ciclomotores ilegales que hab\u00edan incautado en los diferentes condados de la ciudad. Algunos de sus propietarios son dominicanos.<\/p>\n\n\n\n<p>El alcalde Eric Adams y la comisionada de polic\u00eda, Jessica Tisch, supervisaron este jueves el aplastamiento en el condado de Staten Island, mientras continuaban la campa\u00f1a en curso de la ciudad para sacar estos veh\u00edculos ilegales de las calles de la Gran Manzana.<\/p>\n\n\n\n<p>\u00abDos enormes excavadoras del Departamento de Saneamiento de NYC le pasaron por encima varias veces, hasta quedar totalmente destruida los ciclomotores.<\/p>\n\n\n\n<p>El alcalde Adams denunci\u00f3 que los veh\u00edculos no s\u00f3lo son una queja sobre la calidad de vida, sino que muchos de ellos tambi\u00e9n fueron utilizados en la comisi\u00f3n de delitos violentos.<br>Mientras, la comisionada Tisch sostuvo: \u00abCon demasiada frecuencia se les utiliza para robar, golpear, huir, causar caos en nuestras calles y enga\u00f1ar al sistema\u00bb.<\/p>\n\n\n\n<p>Desde el inicio de la administraci\u00f3n de Adams, el Ayuntamiento dice que la polic\u00eda ha retirado unos 62.000 veh\u00edculos ilegales de la calle, y entre esos n\u00fameros se encuentran los autom\u00f3viles arreglados con placas alteradas o falsas.<\/p>\n\n\n\n<p>Seg\u00fan las estad\u00edsticas del NYPD, el \u00edndice general de delitos con ciclomotores desde principios de a\u00f1o hasta junio se redujo en m\u00e1s del 57 % en 2025, en comparaci\u00f3n con el mismo periodo del a\u00f1o anterior.<\/p>\n\n\n\n<p>Los patrones de hurto mayor con ciclomotores se redujeron un 85 %, mientras que los robos se redujeron un 70 %.<\/p>\n\n\n\n<p>En el mismo orden policial, el NYPD informa que, en sector de Harlem, donde residen decenas de familias dominicanas, hay un aumento en la violencia de pandillas a pesar de un patrullaje especial en el \u00e1rea.<\/p>\n\n\n\n<p>El cuartel 28 ha experimentado un aumento en la violencia de pandillas en el \u00faltimo mes, lo que llev\u00f3 al Departamento de Polic\u00eda a implementar una patrulla especial entre las avenidas Lenox y la Quinta, adem\u00e1s, en las calles 112 y 116.<\/p>\n\n\n\n<p>La Polic\u00eda est\u00e1 instalando m\u00e1s c\u00e1maras en la zona para intentar identificar a los perpetradores, quienes generalmente usan m\u00e1scaras.<\/p>\n\n\n\n<p>En el per\u00edodo de 28 d\u00edas previo al 8 de junio, el distrito ha sido testigo de 26 agresiones graves, muchas de las cuales se han concentrado cerca del desarrollo King Towers de la Autoridad de Vivienda de NYC, en comparaci\u00f3n con 17 en el mismo per\u00edodo en 2024.<\/p>\n\n\n\n<p>Algunos de los casos recientes de violencia con armas de fuego en la zona incluyen el tiroteo de un joven de 23 a\u00f1os cerca de una escuela el 29 de mayo, el tiroteo de un joven de 15 a\u00f1os el 20 de mayo frente a King Towers durante la recogida de ni\u00f1os de la escuela y el tiroteo de una abuela en abril, que muri\u00f3 por una bala perdida.<\/p>\n\n\n\n<p>El fiscal de distrito de Manhattan, Alvin Bragg, anunci\u00f3 en abril cargos para 16 acusados por estar involucrados en 21 tiroteos en Harlem y East Harlem en el transcurso de varios meses en 2024.<\/p>\n","protected":false},"excerpt":{"rendered":"<p>NYPD dice pandillas aumentan en Harlem. Por Ram\u00f3n Mercedes NUEVA YORK.- Las autoridades de esta ciudad destruyeron m\u00e1s de 200 ciclomotores ilegales que hab\u00edan incautado en los diferentes condados de&hellip;<\/p>\n","protected":false},"author":10,"featured_media":100929,"comment_status":"open","ping_status":"open","sticky":false,"template":"","format":"standard","meta":{"content-type":"","jetpack_post_was_ever_published":false,"_jetpack_newsletter_access":"","_jetpack_dont_email_post_to_subs":false,"_jetpack_newsletter_tier_id":0,"_jetpack_memberships_contains_paywalled_content":false,"_jetpack_memberships_contains_paid_content":false,"footnotes":""},"categories":[16289],"tags":[19695,20519,19721,9427,1076],"class_list":["post-100928","post","type-post","status-publish","format-standard","has-post-thumbnail","hentry","category-internacionales","tag-autoridades-nyc","tag-ciclomotores-ilegales","tag-harlem","tag-nypd","tag-pandillas"],"jetpack_featured_media_url":"https:\/\/lasprimeras.com.do\/wp-content\/uploads\/2025\/06\/WhatsApp-Image-2025-06-13-at-6.29.48-AM-1.jpeg","jetpack-related-posts":[{"id":103927,"url":"https:\/\/lasprimeras.com.do\/index.php\/2025\/07\/20\/un-dominicano-indocumentado-dispara-en-la-cara-a-un-agente-fronterizo-durante-un-robo-en-nueva-york\/","url_meta":{"origin":100928,"position":0},"title":"Un dominicano indocumentado dispara en la cara a un agente fronterizo durante un robo en Nueva York","author":"Nelson Feliz","date":"20 de julio de 2025","format":false,"excerpt":"-El oficial alcanz\u00f3 a dispararle tres veces a su atacante -La prensa neoyorquina dice que el joven de 21 a\u00f1os ingres\u00f3 de manera ilegal en 2023 Nueva York.-. Un hombre identificado como un inmigrante indocumentado de origen dominicano es el principal sospechoso de disparar en el rostro a un agente\u2026","rel":"","context":"En \u00abINTERNACIONALES\u00bb","block_context":{"text":"INTERNACIONALES","link":"https:\/\/lasprimeras.com.do\/index.php\/category\/sin-categoria\/internacionales\/"},"img":{"alt_text":"","src":"https:\/\/i0.wp.com\/lasprimeras.com.do\/wp-content\/uploads\/2025\/07\/frontera-ny.jpg?resize=350%2C200&ssl=1","width":350,"height":200,"srcset":"https:\/\/i0.wp.com\/lasprimeras.com.do\/wp-content\/uploads\/2025\/07\/frontera-ny.jpg?resize=350%2C200&ssl=1 1x, https:\/\/i0.wp.com\/lasprimeras.com.do\/wp-content\/uploads\/2025\/07\/frontera-ny.jpg?resize=525%2C300&ssl=1 1.5x, https:\/\/i0.wp.com\/lasprimeras.com.do\/wp-content\/uploads\/2025\/07\/frontera-ny.jpg?resize=700%2C400&ssl=1 2x"},"classes":[]},{"id":102851,"url":"https:\/\/lasprimeras.com.do\/index.php\/2025\/07\/09\/autoridades-nyc-crean-departamento-de-entrega-sostenible\/","url_meta":{"origin":100928,"position":1},"title":"Autoridades NYC crean Departamento de Entrega Sostenible","author":"Nelson Feliz","date":"9 de julio de 2025","format":false,"excerpt":"Por Ram\u00f3n Mercedes NUEVA YORK.- El alcalde de esta ciudad, Eric Adams, y el comisionado del Departamento de Transporte (DOT), Ydanis Rodr\u00edguez, anunciaron la creaci\u00f3n del Departamento de Entrega Sostenible (DSD), que se encargar\u00e1 de la aplicaci\u00f3n de la ley contra la circulaci\u00f3n ilegal de ciclomotores, bicicletas el\u00e9ctricas y patinetes\u2026","rel":"","context":"En \u00abINTERNACIONALES\u00bb","block_context":{"text":"INTERNACIONALES","link":"https:\/\/lasprimeras.com.do\/index.php\/category\/sin-categoria\/internacionales\/"},"img":{"alt_text":"Autoridades NYC crean Departamento de Entrega Sostenible","src":"https:\/\/i0.wp.com\/lasprimeras.com.do\/wp-content\/uploads\/2025\/07\/WhatsApp-Image-2025-07-09-at-5.35.19-AM-1.jpeg?resize=350%2C200&ssl=1","width":350,"height":200},"classes":[]},{"id":98307,"url":"https:\/\/lasprimeras.com.do\/index.php\/2025\/05\/06\/bodegueros-uba-ny-reciben-de-nypd-500-botones-de-panicos-para-emergencias\/","url_meta":{"origin":100928,"position":2},"title":"Bodegueros UBA-NY reciben de NYPD 500 botones de p\u00e1nicos para emergencias","author":"Nelson Feliz","date":"6 de mayo de 2025","format":false,"excerpt":"Por Ram\u00f3n Mercedes NUEVA YORK.- La Asociaci\u00f3n de Bodegueros Unidos de Am\u00e9rica (UBA), que preside el dominicano Radham\u00e9s Rodr\u00edguez, recibi\u00f3 de parte de la Polic\u00eda de esta ciudad y en presencia del alcalde Eric Adams, 500 botones de p\u00e1nicos para ser instalados en igual cantidad de bodegas en zonas consideradas\u2026","rel":"","context":"En \u00abINTERNACIONALES\u00bb","block_context":{"text":"INTERNACIONALES","link":"https:\/\/lasprimeras.com.do\/index.php\/category\/sin-categoria\/internacionales\/"},"img":{"alt_text":"botones de p\u00e1nicos","src":"https:\/\/i0.wp.com\/lasprimeras.com.do\/wp-content\/uploads\/2025\/05\/WhatsApp-Image-2025-05-06-at-5.22.37-AM.jpeg?resize=350%2C200&ssl=1","width":350,"height":200},"classes":[]},{"id":49716,"url":"https:\/\/lasprimeras.com.do\/index.php\/2023\/05\/13\/nino-de-14-anos-mato-a-pandillero-latino-a-cuchilladas-en-nueva-york\/","url_meta":{"origin":100928,"position":3},"title":"Ni\u00f1o de 14 a\u00f1os mat\u00f3 a pandillero latino a cuchilladas en Nueva York","author":"prenxa100","date":"13 de mayo de 2023","format":false,"excerpt":"Nueva York.-.Un ni\u00f1o de 14 a\u00f1os fue arrestado como sospechoso de haber apu\u00f1alado fatalmente a un hispano de la pandilla Bloods de m\u00e1s del doble de su edad en Staten Island (NYC). El adolescente, cuyo nombre no fue revelado debido a su edad, fue detenido por detectives del Precinto NYPD\u2026","rel":"","context":"En \u00abSin categor\u00eda\u00bb","block_context":{"text":"Sin categor\u00eda","link":"https:\/\/lasprimeras.com.do\/index.php\/category\/sin-categoria\/"},"img":{"alt_text":"","src":"","width":0,"height":0},"classes":[]},{"id":94929,"url":"https:\/\/lasprimeras.com.do\/index.php\/2025\/03\/07\/solo-20-apoya-al-alcalde-de-nueva-york-trump-es-mas-popular-que-adams-tras-pacto-entre-ambos\/","url_meta":{"origin":100928,"position":4},"title":"S\u00f3lo 20% apoya al alcalde de Nueva York: Trump es m\u00e1s popular que Adams tras \u201cpacto\u201d entre ambos","author":"Nelson Feliz","date":"7 de marzo de 2025","format":false,"excerpt":"En un m\u00ednimo hist\u00f3rico, s\u00f3lo 20% de los votantes de NYC apoyan al alcalde, incluso por debajo de Trump (30%), seg\u00fan una encuesta tras el supuesto pacto de ambos. Por Andr\u00e9s Correa Apenas 20% de los votantes de la ciudad de Nueva York aprueba el trabajo que est\u00e1 haciendo el\u2026","rel":"","context":"En \u00abINTERNACIONALES\u00bb","block_context":{"text":"INTERNACIONALES","link":"https:\/\/lasprimeras.com.do\/index.php\/category\/sin-categoria\/internacionales\/"},"img":{"alt_text":"Eric Adams","src":"https:\/\/i0.wp.com\/lasprimeras.com.do\/wp-content\/uploads\/2025\/03\/Eric-Adams.png?resize=350%2C200&ssl=1","width":350,"height":200,"srcset":"https:\/\/i0.wp.com\/lasprimeras.com.do\/wp-content\/uploads\/2025\/03\/Eric-Adams.png?resize=350%2C200&ssl=1 1x, https:\/\/i0.wp.com\/lasprimeras.com.do\/wp-content\/uploads\/2025\/03\/Eric-Adams.png?resize=525%2C300&ssl=1 1.5x, https:\/\/i0.wp.com\/lasprimeras.com.do\/wp-content\/uploads\/2025\/03\/Eric-Adams.png?resize=700%2C400&ssl=1 2x"},"classes":[]},{"id":102332,"url":"https:\/\/lasprimeras.com.do\/index.php\/2025\/07\/03\/dot-reporta-una-disminucion-historica-en-muertes-por-accidentes-de-transito-nyc\/","url_meta":{"origin":100928,"position":5},"title":"DOT reporta una disminuci\u00f3n hist\u00f3rica en muertes por accidentes de tr\u00e1nsito NYC","author":"Nelson Feliz","date":"3 de julio de 2025","format":false,"excerpt":"https:\/\/www.youtube.com\/watch?v=rbSqJ0Vc_RI Por Ram\u00f3n Mercedes NUEVA YORK.- El comisionado del Departamento de Transporte en esta ciudad (DOT), Ydanis Rodr\u00edguez, anunci\u00f3 este mi\u00e9rcoles una disminuci\u00f3n hist\u00f3rica en las muertes por accidentes de tr\u00e1nsito durante el primer semestre del presente a\u00f1o, con una reducci\u00f3n del 32 % en comparaci\u00f3n con el primer semestre\u2026","rel":"","context":"En \u00abINTERNACIONALES\u00bb","block_context":{"text":"INTERNACIONALES","link":"https:\/\/lasprimeras.com.do\/index.php\/category\/sin-categoria\/internacionales\/"},"img":{"alt_text":"","src":"https:\/\/i0.wp.com\/img.youtube.com\/vi\/rbSqJ0Vc_RI\/0.jpg?resize=350%2C200","width":350,"height":200},"classes":[]}],"jetpack_sharing_enabled":true,"_links":{"self":[{"href":"https:\/\/lasprimeras.com.do\/index.php\/wp-json\/wp\/v2\/posts\/100928","targetHints":{"allow":["GET"]}}],"collection":[{"href":"https:\/\/lasprimeras.com.do\/index.php\/wp-json\/wp\/v2\/posts"}],"about":[{"href":"https:\/\/lasprimeras.com.do\/index.php\/wp-json\/wp\/v2\/types\/post"}],"author":[{"embeddable":true,"href":"https:\/\/lasprimeras.com.do\/index.php\/wp-json\/wp\/v2\/users\/10"}],"replies":[{"embeddable":true,"href":"https:\/\/lasprimeras.com.do\/index.php\/wp-json\/wp\/v2\/comments?post=100928"}],"version-history":[{"count":1,"href":"https:\/\/lasprimeras.com.do\/index.php\/wp-json\/wp\/v2\/posts\/100928\/revisions"}],"predecessor-version":[{"id":100930,"href":"https:\/\/lasprimeras.com.do\/index.php\/wp-json\/wp\/v2\/posts\/100928\/revisions\/100930"}],"wp:featuredmedia":[{"embeddable":true,"href":"https:\/\/lasprimeras.com.do\/index.php\/wp-json\/wp\/v2\/media\/100929"}],"wp:attachment":[{"href":"https:\/\/lasprimeras.com.do\/index.php\/wp-json\/wp\/v2\/media?parent=100928"}],"wp:term":[{"taxonomy":"category","embeddable":true,"href":"https:\/\/lasprimeras.com.do\/index.php\/wp-json\/wp\/v2\/categories?post=100928"},{"taxonomy":"post_tag","embeddable":true,"href":"https:\/\/lasprimeras.com.do\/index.php\/wp-json\/wp\/v2\/tags?post=100928"}],"curies":[{"name":"wp","href":"https:\/\/api.w.org\/{rel}","templated":true}]}}