{"id":100931,"date":"2025-06-13T12:12:13","date_gmt":"2025-06-13T16:12:13","guid":{"rendered":"https:\/\/lasprimeras.com.do\/?p=100931"},"modified":"2025-06-13T12:12:15","modified_gmt":"2025-06-13T16:12:15","slug":"dominicanos-se-uniran-a-miles-de-neoyorkinos-este-sabado-en-acto-contra-autoridades-de-inmigracion","status":"publish","type":"post","link":"https:\/\/lasprimeras.com.do\/index.php\/2025\/06\/13\/dominicanos-se-uniran-a-miles-de-neoyorkinos-este-sabado-en-acto-contra-autoridades-de-inmigracion\/","title":{"rendered":"Dominicanos se unir\u00e1n a miles de neoyorkinos este s\u00e1bado en acto contra autoridades de Inmigraci\u00f3n"},"content":{"rendered":"\n<p>Por Ram\u00f3n Mercedes<\/p>\n\n\n\n<p>NUEVA YORK.- Dominicanos residentes en esta ciudad se proponen unirse a miles de neoyorkinos en un acto que contra el Servicio de Control de Inmigraci\u00f3n y Aduanas de los Estados Unidos(ICE) tendr\u00e1 lugar este s\u00e1bado, a partir de la 1:30 p.m. en la Octava avenida con la calle 42.<\/p>\n\n\n\n<p>Los organizadores sostienen, en brochures puestos a circular, que las autoridades federales han desafiado a nuestros tribunales, deportando a j\u00f3venes sin juicio ninguno, han atacado nuestros derechos civiles y recortado nuestros servicios.<\/p>\n\n\n\n<p>Las protestas en Los \u00c1ngeles contra las redadas de Inmigraci\u00f3n han generado un efecto contagio, extendi\u00e9ndose por NY, Chicago, Seattle, Denver, San Francisco, Atlanta y otras localidades.<\/p>\n\n\n\n<p>Las protestas se producen mientras el ICE se apresura a cumplir con las cuotas de arrestos migratorios de la Casa Blanca.<\/p>\n\n\n\n<p>Desde principio de semana se han producido varias protestas en NYC contra las medidas que viene ejecutando Inmigraci\u00f3n.<\/p>\n\n\n\n<p>Decenas de ciudadanos han sido apresados y golpeados. La marcha de este s\u00e1bado ha sido bautizada como \u00abUn\u00e1monos al D\u00eda contra Reyes\u201d.<\/p>\n","protected":false},"excerpt":{"rendered":"<p>Por Ram\u00f3n Mercedes NUEVA YORK.- Dominicanos residentes en esta ciudad se proponen unirse a miles de neoyorkinos en un acto que contra el Servicio de Control de Inmigraci\u00f3n y Aduanas&hellip;<\/p>\n","protected":false},"author":10,"featured_media":100932,"comment_status":"open","ping_status":"open","sticky":false,"template":"","format":"standard","meta":{"content-type":"","jetpack_post_was_ever_published":false,"_jetpack_newsletter_access":"","_jetpack_dont_email_post_to_subs":false,"_jetpack_newsletter_tier_id":0,"_jetpack_memberships_contains_paywalled_content":false,"_jetpack_memberships_contains_paid_content":false,"footnotes":""},"categories":[16289],"tags":[5858,949,487,98,1944,17575,4249,20520],"class_list":["post-100931","post","type-post","status-publish","format-standard","has-post-thumbnail","hentry","category-internacionales","tag-acto","tag-autoridades","tag-dominicanos","tag-estados-unidos","tag-este-sabado","tag-ice","tag-inmigracion","tag-neoyorkinos"],"jetpack_featured_media_url":"https:\/\/lasprimeras.com.do\/wp-content\/uploads\/2025\/06\/WhatsApp-Image-2025-06-13-at-6.29.48-AM-2.jpeg","jetpack-related-posts":[{"id":95481,"url":"https:\/\/lasprimeras.com.do\/index.php\/2025\/03\/14\/en-primeros-50-dias-inmigracion-gobierno-trump-arresta-32809-incluidos-cientos-de-dominicanos\/","url_meta":{"origin":100931,"position":0},"title":"En primeros 50 d\u00edas Inmigraci\u00f3n gobierno Trump arresta 32,809, incluidos cientos de dominicanos","author":"Nelson Feliz","date":"14 de marzo de 2025","format":false,"excerpt":"Por Ram\u00f3n Mercedes NUEVA YORK.- En los primeros 50 d\u00edas del Gobierno del presidente Donald Trump, del 20 de enero al 10 de marzo, el Servicio de Control de Inmigraci\u00f3n y Aduanas de los Estados Unidos (ICE) ha efectuado 32.809 arrestos en territorio estadounidense, entre ellos cientos de dominicanos, seg\u00fan\u2026","rel":"","context":"En \u00abINTERNACIONALES\u00bb","block_context":{"text":"INTERNACIONALES","link":"https:\/\/lasprimeras.com.do\/index.php\/category\/sin-categoria\/internacionales\/"},"img":{"alt_text":"En primeros 50 d\u00edas Inmigraci\u00f3n gobierno Trump arresta 32,809, incluidos cientos de dominicanos","src":"https:\/\/i0.wp.com\/lasprimeras.com.do\/wp-content\/uploads\/2025\/03\/WhatsApp-Image-2025-03-13-at-6.35.32-AM-1.jpeg?resize=350%2C200&ssl=1","width":350,"height":200,"srcset":"https:\/\/i0.wp.com\/lasprimeras.com.do\/wp-content\/uploads\/2025\/03\/WhatsApp-Image-2025-03-13-at-6.35.32-AM-1.jpeg?resize=350%2C200&ssl=1 1x, https:\/\/i0.wp.com\/lasprimeras.com.do\/wp-content\/uploads\/2025\/03\/WhatsApp-Image-2025-03-13-at-6.35.32-AM-1.jpeg?resize=525%2C300&ssl=1 1.5x"},"classes":[]},{"id":93781,"url":"https:\/\/lasprimeras.com.do\/index.php\/2025\/02\/20\/tribunales-inmigracion-acumulan-cerca-de-4-millones-de-casos-figuran-miles-dominicanos\/","url_meta":{"origin":100931,"position":1},"title":"Tribunales inmigraci\u00f3n acumulan cerca de 4 millones de casos; figuran miles dominicanos","author":"Nelson Feliz","date":"20 de febrero de 2025","format":false,"excerpt":"Por Ram\u00f3n Mercedes NUEVA YORK.- El retraso de los tribunales de inmigraci\u00f3n ronda cerca de los cuatro millones de casos pendientes, seg\u00fan nuevos datos federales, un gran desaf\u00edo para el gobierno del presidente Donald Trump en su intento de deportar a miles de personas. Seg\u00fan el Centro de Acceso a\u2026","rel":"","context":"En \u00abINTERNACIONALES\u00bb","block_context":{"text":"INTERNACIONALES","link":"https:\/\/lasprimeras.com.do\/index.php\/category\/sin-categoria\/internacionales\/"},"img":{"alt_text":"","src":"https:\/\/i0.wp.com\/lasprimeras.com.do\/wp-content\/uploads\/2025\/02\/WhatsApp-Image-2025-02-19-at-4.38.52-AM-4.jpeg?resize=350%2C200&ssl=1","width":350,"height":200,"srcset":"https:\/\/i0.wp.com\/lasprimeras.com.do\/wp-content\/uploads\/2025\/02\/WhatsApp-Image-2025-02-19-at-4.38.52-AM-4.jpeg?resize=350%2C200&ssl=1 1x, https:\/\/i0.wp.com\/lasprimeras.com.do\/wp-content\/uploads\/2025\/02\/WhatsApp-Image-2025-02-19-at-4.38.52-AM-4.jpeg?resize=525%2C300&ssl=1 1.5x"},"classes":[]},{"id":93558,"url":"https:\/\/lasprimeras.com.do\/index.php\/2025\/02\/14\/respuestas-a-sus-preguntas-sobre-inmigracion-que-ha-cambiado-bajo-trump-que-no-y-que-sigue\/","url_meta":{"origin":100931,"position":2},"title":"Respuestas a sus preguntas sobre inmigraci\u00f3n: Qu\u00e9 ha cambiado bajo Trump, qu\u00e9 no y qu\u00e9 sigue","author":"Nelson Feliz","date":"14 de febrero de 2025","format":false,"excerpt":"POR THE ASSOCIATED PRESS Durante la primera semana del presidente estadounidense Donald Trump en el cargo, firm\u00f3 10 \u00f3rdenes ejecutivas sobre inmigraci\u00f3n y emiti\u00f3 una serie de edictos para cumplir promesas de deportaciones masivas y seguridad fronteriza. Algunas acciones se sintieron de inmediato y otras est\u00e1n siendo impugnadas en los\u2026","rel":"","context":"En \u00abINTERNACIONALES\u00bb","block_context":{"text":"INTERNACIONALES","link":"https:\/\/lasprimeras.com.do\/index.php\/category\/sin-categoria\/internacionales\/"},"img":{"alt_text":"","src":"https:\/\/i0.wp.com\/lasprimeras.com.do\/wp-content\/uploads\/2025\/02\/inmigracion.jpg?resize=350%2C200&ssl=1","width":350,"height":200,"srcset":"https:\/\/i0.wp.com\/lasprimeras.com.do\/wp-content\/uploads\/2025\/02\/inmigracion.jpg?resize=350%2C200&ssl=1 1x, https:\/\/i0.wp.com\/lasprimeras.com.do\/wp-content\/uploads\/2025\/02\/inmigracion.jpg?resize=525%2C300&ssl=1 1.5x, https:\/\/i0.wp.com\/lasprimeras.com.do\/wp-content\/uploads\/2025\/02\/inmigracion.jpg?resize=700%2C400&ssl=1 2x"},"classes":[]},{"id":97449,"url":"https:\/\/lasprimeras.com.do\/index.php\/2025\/04\/21\/ice-detiene-en-ny-206-inmigrantes-incluidos-dominicanos-activistas-piden-auxilio-autoridades\/","url_meta":{"origin":100931,"position":3},"title":"ICE detiene en NY 206 inmigrantes, incluidos dominicanos; activistas piden auxilio autoridades","author":"Nelson Feliz","date":"21 de abril de 2025","format":false,"excerpt":"Por Ram\u00f3n Mercedes NUEVA YORK.- El Servicio de Inmigraci\u00f3n y sus socios policiales detuvieron a 206 inmigrantes ilegales durante una operaci\u00f3n intensificada de control migratorio enfocada en delincuentes extranjeros flagrantes en NYC y sus alrededores. Durante la operaci\u00f3n, entre el 6 al 12 del presente mes, se enfocaron en delincuentes\u2026","rel":"","context":"En \u00abINTERNACIONALES\u00bb","block_context":{"text":"INTERNACIONALES","link":"https:\/\/lasprimeras.com.do\/index.php\/category\/sin-categoria\/internacionales\/"},"img":{"alt_text":"ICE detiene en NY 206 inmigrantes, incluidos dominicanos; activistas piden auxilio autoridades","src":"https:\/\/i0.wp.com\/lasprimeras.com.do\/wp-content\/uploads\/2025\/04\/WhatsApp-Image-2025-04-21-at-5.16.10-AM-1.jpeg?resize=350%2C200&ssl=1","width":350,"height":200,"srcset":"https:\/\/i0.wp.com\/lasprimeras.com.do\/wp-content\/uploads\/2025\/04\/WhatsApp-Image-2025-04-21-at-5.16.10-AM-1.jpeg?resize=350%2C200&ssl=1 1x, https:\/\/i0.wp.com\/lasprimeras.com.do\/wp-content\/uploads\/2025\/04\/WhatsApp-Image-2025-04-21-at-5.16.10-AM-1.jpeg?resize=525%2C300&ssl=1 1.5x"},"classes":[]},{"id":93085,"url":"https:\/\/lasprimeras.com.do\/index.php\/2025\/01\/24\/crecen-los-temores-tras-demostracion-de-fuerza-de-trump-sobre-la-inmigracion\/","url_meta":{"origin":100931,"position":4},"title":"Crecen los temores tras demostraci\u00f3n de fuerza de Trump sobre la inmigraci\u00f3n","author":"Nelson Feliz","date":"24 de enero de 2025","format":false,"excerpt":"POR MIKE CATALINI and REBECCA SANTANA NEWARK, Nueva Jersey, EE.UU. (AP) \u2014 Menos de una semana despu\u00e9s de haber iniciado su presidencia, el gobierno de Donald Trump pregon\u00f3 el viernes sus labores de deportaci\u00f3n y public\u00f3 nuevas reglas que facilitan la expulsi\u00f3n de personas de Estados Unidos, parte de una\u2026","rel":"","context":"En \u00abINTERNACIONALES\u00bb","block_context":{"text":"INTERNACIONALES","link":"https:\/\/lasprimeras.com.do\/index.php\/category\/sin-categoria\/internacionales\/"},"img":{"alt_text":"","src":"https:\/\/i0.wp.com\/lasprimeras.com.do\/wp-content\/uploads\/2025\/01\/Inmigracion.jpg?resize=350%2C200&ssl=1","width":350,"height":200,"srcset":"https:\/\/i0.wp.com\/lasprimeras.com.do\/wp-content\/uploads\/2025\/01\/Inmigracion.jpg?resize=350%2C200&ssl=1 1x, https:\/\/i0.wp.com\/lasprimeras.com.do\/wp-content\/uploads\/2025\/01\/Inmigracion.jpg?resize=525%2C300&ssl=1 1.5x, https:\/\/i0.wp.com\/lasprimeras.com.do\/wp-content\/uploads\/2025\/01\/Inmigracion.jpg?resize=700%2C400&ssl=1 2x"},"classes":[]},{"id":78071,"url":"https:\/\/lasprimeras.com.do\/index.php\/2024\/02\/27\/alcalde-de-ny-pide-mayor-cooperacion-entre-la-policia-y-las-autoridades-de-inmigracion\/","url_meta":{"origin":100931,"position":5},"title":"Alcalde de NY pide mayor cooperaci\u00f3n entre la polic\u00eda y las autoridades de inmigraci\u00f3n","author":"Nelson Feliz","date":"27 de febrero de 2024","format":false,"excerpt":"POR JAKE OFFENHARTZ NUEVA YORK (AP) \u2014 El alcalde de la ciudad de Nueva York, Eric Adams, pidi\u00f3 el martes una mayor cooperaci\u00f3n entre la polic\u00eda local y las autoridades federales de inmigraci\u00f3n, atacando las pol\u00edticas actuales de la ciudad que limitan dicha comunicaci\u00f3n como perjudiciales para la seguridad p\u00fablica.\u2026","rel":"","context":"En \u00abSin categor\u00eda\u00bb","block_context":{"text":"Sin categor\u00eda","link":"https:\/\/lasprimeras.com.do\/index.php\/category\/sin-categoria\/"},"img":{"alt_text":"Eric Adams","src":"https:\/\/i0.wp.com\/lasprimeras.com.do\/wp-content\/uploads\/2024\/02\/Eric-Adams.jpg?resize=350%2C200&ssl=1","width":350,"height":200,"srcset":"https:\/\/i0.wp.com\/lasprimeras.com.do\/wp-content\/uploads\/2024\/02\/Eric-Adams.jpg?resize=350%2C200&ssl=1 1x, https:\/\/i0.wp.com\/lasprimeras.com.do\/wp-content\/uploads\/2024\/02\/Eric-Adams.jpg?resize=525%2C300&ssl=1 1.5x, https:\/\/i0.wp.com\/lasprimeras.com.do\/wp-content\/uploads\/2024\/02\/Eric-Adams.jpg?resize=700%2C400&ssl=1 2x"},"classes":[]}],"jetpack_sharing_enabled":true,"_links":{"self":[{"href":"https:\/\/lasprimeras.com.do\/index.php\/wp-json\/wp\/v2\/posts\/100931","targetHints":{"allow":["GET"]}}],"collection":[{"href":"https:\/\/lasprimeras.com.do\/index.php\/wp-json\/wp\/v2\/posts"}],"about":[{"href":"https:\/\/lasprimeras.com.do\/index.php\/wp-json\/wp\/v2\/types\/post"}],"author":[{"embeddable":true,"href":"https:\/\/lasprimeras.com.do\/index.php\/wp-json\/wp\/v2\/users\/10"}],"replies":[{"embeddable":true,"href":"https:\/\/lasprimeras.com.do\/index.php\/wp-json\/wp\/v2\/comments?post=100931"}],"version-history":[{"count":1,"href":"https:\/\/lasprimeras.com.do\/index.php\/wp-json\/wp\/v2\/posts\/100931\/revisions"}],"predecessor-version":[{"id":100933,"href":"https:\/\/lasprimeras.com.do\/index.php\/wp-json\/wp\/v2\/posts\/100931\/revisions\/100933"}],"wp:featuredmedia":[{"embeddable":true,"href":"https:\/\/lasprimeras.com.do\/index.php\/wp-json\/wp\/v2\/media\/100932"}],"wp:attachment":[{"href":"https:\/\/lasprimeras.com.do\/index.php\/wp-json\/wp\/v2\/media?parent=100931"}],"wp:term":[{"taxonomy":"category","embeddable":true,"href":"https:\/\/lasprimeras.com.do\/index.php\/wp-json\/wp\/v2\/categories?post=100931"},{"taxonomy":"post_tag","embeddable":true,"href":"https:\/\/lasprimeras.com.do\/index.php\/wp-json\/wp\/v2\/tags?post=100931"}],"curies":[{"name":"wp","href":"https:\/\/api.w.org\/{rel}","templated":true}]}}